{"id":88308,"date":"2023-05-23T20:43:13","date_gmt":"2023-05-23T20:43:13","guid":{"rendered":"https:\/\/www.noticiasradioreflejos.com.ar\/2021\/?p=88308"},"modified":"2023-05-23T20:43:13","modified_gmt":"2023-05-23T20:43:13","slug":"tornquist-abrio-la-inscripcion-para-la-linea-lotes-con-servicios-de-procrear-ii","status":"publish","type":"post","link":"https:\/\/www.noticiasradioreflejos.com.ar\/2021\/tornquist-abrio-la-inscripcion-para-la-linea-lotes-con-servicios-de-procrear-ii\/","title":{"rendered":"Tornquist: abri\u00f3 la inscripci\u00f3n para la L\u00ednea Lotes con Servicios de Procrear II\u00a0\u00a0"},"content":{"rendered":"<div><i>Se realiza mediante la web del Ministerio, donde se pueden consultar adem\u00e1s todos los requisitos. <\/i><\/div>\n<p><!--more--><\/p>\n<div>\n<p align=\"left\">El Ministerio de Desarrollo Territorial y H\u00e1bitat que conduce\u00a0<b>Santiago Maggiotti<\/b>\u00a0anuncia que se abrieron las inscripciones para la l\u00ednea Lotes con Servicios. Se trata de aquella que permite adquirir un cr\u00e9dito para acceder a alguno de los terrenos con servicios b\u00e1sicos generado por el programa Procrear II, a partir del cual el adjudicatario podr\u00e1 edificar all\u00ed una vivienda unifamiliar.<\/p>\n<p align=\"left\">\n<p align=\"left\">Los lotes que estar\u00e1n disponibles en el partido de Tornquist forman parte de un total de 1.456 lotes distribuidos en 52 predios a lo largo de 11 provincias argentinas que ser\u00e1n ofrecidos en esta oportunidad. La inscripci\u00f3n, al igual que en la l\u00ednea Desarrollos Urban\u00edsticos, contar\u00e1 con dos modalidades, General (para personas de 36 a 64 a\u00f1os de edad) y Destino Joven (donde podr\u00e1n anotarse aquellos aspirantes de entre 18 y 35 a\u00f1os), y puede realizarse llenando el correspondiente formulario en la\u00a0p\u00e1gina web del Ministerio,\u00a0<a href=\"https:\/\/www.argentina.gob.ar\/habitat\/procrear\/lotesconservicios\" target=\"_blank\" rel=\"noopener\" data-saferedirecturl=\"https:\/\/www.google.com\/url?q=https:\/\/www.argentina.gob.ar\/habitat\/procrear\/lotesconservicios&amp;source=gmail&amp;ust=1684960746882000&amp;usg=AOvVaw1zBTZ9Mfca00EyiId6wGpN\">https:\/\/www.<wbr \/>argentina.gob.ar\/habitat\/<wbr \/>procrear\/lotesconservicios<\/a>.\u00a0<wbr \/>All\u00ed tambi\u00e9n pueden consultarse el detalle de los predios a sortear, los requisitos generales y las bases y condiciones completas.<\/p>\n<p align=\"left\">\n<p align=\"left\">En cuanto a la financiaci\u00f3n, el monto m\u00e1ximo por lote ser\u00e1 de $3 millones. Durante los primeros seis meses del cr\u00e9dito, el pago ser\u00e1 en seis cuotas fijas en pesos. El saldo restante del cr\u00e9dito ser\u00e1 otorgado en pesos, a tasa cero, mediante ajuste de capital por coeficiente Casa Propia.<\/p>\n<p align=\"left\">\n<p align=\"left\">La Amortizaci\u00f3n tendr\u00e1 dos etapas. Durante los primeros seis meses del cr\u00e9dito se deber\u00e1 cancelar un porcentaje del precio del lote en seis cuotas mensuales y consecutivas, que variar\u00e1n seg\u00fan el nivel de ingresos declarado al momento de la inscripci\u00f3n, y que podr\u00e1n representar entre el 6 y el 25% del valor total. El saldo se cancelar\u00e1 a partir del s\u00e9ptimo mes, en entre 125 y 360 cuotas, seg\u00fan precisamente el nivel de ingresos declarado.<\/p>\n<p align=\"left\">\n<p align=\"left\">De esta manera, el Gobierno Nacional garantiza el acceso a suelo urbano de calidad con infraestructura, y promueve el arraigo de la poblaci\u00f3n.<\/p>\n<p align=\"left\">\n<p align=\"left\">Link a la nota:\u00a0<a href=\"https:\/\/www.argentina.gob.ar\/noticias\/abrio-la-inscripcion-para-la-linea-lotes-con-servicios-de-procrear-ii\" target=\"_blank\" rel=\"noopener\" data-saferedirecturl=\"https:\/\/www.google.com\/url?q=https:\/\/www.argentina.gob.ar\/noticias\/abrio-la-inscripcion-para-la-linea-lotes-con-servicios-de-procrear-ii&amp;source=gmail&amp;ust=1684960746882000&amp;usg=AOvVaw34hHJgO114fevx2XBE5y17\">https:\/\/www.argentina.<wbr \/>gob.ar\/noticias\/abrio-la-<wbr \/>inscripcion-para-la-linea-<wbr \/>lotes-con-servicios-de-<wbr \/>procrear-ii<\/a><\/p>\n<\/div>\n","protected":false},"excerpt":{"rendered":"<p>Se realiza mediante la web del Ministerio, donde se pueden consultar adem\u00e1s todos los requisitos.<\/p>\n","protected":false},"author":3,"featured_media":0,"comment_status":"closed","ping_status":"closed","sticky":false,"template":"","format":"standard","meta":{"footnotes":""},"categories":[58,24],"tags":[],"class_list":["post-88308","post","type-post","status-publish","format-standard","hentry","category-gobierno","category-politica"],"yoast_head":"<!-- This site is optimized with the Yoast SEO plugin v25.9 - https:\/\/yoast.com\/wordpress\/plugins\/seo\/ -->\n<title>Tornquist: abri\u00f3 la inscripci\u00f3n para la L\u00ednea Lotes con Servicios de Procrear II\u00a0\u00a0 - Noticias Radio Reflejos<\/title>\n<meta name=\"robots\" content=\"index, follow, max-snippet:-1, max-image-preview:large, max-video-preview:-1\" \/>\n<link rel=\"canonical\" href=\"https:\/\/www.noticiasradioreflejos.com.ar\/2021\/tornquist-abrio-la-inscripcion-para-la-linea-lotes-con-servicios-de-procrear-ii\/\" \/>\n<meta property=\"og:locale\" content=\"es_ES\" \/>\n<meta property=\"og:type\" content=\"article\" \/>\n<meta property=\"og:title\" content=\"Tornquist: abri\u00f3 la inscripci\u00f3n para la L\u00ednea Lotes con Servicios de Procrear II\u00a0\u00a0 - Noticias Radio Reflejos\" \/>\n<meta property=\"og:description\" content=\"Se realiza mediante la web del Ministerio, donde se pueden consultar adem\u00e1s todos los requisitos.\" \/>\n<meta property=\"og:url\" content=\"https:\/\/www.noticiasradioreflejos.com.ar\/2021\/tornquist-abrio-la-inscripcion-para-la-linea-lotes-con-servicios-de-procrear-ii\/\" \/>\n<meta property=\"og:site_name\" content=\"Noticias Radio Reflejos\" \/>\n<meta property=\"article:published_time\" content=\"2023-05-23T20:43:13+00:00\" \/>\n<meta property=\"og:image\" content=\"https:\/\/www.noticiasradioreflejos.com.ar\/2021\/wp-content\/uploads\/2021\/07\/logosol300x200.png\" \/>\n\t<meta property=\"og:image:width\" content=\"300\" \/>\n\t<meta property=\"og:image:height\" content=\"200\" \/>\n\t<meta property=\"og:image:type\" content=\"image\/png\" \/>\n<meta name=\"author\" content=\"Arnaldo Botto\" \/>\n<meta name=\"twitter:card\" content=\"summary_large_image\" \/>\n<script type=\"application\/ld+json\" class=\"yoast-schema-graph\">{\"@context\":\"https:\/\/schema.org\",\"@graph\":[{\"@type\":\"WebPage\",\"@id\":\"https:\/\/www.noticiasradioreflejos.com.ar\/2021\/tornquist-abrio-la-inscripcion-para-la-linea-lotes-con-servicios-de-procrear-ii\/\",\"url\":\"https:\/\/www.noticiasradioreflejos.com.ar\/2021\/tornquist-abrio-la-inscripcion-para-la-linea-lotes-con-servicios-de-procrear-ii\/\",\"name\":\"Tornquist: abri\u00f3 la inscripci\u00f3n para la L\u00ednea Lotes con Servicios de Procrear II\u00a0\u00a0 - Noticias Radio Reflejos\",\"isPartOf\":{\"@id\":\"https:\/\/www.noticiasradioreflejos.com.ar\/2021\/#website\"},\"datePublished\":\"2023-05-23T20:43:13+00:00\",\"author\":{\"@id\":\"https:\/\/www.noticiasradioreflejos.com.ar\/2021\/#\/schema\/person\/ad82545263dcc5ec0996818884fd5fb1\"},\"breadcrumb\":{\"@id\":\"https:\/\/www.noticiasradioreflejos.com.ar\/2021\/tornquist-abrio-la-inscripcion-para-la-linea-lotes-con-servicios-de-procrear-ii\/#breadcrumb\"},\"inLanguage\":\"es\",\"potentialAction\":[{\"@type\":\"ReadAction\",\"target\":[\"https:\/\/www.noticiasradioreflejos.com.ar\/2021\/tornquist-abrio-la-inscripcion-para-la-linea-lotes-con-servicios-de-procrear-ii\/\"]}]},{\"@type\":\"BreadcrumbList\",\"@id\":\"https:\/\/www.noticiasradioreflejos.com.ar\/2021\/tornquist-abrio-la-inscripcion-para-la-linea-lotes-con-servicios-de-procrear-ii\/#breadcrumb\",\"itemListElement\":[{\"@type\":\"ListItem\",\"position\":1,\"name\":\"Portada\",\"item\":\"https:\/\/www.noticiasradioreflejos.com.ar\/2021\/\"},{\"@type\":\"ListItem\",\"position\":2,\"name\":\"Tornquist: abri\u00f3 la inscripci\u00f3n para la L\u00ednea Lotes con Servicios de Procrear II\u00a0\u00a0\"}]},{\"@type\":\"WebSite\",\"@id\":\"https:\/\/www.noticiasradioreflejos.com.ar\/2021\/#website\",\"url\":\"https:\/\/www.noticiasradioreflejos.com.ar\/2021\/\",\"name\":\"Noticias Radio Reflejos\",\"description\":\"Las noticias de mi comarca\",\"potentialAction\":[{\"@type\":\"SearchAction\",\"target\":{\"@type\":\"EntryPoint\",\"urlTemplate\":\"https:\/\/www.noticiasradioreflejos.com.ar\/2021\/?s={search_term_string}\"},\"query-input\":{\"@type\":\"PropertyValueSpecification\",\"valueRequired\":true,\"valueName\":\"search_term_string\"}}],\"inLanguage\":\"es\"},{\"@type\":\"Person\",\"@id\":\"https:\/\/www.noticiasradioreflejos.com.ar\/2021\/#\/schema\/person\/ad82545263dcc5ec0996818884fd5fb1\",\"name\":\"Arnaldo Botto\",\"image\":{\"@type\":\"ImageObject\",\"inLanguage\":\"es\",\"@id\":\"https:\/\/www.noticiasradioreflejos.com.ar\/2021\/#\/schema\/person\/image\/\",\"url\":\"https:\/\/secure.gravatar.com\/avatar\/55cb5e37c1efa326397366e6974cb338056df65cb50e7d64d1cf314e87504837?s=96&d=mm&r=g\",\"contentUrl\":\"https:\/\/secure.gravatar.com\/avatar\/55cb5e37c1efa326397366e6974cb338056df65cb50e7d64d1cf314e87504837?s=96&d=mm&r=g\",\"caption\":\"Arnaldo Botto\"},\"url\":\"https:\/\/www.noticiasradioreflejos.com.ar\/2021\/author\/arnaldo\/\"}]}<\/script>\n<!-- \/ Yoast SEO plugin. -->","yoast_head_json":{"title":"Tornquist: abri\u00f3 la inscripci\u00f3n para la L\u00ednea Lotes con Servicios de Procrear II\u00a0\u00a0 - Noticias Radio Reflejos","robots":{"index":"index","follow":"follow","max-snippet":"max-snippet:-1","max-image-preview":"max-image-preview:large","max-video-preview":"max-video-preview:-1"},"canonical":"https:\/\/www.noticiasradioreflejos.com.ar\/2021\/tornquist-abrio-la-inscripcion-para-la-linea-lotes-con-servicios-de-procrear-ii\/","og_locale":"es_ES","og_type":"article","og_title":"Tornquist: abri\u00f3 la inscripci\u00f3n para la L\u00ednea Lotes con Servicios de Procrear II\u00a0\u00a0 - Noticias Radio Reflejos","og_description":"Se realiza mediante la web del Ministerio, donde se pueden consultar adem\u00e1s todos los requisitos.","og_url":"https:\/\/www.noticiasradioreflejos.com.ar\/2021\/tornquist-abrio-la-inscripcion-para-la-linea-lotes-con-servicios-de-procrear-ii\/","og_site_name":"Noticias Radio Reflejos","article_published_time":"2023-05-23T20:43:13+00:00","og_image":[{"width":300,"height":200,"url":"https:\/\/www.noticiasradioreflejos.com.ar\/2021\/wp-content\/uploads\/2021\/07\/logosol300x200.png","type":"image\/png"}],"author":"Arnaldo Botto","twitter_card":"summary_large_image","schema":{"@context":"https:\/\/schema.org","@graph":[{"@type":"WebPage","@id":"https:\/\/www.noticiasradioreflejos.com.ar\/2021\/tornquist-abrio-la-inscripcion-para-la-linea-lotes-con-servicios-de-procrear-ii\/","url":"https:\/\/www.noticiasradioreflejos.com.ar\/2021\/tornquist-abrio-la-inscripcion-para-la-linea-lotes-con-servicios-de-procrear-ii\/","name":"Tornquist: abri\u00f3 la inscripci\u00f3n para la L\u00ednea Lotes con Servicios de Procrear II\u00a0\u00a0 - Noticias Radio Reflejos","isPartOf":{"@id":"https:\/\/www.noticiasradioreflejos.com.ar\/2021\/#website"},"datePublished":"2023-05-23T20:43:13+00:00","author":{"@id":"https:\/\/www.noticiasradioreflejos.com.ar\/2021\/#\/schema\/person\/ad82545263dcc5ec0996818884fd5fb1"},"breadcrumb":{"@id":"https:\/\/www.noticiasradioreflejos.com.ar\/2021\/tornquist-abrio-la-inscripcion-para-la-linea-lotes-con-servicios-de-procrear-ii\/#breadcrumb"},"inLanguage":"es","potentialAction":[{"@type":"ReadAction","target":["https:\/\/www.noticiasradioreflejos.com.ar\/2021\/tornquist-abrio-la-inscripcion-para-la-linea-lotes-con-servicios-de-procrear-ii\/"]}]},{"@type":"BreadcrumbList","@id":"https:\/\/www.noticiasradioreflejos.com.ar\/2021\/tornquist-abrio-la-inscripcion-para-la-linea-lotes-con-servicios-de-procrear-ii\/#breadcrumb","itemListElement":[{"@type":"ListItem","position":1,"name":"Portada","item":"https:\/\/www.noticiasradioreflejos.com.ar\/2021\/"},{"@type":"ListItem","position":2,"name":"Tornquist: abri\u00f3 la inscripci\u00f3n para la L\u00ednea Lotes con Servicios de Procrear II\u00a0\u00a0"}]},{"@type":"WebSite","@id":"https:\/\/www.noticiasradioreflejos.com.ar\/2021\/#website","url":"https:\/\/www.noticiasradioreflejos.com.ar\/2021\/","name":"Noticias Radio Reflejos","description":"Las noticias de mi comarca","potentialAction":[{"@type":"SearchAction","target":{"@type":"EntryPoint","urlTemplate":"https:\/\/www.noticiasradioreflejos.com.ar\/2021\/?s={search_term_string}"},"query-input":{"@type":"PropertyValueSpecification","valueRequired":true,"valueName":"search_term_string"}}],"inLanguage":"es"},{"@type":"Person","@id":"https:\/\/www.noticiasradioreflejos.com.ar\/2021\/#\/schema\/person\/ad82545263dcc5ec0996818884fd5fb1","name":"Arnaldo Botto","image":{"@type":"ImageObject","inLanguage":"es","@id":"https:\/\/www.noticiasradioreflejos.com.ar\/2021\/#\/schema\/person\/image\/","url":"https:\/\/secure.gravatar.com\/avatar\/55cb5e37c1efa326397366e6974cb338056df65cb50e7d64d1cf314e87504837?s=96&d=mm&r=g","contentUrl":"https:\/\/secure.gravatar.com\/avatar\/55cb5e37c1efa326397366e6974cb338056df65cb50e7d64d1cf314e87504837?s=96&d=mm&r=g","caption":"Arnaldo Botto"},"url":"https:\/\/www.noticiasradioreflejos.com.ar\/2021\/author\/arnaldo\/"}]}},"_links":{"self":[{"href":"https:\/\/www.noticiasradioreflejos.com.ar\/2021\/wp-json\/wp\/v2\/posts\/88308","targetHints":{"allow":["GET"]}}],"collection":[{"href":"https:\/\/www.noticiasradioreflejos.com.ar\/2021\/wp-json\/wp\/v2\/posts"}],"about":[{"href":"https:\/\/www.noticiasradioreflejos.com.ar\/2021\/wp-json\/wp\/v2\/types\/post"}],"author":[{"embeddable":true,"href":"https:\/\/www.noticiasradioreflejos.com.ar\/2021\/wp-json\/wp\/v2\/users\/3"}],"replies":[{"embeddable":true,"href":"https:\/\/www.noticiasradioreflejos.com.ar\/2021\/wp-json\/wp\/v2\/comments?post=88308"}],"version-history":[{"count":1,"href":"https:\/\/www.noticiasradioreflejos.com.ar\/2021\/wp-json\/wp\/v2\/posts\/88308\/revisions"}],"predecessor-version":[{"id":88310,"href":"https:\/\/www.noticiasradioreflejos.com.ar\/2021\/wp-json\/wp\/v2\/posts\/88308\/revisions\/88310"}],"wp:attachment":[{"href":"https:\/\/www.noticiasradioreflejos.com.ar\/2021\/wp-json\/wp\/v2\/media?parent=88308"}],"wp:term":[{"taxonomy":"category","embeddable":true,"href":"https:\/\/www.noticiasradioreflejos.com.ar\/2021\/wp-json\/wp\/v2\/categories?post=88308"},{"taxonomy":"post_tag","embeddable":true,"href":"https:\/\/www.noticiasradioreflejos.com.ar\/2021\/wp-json\/wp\/v2\/tags?post=88308"}],"curies":[{"name":"wp","href":"https:\/\/api.w.org\/{rel}","templated":true}]}}