{"id":88305,"date":"2023-05-23T18:32:04","date_gmt":"2023-05-23T18:32:04","guid":{"rendered":"https:\/\/www.noticiasradioreflejos.com.ar\/2021\/?p=88305"},"modified":"2023-05-23T18:32:04","modified_gmt":"2023-05-23T18:32:04","slug":"casi-el-70-de-las-consultas-pediatricas-por-infecciones-respiratorias-son-debido-a-bronquiolitis","status":"publish","type":"post","link":"https:\/\/www.noticiasradioreflejos.com.ar\/2021\/casi-el-70-de-las-consultas-pediatricas-por-infecciones-respiratorias-son-debido-a-bronquiolitis\/","title":{"rendered":"Casi el 70% de las consultas pedi\u00e1tricas por infecciones respiratorias son debido a bronquiolitis"},"content":{"rendered":"<p>Entre el 60 y el 70 por ciento de las infecciones respiratorias pedi\u00e1tricas que se consultan hoy en todos los centros de salud del pa\u00eds son bronquiolitis por el virus sincicial respiratorio, indic\u00f3 Patricia Garc\u00eda Arrigoni, Directora M\u00e9dica Ejecutiva del Hospital Garrahan sobre el aumento en las \u00faltimas semanas de esos cuadros que implicaron un adelantamiento respecto de los a\u00f1os anteriores.<!--more--><\/p>\n<p>\u00abLa contingencia que estamos viviendo por las infecciones respiratorias es algo particular si la comparamos con los a\u00f1os pre-pandemia. Estos cuadros estacionales de virosis y bronquiolitis se dan siempre, pero este a\u00f1o tenemos un adelantamiento de los casos ya que habitualmente el pico se da en la semana 24 (comienzos de junio) y nosotros ya superamos esos picos hace unas semanas\u00bb, se\u00f1al\u00f3 a T\u00e9lam Garc\u00eda Arrigoni.<\/p>\n<p>La especialista indic\u00f3 que tambi\u00e9n se ven consultas de beb\u00e9s m\u00e1s chiquitos, lo que puede vincularse \u00abcon que en los \u00faltimos a\u00f1os y a ra\u00edz de la pandemia las madres no tuvieron contacto con el virus y por lo tanto no generaron los anticuerpos que habitualmente son los que pasan a trav\u00e9s de la placenta y protegen a los m\u00e1s peque\u00f1os\u00bb.<\/p>\n<p>\u00abLa bronquiolitis afecta a los menores de 2 a\u00f1os, es una enfermedad autolimitada, produce tos, catarro de v\u00edas a\u00e9reas superiores, y muchas veces en los m\u00e1s chiquititos genera dificultad para respirar que se puede observar porque el beb\u00e9 no quiere tomar el pecho o alimentarse, le cuesta dormirse y se puede ver que utilizan los m\u00fasculos del cuello o de la panza para poder respirar\u00bb, describi\u00f3.<\/p>\n<p>Adem\u00e1s, se\u00f1al\u00f3 que en el 97% de los casos es una enfermedad benigna. La tos puede persistir al cabo de d\u00edas, a veces semanas, y lo que se hace es controlar la hidrataci\u00f3n y alimentaci\u00f3n; pero en un un 3% de los casos de los chicos sanos se requiere internaci\u00f3n\u00bb.<\/p>\n<p>La especialista sostuvo que frente a esos s\u00edntomas hay que consultar en el centro m\u00e1s cercano al domicilio para hacer una evaluaci\u00f3n y determinar si necesitan derivaci\u00f3n.<\/p>\n<p>\u00abEn el caso que se requiera internaci\u00f3n no hay un remedio, antibi\u00f3tico o antiviral espec\u00edfico, sino que lo que se hace es darle ox\u00edgeno e hidrataci\u00f3n\u00bb, detall\u00f3.<\/p>\n<p>Sobre la situaci\u00f3n en el Garrahan, que es un hospital de referencia para pacientes con enfermedades complejas como oncol\u00f3gicas o con cardiopat\u00edas, se\u00f1al\u00f3 que en este momento \u00abhay una sobre demanda porque se acercan a consultar por cuadros respiratorios ni\u00f1os sanos que podr\u00edan ser atendidos en lugares de menor complejidad\u00bb.<\/p>\n<p>Por su parte, desde Ministerio de Salud de la ciudad de Buenos Aires informaron que los casos de bronquiolitis son un 25% m\u00e1s que el mismo periodo del a\u00f1o pasado.<\/p>\n<p>\u00abSe esperaba el pico para los primeros d\u00edas de junio, pero teniendo en cuenta las temperaturas elevadas para esta \u00e9poca del a\u00f1o, se anticip\u00f3\u00bb, indicaron en un comunicado.<\/p>\n<p>Desde la cartera sanitaria porte\u00f1a se\u00f1alaron que si bien \u00abno se puede adjudicar una causa concreta\u00bb para este aumento, se sospecha que \u00abpuede responder a los aislamientos de a\u00f1os anteriores por Covid-19, en donde no hubo circulaci\u00f3n de casos por bronquiolitis\u00bb.<\/p>\n<p>Respecto de la prevenci\u00f3n, Dar\u00edo Barsotti, director M\u00e9dico Adjunto del Garrahan, dijo que \u00abhay dos medidas fundamentales para prevenir las enfermedades respiratorias: por un lado, hacer los controles pedi\u00e1tricos y vacunar a los chicos, dos acciones que cayeron durante la pandemia; y por otro, ventilar ya que el fr\u00edo no enferma, lo que enferma es el hacinamiento; hay que ventilar, limpiar muy bien las superficies y no enviar a los chicos al jard\u00edn cuando est\u00e1n enfermos\u201d.<\/p>\n<p>Finalmente, el m\u00e9dico record\u00f3 que para evitar las enfermedades respiratorias tambi\u00e9n hay que mantener la lactancia, aumentar la frecuencia del lavado de manos, evitar conglomerados de gente, no fumar en \u00e1reas cerradas ni exponer a ni\u00f1os, ni\u00f1as y adolescentes al humo del tabaco y usar barbijo cuando el adulto o cuidador presenta s\u00edntomas respiratorios.<\/p>\n<p>Si bien no tiene incidencia sobre el virus sincicial respiratorio, la vacuna antigripal previene cuadros graves de influenza, otros virus respiratorio frecuente. Los grupos con indicaci\u00f3n de recibirla son ni\u00f1os y ni\u00f1as entre 6 y 24 meses, personas gestantes, pu\u00e9rperas, mayores de 65 a\u00f1os, personal de salud, y personas con factores de riesgo como enfermedades pulmonares, card\u00edacas y asma. (T\u00e9lam)<\/p>\n","protected":false},"excerpt":{"rendered":"<p>Entre el 60 y el 70 por ciento de las infecciones respiratorias pedi\u00e1tricas que se consultan hoy en todos los centros de salud del pa\u00eds son bronquiolitis por el virus sincicial respiratorio, indic\u00f3 Patricia Garc\u00eda Arrigoni, Directora M\u00e9dica Ejecutiva del Hospital Garrahan sobre el aumento en las \u00faltimas semanas de esos cuadros que implicaron un [&hellip;]<\/p>\n","protected":false},"author":3,"featured_media":88306,"comment_status":"closed","ping_status":"closed","sticky":false,"template":"","format":"standard","meta":{"footnotes":""},"categories":[30],"tags":[],"class_list":["post-88305","post","type-post","status-publish","format-standard","has-post-thumbnail","hentry","category-salud"],"yoast_head":"<!-- This site is optimized with the Yoast SEO plugin v25.9 - https:\/\/yoast.com\/wordpress\/plugins\/seo\/ -->\n<title>Casi el 70% de las consultas pedi\u00e1tricas por infecciones respiratorias son debido a bronquiolitis - Noticias Radio Reflejos<\/title>\n<meta name=\"robots\" content=\"index, follow, max-snippet:-1, max-image-preview:large, max-video-preview:-1\" \/>\n<link rel=\"canonical\" href=\"https:\/\/www.noticiasradioreflejos.com.ar\/2021\/casi-el-70-de-las-consultas-pediatricas-por-infecciones-respiratorias-son-debido-a-bronquiolitis\/\" \/>\n<meta property=\"og:locale\" content=\"es_ES\" \/>\n<meta property=\"og:type\" content=\"article\" \/>\n<meta property=\"og:title\" content=\"Casi el 70% de las consultas pedi\u00e1tricas por infecciones respiratorias son debido a bronquiolitis - Noticias Radio Reflejos\" \/>\n<meta property=\"og:description\" content=\"Entre el 60 y el 70 por ciento de las infecciones respiratorias pedi\u00e1tricas que se consultan hoy en todos los centros de salud del pa\u00eds son bronquiolitis por el virus sincicial respiratorio, indic\u00f3 Patricia Garc\u00eda Arrigoni, Directora M\u00e9dica Ejecutiva del Hospital Garrahan sobre el aumento en las \u00faltimas semanas de esos cuadros que implicaron un [&hellip;]\" \/>\n<meta property=\"og:url\" content=\"https:\/\/www.noticiasradioreflejos.com.ar\/2021\/casi-el-70-de-las-consultas-pediatricas-por-infecciones-respiratorias-son-debido-a-bronquiolitis\/\" \/>\n<meta property=\"og:site_name\" content=\"Noticias Radio Reflejos\" \/>\n<meta property=\"article:published_time\" content=\"2023-05-23T18:32:04+00:00\" \/>\n<meta property=\"og:image\" content=\"https:\/\/www.noticiasradioreflejos.com.ar\/2021\/wp-content\/uploads\/2023\/05\/bronquiolitis.jpg\" \/>\n\t<meta property=\"og:image:width\" content=\"1200\" \/>\n\t<meta property=\"og:image:height\" content=\"675\" \/>\n\t<meta property=\"og:image:type\" content=\"image\/jpeg\" \/>\n<meta name=\"author\" content=\"Arnaldo Botto\" \/>\n<meta name=\"twitter:card\" content=\"summary_large_image\" \/>\n<script type=\"application\/ld+json\" class=\"yoast-schema-graph\">{\"@context\":\"https:\/\/schema.org\",\"@graph\":[{\"@type\":\"WebPage\",\"@id\":\"https:\/\/www.noticiasradioreflejos.com.ar\/2021\/casi-el-70-de-las-consultas-pediatricas-por-infecciones-respiratorias-son-debido-a-bronquiolitis\/\",\"url\":\"https:\/\/www.noticiasradioreflejos.com.ar\/2021\/casi-el-70-de-las-consultas-pediatricas-por-infecciones-respiratorias-son-debido-a-bronquiolitis\/\",\"name\":\"Casi el 70% de las consultas pedi\u00e1tricas por infecciones respiratorias son debido a bronquiolitis - Noticias Radio Reflejos\",\"isPartOf\":{\"@id\":\"https:\/\/www.noticiasradioreflejos.com.ar\/2021\/#website\"},\"primaryImageOfPage\":{\"@id\":\"https:\/\/www.noticiasradioreflejos.com.ar\/2021\/casi-el-70-de-las-consultas-pediatricas-por-infecciones-respiratorias-son-debido-a-bronquiolitis\/#primaryimage\"},\"image\":{\"@id\":\"https:\/\/www.noticiasradioreflejos.com.ar\/2021\/casi-el-70-de-las-consultas-pediatricas-por-infecciones-respiratorias-son-debido-a-bronquiolitis\/#primaryimage\"},\"thumbnailUrl\":\"https:\/\/www.noticiasradioreflejos.com.ar\/2021\/wp-content\/uploads\/2023\/05\/bronquiolitis.jpg\",\"datePublished\":\"2023-05-23T18:32:04+00:00\",\"author\":{\"@id\":\"https:\/\/www.noticiasradioreflejos.com.ar\/2021\/#\/schema\/person\/ad82545263dcc5ec0996818884fd5fb1\"},\"breadcrumb\":{\"@id\":\"https:\/\/www.noticiasradioreflejos.com.ar\/2021\/casi-el-70-de-las-consultas-pediatricas-por-infecciones-respiratorias-son-debido-a-bronquiolitis\/#breadcrumb\"},\"inLanguage\":\"es\",\"potentialAction\":[{\"@type\":\"ReadAction\",\"target\":[\"https:\/\/www.noticiasradioreflejos.com.ar\/2021\/casi-el-70-de-las-consultas-pediatricas-por-infecciones-respiratorias-son-debido-a-bronquiolitis\/\"]}]},{\"@type\":\"ImageObject\",\"inLanguage\":\"es\",\"@id\":\"https:\/\/www.noticiasradioreflejos.com.ar\/2021\/casi-el-70-de-las-consultas-pediatricas-por-infecciones-respiratorias-son-debido-a-bronquiolitis\/#primaryimage\",\"url\":\"https:\/\/www.noticiasradioreflejos.com.ar\/2021\/wp-content\/uploads\/2023\/05\/bronquiolitis.jpg\",\"contentUrl\":\"https:\/\/www.noticiasradioreflejos.com.ar\/2021\/wp-content\/uploads\/2023\/05\/bronquiolitis.jpg\",\"width\":1200,\"height\":675},{\"@type\":\"BreadcrumbList\",\"@id\":\"https:\/\/www.noticiasradioreflejos.com.ar\/2021\/casi-el-70-de-las-consultas-pediatricas-por-infecciones-respiratorias-son-debido-a-bronquiolitis\/#breadcrumb\",\"itemListElement\":[{\"@type\":\"ListItem\",\"position\":1,\"name\":\"Portada\",\"item\":\"https:\/\/www.noticiasradioreflejos.com.ar\/2021\/\"},{\"@type\":\"ListItem\",\"position\":2,\"name\":\"Casi el 70% de las consultas pedi\u00e1tricas por infecciones respiratorias son debido a bronquiolitis\"}]},{\"@type\":\"WebSite\",\"@id\":\"https:\/\/www.noticiasradioreflejos.com.ar\/2021\/#website\",\"url\":\"https:\/\/www.noticiasradioreflejos.com.ar\/2021\/\",\"name\":\"Noticias Radio Reflejos\",\"description\":\"Las noticias de mi comarca\",\"potentialAction\":[{\"@type\":\"SearchAction\",\"target\":{\"@type\":\"EntryPoint\",\"urlTemplate\":\"https:\/\/www.noticiasradioreflejos.com.ar\/2021\/?s={search_term_string}\"},\"query-input\":{\"@type\":\"PropertyValueSpecification\",\"valueRequired\":true,\"valueName\":\"search_term_string\"}}],\"inLanguage\":\"es\"},{\"@type\":\"Person\",\"@id\":\"https:\/\/www.noticiasradioreflejos.com.ar\/2021\/#\/schema\/person\/ad82545263dcc5ec0996818884fd5fb1\",\"name\":\"Arnaldo Botto\",\"image\":{\"@type\":\"ImageObject\",\"inLanguage\":\"es\",\"@id\":\"https:\/\/www.noticiasradioreflejos.com.ar\/2021\/#\/schema\/person\/image\/\",\"url\":\"https:\/\/secure.gravatar.com\/avatar\/55cb5e37c1efa326397366e6974cb338056df65cb50e7d64d1cf314e87504837?s=96&d=mm&r=g\",\"contentUrl\":\"https:\/\/secure.gravatar.com\/avatar\/55cb5e37c1efa326397366e6974cb338056df65cb50e7d64d1cf314e87504837?s=96&d=mm&r=g\",\"caption\":\"Arnaldo Botto\"},\"url\":\"https:\/\/www.noticiasradioreflejos.com.ar\/2021\/author\/arnaldo\/\"}]}<\/script>\n<!-- \/ Yoast SEO plugin. -->","yoast_head_json":{"title":"Casi el 70% de las consultas pedi\u00e1tricas por infecciones respiratorias son debido a bronquiolitis - Noticias Radio Reflejos","robots":{"index":"index","follow":"follow","max-snippet":"max-snippet:-1","max-image-preview":"max-image-preview:large","max-video-preview":"max-video-preview:-1"},"canonical":"https:\/\/www.noticiasradioreflejos.com.ar\/2021\/casi-el-70-de-las-consultas-pediatricas-por-infecciones-respiratorias-son-debido-a-bronquiolitis\/","og_locale":"es_ES","og_type":"article","og_title":"Casi el 70% de las consultas pedi\u00e1tricas por infecciones respiratorias son debido a bronquiolitis - Noticias Radio Reflejos","og_description":"Entre el 60 y el 70 por ciento de las infecciones respiratorias pedi\u00e1tricas que se consultan hoy en todos los centros de salud del pa\u00eds son bronquiolitis por el virus sincicial respiratorio, indic\u00f3 Patricia Garc\u00eda Arrigoni, Directora M\u00e9dica Ejecutiva del Hospital Garrahan sobre el aumento en las \u00faltimas semanas de esos cuadros que implicaron un [&hellip;]","og_url":"https:\/\/www.noticiasradioreflejos.com.ar\/2021\/casi-el-70-de-las-consultas-pediatricas-por-infecciones-respiratorias-son-debido-a-bronquiolitis\/","og_site_name":"Noticias Radio Reflejos","article_published_time":"2023-05-23T18:32:04+00:00","og_image":[{"width":1200,"height":675,"url":"https:\/\/www.noticiasradioreflejos.com.ar\/2021\/wp-content\/uploads\/2023\/05\/bronquiolitis.jpg","type":"image\/jpeg"}],"author":"Arnaldo Botto","twitter_card":"summary_large_image","schema":{"@context":"https:\/\/schema.org","@graph":[{"@type":"WebPage","@id":"https:\/\/www.noticiasradioreflejos.com.ar\/2021\/casi-el-70-de-las-consultas-pediatricas-por-infecciones-respiratorias-son-debido-a-bronquiolitis\/","url":"https:\/\/www.noticiasradioreflejos.com.ar\/2021\/casi-el-70-de-las-consultas-pediatricas-por-infecciones-respiratorias-son-debido-a-bronquiolitis\/","name":"Casi el 70% de las consultas pedi\u00e1tricas por infecciones respiratorias son debido a bronquiolitis - Noticias Radio Reflejos","isPartOf":{"@id":"https:\/\/www.noticiasradioreflejos.com.ar\/2021\/#website"},"primaryImageOfPage":{"@id":"https:\/\/www.noticiasradioreflejos.com.ar\/2021\/casi-el-70-de-las-consultas-pediatricas-por-infecciones-respiratorias-son-debido-a-bronquiolitis\/#primaryimage"},"image":{"@id":"https:\/\/www.noticiasradioreflejos.com.ar\/2021\/casi-el-70-de-las-consultas-pediatricas-por-infecciones-respiratorias-son-debido-a-bronquiolitis\/#primaryimage"},"thumbnailUrl":"https:\/\/www.noticiasradioreflejos.com.ar\/2021\/wp-content\/uploads\/2023\/05\/bronquiolitis.jpg","datePublished":"2023-05-23T18:32:04+00:00","author":{"@id":"https:\/\/www.noticiasradioreflejos.com.ar\/2021\/#\/schema\/person\/ad82545263dcc5ec0996818884fd5fb1"},"breadcrumb":{"@id":"https:\/\/www.noticiasradioreflejos.com.ar\/2021\/casi-el-70-de-las-consultas-pediatricas-por-infecciones-respiratorias-son-debido-a-bronquiolitis\/#breadcrumb"},"inLanguage":"es","potentialAction":[{"@type":"ReadAction","target":["https:\/\/www.noticiasradioreflejos.com.ar\/2021\/casi-el-70-de-las-consultas-pediatricas-por-infecciones-respiratorias-son-debido-a-bronquiolitis\/"]}]},{"@type":"ImageObject","inLanguage":"es","@id":"https:\/\/www.noticiasradioreflejos.com.ar\/2021\/casi-el-70-de-las-consultas-pediatricas-por-infecciones-respiratorias-son-debido-a-bronquiolitis\/#primaryimage","url":"https:\/\/www.noticiasradioreflejos.com.ar\/2021\/wp-content\/uploads\/2023\/05\/bronquiolitis.jpg","contentUrl":"https:\/\/www.noticiasradioreflejos.com.ar\/2021\/wp-content\/uploads\/2023\/05\/bronquiolitis.jpg","width":1200,"height":675},{"@type":"BreadcrumbList","@id":"https:\/\/www.noticiasradioreflejos.com.ar\/2021\/casi-el-70-de-las-consultas-pediatricas-por-infecciones-respiratorias-son-debido-a-bronquiolitis\/#breadcrumb","itemListElement":[{"@type":"ListItem","position":1,"name":"Portada","item":"https:\/\/www.noticiasradioreflejos.com.ar\/2021\/"},{"@type":"ListItem","position":2,"name":"Casi el 70% de las consultas pedi\u00e1tricas por infecciones respiratorias son debido a bronquiolitis"}]},{"@type":"WebSite","@id":"https:\/\/www.noticiasradioreflejos.com.ar\/2021\/#website","url":"https:\/\/www.noticiasradioreflejos.com.ar\/2021\/","name":"Noticias Radio Reflejos","description":"Las noticias de mi comarca","potentialAction":[{"@type":"SearchAction","target":{"@type":"EntryPoint","urlTemplate":"https:\/\/www.noticiasradioreflejos.com.ar\/2021\/?s={search_term_string}"},"query-input":{"@type":"PropertyValueSpecification","valueRequired":true,"valueName":"search_term_string"}}],"inLanguage":"es"},{"@type":"Person","@id":"https:\/\/www.noticiasradioreflejos.com.ar\/2021\/#\/schema\/person\/ad82545263dcc5ec0996818884fd5fb1","name":"Arnaldo Botto","image":{"@type":"ImageObject","inLanguage":"es","@id":"https:\/\/www.noticiasradioreflejos.com.ar\/2021\/#\/schema\/person\/image\/","url":"https:\/\/secure.gravatar.com\/avatar\/55cb5e37c1efa326397366e6974cb338056df65cb50e7d64d1cf314e87504837?s=96&d=mm&r=g","contentUrl":"https:\/\/secure.gravatar.com\/avatar\/55cb5e37c1efa326397366e6974cb338056df65cb50e7d64d1cf314e87504837?s=96&d=mm&r=g","caption":"Arnaldo Botto"},"url":"https:\/\/www.noticiasradioreflejos.com.ar\/2021\/author\/arnaldo\/"}]}},"_links":{"self":[{"href":"https:\/\/www.noticiasradioreflejos.com.ar\/2021\/wp-json\/wp\/v2\/posts\/88305","targetHints":{"allow":["GET"]}}],"collection":[{"href":"https:\/\/www.noticiasradioreflejos.com.ar\/2021\/wp-json\/wp\/v2\/posts"}],"about":[{"href":"https:\/\/www.noticiasradioreflejos.com.ar\/2021\/wp-json\/wp\/v2\/types\/post"}],"author":[{"embeddable":true,"href":"https:\/\/www.noticiasradioreflejos.com.ar\/2021\/wp-json\/wp\/v2\/users\/3"}],"replies":[{"embeddable":true,"href":"https:\/\/www.noticiasradioreflejos.com.ar\/2021\/wp-json\/wp\/v2\/comments?post=88305"}],"version-history":[{"count":1,"href":"https:\/\/www.noticiasradioreflejos.com.ar\/2021\/wp-json\/wp\/v2\/posts\/88305\/revisions"}],"predecessor-version":[{"id":88307,"href":"https:\/\/www.noticiasradioreflejos.com.ar\/2021\/wp-json\/wp\/v2\/posts\/88305\/revisions\/88307"}],"wp:featuredmedia":[{"embeddable":true,"href":"https:\/\/www.noticiasradioreflejos.com.ar\/2021\/wp-json\/wp\/v2\/media\/88306"}],"wp:attachment":[{"href":"https:\/\/www.noticiasradioreflejos.com.ar\/2021\/wp-json\/wp\/v2\/media?parent=88305"}],"wp:term":[{"taxonomy":"category","embeddable":true,"href":"https:\/\/www.noticiasradioreflejos.com.ar\/2021\/wp-json\/wp\/v2\/categories?post=88305"},{"taxonomy":"post_tag","embeddable":true,"href":"https:\/\/www.noticiasradioreflejos.com.ar\/2021\/wp-json\/wp\/v2\/tags?post=88305"}],"curies":[{"name":"wp","href":"https:\/\/api.w.org\/{rel}","templated":true}]}}