{"id":87939,"date":"2023-05-14T14:28:45","date_gmt":"2023-05-14T14:28:45","guid":{"rendered":"https:\/\/www.noticiasradioreflejos.com.ar\/2021\/?p=87939"},"modified":"2023-05-14T14:28:45","modified_gmt":"2023-05-14T14:28:45","slug":"secuestran-125-frascos-de-popper-y-detienen-a-una-persona-en-el-aeropuerto-de-ezeiza","status":"publish","type":"post","link":"https:\/\/www.noticiasradioreflejos.com.ar\/2021\/secuestran-125-frascos-de-popper-y-detienen-a-una-persona-en-el-aeropuerto-de-ezeiza\/","title":{"rendered":"Secuestran 125 frascos de \u00abpopper\u00bb y detienen a una persona en el aeropuerto de Ezeiza"},"content":{"rendered":"<p>Un hombre fue detenido acusado de trasportar en un equipaje unos 125 frascos de \u201cpopper\u201d o \u00abdroga del amor\u00bb, que totalizar\u00edan cerca de cuatro litros de la mencionada sustancia, cuando arrib\u00f3 al aeropuerto internacional de Ezeiza proveniente de Brasil, informaron hoy fuentes aduaneras.<!--more--><\/p>\n<p>El procedimiento fue realizado alrededor de las medianoche por agentes de la Direcci\u00f3n General de Aduanas (DGA) que a trav\u00e9s de la utilizaci\u00f3n de un escaner, observaron un contenido sospechoso en el equipaje de un ciudadano argentino que descendi\u00f3 del vuelo proveniente de San Pablo, Brasil.<\/p>\n<p>Los voceros indicaron que el esc\u00e1ner arroj\u00f3 im\u00e1genes sospechosas y, en esas circunstancias, los agentes abrieron el equipaje para realizar una revisi\u00f3n exhaustiva e inmediatamente constataron la presencia de una enorme cantidad de frascos de diferentes tama\u00f1os que, al consultarle al pasajero sobre el contenido, confes\u00f3 que en su interior hab\u00eda \u201cPopper\u201d, o tambi\u00e9n llamada \u201cdroga del amor\u201d, una sustancia psicoactiva que se inhala.<\/p>\n<p>A su vez, las fuentes precisaron que, al revisar las posesiones del ciudadano argentino, se advirti\u00f3 que tra\u00eda un segundo pasaporte, israel\u00ed, con una identidad diferente.<\/p>\n<p>Los resultados del procedimiento fueron comunicados a la Justicia en lo Penal Econ\u00f3mico, que orden\u00f3 el secuestro de la mercader\u00eda y la detenci\u00f3n del pasajero quien podr\u00eda recibir una pena de hasta 15 a\u00f1os de prisi\u00f3n, indicaron las fuentes.<\/p>\n<p>&nbsp;<\/p>\n<header class=\"entry-header\" aria-label=\"Contenido\">\n<h1 class=\"entry-title\">Popper, qu\u00e9 es y c\u00f3mo act\u00faa esta droga<\/h1>\n<div class=\"authortop\"><\/div>\n<\/header>\n<div class=\"stickySHARE out-containerSHARE\">\n<div class=\"wplogout-social-wrapper\">El popper es una droga estimulante que se inhala y se utiliza como un relajante muscular y como una sustancia recreativa para aumentar el placer sexual. Los poppers son l\u00edquidos que contienen nitritos org\u00e1nicos, en este art\u00edculo vamos a profundizar sobre esta droga.<\/div>\n<\/div>\n<div class=\"entry-content\">\n<div id=\"ez-toc-container\" class=\"ez-toc-v2_0_47_1 counter-hierarchy ez-toc-counter ez-toc-grey ez-toc-container-direction\">\n<div class=\"ez-toc-title-container\"><\/div>\n<\/div>\n<h2>\u00bfQu\u00e9 es el popper?<\/h2>\n<p>El popper, un conjunto de sustancias qu\u00edmicas, principalmente nitrito de amilo, nitrito de butilo y nitrito de isobutilo, que son consumidas por inhalaci\u00f3n. Son una serie de l\u00edquidos incoloros, pero con un fuerte olor muy caracter\u00edstico. Es una droga de recreaci\u00f3n y tambi\u00e9n\u00a0se conoce con otros nombres como\u00a0<strong>oro l\u00edquido, bananas, snappers, rush\u00a0y nombres comerciales como Stud o Locker Room<\/strong>.<\/p>\n<p>Estas sustancias se utilizan por producir estimulaci\u00f3n de vasodilataci\u00f3n de manera muy r\u00e1pida, as\u00ed como un aumento de la sensaci\u00f3n de euforia y de deseo sexual.<\/p>\n<div id=\"inici-4c3d1b23af71f60da606d780f1a828f6\" class=\"inici-4c3d1b23af71f60da606d780f1a828f6 inici-psicoactiva_principal_display_responsive_topposts\"><\/div>\n<p>El t\u00e9rmino \u201cpopper\u201d comenz\u00f3 a utilizarse tras la popularidad de algunos de estos compuestos qu\u00edmicos cuando eran empleados como f\u00e1rmacos. El nitrito de amilo\u00a0<strong>ha sido utilizado en medicina por su efecto vasodilatador y estimulante<\/strong>\u00a0para el tratamiento de angina de pecho.<\/p>\n<h2>\u00bfCu\u00e1les son los efectos que produce?<\/h2>\n<p>Los efectos del popper pueden variar seg\u00fan la persona y la dosis utilizada. Los efectos pueden comenzar a sentirse en cuesti\u00f3n de segundos despu\u00e9s de inhalar la sustancia y pueden durar varios minutos. Los efectos incluyen:<\/p>\n<ul>\n<li><strong>Euforia y relajaci\u00f3n<\/strong>: Los poppers son com\u00fanmente utilizados para producir un efecto de euforia y relajaci\u00f3n muscular. Algunas personas utilizan los poppers para mejorar la experiencia sexual debido a la relajaci\u00f3n de los m\u00fasculos anales y vaginales que pueden producir.<\/li>\n<li><strong>Aumento del ritmo card\u00edaco y vasodilataci\u00f3n<\/strong>: Los poppers pueden aumentar la frecuencia card\u00edaca y dilatar los vasos sangu\u00edneos, lo que puede producir una sensaci\u00f3n de calor y rubor en la piel.<\/li>\n<li><strong>Mareo y debilidad<\/strong>: Los poppers pueden producir mareo y debilidad en algunas personas, lo que puede hacer que se sientan inestables o incapaces de realizar tareas.<\/li>\n<li><strong>Dolores de cabeza<\/strong>: Los poppers pueden causar dolores de cabeza intensos, que pueden durar varias horas despu\u00e9s de inhalarlos.<\/li>\n<li><strong>N\u00e1useas y v\u00f3mitos<\/strong>: El uso de poppers tambi\u00e9n puede provocar n\u00e1useas y v\u00f3mitos en algunas personas.<\/li>\n<\/ul>\n<p>Al mismo tiempo, provoca una\u00a0<strong>relajaci\u00f3n de esf\u00ednteres<\/strong>\u00a0y por eso es m\u00e1s conocida como droga sexual o como la \u201cdroga gay\u201d. Al ser una droga que se inhala sus efectos son inmediatos y muy pasajeros, apenas duran entre uno y tres minutos.<\/p>\n<p><img loading=\"lazy\" decoding=\"async\" class=\"aligncenter wp-image-141988 perfmatters-lazy entered pmloaded\" title=\"poppers\" src=\"https:\/\/www.psicoactiva.com\/wp-content\/uploads\/blog\/2018\/07\/poppers.jpg\" alt=\"poppers\" width=\"694\" height=\"243\" data-src=\"https:\/\/www.psicoactiva.com\/wp-content\/uploads\/blog\/2018\/07\/poppers.jpg\" data-ll-status=\"loaded\" \/><br \/>\nDe manera resumida, sus efectos son los siguientes:\u00a0<strong>producir un subid\u00f3n r\u00e1pido<\/strong>\u00a0al ser inhalado y produce un\u00a0<strong>estado de bienestar y placer. Incrementa la libido y favorece la erecci\u00f3n en los hombres, al mismo tiempo que relaja los esf\u00ednteres<\/strong>.<\/p>\n<p>Tambi\u00e9n, provoca distorsiones perceptivas placenteras y un lenguaje poco consistente y ralentiza el tiempo de reacci\u00f3n. Esta droga puede emplearse tambi\u00e9n como\u00a0<strong>complemento a drogas de dise\u00f1<\/strong>o como el LSD o el\u00a0<a href=\"https:\/\/www.psicoactiva.com\/blog\/extasis-la-droga-del-amor\/\">\u00e9xtasis<\/a>, para provocar efectos m\u00e1s intensos.<\/p>\n<p>Se trata de un compuesto que\u00a0<strong>debe ser inhalado<\/strong>, si se ingiere puede incluso causar la muerte. De igual manera, tampoco se debe derramar sobre la piel porque puede causar diferentes quemaduras. Es un producto muy inflamable y debe estar alejado de fuentes de calor como mecheros, velas, etc.<\/p>\n<p>Al durar tan poco al ser una droga inhalada, entre uno y tres minutos,\u00a0<strong>sus efectos placenteros desaparecen en breve.<\/strong>\u00a0En cambio, los efectos secundarios pueden ser duraderos y pueden incluir desde n\u00e1useas, v\u00e9rtigo, color de cabeza hasta hemorragias nasales, hipotensi\u00f3n y taquicardias.<\/p>\n<div id=\"inici-727651448\" class=\"inici-post-relacionado-intercalado-en-moviles\">\n<div class=\"related-inpost\">\n<div class=\"aac-block-parent aac-block-parent\">\n<div class=\"aac-block\"><a class=\"relacionados-inpost\" href=\"https:\/\/www.psicoactiva.com\/blog\/los-estados-modificados-conciencia-emc\/\"><img loading=\"lazy\" decoding=\"async\" class=\"aac-block-img-relacionado-inpost alignleft perfmatters-lazy entered pmloaded\" title=\"Los Estados Modificados de Conciencia (EMC), caracter\u00edsticas b\u00e1sicas\" src=\"https:\/\/www.psicoactiva.com\/wp-content\/uploads\/2014\/09\/estados-modificados-conciencia.jpg\" alt=\"Los Estados Modificados de Conciencia (EMC), caracter\u00edsticas b\u00e1sicas\" width=\"1200\" height=\"900\" data-src=\"https:\/\/www.psicoactiva.com\/wp-content\/uploads\/2014\/09\/estados-modificados-conciencia.jpg\" data-ll-status=\"loaded\" \/><\/a><\/p>\n<div class=\"aac-block-title-relacionado-inpost\">Los Estados Modificados de Conciencia (EMC), caracter\u00edsticas b\u00e1sicas<\/div>\n<\/div>\n<\/div>\n<\/div>\n<\/div>\n<h2>Breve historia del Popper<\/h2>\n<p>El Popper fue sintetizado por primera vez en 1844 por el qu\u00edmico Antoine Balard, quien observ\u00f3 que la sustancia provocaba la relajaci\u00f3n de la musculatura lisa y dilataba las arterias, algo que podr\u00eda tener muchas aplicaciones en medicina.\u00a0El hallazgo enseguida llev\u00f3 al uso de la sustancia como\u00a0<strong>remedio para la angina de pecho<\/strong>, una enfermedad provocada por la disminuci\u00f3n del retorno venoso.\u00a0Sin embargo, al descubrirse otras de sus propiedades, se convirti\u00f3 en el siglo siguiente en una droga recreativa atractiva y barata.<\/p>\n<p>El popper empez\u00f3 a utilizarse como\u00a0<strong>droga recreativa en la d\u00e9cada de los 60<\/strong>, inicialmente entre la comunidad homosexual, pues se dieron cuenta de que les ayudaba a sentirse mental y f\u00edsicamente bien, les aumentaba la excitaci\u00f3n sexual y favorec\u00eda la pr\u00e1ctica del sexo anal.<\/p>\n<blockquote><p>As\u00ed, el popper es especialmente utilizado como droga recreativa en los ambientes homosexuales.Normalmente se inhala directamente de una botellita. Es una droga barata y de f\u00e1cil adquisici\u00f3n.<\/p><\/blockquote>\n<p>Esta sustancia psicoactiva pas\u00f3 a formar parte en sus tiempos m\u00e1s exitosos durante la \u00e9poca de la m\u00fasica disco, los 70, y fue muy popular en los 80 y 90. Pero no s\u00f3lo entre la comunidad homosexual, los heterosexuales tambi\u00e9n la consumen por sus efectos.<\/p>\n<h2>Dependencia y sobredosis<\/h2>\n<p>El uso prolongado de poppers puede llevar a la tolerancia y la dependencia f\u00edsica. Esto significa que el cuerpo se acostumbra a los efectos de los poppers y se necesita una dosis cada vez mayor para sentir los mismos efectos. La dependencia f\u00edsica puede llevar a la abstinencia, que puede incluir s\u00edntomas como ansiedad, irritabilidad, temblores y sudoraci\u00f3n.<\/p>\n<p>La sobredosis de poppers puede ser peligrosa y potencialmente mortal. Los s\u00edntomas de una sobredosis pueden incluir\u00a0<strong>dolor de cabeza intenso y prolongado, n\u00e1useas, v\u00f3mitos, visi\u00f3n borrosa, mareos y debilidad<\/strong>. En algunos casos, la sobredosis de poppers tambi\u00e9n puede provocar\u00a0<strong>lesiones oculares<\/strong>, especialmente si se roc\u00eda directamente en los ojos. Tambi\u00e9n se ha informado de casos raros de convulsiones y paro card\u00edaco despu\u00e9s del uso de poppers.<\/p>\n<p>La sobredosis de poppers puede ser especialmente peligrosa para personas con ciertos problemas de salud, como presi\u00f3n arterial alta o baja, enfermedad card\u00edaca o problemas respiratorios. Adem\u00e1s, el uso de poppers junto con otras drogas, especialmente estimulantes como la\u00a0<a href=\"https:\/\/www.psicoactiva.com\/blog\/rayas-cocaina-composicion-efectos-secundarios\/\">coca\u00edna<\/a>\u00a0o el\u00a0<a href=\"https:\/\/www.psicoactiva.com\/blog\/extasis-la-droga-del-amor\/\">\u00e9xtasis<\/a>, puede aumentar el riesgo de sobredosis y efectos secundarios graves.<\/p>\n<p>Es importante tener en cuenta que los poppers pueden ser adictivos y pueden tener consecuencias graves para la salud. Si experimenta s\u00edntomas de dependencia o abstinencia despu\u00e9s de usar poppers, es importante buscar ayuda m\u00e9dica. Adem\u00e1s, si experimenta efectos secundarios graves despu\u00e9s de usar poppers, debe buscar atenci\u00f3n m\u00e9dica de inmediato.<\/p>\n<h3>Referencias bibliogr\u00e1ficas<\/h3>\n<ul>\n<li>Kelly, B. C., Carpiano, R. M., Easterbrook, A., &amp; Parsons, J. T. (2018). Use of nitrite inhalants (poppers) among youth in Los Angeles and New York City: A pilot study. Drug and Alcohol Dependence, 185, 231-237.<\/li>\n<li>P\u00e9rez, J., &amp; Ramos-Quiroga, J. A. (2019). Manual de Drogodependencias para M\u00e9dicos de Familia. Madrid: M\u00e9dica Panamericana.<\/li>\n<li>Fern\u00e1ndez-D\u00e1vila, P., Ballester-Arnal, R., Gil-Llario, M. D., &amp; Salmer\u00f3n-S\u00e1nchez, P. (2019). The use of poppers in the gay and bisexual community in Spain: A descriptive study. Journal of Psychoactive Drugs, 51(4), 331-338.<\/li>\n<li>Papaseit, E., &amp; Farr\u00e9, M. (2018). Drogas de Abuso. Barcelona: Elsevier.<\/li>\n<li>Dowsett, G. W., Brown, G., Grierson, J. W., Holt, M., Lea, T., McBride, K., Murphy, D. A., Prestage, G., de Wit, J. B., &amp; Zablotska-Manos, I. (2017). Popper use and sexual partner concurrency increase the HIV incidence of MSM: A 24-community study. Addiction, 112(8), 1454-1463.<\/li>\n<\/ul>\n<\/div>\n<p>&nbsp;<\/p>\n<p>&nbsp;<\/p>\n<p><span id=\"fact-check-btn\" class=\"fact-check\">\u00a0Verificado<\/span>\u00a0Redactado por\u00a0<b><a title=\"Ver todos los posts de Marta Guerri\" href=\"https:\/\/www.psicoactiva.com\/autor\/marta-guerri\/\">Marta Guerri<\/a><\/b>.<\/p>\n<p>Psic\u00f3loga con M\u00e1ster en Terapia de la Conducta y la Salud. M\u00e1ster en RRHH. Diplomada en Enfermer\u00eda con postgrado en Salud Mental. Psic\u00f3loga especializada en terapia con familias con vulnerabilidad social en el Servicio de Orientaci\u00f3n y Acompa\u00f1amiento a Familias (SOAF).<\/p>\n","protected":false},"excerpt":{"rendered":"<p>Un hombre fue detenido acusado de trasportar en un equipaje unos 125 frascos de \u201cpopper\u201d o \u00abdroga del amor\u00bb, que totalizar\u00edan cerca de cuatro litros de la mencionada sustancia, cuando arrib\u00f3 al aeropuerto internacional de Ezeiza proveniente de Brasil, informaron hoy fuentes aduaneras.<\/p>\n","protected":false},"author":3,"featured_media":87940,"comment_status":"closed","ping_status":"closed","sticky":false,"template":"","format":"standard","meta":{"footnotes":""},"categories":[29,30],"tags":[],"class_list":["post-87939","post","type-post","status-publish","format-standard","has-post-thumbnail","hentry","category-policiales","category-salud"],"yoast_head":"<!-- This site is optimized with the Yoast SEO plugin v25.9 - https:\/\/yoast.com\/wordpress\/plugins\/seo\/ -->\n<title>Secuestran 125 frascos de &quot;popper&quot; y detienen a una persona en el aeropuerto de Ezeiza - Noticias Radio Reflejos<\/title>\n<meta name=\"robots\" content=\"index, follow, max-snippet:-1, max-image-preview:large, max-video-preview:-1\" \/>\n<link rel=\"canonical\" href=\"https:\/\/www.noticiasradioreflejos.com.ar\/2021\/secuestran-125-frascos-de-popper-y-detienen-a-una-persona-en-el-aeropuerto-de-ezeiza\/\" \/>\n<meta property=\"og:locale\" content=\"es_ES\" \/>\n<meta property=\"og:type\" content=\"article\" \/>\n<meta property=\"og:title\" content=\"Secuestran 125 frascos de &quot;popper&quot; y detienen a una persona en el aeropuerto de Ezeiza - Noticias Radio Reflejos\" \/>\n<meta property=\"og:description\" content=\"Un hombre fue detenido acusado de trasportar en un equipaje unos 125 frascos de \u201cpopper\u201d o \u00abdroga del amor\u00bb, que totalizar\u00edan cerca de cuatro litros de la mencionada sustancia, cuando arrib\u00f3 al aeropuerto internacional de Ezeiza proveniente de Brasil, informaron hoy fuentes aduaneras.\" \/>\n<meta property=\"og:url\" content=\"https:\/\/www.noticiasradioreflejos.com.ar\/2021\/secuestran-125-frascos-de-popper-y-detienen-a-una-persona-en-el-aeropuerto-de-ezeiza\/\" \/>\n<meta property=\"og:site_name\" content=\"Noticias Radio Reflejos\" \/>\n<meta property=\"article:published_time\" content=\"2023-05-14T14:28:45+00:00\" \/>\n<meta property=\"og:image\" content=\"https:\/\/www.noticiasradioreflejos.com.ar\/2021\/wp-content\/uploads\/2023\/05\/popper.jpg\" \/>\n\t<meta property=\"og:image:width\" content=\"900\" \/>\n\t<meta property=\"og:image:height\" content=\"600\" \/>\n\t<meta property=\"og:image:type\" content=\"image\/jpeg\" \/>\n<meta name=\"author\" content=\"Arnaldo Botto\" \/>\n<meta name=\"twitter:card\" content=\"summary_large_image\" \/>\n<script type=\"application\/ld+json\" class=\"yoast-schema-graph\">{\"@context\":\"https:\/\/schema.org\",\"@graph\":[{\"@type\":\"WebPage\",\"@id\":\"https:\/\/www.noticiasradioreflejos.com.ar\/2021\/secuestran-125-frascos-de-popper-y-detienen-a-una-persona-en-el-aeropuerto-de-ezeiza\/\",\"url\":\"https:\/\/www.noticiasradioreflejos.com.ar\/2021\/secuestran-125-frascos-de-popper-y-detienen-a-una-persona-en-el-aeropuerto-de-ezeiza\/\",\"name\":\"Secuestran 125 frascos de \\\"popper\\\" y detienen a una persona en el aeropuerto de Ezeiza - Noticias Radio Reflejos\",\"isPartOf\":{\"@id\":\"https:\/\/www.noticiasradioreflejos.com.ar\/2021\/#website\"},\"primaryImageOfPage\":{\"@id\":\"https:\/\/www.noticiasradioreflejos.com.ar\/2021\/secuestran-125-frascos-de-popper-y-detienen-a-una-persona-en-el-aeropuerto-de-ezeiza\/#primaryimage\"},\"image\":{\"@id\":\"https:\/\/www.noticiasradioreflejos.com.ar\/2021\/secuestran-125-frascos-de-popper-y-detienen-a-una-persona-en-el-aeropuerto-de-ezeiza\/#primaryimage\"},\"thumbnailUrl\":\"https:\/\/www.noticiasradioreflejos.com.ar\/2021\/wp-content\/uploads\/2023\/05\/popper.jpg\",\"datePublished\":\"2023-05-14T14:28:45+00:00\",\"author\":{\"@id\":\"https:\/\/www.noticiasradioreflejos.com.ar\/2021\/#\/schema\/person\/ad82545263dcc5ec0996818884fd5fb1\"},\"breadcrumb\":{\"@id\":\"https:\/\/www.noticiasradioreflejos.com.ar\/2021\/secuestran-125-frascos-de-popper-y-detienen-a-una-persona-en-el-aeropuerto-de-ezeiza\/#breadcrumb\"},\"inLanguage\":\"es\",\"potentialAction\":[{\"@type\":\"ReadAction\",\"target\":[\"https:\/\/www.noticiasradioreflejos.com.ar\/2021\/secuestran-125-frascos-de-popper-y-detienen-a-una-persona-en-el-aeropuerto-de-ezeiza\/\"]}]},{\"@type\":\"ImageObject\",\"inLanguage\":\"es\",\"@id\":\"https:\/\/www.noticiasradioreflejos.com.ar\/2021\/secuestran-125-frascos-de-popper-y-detienen-a-una-persona-en-el-aeropuerto-de-ezeiza\/#primaryimage\",\"url\":\"https:\/\/www.noticiasradioreflejos.com.ar\/2021\/wp-content\/uploads\/2023\/05\/popper.jpg\",\"contentUrl\":\"https:\/\/www.noticiasradioreflejos.com.ar\/2021\/wp-content\/uploads\/2023\/05\/popper.jpg\",\"width\":900,\"height\":600},{\"@type\":\"BreadcrumbList\",\"@id\":\"https:\/\/www.noticiasradioreflejos.com.ar\/2021\/secuestran-125-frascos-de-popper-y-detienen-a-una-persona-en-el-aeropuerto-de-ezeiza\/#breadcrumb\",\"itemListElement\":[{\"@type\":\"ListItem\",\"position\":1,\"name\":\"Portada\",\"item\":\"https:\/\/www.noticiasradioreflejos.com.ar\/2021\/\"},{\"@type\":\"ListItem\",\"position\":2,\"name\":\"Secuestran 125 frascos de \u00abpopper\u00bb y detienen a una persona en el aeropuerto de Ezeiza\"}]},{\"@type\":\"WebSite\",\"@id\":\"https:\/\/www.noticiasradioreflejos.com.ar\/2021\/#website\",\"url\":\"https:\/\/www.noticiasradioreflejos.com.ar\/2021\/\",\"name\":\"Noticias Radio Reflejos\",\"description\":\"Las noticias de mi comarca\",\"potentialAction\":[{\"@type\":\"SearchAction\",\"target\":{\"@type\":\"EntryPoint\",\"urlTemplate\":\"https:\/\/www.noticiasradioreflejos.com.ar\/2021\/?s={search_term_string}\"},\"query-input\":{\"@type\":\"PropertyValueSpecification\",\"valueRequired\":true,\"valueName\":\"search_term_string\"}}],\"inLanguage\":\"es\"},{\"@type\":\"Person\",\"@id\":\"https:\/\/www.noticiasradioreflejos.com.ar\/2021\/#\/schema\/person\/ad82545263dcc5ec0996818884fd5fb1\",\"name\":\"Arnaldo Botto\",\"image\":{\"@type\":\"ImageObject\",\"inLanguage\":\"es\",\"@id\":\"https:\/\/www.noticiasradioreflejos.com.ar\/2021\/#\/schema\/person\/image\/\",\"url\":\"https:\/\/secure.gravatar.com\/avatar\/55cb5e37c1efa326397366e6974cb338056df65cb50e7d64d1cf314e87504837?s=96&d=mm&r=g\",\"contentUrl\":\"https:\/\/secure.gravatar.com\/avatar\/55cb5e37c1efa326397366e6974cb338056df65cb50e7d64d1cf314e87504837?s=96&d=mm&r=g\",\"caption\":\"Arnaldo Botto\"},\"url\":\"https:\/\/www.noticiasradioreflejos.com.ar\/2021\/author\/arnaldo\/\"}]}<\/script>\n<!-- \/ Yoast SEO plugin. -->","yoast_head_json":{"title":"Secuestran 125 frascos de \"popper\" y detienen a una persona en el aeropuerto de Ezeiza - Noticias Radio Reflejos","robots":{"index":"index","follow":"follow","max-snippet":"max-snippet:-1","max-image-preview":"max-image-preview:large","max-video-preview":"max-video-preview:-1"},"canonical":"https:\/\/www.noticiasradioreflejos.com.ar\/2021\/secuestran-125-frascos-de-popper-y-detienen-a-una-persona-en-el-aeropuerto-de-ezeiza\/","og_locale":"es_ES","og_type":"article","og_title":"Secuestran 125 frascos de \"popper\" y detienen a una persona en el aeropuerto de Ezeiza - Noticias Radio Reflejos","og_description":"Un hombre fue detenido acusado de trasportar en un equipaje unos 125 frascos de \u201cpopper\u201d o \u00abdroga del amor\u00bb, que totalizar\u00edan cerca de cuatro litros de la mencionada sustancia, cuando arrib\u00f3 al aeropuerto internacional de Ezeiza proveniente de Brasil, informaron hoy fuentes aduaneras.","og_url":"https:\/\/www.noticiasradioreflejos.com.ar\/2021\/secuestran-125-frascos-de-popper-y-detienen-a-una-persona-en-el-aeropuerto-de-ezeiza\/","og_site_name":"Noticias Radio Reflejos","article_published_time":"2023-05-14T14:28:45+00:00","og_image":[{"width":900,"height":600,"url":"https:\/\/www.noticiasradioreflejos.com.ar\/2021\/wp-content\/uploads\/2023\/05\/popper.jpg","type":"image\/jpeg"}],"author":"Arnaldo Botto","twitter_card":"summary_large_image","schema":{"@context":"https:\/\/schema.org","@graph":[{"@type":"WebPage","@id":"https:\/\/www.noticiasradioreflejos.com.ar\/2021\/secuestran-125-frascos-de-popper-y-detienen-a-una-persona-en-el-aeropuerto-de-ezeiza\/","url":"https:\/\/www.noticiasradioreflejos.com.ar\/2021\/secuestran-125-frascos-de-popper-y-detienen-a-una-persona-en-el-aeropuerto-de-ezeiza\/","name":"Secuestran 125 frascos de \"popper\" y detienen a una persona en el aeropuerto de Ezeiza - Noticias Radio Reflejos","isPartOf":{"@id":"https:\/\/www.noticiasradioreflejos.com.ar\/2021\/#website"},"primaryImageOfPage":{"@id":"https:\/\/www.noticiasradioreflejos.com.ar\/2021\/secuestran-125-frascos-de-popper-y-detienen-a-una-persona-en-el-aeropuerto-de-ezeiza\/#primaryimage"},"image":{"@id":"https:\/\/www.noticiasradioreflejos.com.ar\/2021\/secuestran-125-frascos-de-popper-y-detienen-a-una-persona-en-el-aeropuerto-de-ezeiza\/#primaryimage"},"thumbnailUrl":"https:\/\/www.noticiasradioreflejos.com.ar\/2021\/wp-content\/uploads\/2023\/05\/popper.jpg","datePublished":"2023-05-14T14:28:45+00:00","author":{"@id":"https:\/\/www.noticiasradioreflejos.com.ar\/2021\/#\/schema\/person\/ad82545263dcc5ec0996818884fd5fb1"},"breadcrumb":{"@id":"https:\/\/www.noticiasradioreflejos.com.ar\/2021\/secuestran-125-frascos-de-popper-y-detienen-a-una-persona-en-el-aeropuerto-de-ezeiza\/#breadcrumb"},"inLanguage":"es","potentialAction":[{"@type":"ReadAction","target":["https:\/\/www.noticiasradioreflejos.com.ar\/2021\/secuestran-125-frascos-de-popper-y-detienen-a-una-persona-en-el-aeropuerto-de-ezeiza\/"]}]},{"@type":"ImageObject","inLanguage":"es","@id":"https:\/\/www.noticiasradioreflejos.com.ar\/2021\/secuestran-125-frascos-de-popper-y-detienen-a-una-persona-en-el-aeropuerto-de-ezeiza\/#primaryimage","url":"https:\/\/www.noticiasradioreflejos.com.ar\/2021\/wp-content\/uploads\/2023\/05\/popper.jpg","contentUrl":"https:\/\/www.noticiasradioreflejos.com.ar\/2021\/wp-content\/uploads\/2023\/05\/popper.jpg","width":900,"height":600},{"@type":"BreadcrumbList","@id":"https:\/\/www.noticiasradioreflejos.com.ar\/2021\/secuestran-125-frascos-de-popper-y-detienen-a-una-persona-en-el-aeropuerto-de-ezeiza\/#breadcrumb","itemListElement":[{"@type":"ListItem","position":1,"name":"Portada","item":"https:\/\/www.noticiasradioreflejos.com.ar\/2021\/"},{"@type":"ListItem","position":2,"name":"Secuestran 125 frascos de \u00abpopper\u00bb y detienen a una persona en el aeropuerto de Ezeiza"}]},{"@type":"WebSite","@id":"https:\/\/www.noticiasradioreflejos.com.ar\/2021\/#website","url":"https:\/\/www.noticiasradioreflejos.com.ar\/2021\/","name":"Noticias Radio Reflejos","description":"Las noticias de mi comarca","potentialAction":[{"@type":"SearchAction","target":{"@type":"EntryPoint","urlTemplate":"https:\/\/www.noticiasradioreflejos.com.ar\/2021\/?s={search_term_string}"},"query-input":{"@type":"PropertyValueSpecification","valueRequired":true,"valueName":"search_term_string"}}],"inLanguage":"es"},{"@type":"Person","@id":"https:\/\/www.noticiasradioreflejos.com.ar\/2021\/#\/schema\/person\/ad82545263dcc5ec0996818884fd5fb1","name":"Arnaldo Botto","image":{"@type":"ImageObject","inLanguage":"es","@id":"https:\/\/www.noticiasradioreflejos.com.ar\/2021\/#\/schema\/person\/image\/","url":"https:\/\/secure.gravatar.com\/avatar\/55cb5e37c1efa326397366e6974cb338056df65cb50e7d64d1cf314e87504837?s=96&d=mm&r=g","contentUrl":"https:\/\/secure.gravatar.com\/avatar\/55cb5e37c1efa326397366e6974cb338056df65cb50e7d64d1cf314e87504837?s=96&d=mm&r=g","caption":"Arnaldo Botto"},"url":"https:\/\/www.noticiasradioreflejos.com.ar\/2021\/author\/arnaldo\/"}]}},"_links":{"self":[{"href":"https:\/\/www.noticiasradioreflejos.com.ar\/2021\/wp-json\/wp\/v2\/posts\/87939","targetHints":{"allow":["GET"]}}],"collection":[{"href":"https:\/\/www.noticiasradioreflejos.com.ar\/2021\/wp-json\/wp\/v2\/posts"}],"about":[{"href":"https:\/\/www.noticiasradioreflejos.com.ar\/2021\/wp-json\/wp\/v2\/types\/post"}],"author":[{"embeddable":true,"href":"https:\/\/www.noticiasradioreflejos.com.ar\/2021\/wp-json\/wp\/v2\/users\/3"}],"replies":[{"embeddable":true,"href":"https:\/\/www.noticiasradioreflejos.com.ar\/2021\/wp-json\/wp\/v2\/comments?post=87939"}],"version-history":[{"count":1,"href":"https:\/\/www.noticiasradioreflejos.com.ar\/2021\/wp-json\/wp\/v2\/posts\/87939\/revisions"}],"predecessor-version":[{"id":87941,"href":"https:\/\/www.noticiasradioreflejos.com.ar\/2021\/wp-json\/wp\/v2\/posts\/87939\/revisions\/87941"}],"wp:featuredmedia":[{"embeddable":true,"href":"https:\/\/www.noticiasradioreflejos.com.ar\/2021\/wp-json\/wp\/v2\/media\/87940"}],"wp:attachment":[{"href":"https:\/\/www.noticiasradioreflejos.com.ar\/2021\/wp-json\/wp\/v2\/media?parent=87939"}],"wp:term":[{"taxonomy":"category","embeddable":true,"href":"https:\/\/www.noticiasradioreflejos.com.ar\/2021\/wp-json\/wp\/v2\/categories?post=87939"},{"taxonomy":"post_tag","embeddable":true,"href":"https:\/\/www.noticiasradioreflejos.com.ar\/2021\/wp-json\/wp\/v2\/tags?post=87939"}],"curies":[{"name":"wp","href":"https:\/\/api.w.org\/{rel}","templated":true}]}}