{"id":87862,"date":"2023-05-11T17:32:15","date_gmt":"2023-05-11T17:32:15","guid":{"rendered":"https:\/\/www.noticiasradioreflejos.com.ar\/2021\/?p=87862"},"modified":"2023-05-11T17:32:15","modified_gmt":"2023-05-11T17:32:15","slug":"se-cumplen-11-anos-de-muerte-por-intoxicacion-de-kily-el-nino-que-vivia-junto-a-un-campo-fumigado","status":"publish","type":"post","link":"https:\/\/www.noticiasradioreflejos.com.ar\/2021\/se-cumplen-11-anos-de-muerte-por-intoxicacion-de-kily-el-nino-que-vivia-junto-a-un-campo-fumigado\/","title":{"rendered":"Se cumplen 11 a\u00f1os de muerte por intoxicaci\u00f3n de Kily, el ni\u00f1o que viv\u00eda junto a un campo fumigado"},"content":{"rendered":"<p>(Por Natalia Concina) A once a\u00f1os de la muerte de Jos\u00e9 Carlos \u00abKily\u00bb Rivero, el ni\u00f1o correntino que falleci\u00f3 por una falla hep\u00e1tica fulminante por intoxicaci\u00f3n cuando ten\u00eda cuatro a\u00f1os, su familia espera el juicio que comenzar\u00e1 el 1 de junio contra el due\u00f1o de la tomatera lindante con su casa en el paraje de Puerto Viejo, a quien se lo acusa de homicidio culposo por ser el responsable de las fumigaciones.<!--more--><\/p>\n<p>El 12 de mayo de 2012 Kily Rivero muri\u00f3 en el Hospital Garrahan de la ciudad de Buenos Aires por una falla hep\u00e1tica fulminante, seg\u00fan consta en su acta de defunci\u00f3n; y en la autopsia se indic\u00f3 que la \u00abnecrosis del h\u00edgado es de origen citot\u00f3xico\u00bb, es decir, producto de una reacci\u00f3n t\u00f3xica.<\/p>\n<p>Hab\u00eda llegado all\u00ed el 5 de mayo, trasladado desde el Hospital Juan Pablo II de la ciudad de Corrientes, donde hab\u00eda ingresado derivado de un centro de salud de la localidad de Goya por un cuadro v\u00f3mitos, dolor abdominal, fotofobia, decaimiento general, y un laboratorio que daba compatible con una insuficiencia hep\u00e1tica.<\/p>\n<p><a title=\"11-05-2023_campo_del_productor_oscar_antonio\" href=\"https:\/\/www.flickr.com\/photos\/182279889@N02\/52889547576\/in\/dateposted-public\/\" data-flickr-embed=\"true\"><img loading=\"lazy\" decoding=\"async\" src=\"https:\/\/live.staticflickr.com\/65535\/52889547576_e6bb33e502_o.jpg\" alt=\"11-05-2023_campo_del_productor_oscar_antonio\" width=\"3456\" height=\"2592\" \/><\/a><br \/>\nLa vivienda familiar estaba ubicada en el paraje de Puerto Viejo, localizado a unos 15 kil\u00f3metros de Goya.<\/p>\n<p>Durante su paso por el Hospital Juan Pablo II se envi\u00f3 una muestra de orina a la divisi\u00f3n qu\u00edmica legal de la polic\u00eda en la que se confirm\u00f3 que ten\u00eda en su organismo organofosforado, de la familia de agroqu\u00edmicos que se utilizan para el control de plagas e insectos.<\/p>\n<p>\u00abUnas semanas antes de que Kily empiece con s\u00edntomas se nos hab\u00edan muerto las gallinas, los chanchos y los perros. Viv\u00edamos en el Paraje Puerto Viejo, en Lavalle; nos hab\u00edan prestado una casa que estaba pegada a un campo que ten\u00eda plantaci\u00f3n de tomates\u00bb, cont\u00f3 a T\u00e9lam Eugenia S\u00e1nchez, mam\u00e1 de Kily.<\/p>\n<p>\u00abLos vecinos nos hab\u00edan contado que las personas que viv\u00edan antes se hab\u00edan ido porque ten\u00edan muchos problemas de salud, y cuando se nos empezaron a morir los animales nos fuimos, pero Kily empez\u00f3 ah\u00ed nom\u00e1s a sentirse mal\u00bb, record\u00f3 la mujer.<\/p>\n<p>Mientras ella acompa\u00f1aba el peregrinar de su hijo por los diferentes centros de salud, el pap\u00e1 de Kily, Jos\u00e9 David Rivero, contaba en el pueblo lo que estaba pasando y, seg\u00fan relata, recib\u00eda presiones para silenciarlo.<\/p>\n<p>Kily era el apodo que Jos\u00e9 Carlos se hab\u00eda inventado porque su hermano menor Francisco, que por entonces ten\u00eda un a\u00f1o y ocho meses, le dec\u00eda \u00abily\u00bb. \u00abUn d\u00eda cuando su hermana Antonella le ense\u00f1aba a escribir su nombre \u00e9l dijo que se llamaba &#8216;Kily&#8217; y ah\u00ed le qued\u00f3\u00bb, cont\u00f3 Eugenia.<\/p>\n<p>\u00abFue muy duro, Kily era mi compa\u00f1ero. A mis hijos m\u00e1s chicos les dec\u00eda que Kily se hab\u00eda ido a pasear, adem\u00e1s de Francisco est\u00e1 Agust\u00edn Tiziano, que era m\u00e1s grande, y Anto que era la mayor; ella pasaba mucho tiempo con Kily y fue la que le ense\u00f1\u00f3 a escribir ese nombre; ella sufri\u00f3 mucho tambi\u00e9n\u00bb, cont\u00f3 Eugenia.<\/p>\n<p>Tras la muerte del ni\u00f1o, que el 4 de abril de ese a\u00f1o hab\u00eda cumplido 4 a\u00f1os, fue muy dif\u00edcil conseguir trabajo para su padre. Con mucho esfuerzo retomaron un vivero de plantas ornamentales, que sostienen hasta hoy complement\u00e1ndolo con changas.<\/p>\n<p>\u00abEmpezamos a recibir en la casa a otros ni\u00f1os para dar apoyo escolar; eso nos hizo sentir mejor; llegaron a venir hasta 150 chicos, la casa se llen\u00f3 de vida de nuevo y eso nos permiti\u00f3 seguir adelante; tambi\u00e9n empezamos a hablar con las familias, a contarles lo que pas\u00f3; no es f\u00e1cil ac\u00e1, todo el mundo trabaja para las tomateras entonces muchos tienen miedo de perder el trabajo y no denuncian\u00bb, se\u00f1al\u00f3 la mujer.<\/p>\n<p>En 2020, una semana despu\u00e9s de cumplir 15 a\u00f1os, Antonella -hija mayor de Eugenia- se cay\u00f3 y se le hizo un gran hematoma. \u00abYa ven\u00eda con un problema en la rodilla pero nos asustamos, as\u00ed que la llev\u00e9 a la guardia; ah\u00ed le sacaron una placa y vieron que ten\u00eda algo algo muy oscuro dentro del hueso\u00bb, relat\u00f3.<\/p>\n<p>\u00abNos trasladaron de nuevo al Juan Pablo II donde estuvimos un mes m\u00e1s o menos y le hicieron una biopsia que dio que era un osteosarcoma, o sea, un c\u00e1ncer de hueso\u00bb, detall\u00f3.<\/p>\n<p>Unas semanas despu\u00e9s la trasladaron al Hospital Garrahan donde comenz\u00f3 el tratamiento oncol\u00f3gico. \u00abEn septiembre me dicen que hab\u00eda hecho met\u00e1stasis en el pulm\u00f3n y a los pocos d\u00edas de cumplir los 16 falleci\u00f3\u00bb, record\u00f3 Eugenia sobre esa segunda p\u00e9rdida.<\/p>\n<p>En Paraje Puerto Viejo, a pocos metros de donde ten\u00eda la casa la familia Rivero-S\u00e1nchez, un a\u00f1o antes de la muerte de Kily hab\u00eda fallecido otro ni\u00f1o, Nicol\u00e1s Ar\u00e9valo, producto de una intoxicaci\u00f3n por agrot\u00f3xicos.<\/p>\n<p>Por esa muerte se conden\u00f3 a Ricardo Nicol\u00e1s Prieto, due\u00f1o de una tomatera vecina, a tres a\u00f1os de prisi\u00f3n condicional por el delito de homicidio culposo y por lesiones culposas contra Celeste Est\u00e9vez, prima de Nicol\u00e1s, quien logr\u00f3 sobrevivir.<\/p>\n<p>Por el fallecimiento de Kily la familia logr\u00f3 que la justicia impute a Oscar Antonio Candussi, due\u00f1o de la empresa tomatera lindante a la casa donde viv\u00edan, por el delito de homicidio culposo.<\/p>\n<p>El juicio oral, que comenzar\u00e1 el 1 de junio, se llevar\u00e1 a cabo en el Tribunal Oral Penal de Goya integrado en este momento por Jorge Antonio Carbone (presidente), Ricardo Diego Carbajal y Dar\u00edo Alejandro Ortiz.<\/p>\n<p>Durante el debate oral, que tendr\u00e1 en principio tres audiencias (1,6 y 8 de junio) se espera que testifiquen 15 personas, cinco de parte de la familia de Kily.<\/p>\n<p>\u00abLa pena m\u00e1xima es de 5 a\u00f1os de prisi\u00f3n con 10 de inhabilitaci\u00f3n; una vez que se desarrolle el juicio definiremos qu\u00e9 es lo que pediremos como fiscal\u00eda\u00bb, se\u00f1al\u00f3 a T\u00e9lam el fiscal Guillermo Rub\u00e9n Barry, quien fue tambi\u00e9n fiscal de instrucci\u00f3n y del juicio oral del caso de la muerte de Ar\u00e9valo.<\/p>\n<p>Para Eugenia, \u00abel juicio llega muy tarde, me hubiera gustado que mi hijo a lo poco que falleci\u00f3 hubiera tenido justicia para descansar en paz; ojal\u00e1 que ahora se haga justicia y pueda hacerlo\u00bb.<\/p>\n<p>Si bien la enfermedad y muerte de Antonella no puede vincularse en forma directa con las fumigaciones, la enfermera de cuidados paliativos del Garrahan, Mercedes M\u00e9ndez, sostuvo en di\u00e1logo con T\u00e9lam que \u00abhay una infancia que est\u00e1 expuesta constantemente a los agrot\u00f3xicos, m\u00e1s all\u00e1 de que algunos tengan intoxicaciones agudas como fue el caso de Nicol\u00e1s, Celeste y Kily en Lavalle\u00bb.<\/p>\n<p>\u00abEn el hospital los atendemos por los cuadros con los que llegan, y cuando uno les pregunta de d\u00f3nde vienen, much\u00edsimos se encuentran en zonas productivas; sin embargo, no hay un registro de esto en forma clara en la historia cl\u00ednica del paciente, y tampoco se pesquisan los qu\u00edmicos\u00bb, se\u00f1al\u00f3.<\/p>\n<p>La relaci\u00f3n entre la presencia de zonas agroproductivas y mayor prevalencia de enfermedades como malformaciones cong\u00e9nitas, abortos espont\u00e1neos y c\u00e1ncer, entre otras, est\u00e1 presente en cada vez m\u00e1s estudios cient\u00edficos.<\/p>\n<p>Una de las m\u00e1s recientes es la de investigadores del Instituto de Salud Socioambiental de la Universidad Nacional de Rosario (Inssa-UNR) quienes a partir de entrevistas a m\u00e1s de 25 mil personas de ocho localidades de Santa Fe confirmaron que la mortalidad por c\u00e1ncer de la poblaci\u00f3n joven en zonas donde se utilizan agrot\u00f3xicos es 2,5 veces mayor que en el resto del pa\u00eds.(T\u00e9lam)<\/p>\n","protected":false},"excerpt":{"rendered":"<p>(Por Natalia Concina) A once a\u00f1os de la muerte de Jos\u00e9 Carlos \u00abKily\u00bb Rivero, el ni\u00f1o correntino que falleci\u00f3 por una falla hep\u00e1tica fulminante por intoxicaci\u00f3n cuando ten\u00eda cuatro a\u00f1os, su familia espera el juicio que comenzar\u00e1 el 1 de junio contra el due\u00f1o de la tomatera lindante con su casa en el paraje de [&hellip;]<\/p>\n","protected":false},"author":3,"featured_media":87863,"comment_status":"closed","ping_status":"closed","sticky":false,"template":"","format":"standard","meta":{"footnotes":""},"categories":[24,30,26],"tags":[],"class_list":["post-87862","post","type-post","status-publish","format-standard","has-post-thumbnail","hentry","category-politica","category-salud","category-sociedad"],"yoast_head":"<!-- This site is optimized with the Yoast SEO plugin v25.9 - https:\/\/yoast.com\/wordpress\/plugins\/seo\/ -->\n<title>Se cumplen 11 a\u00f1os de muerte por intoxicaci\u00f3n de Kily, el ni\u00f1o que viv\u00eda junto a un campo fumigado - Noticias Radio Reflejos<\/title>\n<meta name=\"robots\" content=\"index, follow, max-snippet:-1, max-image-preview:large, max-video-preview:-1\" \/>\n<link rel=\"canonical\" href=\"https:\/\/www.noticiasradioreflejos.com.ar\/2021\/se-cumplen-11-anos-de-muerte-por-intoxicacion-de-kily-el-nino-que-vivia-junto-a-un-campo-fumigado\/\" \/>\n<meta property=\"og:locale\" content=\"es_ES\" \/>\n<meta property=\"og:type\" content=\"article\" \/>\n<meta property=\"og:title\" content=\"Se cumplen 11 a\u00f1os de muerte por intoxicaci\u00f3n de Kily, el ni\u00f1o que viv\u00eda junto a un campo fumigado - Noticias Radio Reflejos\" \/>\n<meta property=\"og:description\" content=\"(Por Natalia Concina) A once a\u00f1os de la muerte de Jos\u00e9 Carlos \u00abKily\u00bb Rivero, el ni\u00f1o correntino que falleci\u00f3 por una falla hep\u00e1tica fulminante por intoxicaci\u00f3n cuando ten\u00eda cuatro a\u00f1os, su familia espera el juicio que comenzar\u00e1 el 1 de junio contra el due\u00f1o de la tomatera lindante con su casa en el paraje de [&hellip;]\" \/>\n<meta property=\"og:url\" content=\"https:\/\/www.noticiasradioreflejos.com.ar\/2021\/se-cumplen-11-anos-de-muerte-por-intoxicacion-de-kily-el-nino-que-vivia-junto-a-un-campo-fumigado\/\" \/>\n<meta property=\"og:site_name\" content=\"Noticias Radio Reflejos\" \/>\n<meta property=\"article:published_time\" content=\"2023-05-11T17:32:15+00:00\" \/>\n<meta property=\"og:image\" content=\"https:\/\/www.noticiasradioreflejos.com.ar\/2021\/wp-content\/uploads\/2023\/05\/11-05-2023_jose_david_papa_y_eugenia-scaled.jpg\" \/>\n\t<meta property=\"og:image:width\" content=\"2560\" \/>\n\t<meta property=\"og:image:height\" content=\"1707\" \/>\n\t<meta property=\"og:image:type\" content=\"image\/jpeg\" \/>\n<meta name=\"author\" content=\"Arnaldo Botto\" \/>\n<meta name=\"twitter:card\" content=\"summary_large_image\" \/>\n<script type=\"application\/ld+json\" class=\"yoast-schema-graph\">{\"@context\":\"https:\/\/schema.org\",\"@graph\":[{\"@type\":\"WebPage\",\"@id\":\"https:\/\/www.noticiasradioreflejos.com.ar\/2021\/se-cumplen-11-anos-de-muerte-por-intoxicacion-de-kily-el-nino-que-vivia-junto-a-un-campo-fumigado\/\",\"url\":\"https:\/\/www.noticiasradioreflejos.com.ar\/2021\/se-cumplen-11-anos-de-muerte-por-intoxicacion-de-kily-el-nino-que-vivia-junto-a-un-campo-fumigado\/\",\"name\":\"Se cumplen 11 a\u00f1os de muerte por intoxicaci\u00f3n de Kily, el ni\u00f1o que viv\u00eda junto a un campo fumigado - Noticias Radio Reflejos\",\"isPartOf\":{\"@id\":\"https:\/\/www.noticiasradioreflejos.com.ar\/2021\/#website\"},\"primaryImageOfPage\":{\"@id\":\"https:\/\/www.noticiasradioreflejos.com.ar\/2021\/se-cumplen-11-anos-de-muerte-por-intoxicacion-de-kily-el-nino-que-vivia-junto-a-un-campo-fumigado\/#primaryimage\"},\"image\":{\"@id\":\"https:\/\/www.noticiasradioreflejos.com.ar\/2021\/se-cumplen-11-anos-de-muerte-por-intoxicacion-de-kily-el-nino-que-vivia-junto-a-un-campo-fumigado\/#primaryimage\"},\"thumbnailUrl\":\"https:\/\/www.noticiasradioreflejos.com.ar\/2021\/wp-content\/uploads\/2023\/05\/11-05-2023_jose_david_papa_y_eugenia-scaled.jpg\",\"datePublished\":\"2023-05-11T17:32:15+00:00\",\"author\":{\"@id\":\"https:\/\/www.noticiasradioreflejos.com.ar\/2021\/#\/schema\/person\/ad82545263dcc5ec0996818884fd5fb1\"},\"breadcrumb\":{\"@id\":\"https:\/\/www.noticiasradioreflejos.com.ar\/2021\/se-cumplen-11-anos-de-muerte-por-intoxicacion-de-kily-el-nino-que-vivia-junto-a-un-campo-fumigado\/#breadcrumb\"},\"inLanguage\":\"es\",\"potentialAction\":[{\"@type\":\"ReadAction\",\"target\":[\"https:\/\/www.noticiasradioreflejos.com.ar\/2021\/se-cumplen-11-anos-de-muerte-por-intoxicacion-de-kily-el-nino-que-vivia-junto-a-un-campo-fumigado\/\"]}]},{\"@type\":\"ImageObject\",\"inLanguage\":\"es\",\"@id\":\"https:\/\/www.noticiasradioreflejos.com.ar\/2021\/se-cumplen-11-anos-de-muerte-por-intoxicacion-de-kily-el-nino-que-vivia-junto-a-un-campo-fumigado\/#primaryimage\",\"url\":\"https:\/\/www.noticiasradioreflejos.com.ar\/2021\/wp-content\/uploads\/2023\/05\/11-05-2023_jose_david_papa_y_eugenia-scaled.jpg\",\"contentUrl\":\"https:\/\/www.noticiasradioreflejos.com.ar\/2021\/wp-content\/uploads\/2023\/05\/11-05-2023_jose_david_papa_y_eugenia-scaled.jpg\",\"width\":2560,\"height\":1707},{\"@type\":\"BreadcrumbList\",\"@id\":\"https:\/\/www.noticiasradioreflejos.com.ar\/2021\/se-cumplen-11-anos-de-muerte-por-intoxicacion-de-kily-el-nino-que-vivia-junto-a-un-campo-fumigado\/#breadcrumb\",\"itemListElement\":[{\"@type\":\"ListItem\",\"position\":1,\"name\":\"Portada\",\"item\":\"https:\/\/www.noticiasradioreflejos.com.ar\/2021\/\"},{\"@type\":\"ListItem\",\"position\":2,\"name\":\"Se cumplen 11 a\u00f1os de muerte por intoxicaci\u00f3n de Kily, el ni\u00f1o que viv\u00eda junto a un campo fumigado\"}]},{\"@type\":\"WebSite\",\"@id\":\"https:\/\/www.noticiasradioreflejos.com.ar\/2021\/#website\",\"url\":\"https:\/\/www.noticiasradioreflejos.com.ar\/2021\/\",\"name\":\"Noticias Radio Reflejos\",\"description\":\"Las noticias de mi comarca\",\"potentialAction\":[{\"@type\":\"SearchAction\",\"target\":{\"@type\":\"EntryPoint\",\"urlTemplate\":\"https:\/\/www.noticiasradioreflejos.com.ar\/2021\/?s={search_term_string}\"},\"query-input\":{\"@type\":\"PropertyValueSpecification\",\"valueRequired\":true,\"valueName\":\"search_term_string\"}}],\"inLanguage\":\"es\"},{\"@type\":\"Person\",\"@id\":\"https:\/\/www.noticiasradioreflejos.com.ar\/2021\/#\/schema\/person\/ad82545263dcc5ec0996818884fd5fb1\",\"name\":\"Arnaldo Botto\",\"image\":{\"@type\":\"ImageObject\",\"inLanguage\":\"es\",\"@id\":\"https:\/\/www.noticiasradioreflejos.com.ar\/2021\/#\/schema\/person\/image\/\",\"url\":\"https:\/\/secure.gravatar.com\/avatar\/55cb5e37c1efa326397366e6974cb338056df65cb50e7d64d1cf314e87504837?s=96&d=mm&r=g\",\"contentUrl\":\"https:\/\/secure.gravatar.com\/avatar\/55cb5e37c1efa326397366e6974cb338056df65cb50e7d64d1cf314e87504837?s=96&d=mm&r=g\",\"caption\":\"Arnaldo Botto\"},\"url\":\"https:\/\/www.noticiasradioreflejos.com.ar\/2021\/author\/arnaldo\/\"}]}<\/script>\n<!-- \/ Yoast SEO plugin. -->","yoast_head_json":{"title":"Se cumplen 11 a\u00f1os de muerte por intoxicaci\u00f3n de Kily, el ni\u00f1o que viv\u00eda junto a un campo fumigado - Noticias Radio Reflejos","robots":{"index":"index","follow":"follow","max-snippet":"max-snippet:-1","max-image-preview":"max-image-preview:large","max-video-preview":"max-video-preview:-1"},"canonical":"https:\/\/www.noticiasradioreflejos.com.ar\/2021\/se-cumplen-11-anos-de-muerte-por-intoxicacion-de-kily-el-nino-que-vivia-junto-a-un-campo-fumigado\/","og_locale":"es_ES","og_type":"article","og_title":"Se cumplen 11 a\u00f1os de muerte por intoxicaci\u00f3n de Kily, el ni\u00f1o que viv\u00eda junto a un campo fumigado - Noticias Radio Reflejos","og_description":"(Por Natalia Concina) A once a\u00f1os de la muerte de Jos\u00e9 Carlos \u00abKily\u00bb Rivero, el ni\u00f1o correntino que falleci\u00f3 por una falla hep\u00e1tica fulminante por intoxicaci\u00f3n cuando ten\u00eda cuatro a\u00f1os, su familia espera el juicio que comenzar\u00e1 el 1 de junio contra el due\u00f1o de la tomatera lindante con su casa en el paraje de [&hellip;]","og_url":"https:\/\/www.noticiasradioreflejos.com.ar\/2021\/se-cumplen-11-anos-de-muerte-por-intoxicacion-de-kily-el-nino-que-vivia-junto-a-un-campo-fumigado\/","og_site_name":"Noticias Radio Reflejos","article_published_time":"2023-05-11T17:32:15+00:00","og_image":[{"width":2560,"height":1707,"url":"https:\/\/www.noticiasradioreflejos.com.ar\/2021\/wp-content\/uploads\/2023\/05\/11-05-2023_jose_david_papa_y_eugenia-scaled.jpg","type":"image\/jpeg"}],"author":"Arnaldo Botto","twitter_card":"summary_large_image","schema":{"@context":"https:\/\/schema.org","@graph":[{"@type":"WebPage","@id":"https:\/\/www.noticiasradioreflejos.com.ar\/2021\/se-cumplen-11-anos-de-muerte-por-intoxicacion-de-kily-el-nino-que-vivia-junto-a-un-campo-fumigado\/","url":"https:\/\/www.noticiasradioreflejos.com.ar\/2021\/se-cumplen-11-anos-de-muerte-por-intoxicacion-de-kily-el-nino-que-vivia-junto-a-un-campo-fumigado\/","name":"Se cumplen 11 a\u00f1os de muerte por intoxicaci\u00f3n de Kily, el ni\u00f1o que viv\u00eda junto a un campo fumigado - Noticias Radio Reflejos","isPartOf":{"@id":"https:\/\/www.noticiasradioreflejos.com.ar\/2021\/#website"},"primaryImageOfPage":{"@id":"https:\/\/www.noticiasradioreflejos.com.ar\/2021\/se-cumplen-11-anos-de-muerte-por-intoxicacion-de-kily-el-nino-que-vivia-junto-a-un-campo-fumigado\/#primaryimage"},"image":{"@id":"https:\/\/www.noticiasradioreflejos.com.ar\/2021\/se-cumplen-11-anos-de-muerte-por-intoxicacion-de-kily-el-nino-que-vivia-junto-a-un-campo-fumigado\/#primaryimage"},"thumbnailUrl":"https:\/\/www.noticiasradioreflejos.com.ar\/2021\/wp-content\/uploads\/2023\/05\/11-05-2023_jose_david_papa_y_eugenia-scaled.jpg","datePublished":"2023-05-11T17:32:15+00:00","author":{"@id":"https:\/\/www.noticiasradioreflejos.com.ar\/2021\/#\/schema\/person\/ad82545263dcc5ec0996818884fd5fb1"},"breadcrumb":{"@id":"https:\/\/www.noticiasradioreflejos.com.ar\/2021\/se-cumplen-11-anos-de-muerte-por-intoxicacion-de-kily-el-nino-que-vivia-junto-a-un-campo-fumigado\/#breadcrumb"},"inLanguage":"es","potentialAction":[{"@type":"ReadAction","target":["https:\/\/www.noticiasradioreflejos.com.ar\/2021\/se-cumplen-11-anos-de-muerte-por-intoxicacion-de-kily-el-nino-que-vivia-junto-a-un-campo-fumigado\/"]}]},{"@type":"ImageObject","inLanguage":"es","@id":"https:\/\/www.noticiasradioreflejos.com.ar\/2021\/se-cumplen-11-anos-de-muerte-por-intoxicacion-de-kily-el-nino-que-vivia-junto-a-un-campo-fumigado\/#primaryimage","url":"https:\/\/www.noticiasradioreflejos.com.ar\/2021\/wp-content\/uploads\/2023\/05\/11-05-2023_jose_david_papa_y_eugenia-scaled.jpg","contentUrl":"https:\/\/www.noticiasradioreflejos.com.ar\/2021\/wp-content\/uploads\/2023\/05\/11-05-2023_jose_david_papa_y_eugenia-scaled.jpg","width":2560,"height":1707},{"@type":"BreadcrumbList","@id":"https:\/\/www.noticiasradioreflejos.com.ar\/2021\/se-cumplen-11-anos-de-muerte-por-intoxicacion-de-kily-el-nino-que-vivia-junto-a-un-campo-fumigado\/#breadcrumb","itemListElement":[{"@type":"ListItem","position":1,"name":"Portada","item":"https:\/\/www.noticiasradioreflejos.com.ar\/2021\/"},{"@type":"ListItem","position":2,"name":"Se cumplen 11 a\u00f1os de muerte por intoxicaci\u00f3n de Kily, el ni\u00f1o que viv\u00eda junto a un campo fumigado"}]},{"@type":"WebSite","@id":"https:\/\/www.noticiasradioreflejos.com.ar\/2021\/#website","url":"https:\/\/www.noticiasradioreflejos.com.ar\/2021\/","name":"Noticias Radio Reflejos","description":"Las noticias de mi comarca","potentialAction":[{"@type":"SearchAction","target":{"@type":"EntryPoint","urlTemplate":"https:\/\/www.noticiasradioreflejos.com.ar\/2021\/?s={search_term_string}"},"query-input":{"@type":"PropertyValueSpecification","valueRequired":true,"valueName":"search_term_string"}}],"inLanguage":"es"},{"@type":"Person","@id":"https:\/\/www.noticiasradioreflejos.com.ar\/2021\/#\/schema\/person\/ad82545263dcc5ec0996818884fd5fb1","name":"Arnaldo Botto","image":{"@type":"ImageObject","inLanguage":"es","@id":"https:\/\/www.noticiasradioreflejos.com.ar\/2021\/#\/schema\/person\/image\/","url":"https:\/\/secure.gravatar.com\/avatar\/55cb5e37c1efa326397366e6974cb338056df65cb50e7d64d1cf314e87504837?s=96&d=mm&r=g","contentUrl":"https:\/\/secure.gravatar.com\/avatar\/55cb5e37c1efa326397366e6974cb338056df65cb50e7d64d1cf314e87504837?s=96&d=mm&r=g","caption":"Arnaldo Botto"},"url":"https:\/\/www.noticiasradioreflejos.com.ar\/2021\/author\/arnaldo\/"}]}},"_links":{"self":[{"href":"https:\/\/www.noticiasradioreflejos.com.ar\/2021\/wp-json\/wp\/v2\/posts\/87862","targetHints":{"allow":["GET"]}}],"collection":[{"href":"https:\/\/www.noticiasradioreflejos.com.ar\/2021\/wp-json\/wp\/v2\/posts"}],"about":[{"href":"https:\/\/www.noticiasradioreflejos.com.ar\/2021\/wp-json\/wp\/v2\/types\/post"}],"author":[{"embeddable":true,"href":"https:\/\/www.noticiasradioreflejos.com.ar\/2021\/wp-json\/wp\/v2\/users\/3"}],"replies":[{"embeddable":true,"href":"https:\/\/www.noticiasradioreflejos.com.ar\/2021\/wp-json\/wp\/v2\/comments?post=87862"}],"version-history":[{"count":1,"href":"https:\/\/www.noticiasradioreflejos.com.ar\/2021\/wp-json\/wp\/v2\/posts\/87862\/revisions"}],"predecessor-version":[{"id":87864,"href":"https:\/\/www.noticiasradioreflejos.com.ar\/2021\/wp-json\/wp\/v2\/posts\/87862\/revisions\/87864"}],"wp:featuredmedia":[{"embeddable":true,"href":"https:\/\/www.noticiasradioreflejos.com.ar\/2021\/wp-json\/wp\/v2\/media\/87863"}],"wp:attachment":[{"href":"https:\/\/www.noticiasradioreflejos.com.ar\/2021\/wp-json\/wp\/v2\/media?parent=87862"}],"wp:term":[{"taxonomy":"category","embeddable":true,"href":"https:\/\/www.noticiasradioreflejos.com.ar\/2021\/wp-json\/wp\/v2\/categories?post=87862"},{"taxonomy":"post_tag","embeddable":true,"href":"https:\/\/www.noticiasradioreflejos.com.ar\/2021\/wp-json\/wp\/v2\/tags?post=87862"}],"curies":[{"name":"wp","href":"https:\/\/api.w.org\/{rel}","templated":true}]}}