{"id":87851,"date":"2023-05-11T17:10:55","date_gmt":"2023-05-11T17:10:55","guid":{"rendered":"https:\/\/www.noticiasradioreflejos.com.ar\/2021\/?p=87851"},"modified":"2023-05-11T17:13:01","modified_gmt":"2023-05-11T17:13:01","slug":"en-respuesta-a-los-dichos-de-la-precandidata-a-concejal-por-el-frente-renovador-estefania-bordoni","status":"publish","type":"post","link":"https:\/\/www.noticiasradioreflejos.com.ar\/2021\/en-respuesta-a-los-dichos-de-la-precandidata-a-concejal-por-el-frente-renovador-estefania-bordoni\/","title":{"rendered":"En respuesta a los dichos de la precandidata a concejal por el Frente Renovador Estefan\u00eda Bordoni"},"content":{"rendered":"<p>El Consejo Escolar de Tornquist comparte la respuesta a la precandidata a concejal por el Frente Renovador, Estefania Bordoni.<!--more--><\/p>\n<p>En relaci\u00f3n a los dichos vertidos por la precandidata, en cuanto a que este Consejo Escolar no tiene presencia en las escuelas, deseamos manifestar que eso es falso. Hay dos tipos de presencias, la oportunista que utiliza a las escuelas como medio para hacer pol\u00edtica, visit\u00e1ndola por \u00fanica vez para la foto, y la silenciosa y cotidiana que es la que este Consejo Escolar elige y realiza diariamente. Mensualmente en los medios de comunicaci\u00f3n del distrito y diariamente en nuestras redes sociales,  se muestran las obras que se realizan, con el fin de que la comunidad tome conocimiento en qu\u00e9 se invierte el dinero p\u00fablico. Es decisi\u00f3n de este cuerpo de consejeros no figurar en ninguna foto, ya que no nos adjudicamos las obras como propias, sino como necesarias y prioritarias para el normal desarrollo de la actividad escolar. Por supuesto que existen muchas cosas por mejorar y realizar, pero como los recursos no son infinitos, este cuerpo de consejeros semanalmente, en sesi\u00f3n, realiza un listado de prioridades que debe ejecutar \u00fanicamente con fondos que se gestionan y provienen de provincia. El mayor ingreso de dinero en materia de infraestructura escolar que llega al distrito, es a trav\u00e9s del Fondo Educativo, el cual es manejado  y utilizado discrecionalmente por el intendente, seg\u00fan su criterio.  Por lo cual es que se puede observar escuelas \u201cmaquilladas\u201d cuando padecen problemas m\u00e1s graves por resolver, como son filtraciones de techos, roturas de ca\u00f1os,  roturas de sanitarios, de cocinas, lo cual afecta al normal funcionamiento de las instituciones. Con esto no queremos decir que no est\u00e9 bien, por ejemplo, pintar un establecimiento, pero no resulta prioritario. S\u00cd es prioritario culminar con la obra  de la Escuela Agraria  en Villa Ventana, S\u00cd es prioritario el cambio de techo de comedor de la EP 27 (Paraje las Quintas) S\u00cd es prioritario la construcci\u00f3n de cocina y comedor para la EP 24 (Chasic\u00f3), S\u00cd es prioritario el cerramiento del predio de la EP 21, S\u00cd es prioritario la construcci\u00f3n de la Escuela Secundaria N\u00b04, S\u00cd es prioritario la puesta en valor del edifico donde funcionan SAD y Jefatura Distrital, entre otras.<br \/>\nDesde comienzos de este a\u00f1o, el cuerpo de consejeros ha efectuado  114   visitas a los diferentes establecimientos (consta en actas), para conversar con los equipos directivos sobre las necesidades, as\u00ed como tambi\u00e9n recorrer los comedores y conversar con las auxiliares.<br \/>\nComo ejemplo de esas visitas, podemos mencionar dos casos. A mediados de marzo debimos realizar la mudanza de todos  los bienes de la EP 8, que funcionaba en el Dique Paso de las Piedras, hacia las nuevas instalaciones localizada en Paraje Estomba. Cabe aclarar que la misma fue realizada con la ayuda de una familia y un proveedor del Consejo Escolar y con veh\u00edculos particulares.  Previamente, se realiz\u00f3  la limpieza del nuevo edificio,  junto a la directora y las familias de los alumnos que all\u00ed concurren.<br \/>\nLamentablemente, a principios de a\u00f1o, se cerr\u00f3 transitoriamente la EP 20 (Paraje El Pilar)  por falta de matr\u00edcula, como en su momento la EP 18 (Paraje La Ester) y EP 14 (Sombra de Toro). Mobiliario de la EP 20  fue cedido en forma de pr\u00e9stamo a la EP 9 de Pelicur\u00e1, a la EP 10 (Paraje Ventana) y a la ES 3. Nuevamente los consejeros escolares junto a una familia de Pelicur\u00e1 realizaron la mudanza, con veh\u00edculos particulares.<br \/>\nCon todo esto deseamos demostrar que nuestra presencia en las escuelas es permanente, as\u00ed como la comunicaci\u00f3n cotidiana, porque es, ni m\u00e1s ni menos, lo que corresponde como funcionario p\u00fablico, elegidos democr\u00e1ticamente. <\/p>\n<p><a data-flickr-embed=\"true\" href=\"https:\/\/www.flickr.com\/photos\/182279889@N02\/52889888415\/in\/dateposted-public\/\" title=\"7\"><img loading=\"lazy\" decoding=\"async\" src=\"https:\/\/live.staticflickr.com\/65535\/52889888415_3058423d91_c.jpg\" width=\"800\" height=\"450\" alt=\"7\"\/><\/a><script async src=\"\/\/embedr.flickr.com\/assets\/client-code.js\" charset=\"utf-8\"><\/script><\/p>\n<p><a data-flickr-embed=\"true\" href=\"https:\/\/www.flickr.com\/photos\/182279889@N02\/52889502416\/in\/dateposted-public\/\" title=\"4\"><img loading=\"lazy\" decoding=\"async\" src=\"https:\/\/live.staticflickr.com\/65535\/52889502416_6d972d6953_c.jpg\" width=\"800\" height=\"450\" alt=\"4\"\/><\/a><script async src=\"\/\/embedr.flickr.com\/assets\/client-code.js\" charset=\"utf-8\"><\/script><\/p>\n<p><a data-flickr-embed=\"true\" href=\"https:\/\/www.flickr.com\/photos\/182279889@N02\/52888930587\/in\/dateposted-public\/\" title=\"JI 906\"><img loading=\"lazy\" decoding=\"async\" src=\"https:\/\/live.staticflickr.com\/65535\/52888930587_4b65a88591_c.jpg\" width=\"800\" height=\"370\" alt=\"JI 906\"\/><\/a><script async src=\"\/\/embedr.flickr.com\/assets\/client-code.js\" charset=\"utf-8\"><\/script><\/p>\n<p><a data-flickr-embed=\"true\" href=\"https:\/\/www.flickr.com\/photos\/182279889@N02\/52889670009\/in\/dateposted-public\/\" title=\"JI 904\"><img loading=\"lazy\" decoding=\"async\" src=\"https:\/\/live.staticflickr.com\/65535\/52889670009_fac7332e1b_c.jpg\" width=\"800\" height=\"370\" alt=\"JI 904\"\/><\/a><script async src=\"\/\/embedr.flickr.com\/assets\/client-code.js\" charset=\"utf-8\"><\/script><\/p>\n","protected":false},"excerpt":{"rendered":"<p>El Consejo Escolar de Tornquist comparte la respuesta a la precandidata a concejal por el Frente Renovador, Estefania Bordoni.<\/p>\n","protected":false},"author":3,"featured_media":0,"comment_status":"closed","ping_status":"closed","sticky":false,"template":"","format":"standard","meta":{"footnotes":""},"categories":[24],"tags":[],"class_list":["post-87851","post","type-post","status-publish","format-standard","hentry","category-politica"],"yoast_head":"<!-- This site is optimized with the Yoast SEO plugin v25.9 - https:\/\/yoast.com\/wordpress\/plugins\/seo\/ -->\n<title>En respuesta a los dichos de la precandidata a concejal por el Frente Renovador Estefan\u00eda Bordoni - Noticias Radio Reflejos<\/title>\n<meta name=\"robots\" content=\"index, follow, max-snippet:-1, max-image-preview:large, max-video-preview:-1\" \/>\n<link rel=\"canonical\" href=\"https:\/\/www.noticiasradioreflejos.com.ar\/2021\/en-respuesta-a-los-dichos-de-la-precandidata-a-concejal-por-el-frente-renovador-estefania-bordoni\/\" \/>\n<meta property=\"og:locale\" content=\"es_ES\" \/>\n<meta property=\"og:type\" content=\"article\" \/>\n<meta property=\"og:title\" content=\"En respuesta a los dichos de la precandidata a concejal por el Frente Renovador Estefan\u00eda Bordoni - Noticias Radio Reflejos\" \/>\n<meta property=\"og:description\" content=\"El Consejo Escolar de Tornquist comparte la respuesta a la precandidata a concejal por el Frente Renovador, Estefania Bordoni.\" \/>\n<meta property=\"og:url\" content=\"https:\/\/www.noticiasradioreflejos.com.ar\/2021\/en-respuesta-a-los-dichos-de-la-precandidata-a-concejal-por-el-frente-renovador-estefania-bordoni\/\" \/>\n<meta property=\"og:site_name\" content=\"Noticias Radio Reflejos\" \/>\n<meta property=\"article:published_time\" content=\"2023-05-11T17:10:55+00:00\" \/>\n<meta property=\"article:modified_time\" content=\"2023-05-11T17:13:01+00:00\" \/>\n<meta property=\"og:image\" content=\"https:\/\/www.noticiasradioreflejos.com.ar\/2021\/wp-content\/uploads\/2020\/04\/consejoescolar.png\" \/>\n\t<meta property=\"og:image:width\" content=\"512\" \/>\n\t<meta property=\"og:image:height\" content=\"230\" \/>\n\t<meta property=\"og:image:type\" content=\"image\/png\" \/>\n<meta name=\"author\" content=\"Arnaldo Botto\" \/>\n<meta name=\"twitter:card\" content=\"summary_large_image\" \/>\n<script type=\"application\/ld+json\" class=\"yoast-schema-graph\">{\"@context\":\"https:\/\/schema.org\",\"@graph\":[{\"@type\":\"WebPage\",\"@id\":\"https:\/\/www.noticiasradioreflejos.com.ar\/2021\/en-respuesta-a-los-dichos-de-la-precandidata-a-concejal-por-el-frente-renovador-estefania-bordoni\/\",\"url\":\"https:\/\/www.noticiasradioreflejos.com.ar\/2021\/en-respuesta-a-los-dichos-de-la-precandidata-a-concejal-por-el-frente-renovador-estefania-bordoni\/\",\"name\":\"En respuesta a los dichos de la precandidata a concejal por el Frente Renovador Estefan\u00eda Bordoni - Noticias Radio Reflejos\",\"isPartOf\":{\"@id\":\"https:\/\/www.noticiasradioreflejos.com.ar\/2021\/#website\"},\"primaryImageOfPage\":{\"@id\":\"https:\/\/www.noticiasradioreflejos.com.ar\/2021\/en-respuesta-a-los-dichos-de-la-precandidata-a-concejal-por-el-frente-renovador-estefania-bordoni\/#primaryimage\"},\"image\":{\"@id\":\"https:\/\/www.noticiasradioreflejos.com.ar\/2021\/en-respuesta-a-los-dichos-de-la-precandidata-a-concejal-por-el-frente-renovador-estefania-bordoni\/#primaryimage\"},\"thumbnailUrl\":\"https:\/\/live.staticflickr.com\/65535\/52889888415_3058423d91_c.jpg\",\"datePublished\":\"2023-05-11T17:10:55+00:00\",\"dateModified\":\"2023-05-11T17:13:01+00:00\",\"author\":{\"@id\":\"https:\/\/www.noticiasradioreflejos.com.ar\/2021\/#\/schema\/person\/ad82545263dcc5ec0996818884fd5fb1\"},\"breadcrumb\":{\"@id\":\"https:\/\/www.noticiasradioreflejos.com.ar\/2021\/en-respuesta-a-los-dichos-de-la-precandidata-a-concejal-por-el-frente-renovador-estefania-bordoni\/#breadcrumb\"},\"inLanguage\":\"es\",\"potentialAction\":[{\"@type\":\"ReadAction\",\"target\":[\"https:\/\/www.noticiasradioreflejos.com.ar\/2021\/en-respuesta-a-los-dichos-de-la-precandidata-a-concejal-por-el-frente-renovador-estefania-bordoni\/\"]}]},{\"@type\":\"ImageObject\",\"inLanguage\":\"es\",\"@id\":\"https:\/\/www.noticiasradioreflejos.com.ar\/2021\/en-respuesta-a-los-dichos-de-la-precandidata-a-concejal-por-el-frente-renovador-estefania-bordoni\/#primaryimage\",\"url\":\"https:\/\/live.staticflickr.com\/65535\/52889888415_3058423d91_c.jpg\",\"contentUrl\":\"https:\/\/live.staticflickr.com\/65535\/52889888415_3058423d91_c.jpg\"},{\"@type\":\"BreadcrumbList\",\"@id\":\"https:\/\/www.noticiasradioreflejos.com.ar\/2021\/en-respuesta-a-los-dichos-de-la-precandidata-a-concejal-por-el-frente-renovador-estefania-bordoni\/#breadcrumb\",\"itemListElement\":[{\"@type\":\"ListItem\",\"position\":1,\"name\":\"Portada\",\"item\":\"https:\/\/www.noticiasradioreflejos.com.ar\/2021\/\"},{\"@type\":\"ListItem\",\"position\":2,\"name\":\"En respuesta a los dichos de la precandidata a concejal por el Frente Renovador Estefan\u00eda Bordoni\"}]},{\"@type\":\"WebSite\",\"@id\":\"https:\/\/www.noticiasradioreflejos.com.ar\/2021\/#website\",\"url\":\"https:\/\/www.noticiasradioreflejos.com.ar\/2021\/\",\"name\":\"Noticias Radio Reflejos\",\"description\":\"Las noticias de mi comarca\",\"potentialAction\":[{\"@type\":\"SearchAction\",\"target\":{\"@type\":\"EntryPoint\",\"urlTemplate\":\"https:\/\/www.noticiasradioreflejos.com.ar\/2021\/?s={search_term_string}\"},\"query-input\":{\"@type\":\"PropertyValueSpecification\",\"valueRequired\":true,\"valueName\":\"search_term_string\"}}],\"inLanguage\":\"es\"},{\"@type\":\"Person\",\"@id\":\"https:\/\/www.noticiasradioreflejos.com.ar\/2021\/#\/schema\/person\/ad82545263dcc5ec0996818884fd5fb1\",\"name\":\"Arnaldo Botto\",\"image\":{\"@type\":\"ImageObject\",\"inLanguage\":\"es\",\"@id\":\"https:\/\/www.noticiasradioreflejos.com.ar\/2021\/#\/schema\/person\/image\/\",\"url\":\"https:\/\/secure.gravatar.com\/avatar\/55cb5e37c1efa326397366e6974cb338056df65cb50e7d64d1cf314e87504837?s=96&d=mm&r=g\",\"contentUrl\":\"https:\/\/secure.gravatar.com\/avatar\/55cb5e37c1efa326397366e6974cb338056df65cb50e7d64d1cf314e87504837?s=96&d=mm&r=g\",\"caption\":\"Arnaldo Botto\"},\"url\":\"https:\/\/www.noticiasradioreflejos.com.ar\/2021\/author\/arnaldo\/\"}]}<\/script>\n<!-- \/ Yoast SEO plugin. -->","yoast_head_json":{"title":"En respuesta a los dichos de la precandidata a concejal por el Frente Renovador Estefan\u00eda Bordoni - Noticias Radio Reflejos","robots":{"index":"index","follow":"follow","max-snippet":"max-snippet:-1","max-image-preview":"max-image-preview:large","max-video-preview":"max-video-preview:-1"},"canonical":"https:\/\/www.noticiasradioreflejos.com.ar\/2021\/en-respuesta-a-los-dichos-de-la-precandidata-a-concejal-por-el-frente-renovador-estefania-bordoni\/","og_locale":"es_ES","og_type":"article","og_title":"En respuesta a los dichos de la precandidata a concejal por el Frente Renovador Estefan\u00eda Bordoni - Noticias Radio Reflejos","og_description":"El Consejo Escolar de Tornquist comparte la respuesta a la precandidata a concejal por el Frente Renovador, Estefania Bordoni.","og_url":"https:\/\/www.noticiasradioreflejos.com.ar\/2021\/en-respuesta-a-los-dichos-de-la-precandidata-a-concejal-por-el-frente-renovador-estefania-bordoni\/","og_site_name":"Noticias Radio Reflejos","article_published_time":"2023-05-11T17:10:55+00:00","article_modified_time":"2023-05-11T17:13:01+00:00","og_image":[{"width":512,"height":230,"url":"https:\/\/www.noticiasradioreflejos.com.ar\/2021\/wp-content\/uploads\/2020\/04\/consejoescolar.png","type":"image\/png"}],"author":"Arnaldo Botto","twitter_card":"summary_large_image","schema":{"@context":"https:\/\/schema.org","@graph":[{"@type":"WebPage","@id":"https:\/\/www.noticiasradioreflejos.com.ar\/2021\/en-respuesta-a-los-dichos-de-la-precandidata-a-concejal-por-el-frente-renovador-estefania-bordoni\/","url":"https:\/\/www.noticiasradioreflejos.com.ar\/2021\/en-respuesta-a-los-dichos-de-la-precandidata-a-concejal-por-el-frente-renovador-estefania-bordoni\/","name":"En respuesta a los dichos de la precandidata a concejal por el Frente Renovador Estefan\u00eda Bordoni - Noticias Radio Reflejos","isPartOf":{"@id":"https:\/\/www.noticiasradioreflejos.com.ar\/2021\/#website"},"primaryImageOfPage":{"@id":"https:\/\/www.noticiasradioreflejos.com.ar\/2021\/en-respuesta-a-los-dichos-de-la-precandidata-a-concejal-por-el-frente-renovador-estefania-bordoni\/#primaryimage"},"image":{"@id":"https:\/\/www.noticiasradioreflejos.com.ar\/2021\/en-respuesta-a-los-dichos-de-la-precandidata-a-concejal-por-el-frente-renovador-estefania-bordoni\/#primaryimage"},"thumbnailUrl":"https:\/\/live.staticflickr.com\/65535\/52889888415_3058423d91_c.jpg","datePublished":"2023-05-11T17:10:55+00:00","dateModified":"2023-05-11T17:13:01+00:00","author":{"@id":"https:\/\/www.noticiasradioreflejos.com.ar\/2021\/#\/schema\/person\/ad82545263dcc5ec0996818884fd5fb1"},"breadcrumb":{"@id":"https:\/\/www.noticiasradioreflejos.com.ar\/2021\/en-respuesta-a-los-dichos-de-la-precandidata-a-concejal-por-el-frente-renovador-estefania-bordoni\/#breadcrumb"},"inLanguage":"es","potentialAction":[{"@type":"ReadAction","target":["https:\/\/www.noticiasradioreflejos.com.ar\/2021\/en-respuesta-a-los-dichos-de-la-precandidata-a-concejal-por-el-frente-renovador-estefania-bordoni\/"]}]},{"@type":"ImageObject","inLanguage":"es","@id":"https:\/\/www.noticiasradioreflejos.com.ar\/2021\/en-respuesta-a-los-dichos-de-la-precandidata-a-concejal-por-el-frente-renovador-estefania-bordoni\/#primaryimage","url":"https:\/\/live.staticflickr.com\/65535\/52889888415_3058423d91_c.jpg","contentUrl":"https:\/\/live.staticflickr.com\/65535\/52889888415_3058423d91_c.jpg"},{"@type":"BreadcrumbList","@id":"https:\/\/www.noticiasradioreflejos.com.ar\/2021\/en-respuesta-a-los-dichos-de-la-precandidata-a-concejal-por-el-frente-renovador-estefania-bordoni\/#breadcrumb","itemListElement":[{"@type":"ListItem","position":1,"name":"Portada","item":"https:\/\/www.noticiasradioreflejos.com.ar\/2021\/"},{"@type":"ListItem","position":2,"name":"En respuesta a los dichos de la precandidata a concejal por el Frente Renovador Estefan\u00eda Bordoni"}]},{"@type":"WebSite","@id":"https:\/\/www.noticiasradioreflejos.com.ar\/2021\/#website","url":"https:\/\/www.noticiasradioreflejos.com.ar\/2021\/","name":"Noticias Radio Reflejos","description":"Las noticias de mi comarca","potentialAction":[{"@type":"SearchAction","target":{"@type":"EntryPoint","urlTemplate":"https:\/\/www.noticiasradioreflejos.com.ar\/2021\/?s={search_term_string}"},"query-input":{"@type":"PropertyValueSpecification","valueRequired":true,"valueName":"search_term_string"}}],"inLanguage":"es"},{"@type":"Person","@id":"https:\/\/www.noticiasradioreflejos.com.ar\/2021\/#\/schema\/person\/ad82545263dcc5ec0996818884fd5fb1","name":"Arnaldo Botto","image":{"@type":"ImageObject","inLanguage":"es","@id":"https:\/\/www.noticiasradioreflejos.com.ar\/2021\/#\/schema\/person\/image\/","url":"https:\/\/secure.gravatar.com\/avatar\/55cb5e37c1efa326397366e6974cb338056df65cb50e7d64d1cf314e87504837?s=96&d=mm&r=g","contentUrl":"https:\/\/secure.gravatar.com\/avatar\/55cb5e37c1efa326397366e6974cb338056df65cb50e7d64d1cf314e87504837?s=96&d=mm&r=g","caption":"Arnaldo Botto"},"url":"https:\/\/www.noticiasradioreflejos.com.ar\/2021\/author\/arnaldo\/"}]}},"_links":{"self":[{"href":"https:\/\/www.noticiasradioreflejos.com.ar\/2021\/wp-json\/wp\/v2\/posts\/87851","targetHints":{"allow":["GET"]}}],"collection":[{"href":"https:\/\/www.noticiasradioreflejos.com.ar\/2021\/wp-json\/wp\/v2\/posts"}],"about":[{"href":"https:\/\/www.noticiasradioreflejos.com.ar\/2021\/wp-json\/wp\/v2\/types\/post"}],"author":[{"embeddable":true,"href":"https:\/\/www.noticiasradioreflejos.com.ar\/2021\/wp-json\/wp\/v2\/users\/3"}],"replies":[{"embeddable":true,"href":"https:\/\/www.noticiasradioreflejos.com.ar\/2021\/wp-json\/wp\/v2\/comments?post=87851"}],"version-history":[{"count":1,"href":"https:\/\/www.noticiasradioreflejos.com.ar\/2021\/wp-json\/wp\/v2\/posts\/87851\/revisions"}],"predecessor-version":[{"id":87853,"href":"https:\/\/www.noticiasradioreflejos.com.ar\/2021\/wp-json\/wp\/v2\/posts\/87851\/revisions\/87853"}],"wp:attachment":[{"href":"https:\/\/www.noticiasradioreflejos.com.ar\/2021\/wp-json\/wp\/v2\/media?parent=87851"}],"wp:term":[{"taxonomy":"category","embeddable":true,"href":"https:\/\/www.noticiasradioreflejos.com.ar\/2021\/wp-json\/wp\/v2\/categories?post=87851"},{"taxonomy":"post_tag","embeddable":true,"href":"https:\/\/www.noticiasradioreflejos.com.ar\/2021\/wp-json\/wp\/v2\/tags?post=87851"}],"curies":[{"name":"wp","href":"https:\/\/api.w.org\/{rel}","templated":true}]}}