{"id":87848,"date":"2023-05-11T17:12:26","date_gmt":"2023-05-11T17:12:26","guid":{"rendered":"https:\/\/www.noticiasradioreflejos.com.ar\/2021\/?p=87848"},"modified":"2023-05-11T19:44:20","modified_gmt":"2023-05-11T19:44:20","slug":"nueva-concesion-en-los-angelitos-es-muy-prometedor-por-la-clase-de-personas-que-van-a-estar-al-frente","status":"publish","type":"post","link":"https:\/\/www.noticiasradioreflejos.com.ar\/2021\/nueva-concesion-en-los-angelitos-es-muy-prometedor-por-la-clase-de-personas-que-van-a-estar-al-frente\/","title":{"rendered":"Nueva concesi\u00f3n en Los Angelitos: \u201cEs muy prometedor por la clase de personas que van a estar al frente\u201d"},"content":{"rendered":"<p>As\u00ed lo mencion\u00f3 el Secretario de Gobierno, Ezequiel Gabella, en relaci\u00f3n a la firma de contrato llevada adelante esta ma\u00f1ana. \u201cLo importante es que esos sitios est\u00e9n cada vez mejores para los turistas\u201d coment\u00f3.<!--more--><\/p>\n<p><a title=\"Los Angelitos (2)\" href=\"https:\/\/www.flickr.com\/photos\/182279889@N02\/52890257220\/in\/dateposted-public\/\" data-flickr-embed=\"true\"><img loading=\"lazy\" decoding=\"async\" src=\"https:\/\/live.staticflickr.com\/65535\/52890257220_670657e0ef_o.jpg\" alt=\"Los Angelitos (2)\" width=\"1600\" height=\"720\" \/><\/a><script async src=\"\/\/embedr.flickr.com\/assets\/client-code.js\" charset=\"utf-8\"><\/script><\/p>\n<p>Esta ma\u00f1ana se llev\u00f3 delante la firma de un nuevo contrato de concesi\u00f3n para el parador Los Angelitos. Al respecto el Secretario de Gobierno, Ezequiel Gabella, coment\u00f3 que esto significa \u201cun punto y seguido, porque las personas, van, pasan y quedan. Pero ac\u00e1 lo importante es que hay una nueva etapa del lugar. Lo importante es que esos sitios est\u00e9n cada vez mejores para los turistas, porque ellos luego recomiendan. Es el abc\u201d.<\/p>\n<p>Sobre lo vivido esta ma\u00f1ana, el funcionario asegur\u00f3 que \u201creci\u00e9n los escuch\u00e1bamos a los nuevos concesionarios, que ya se pon\u00edan manos a la obra para comenzar a trabajar en el lugar. Es muy prometedor por la clase de personas que van a estar al frente de este lugar\u201d.<\/p>\n<p>Recordando el paso a paso hasta llegar a este momento, enfatiz\u00f3 que \u201cse hizo una licitaci\u00f3n p\u00fablica; se presentaron dos. La expectativa fue m\u00e1s grande que lo que luego ocurri\u00f3. No cualquiera est\u00e1 preparado para hacer este tipo de trabajo. Hay que dedicarle mucho tiempo\u201d.<\/p>\n<p>Detallando la compulsa, explic\u00f3 que \u201cambas propuestas eran muy interesantes. Al analizarlas, se desprendi\u00f3 que hab\u00eda una diferencia notoria en la inversi\u00f3n que estaban dispuestos a hacer. Seg\u00fan el pliego, en una primera etapa deb\u00eda concluirse de ac\u00e1 a septiembre, y all\u00ed tambi\u00e9n hab\u00eda una diferencia notoria entre lo que uno ofrec\u00eda en relaci\u00f3n al otro\u201d.<\/p>\n<p>Siguiendo esa l\u00ednea sostuvo que \u201cesos dos detalles, adem\u00e1s de los servicios hacia los turistas y la b\u00fasqueda de acciones articuladas con el municipio fueron los que terminaron inclinando la balanza a favor de quienes hoy firmaron el contrato\u201d.<\/p>\n<p>&nbsp;<\/p>\n<p><iframe loading=\"lazy\" src=\"https:\/\/w.soundcloud.com\/player\/?url=https%3A\/\/api.soundcloud.com\/tracks\/1511872234&amp;color=%23ff5500&amp;auto_play=false&amp;hide_related=false&amp;show_comments=true&amp;show_user=true&amp;show_reposts=false&amp;show_teaser=true\" width=\"100%\" height=\"166\" frameborder=\"no\" scrolling=\"no\"><\/iframe><\/p>\n<div style=\"font-size: 10px; color: #cccccc; line-break: anywhere; word-break: normal; overflow: hidden; white-space: nowrap; text-overflow: ellipsis; font-family: Interstate,Lucida Grande,Lucida Sans Unicode,Lucida Sans,Garuda,Verdana,Tahoma,sans-serif; font-weight: 100;\"><a style=\"color: #cccccc; text-decoration: none;\" title=\"fmreflejos 103.7\" href=\"https:\/\/soundcloud.com\/fmreflejos-103-7\" target=\"_blank\" rel=\"noopener\">fmreflejos 103.7<\/a> \u00b7 <a style=\"color: #cccccc; text-decoration: none;\" title=\"Ezequiel Gabella\" href=\"https:\/\/soundcloud.com\/fmreflejos-103-7\/ezequiel-gabella-674659051\" target=\"_blank\" rel=\"noopener\">Ezequiel Gabella<\/a><\/div>\n<p><a title=\"Los Angelitos (3)\" href=\"https:\/\/www.flickr.com\/photos\/182279889@N02\/52890325833\/in\/dateposted-public\/\" data-flickr-embed=\"true\"><img loading=\"lazy\" decoding=\"async\" src=\"https:\/\/live.staticflickr.com\/65535\/52890325833_0d4c254f3a_o.jpg\" alt=\"Los Angelitos (3)\" width=\"1600\" height=\"720\" \/><\/a><script async src=\"\/\/embedr.flickr.com\/assets\/client-code.js\" charset=\"utf-8\"><\/script><\/p>\n<p><a title=\"Los Angelitos (1)\" href=\"https:\/\/www.flickr.com\/photos\/182279889@N02\/52890039354\/in\/dateposted-public\/\" data-flickr-embed=\"true\"><img loading=\"lazy\" decoding=\"async\" src=\"https:\/\/live.staticflickr.com\/65535\/52890039354_5d05342602_c.jpg\" alt=\"Los Angelitos (1)\" width=\"800\" height=\"360\" \/><\/a><\/p>\n","protected":false},"excerpt":{"rendered":"<p>As\u00ed lo mencion\u00f3 el Secretario de Gobierno, Ezequiel Gabella, en relaci\u00f3n a la firma de contrato llevada adelante esta ma\u00f1ana. \u201cLo importante es que esos sitios est\u00e9n cada vez mejores para los turistas\u201d coment\u00f3.<\/p>\n","protected":false},"author":3,"featured_media":0,"comment_status":"closed","ping_status":"closed","sticky":false,"template":"","format":"standard","meta":{"footnotes":""},"categories":[28,24,26,33],"tags":[48],"class_list":["post-87848","post","type-post","status-publish","format-standard","hentry","category-municipales","category-politica","category-sociedad","category-turismo","tag-destacada"],"yoast_head":"<!-- This site is optimized with the Yoast SEO plugin v25.9 - https:\/\/yoast.com\/wordpress\/plugins\/seo\/ -->\n<title>Nueva concesi\u00f3n en Los Angelitos: \u201cEs muy prometedor por la clase de personas que van a estar al frente\u201d - Noticias Radio Reflejos<\/title>\n<meta name=\"robots\" content=\"index, follow, max-snippet:-1, max-image-preview:large, max-video-preview:-1\" \/>\n<link rel=\"canonical\" href=\"https:\/\/www.noticiasradioreflejos.com.ar\/2021\/nueva-concesion-en-los-angelitos-es-muy-prometedor-por-la-clase-de-personas-que-van-a-estar-al-frente\/\" \/>\n<meta property=\"og:locale\" content=\"es_ES\" \/>\n<meta property=\"og:type\" content=\"article\" \/>\n<meta property=\"og:title\" content=\"Nueva concesi\u00f3n en Los Angelitos: \u201cEs muy prometedor por la clase de personas que van a estar al frente\u201d - Noticias Radio Reflejos\" \/>\n<meta property=\"og:description\" content=\"As\u00ed lo mencion\u00f3 el Secretario de Gobierno, Ezequiel Gabella, en relaci\u00f3n a la firma de contrato llevada adelante esta ma\u00f1ana. \u201cLo importante es que esos sitios est\u00e9n cada vez mejores para los turistas\u201d coment\u00f3.\" \/>\n<meta property=\"og:url\" content=\"https:\/\/www.noticiasradioreflejos.com.ar\/2021\/nueva-concesion-en-los-angelitos-es-muy-prometedor-por-la-clase-de-personas-que-van-a-estar-al-frente\/\" \/>\n<meta property=\"og:site_name\" content=\"Noticias Radio Reflejos\" \/>\n<meta property=\"article:published_time\" content=\"2023-05-11T17:12:26+00:00\" \/>\n<meta property=\"article:modified_time\" content=\"2023-05-11T19:44:20+00:00\" \/>\n<meta property=\"og:image\" content=\"https:\/\/live.staticflickr.com\/65535\/52890257220_670657e0ef_o.jpg\" \/>\n<meta name=\"author\" content=\"Arnaldo Botto\" \/>\n<meta name=\"twitter:card\" content=\"summary_large_image\" \/>\n<script type=\"application\/ld+json\" class=\"yoast-schema-graph\">{\"@context\":\"https:\/\/schema.org\",\"@graph\":[{\"@type\":\"WebPage\",\"@id\":\"https:\/\/www.noticiasradioreflejos.com.ar\/2021\/nueva-concesion-en-los-angelitos-es-muy-prometedor-por-la-clase-de-personas-que-van-a-estar-al-frente\/\",\"url\":\"https:\/\/www.noticiasradioreflejos.com.ar\/2021\/nueva-concesion-en-los-angelitos-es-muy-prometedor-por-la-clase-de-personas-que-van-a-estar-al-frente\/\",\"name\":\"Nueva concesi\u00f3n en Los Angelitos: \u201cEs muy prometedor por la clase de personas que van a estar al frente\u201d - Noticias Radio Reflejos\",\"isPartOf\":{\"@id\":\"https:\/\/www.noticiasradioreflejos.com.ar\/2021\/#website\"},\"primaryImageOfPage\":{\"@id\":\"https:\/\/www.noticiasradioreflejos.com.ar\/2021\/nueva-concesion-en-los-angelitos-es-muy-prometedor-por-la-clase-de-personas-que-van-a-estar-al-frente\/#primaryimage\"},\"image\":{\"@id\":\"https:\/\/www.noticiasradioreflejos.com.ar\/2021\/nueva-concesion-en-los-angelitos-es-muy-prometedor-por-la-clase-de-personas-que-van-a-estar-al-frente\/#primaryimage\"},\"thumbnailUrl\":\"https:\/\/live.staticflickr.com\/65535\/52890257220_670657e0ef_o.jpg\",\"datePublished\":\"2023-05-11T17:12:26+00:00\",\"dateModified\":\"2023-05-11T19:44:20+00:00\",\"author\":{\"@id\":\"https:\/\/www.noticiasradioreflejos.com.ar\/2021\/#\/schema\/person\/ad82545263dcc5ec0996818884fd5fb1\"},\"breadcrumb\":{\"@id\":\"https:\/\/www.noticiasradioreflejos.com.ar\/2021\/nueva-concesion-en-los-angelitos-es-muy-prometedor-por-la-clase-de-personas-que-van-a-estar-al-frente\/#breadcrumb\"},\"inLanguage\":\"es\",\"potentialAction\":[{\"@type\":\"ReadAction\",\"target\":[\"https:\/\/www.noticiasradioreflejos.com.ar\/2021\/nueva-concesion-en-los-angelitos-es-muy-prometedor-por-la-clase-de-personas-que-van-a-estar-al-frente\/\"]}]},{\"@type\":\"ImageObject\",\"inLanguage\":\"es\",\"@id\":\"https:\/\/www.noticiasradioreflejos.com.ar\/2021\/nueva-concesion-en-los-angelitos-es-muy-prometedor-por-la-clase-de-personas-que-van-a-estar-al-frente\/#primaryimage\",\"url\":\"https:\/\/live.staticflickr.com\/65535\/52890257220_670657e0ef_o.jpg\",\"contentUrl\":\"https:\/\/live.staticflickr.com\/65535\/52890257220_670657e0ef_o.jpg\"},{\"@type\":\"BreadcrumbList\",\"@id\":\"https:\/\/www.noticiasradioreflejos.com.ar\/2021\/nueva-concesion-en-los-angelitos-es-muy-prometedor-por-la-clase-de-personas-que-van-a-estar-al-frente\/#breadcrumb\",\"itemListElement\":[{\"@type\":\"ListItem\",\"position\":1,\"name\":\"Portada\",\"item\":\"https:\/\/www.noticiasradioreflejos.com.ar\/2021\/\"},{\"@type\":\"ListItem\",\"position\":2,\"name\":\"Nueva concesi\u00f3n en Los Angelitos: \u201cEs muy prometedor por la clase de personas que van a estar al frente\u201d\"}]},{\"@type\":\"WebSite\",\"@id\":\"https:\/\/www.noticiasradioreflejos.com.ar\/2021\/#website\",\"url\":\"https:\/\/www.noticiasradioreflejos.com.ar\/2021\/\",\"name\":\"Noticias Radio Reflejos\",\"description\":\"Las noticias de mi comarca\",\"potentialAction\":[{\"@type\":\"SearchAction\",\"target\":{\"@type\":\"EntryPoint\",\"urlTemplate\":\"https:\/\/www.noticiasradioreflejos.com.ar\/2021\/?s={search_term_string}\"},\"query-input\":{\"@type\":\"PropertyValueSpecification\",\"valueRequired\":true,\"valueName\":\"search_term_string\"}}],\"inLanguage\":\"es\"},{\"@type\":\"Person\",\"@id\":\"https:\/\/www.noticiasradioreflejos.com.ar\/2021\/#\/schema\/person\/ad82545263dcc5ec0996818884fd5fb1\",\"name\":\"Arnaldo Botto\",\"image\":{\"@type\":\"ImageObject\",\"inLanguage\":\"es\",\"@id\":\"https:\/\/www.noticiasradioreflejos.com.ar\/2021\/#\/schema\/person\/image\/\",\"url\":\"https:\/\/secure.gravatar.com\/avatar\/55cb5e37c1efa326397366e6974cb338056df65cb50e7d64d1cf314e87504837?s=96&d=mm&r=g\",\"contentUrl\":\"https:\/\/secure.gravatar.com\/avatar\/55cb5e37c1efa326397366e6974cb338056df65cb50e7d64d1cf314e87504837?s=96&d=mm&r=g\",\"caption\":\"Arnaldo Botto\"},\"url\":\"https:\/\/www.noticiasradioreflejos.com.ar\/2021\/author\/arnaldo\/\"}]}<\/script>\n<!-- \/ Yoast SEO plugin. -->","yoast_head_json":{"title":"Nueva concesi\u00f3n en Los Angelitos: \u201cEs muy prometedor por la clase de personas que van a estar al frente\u201d - Noticias Radio Reflejos","robots":{"index":"index","follow":"follow","max-snippet":"max-snippet:-1","max-image-preview":"max-image-preview:large","max-video-preview":"max-video-preview:-1"},"canonical":"https:\/\/www.noticiasradioreflejos.com.ar\/2021\/nueva-concesion-en-los-angelitos-es-muy-prometedor-por-la-clase-de-personas-que-van-a-estar-al-frente\/","og_locale":"es_ES","og_type":"article","og_title":"Nueva concesi\u00f3n en Los Angelitos: \u201cEs muy prometedor por la clase de personas que van a estar al frente\u201d - Noticias Radio Reflejos","og_description":"As\u00ed lo mencion\u00f3 el Secretario de Gobierno, Ezequiel Gabella, en relaci\u00f3n a la firma de contrato llevada adelante esta ma\u00f1ana. \u201cLo importante es que esos sitios est\u00e9n cada vez mejores para los turistas\u201d coment\u00f3.","og_url":"https:\/\/www.noticiasradioreflejos.com.ar\/2021\/nueva-concesion-en-los-angelitos-es-muy-prometedor-por-la-clase-de-personas-que-van-a-estar-al-frente\/","og_site_name":"Noticias Radio Reflejos","article_published_time":"2023-05-11T17:12:26+00:00","article_modified_time":"2023-05-11T19:44:20+00:00","og_image":[{"url":"https:\/\/live.staticflickr.com\/65535\/52890257220_670657e0ef_o.jpg","type":"","width":"","height":""}],"author":"Arnaldo Botto","twitter_card":"summary_large_image","schema":{"@context":"https:\/\/schema.org","@graph":[{"@type":"WebPage","@id":"https:\/\/www.noticiasradioreflejos.com.ar\/2021\/nueva-concesion-en-los-angelitos-es-muy-prometedor-por-la-clase-de-personas-que-van-a-estar-al-frente\/","url":"https:\/\/www.noticiasradioreflejos.com.ar\/2021\/nueva-concesion-en-los-angelitos-es-muy-prometedor-por-la-clase-de-personas-que-van-a-estar-al-frente\/","name":"Nueva concesi\u00f3n en Los Angelitos: \u201cEs muy prometedor por la clase de personas que van a estar al frente\u201d - Noticias Radio Reflejos","isPartOf":{"@id":"https:\/\/www.noticiasradioreflejos.com.ar\/2021\/#website"},"primaryImageOfPage":{"@id":"https:\/\/www.noticiasradioreflejos.com.ar\/2021\/nueva-concesion-en-los-angelitos-es-muy-prometedor-por-la-clase-de-personas-que-van-a-estar-al-frente\/#primaryimage"},"image":{"@id":"https:\/\/www.noticiasradioreflejos.com.ar\/2021\/nueva-concesion-en-los-angelitos-es-muy-prometedor-por-la-clase-de-personas-que-van-a-estar-al-frente\/#primaryimage"},"thumbnailUrl":"https:\/\/live.staticflickr.com\/65535\/52890257220_670657e0ef_o.jpg","datePublished":"2023-05-11T17:12:26+00:00","dateModified":"2023-05-11T19:44:20+00:00","author":{"@id":"https:\/\/www.noticiasradioreflejos.com.ar\/2021\/#\/schema\/person\/ad82545263dcc5ec0996818884fd5fb1"},"breadcrumb":{"@id":"https:\/\/www.noticiasradioreflejos.com.ar\/2021\/nueva-concesion-en-los-angelitos-es-muy-prometedor-por-la-clase-de-personas-que-van-a-estar-al-frente\/#breadcrumb"},"inLanguage":"es","potentialAction":[{"@type":"ReadAction","target":["https:\/\/www.noticiasradioreflejos.com.ar\/2021\/nueva-concesion-en-los-angelitos-es-muy-prometedor-por-la-clase-de-personas-que-van-a-estar-al-frente\/"]}]},{"@type":"ImageObject","inLanguage":"es","@id":"https:\/\/www.noticiasradioreflejos.com.ar\/2021\/nueva-concesion-en-los-angelitos-es-muy-prometedor-por-la-clase-de-personas-que-van-a-estar-al-frente\/#primaryimage","url":"https:\/\/live.staticflickr.com\/65535\/52890257220_670657e0ef_o.jpg","contentUrl":"https:\/\/live.staticflickr.com\/65535\/52890257220_670657e0ef_o.jpg"},{"@type":"BreadcrumbList","@id":"https:\/\/www.noticiasradioreflejos.com.ar\/2021\/nueva-concesion-en-los-angelitos-es-muy-prometedor-por-la-clase-de-personas-que-van-a-estar-al-frente\/#breadcrumb","itemListElement":[{"@type":"ListItem","position":1,"name":"Portada","item":"https:\/\/www.noticiasradioreflejos.com.ar\/2021\/"},{"@type":"ListItem","position":2,"name":"Nueva concesi\u00f3n en Los Angelitos: \u201cEs muy prometedor por la clase de personas que van a estar al frente\u201d"}]},{"@type":"WebSite","@id":"https:\/\/www.noticiasradioreflejos.com.ar\/2021\/#website","url":"https:\/\/www.noticiasradioreflejos.com.ar\/2021\/","name":"Noticias Radio Reflejos","description":"Las noticias de mi comarca","potentialAction":[{"@type":"SearchAction","target":{"@type":"EntryPoint","urlTemplate":"https:\/\/www.noticiasradioreflejos.com.ar\/2021\/?s={search_term_string}"},"query-input":{"@type":"PropertyValueSpecification","valueRequired":true,"valueName":"search_term_string"}}],"inLanguage":"es"},{"@type":"Person","@id":"https:\/\/www.noticiasradioreflejos.com.ar\/2021\/#\/schema\/person\/ad82545263dcc5ec0996818884fd5fb1","name":"Arnaldo Botto","image":{"@type":"ImageObject","inLanguage":"es","@id":"https:\/\/www.noticiasradioreflejos.com.ar\/2021\/#\/schema\/person\/image\/","url":"https:\/\/secure.gravatar.com\/avatar\/55cb5e37c1efa326397366e6974cb338056df65cb50e7d64d1cf314e87504837?s=96&d=mm&r=g","contentUrl":"https:\/\/secure.gravatar.com\/avatar\/55cb5e37c1efa326397366e6974cb338056df65cb50e7d64d1cf314e87504837?s=96&d=mm&r=g","caption":"Arnaldo Botto"},"url":"https:\/\/www.noticiasradioreflejos.com.ar\/2021\/author\/arnaldo\/"}]}},"_links":{"self":[{"href":"https:\/\/www.noticiasradioreflejos.com.ar\/2021\/wp-json\/wp\/v2\/posts\/87848","targetHints":{"allow":["GET"]}}],"collection":[{"href":"https:\/\/www.noticiasradioreflejos.com.ar\/2021\/wp-json\/wp\/v2\/posts"}],"about":[{"href":"https:\/\/www.noticiasradioreflejos.com.ar\/2021\/wp-json\/wp\/v2\/types\/post"}],"author":[{"embeddable":true,"href":"https:\/\/www.noticiasradioreflejos.com.ar\/2021\/wp-json\/wp\/v2\/users\/3"}],"replies":[{"embeddable":true,"href":"https:\/\/www.noticiasradioreflejos.com.ar\/2021\/wp-json\/wp\/v2\/comments?post=87848"}],"version-history":[{"count":5,"href":"https:\/\/www.noticiasradioreflejos.com.ar\/2021\/wp-json\/wp\/v2\/posts\/87848\/revisions"}],"predecessor-version":[{"id":87870,"href":"https:\/\/www.noticiasradioreflejos.com.ar\/2021\/wp-json\/wp\/v2\/posts\/87848\/revisions\/87870"}],"wp:attachment":[{"href":"https:\/\/www.noticiasradioreflejos.com.ar\/2021\/wp-json\/wp\/v2\/media?parent=87848"}],"wp:term":[{"taxonomy":"category","embeddable":true,"href":"https:\/\/www.noticiasradioreflejos.com.ar\/2021\/wp-json\/wp\/v2\/categories?post=87848"},{"taxonomy":"post_tag","embeddable":true,"href":"https:\/\/www.noticiasradioreflejos.com.ar\/2021\/wp-json\/wp\/v2\/tags?post=87848"}],"curies":[{"name":"wp","href":"https:\/\/api.w.org\/{rel}","templated":true}]}}