{"id":87846,"date":"2023-05-11T17:07:19","date_gmt":"2023-05-11T17:07:19","guid":{"rendered":"https:\/\/www.noticiasradioreflejos.com.ar\/2021\/?p=87846"},"modified":"2023-05-12T11:49:30","modified_gmt":"2023-05-12T11:49:30","slug":"nestor-yuyo-garcia-en-nuestras-charlas-no-hay-bajadas-de-linea","status":"publish","type":"post","link":"https:\/\/www.noticiasradioreflejos.com.ar\/2021\/nestor-yuyo-garcia-en-nuestras-charlas-no-hay-bajadas-de-linea\/","title":{"rendered":"N\u00e9stor \u201cYuyo\u201d Garc\u00eda: \u201cEn nuestras charlas no hay bajadas de l\u00ednea\u201d"},"content":{"rendered":"<p>El pap\u00e1 de Micaela Garc\u00eda y uno de los impulsores de la ley que lleva su nombre, se refiri\u00f3 a la charla que dar\u00e1n este viernes en la Biblioteca de Tornquist.<!--more--><\/p>\n<p>No solo aprenden d\u00eda a d\u00eda a convivir con el dolor, sino que han tomado fuerzas y buscan generar un cambio en la sociedad. De eso se trata el trabajo que vienen haciendo N\u00e9stor y Andrea, padres de Micaela Garc\u00eda, v\u00edctima de femicidio en 2017.<\/p>\n<p>A trav\u00e9s de su lucha consiguieron la creaci\u00f3n de la ley 27499, la cual lleva el nombre de su hija. Con la fundaci\u00f3n que presiden llegar\u00e1n a la comarca este viernes, para llevar adelante una charla sobre violencia de g\u00e9nero.<\/p>\n<p>Al respecto N\u00e9stor explic\u00f3, en un nuevo espacio de Tiempo Educativo, que \u201ces algo que venimos haciendo habitualmente. Siempre con talleres y capacitaci\u00f3n. El municipio de Tornquist ha adherido y por eso haremos un taller de sensibilizaci\u00f3n, en la Biblioteca de Tornquist, a partir de las 18 este viernes\u201d.<\/p>\n<p>Al mismo tiempo confirm\u00f3 que \u201cllevamos una biblioteca feminista, que junto con algunas cosas que confeccionamos en la fundaci\u00f3n, lo utilizamos para recaudar fondos y de esa manera continuar con las acciones gratuitas\u201d.<\/p>\n<p>Recordando, mencion\u00f3 que \u201cla ley se vota en diciembre de 2018. Se promulga el 10 de enero. En ese 2019 algunas provincias comenzaron a adherir. Desde la fundaci\u00f3n comenzamos a hacer un seguimiento para ver cu\u00e1les adher\u00eda y cuales ten\u00edan inter\u00e9s. Conseguimos los tel\u00e9fonos de los legisladores provinciales y les acercamos los proyectos, nuestra ayuda. Hab\u00eda diez provincias que no hab\u00edan presentado nada. Fuimos participando en la redacci\u00f3n de seis leyes provinciales\u201d.<\/p>\n<p>Sobre lo que buscan con este tipo de talleres, \u201cYuyo\u201d asegur\u00f3 que \u201csiempre decimos en la fundaci\u00f3n, donde somos 17 personas que podemos capacitar, que lo m\u00e1s importante son las conclusiones que saca cada uno de los asistentes, sin hacer una bajada de l\u00ednea. S\u00ed hay cosas que decir a lo largo de la charla, pero no son opinables, son leyes. Esas cosas s\u00ed\u201d.<\/p>\n<p>Mientras que sobre lo que los motiv\u00f3 a dar este paso tras la tragedia, admiti\u00f3 que \u201ccuando se encontr\u00f3 el cuerpo de Micaela despu\u00e9s de una semana de buscarla, y despu\u00e9s de hacer nuestro duelo, de agradecer a la polic\u00eda y la fiscal\u00eda por todo lo que hab\u00edan hecho, le dijimos a los vecinos y la prensa que nuestra vida hab\u00eda cambiado, y que nos \u00edbamos a involucrar a cambiar la sociedad por la cual Micaela luchaba y militaba\u201d.<\/p>\n<p>&nbsp;<\/p>\n<p><iframe loading=\"lazy\" src=\"https:\/\/w.soundcloud.com\/player\/?url=https%3A\/\/api.soundcloud.com\/tracks\/1511821957&amp;color=%23ff5500&amp;auto_play=false&amp;hide_related=false&amp;show_comments=true&amp;show_user=true&amp;show_reposts=false&amp;show_teaser=true\" width=\"100%\" height=\"166\" frameborder=\"no\" scrolling=\"no\"><\/iframe><\/p>\n<div style=\"font-size: 10px; color: #cccccc; line-break: anywhere; word-break: normal; overflow: hidden; white-space: nowrap; text-overflow: ellipsis; font-family: Interstate,Lucida Grande,Lucida Sans Unicode,Lucida Sans,Garuda,Verdana,Tahoma,sans-serif; font-weight: 100;\"><a style=\"color: #cccccc; text-decoration: none;\" title=\"fmreflejos 103.7\" href=\"https:\/\/soundcloud.com\/fmreflejos-103-7\" target=\"_blank\" rel=\"noopener\">fmreflejos 103.7<\/a> \u00b7 <a style=\"color: #cccccc; text-decoration: none;\" title=\"N\u00e9stor Yuyo Garcia\" href=\"https:\/\/soundcloud.com\/fmreflejos-103-7\/nestor-yuyo-garcia-mejorado\" target=\"_blank\" rel=\"noopener\">N\u00e9stor Yuyo Garcia<\/a><\/div>\n","protected":false},"excerpt":{"rendered":"<p>El pap\u00e1 de Micaela Garc\u00eda y uno de los impulsores de la ley que lleva su nombre, se refiri\u00f3 a la charla que dar\u00e1n este viernes en la Biblioteca de Tornquist.<\/p>\n","protected":false},"author":3,"featured_media":0,"comment_status":"closed","ping_status":"closed","sticky":false,"template":"","format":"standard","meta":{"footnotes":""},"categories":[24],"tags":[48],"class_list":["post-87846","post","type-post","status-publish","format-standard","hentry","category-politica","tag-destacada"],"yoast_head":"<!-- This site is optimized with the Yoast SEO plugin v25.9 - https:\/\/yoast.com\/wordpress\/plugins\/seo\/ -->\n<title>N\u00e9stor \u201cYuyo\u201d Garc\u00eda: \u201cEn nuestras charlas no hay bajadas de l\u00ednea\u201d - Noticias Radio Reflejos<\/title>\n<meta name=\"robots\" content=\"index, follow, max-snippet:-1, max-image-preview:large, max-video-preview:-1\" \/>\n<link rel=\"canonical\" href=\"https:\/\/www.noticiasradioreflejos.com.ar\/2021\/nestor-yuyo-garcia-en-nuestras-charlas-no-hay-bajadas-de-linea\/\" \/>\n<meta property=\"og:locale\" content=\"es_ES\" \/>\n<meta property=\"og:type\" content=\"article\" \/>\n<meta property=\"og:title\" content=\"N\u00e9stor \u201cYuyo\u201d Garc\u00eda: \u201cEn nuestras charlas no hay bajadas de l\u00ednea\u201d - Noticias Radio Reflejos\" \/>\n<meta property=\"og:description\" content=\"El pap\u00e1 de Micaela Garc\u00eda y uno de los impulsores de la ley que lleva su nombre, se refiri\u00f3 a la charla que dar\u00e1n este viernes en la Biblioteca de Tornquist.\" \/>\n<meta property=\"og:url\" content=\"https:\/\/www.noticiasradioreflejos.com.ar\/2021\/nestor-yuyo-garcia-en-nuestras-charlas-no-hay-bajadas-de-linea\/\" \/>\n<meta property=\"og:site_name\" content=\"Noticias Radio Reflejos\" \/>\n<meta property=\"article:published_time\" content=\"2023-05-11T17:07:19+00:00\" \/>\n<meta property=\"article:modified_time\" content=\"2023-05-12T11:49:30+00:00\" \/>\n<meta property=\"og:image\" content=\"https:\/\/www.noticiasradioreflejos.com.ar\/2021\/wp-content\/uploads\/2021\/07\/logosol300x200.png\" \/>\n\t<meta property=\"og:image:width\" content=\"300\" \/>\n\t<meta property=\"og:image:height\" content=\"200\" \/>\n\t<meta property=\"og:image:type\" content=\"image\/png\" \/>\n<meta name=\"author\" content=\"Arnaldo Botto\" \/>\n<meta name=\"twitter:card\" content=\"summary_large_image\" \/>\n<script type=\"application\/ld+json\" class=\"yoast-schema-graph\">{\"@context\":\"https:\/\/schema.org\",\"@graph\":[{\"@type\":\"WebPage\",\"@id\":\"https:\/\/www.noticiasradioreflejos.com.ar\/2021\/nestor-yuyo-garcia-en-nuestras-charlas-no-hay-bajadas-de-linea\/\",\"url\":\"https:\/\/www.noticiasradioreflejos.com.ar\/2021\/nestor-yuyo-garcia-en-nuestras-charlas-no-hay-bajadas-de-linea\/\",\"name\":\"N\u00e9stor \u201cYuyo\u201d Garc\u00eda: \u201cEn nuestras charlas no hay bajadas de l\u00ednea\u201d - Noticias Radio Reflejos\",\"isPartOf\":{\"@id\":\"https:\/\/www.noticiasradioreflejos.com.ar\/2021\/#website\"},\"datePublished\":\"2023-05-11T17:07:19+00:00\",\"dateModified\":\"2023-05-12T11:49:30+00:00\",\"author\":{\"@id\":\"https:\/\/www.noticiasradioreflejos.com.ar\/2021\/#\/schema\/person\/ad82545263dcc5ec0996818884fd5fb1\"},\"breadcrumb\":{\"@id\":\"https:\/\/www.noticiasradioreflejos.com.ar\/2021\/nestor-yuyo-garcia-en-nuestras-charlas-no-hay-bajadas-de-linea\/#breadcrumb\"},\"inLanguage\":\"es\",\"potentialAction\":[{\"@type\":\"ReadAction\",\"target\":[\"https:\/\/www.noticiasradioreflejos.com.ar\/2021\/nestor-yuyo-garcia-en-nuestras-charlas-no-hay-bajadas-de-linea\/\"]}]},{\"@type\":\"BreadcrumbList\",\"@id\":\"https:\/\/www.noticiasradioreflejos.com.ar\/2021\/nestor-yuyo-garcia-en-nuestras-charlas-no-hay-bajadas-de-linea\/#breadcrumb\",\"itemListElement\":[{\"@type\":\"ListItem\",\"position\":1,\"name\":\"Portada\",\"item\":\"https:\/\/www.noticiasradioreflejos.com.ar\/2021\/\"},{\"@type\":\"ListItem\",\"position\":2,\"name\":\"N\u00e9stor \u201cYuyo\u201d Garc\u00eda: \u201cEn nuestras charlas no hay bajadas de l\u00ednea\u201d\"}]},{\"@type\":\"WebSite\",\"@id\":\"https:\/\/www.noticiasradioreflejos.com.ar\/2021\/#website\",\"url\":\"https:\/\/www.noticiasradioreflejos.com.ar\/2021\/\",\"name\":\"Noticias Radio Reflejos\",\"description\":\"Las noticias de mi comarca\",\"potentialAction\":[{\"@type\":\"SearchAction\",\"target\":{\"@type\":\"EntryPoint\",\"urlTemplate\":\"https:\/\/www.noticiasradioreflejos.com.ar\/2021\/?s={search_term_string}\"},\"query-input\":{\"@type\":\"PropertyValueSpecification\",\"valueRequired\":true,\"valueName\":\"search_term_string\"}}],\"inLanguage\":\"es\"},{\"@type\":\"Person\",\"@id\":\"https:\/\/www.noticiasradioreflejos.com.ar\/2021\/#\/schema\/person\/ad82545263dcc5ec0996818884fd5fb1\",\"name\":\"Arnaldo Botto\",\"image\":{\"@type\":\"ImageObject\",\"inLanguage\":\"es\",\"@id\":\"https:\/\/www.noticiasradioreflejos.com.ar\/2021\/#\/schema\/person\/image\/\",\"url\":\"https:\/\/secure.gravatar.com\/avatar\/55cb5e37c1efa326397366e6974cb338056df65cb50e7d64d1cf314e87504837?s=96&d=mm&r=g\",\"contentUrl\":\"https:\/\/secure.gravatar.com\/avatar\/55cb5e37c1efa326397366e6974cb338056df65cb50e7d64d1cf314e87504837?s=96&d=mm&r=g\",\"caption\":\"Arnaldo Botto\"},\"url\":\"https:\/\/www.noticiasradioreflejos.com.ar\/2021\/author\/arnaldo\/\"}]}<\/script>\n<!-- \/ Yoast SEO plugin. -->","yoast_head_json":{"title":"N\u00e9stor \u201cYuyo\u201d Garc\u00eda: \u201cEn nuestras charlas no hay bajadas de l\u00ednea\u201d - Noticias Radio Reflejos","robots":{"index":"index","follow":"follow","max-snippet":"max-snippet:-1","max-image-preview":"max-image-preview:large","max-video-preview":"max-video-preview:-1"},"canonical":"https:\/\/www.noticiasradioreflejos.com.ar\/2021\/nestor-yuyo-garcia-en-nuestras-charlas-no-hay-bajadas-de-linea\/","og_locale":"es_ES","og_type":"article","og_title":"N\u00e9stor \u201cYuyo\u201d Garc\u00eda: \u201cEn nuestras charlas no hay bajadas de l\u00ednea\u201d - Noticias Radio Reflejos","og_description":"El pap\u00e1 de Micaela Garc\u00eda y uno de los impulsores de la ley que lleva su nombre, se refiri\u00f3 a la charla que dar\u00e1n este viernes en la Biblioteca de Tornquist.","og_url":"https:\/\/www.noticiasradioreflejos.com.ar\/2021\/nestor-yuyo-garcia-en-nuestras-charlas-no-hay-bajadas-de-linea\/","og_site_name":"Noticias Radio Reflejos","article_published_time":"2023-05-11T17:07:19+00:00","article_modified_time":"2023-05-12T11:49:30+00:00","og_image":[{"width":300,"height":200,"url":"https:\/\/www.noticiasradioreflejos.com.ar\/2021\/wp-content\/uploads\/2021\/07\/logosol300x200.png","type":"image\/png"}],"author":"Arnaldo Botto","twitter_card":"summary_large_image","schema":{"@context":"https:\/\/schema.org","@graph":[{"@type":"WebPage","@id":"https:\/\/www.noticiasradioreflejos.com.ar\/2021\/nestor-yuyo-garcia-en-nuestras-charlas-no-hay-bajadas-de-linea\/","url":"https:\/\/www.noticiasradioreflejos.com.ar\/2021\/nestor-yuyo-garcia-en-nuestras-charlas-no-hay-bajadas-de-linea\/","name":"N\u00e9stor \u201cYuyo\u201d Garc\u00eda: \u201cEn nuestras charlas no hay bajadas de l\u00ednea\u201d - Noticias Radio Reflejos","isPartOf":{"@id":"https:\/\/www.noticiasradioreflejos.com.ar\/2021\/#website"},"datePublished":"2023-05-11T17:07:19+00:00","dateModified":"2023-05-12T11:49:30+00:00","author":{"@id":"https:\/\/www.noticiasradioreflejos.com.ar\/2021\/#\/schema\/person\/ad82545263dcc5ec0996818884fd5fb1"},"breadcrumb":{"@id":"https:\/\/www.noticiasradioreflejos.com.ar\/2021\/nestor-yuyo-garcia-en-nuestras-charlas-no-hay-bajadas-de-linea\/#breadcrumb"},"inLanguage":"es","potentialAction":[{"@type":"ReadAction","target":["https:\/\/www.noticiasradioreflejos.com.ar\/2021\/nestor-yuyo-garcia-en-nuestras-charlas-no-hay-bajadas-de-linea\/"]}]},{"@type":"BreadcrumbList","@id":"https:\/\/www.noticiasradioreflejos.com.ar\/2021\/nestor-yuyo-garcia-en-nuestras-charlas-no-hay-bajadas-de-linea\/#breadcrumb","itemListElement":[{"@type":"ListItem","position":1,"name":"Portada","item":"https:\/\/www.noticiasradioreflejos.com.ar\/2021\/"},{"@type":"ListItem","position":2,"name":"N\u00e9stor \u201cYuyo\u201d Garc\u00eda: \u201cEn nuestras charlas no hay bajadas de l\u00ednea\u201d"}]},{"@type":"WebSite","@id":"https:\/\/www.noticiasradioreflejos.com.ar\/2021\/#website","url":"https:\/\/www.noticiasradioreflejos.com.ar\/2021\/","name":"Noticias Radio Reflejos","description":"Las noticias de mi comarca","potentialAction":[{"@type":"SearchAction","target":{"@type":"EntryPoint","urlTemplate":"https:\/\/www.noticiasradioreflejos.com.ar\/2021\/?s={search_term_string}"},"query-input":{"@type":"PropertyValueSpecification","valueRequired":true,"valueName":"search_term_string"}}],"inLanguage":"es"},{"@type":"Person","@id":"https:\/\/www.noticiasradioreflejos.com.ar\/2021\/#\/schema\/person\/ad82545263dcc5ec0996818884fd5fb1","name":"Arnaldo Botto","image":{"@type":"ImageObject","inLanguage":"es","@id":"https:\/\/www.noticiasradioreflejos.com.ar\/2021\/#\/schema\/person\/image\/","url":"https:\/\/secure.gravatar.com\/avatar\/55cb5e37c1efa326397366e6974cb338056df65cb50e7d64d1cf314e87504837?s=96&d=mm&r=g","contentUrl":"https:\/\/secure.gravatar.com\/avatar\/55cb5e37c1efa326397366e6974cb338056df65cb50e7d64d1cf314e87504837?s=96&d=mm&r=g","caption":"Arnaldo Botto"},"url":"https:\/\/www.noticiasradioreflejos.com.ar\/2021\/author\/arnaldo\/"}]}},"_links":{"self":[{"href":"https:\/\/www.noticiasradioreflejos.com.ar\/2021\/wp-json\/wp\/v2\/posts\/87846","targetHints":{"allow":["GET"]}}],"collection":[{"href":"https:\/\/www.noticiasradioreflejos.com.ar\/2021\/wp-json\/wp\/v2\/posts"}],"about":[{"href":"https:\/\/www.noticiasradioreflejos.com.ar\/2021\/wp-json\/wp\/v2\/types\/post"}],"author":[{"embeddable":true,"href":"https:\/\/www.noticiasradioreflejos.com.ar\/2021\/wp-json\/wp\/v2\/users\/3"}],"replies":[{"embeddable":true,"href":"https:\/\/www.noticiasradioreflejos.com.ar\/2021\/wp-json\/wp\/v2\/comments?post=87846"}],"version-history":[{"count":2,"href":"https:\/\/www.noticiasradioreflejos.com.ar\/2021\/wp-json\/wp\/v2\/posts\/87846\/revisions"}],"predecessor-version":[{"id":87850,"href":"https:\/\/www.noticiasradioreflejos.com.ar\/2021\/wp-json\/wp\/v2\/posts\/87846\/revisions\/87850"}],"wp:attachment":[{"href":"https:\/\/www.noticiasradioreflejos.com.ar\/2021\/wp-json\/wp\/v2\/media?parent=87846"}],"wp:term":[{"taxonomy":"category","embeddable":true,"href":"https:\/\/www.noticiasradioreflejos.com.ar\/2021\/wp-json\/wp\/v2\/categories?post=87846"},{"taxonomy":"post_tag","embeddable":true,"href":"https:\/\/www.noticiasradioreflejos.com.ar\/2021\/wp-json\/wp\/v2\/tags?post=87846"}],"curies":[{"name":"wp","href":"https:\/\/api.w.org\/{rel}","templated":true}]}}