{"id":87792,"date":"2023-05-10T20:01:10","date_gmt":"2023-05-10T20:01:10","guid":{"rendered":"https:\/\/www.noticiasradioreflejos.com.ar\/2021\/?p=87792"},"modified":"2023-05-10T20:01:10","modified_gmt":"2023-05-10T20:01:10","slug":"a-nivel-provincial-la-idea-es-crear-la-marca-vinos-buenos-aires","status":"publish","type":"post","link":"https:\/\/www.noticiasradioreflejos.com.ar\/2021\/a-nivel-provincial-la-idea-es-crear-la-marca-vinos-buenos-aires\/","title":{"rendered":"\u201cA nivel provincial la idea es crear la marca Vinos Buenos Aires\u201d"},"content":{"rendered":"<p>As\u00ed lo confirm\u00f3 V\u00edctor Anton, Secretario de Producci\u00f3n. Adem\u00e1s agreg\u00f3 que \u201ccada vez tenemos m\u00e1s consultas\u201d sobre vincular el turismo con la actividad vitivin\u00edcola.<!--more--><\/p>\n<p>En los \u00faltimos d\u00edas el Secretario de Producci\u00f3n municipal, V\u00edctor Ant\u00f3n, particip\u00f3 de una reuni\u00f3n muy importante, que tuvo como eje la explotaci\u00f3n de los vinos bonaerenses y su puesta en valor a nivel nacional e internacional.<\/p>\n<p>Al respecto el funcionario reconoci\u00f3 que \u201cla Fiesta de la Vendimia, como lo dijo el Ministro Javier Rodr\u00edguez y Augusto Costa, lo ocurrido en la fiesta de Saldungaray puso de relieve a los vinos bonaerenses a nivel nacional. Hay una fuerte apuesta del gobierno provincial a la vitivinicultura asociada al turismo. Cada vez tenemos m\u00e1s consultas en ese sentido\u201d.<\/p>\n<p>En este rubro y enfoc\u00e1ndose directamente en el pago chico, Anton explic\u00f3 que \u201cvenimos creciendo lentamente, pero la verdad es que \u00faltimamente se han implantado 10 o 12 hect\u00e1reas. Para lo que es la actividad es una cantidad importante, interesante. Y repito, cada vez son m\u00e1s los emprendimientos que vinculan lo vitivin\u00edcola con el turismo\u201d.<\/p>\n<p>En otro pasaje de la charla y consultado por la edificaci\u00f3n de la Finca Ocho Cerros, coment\u00f3 que \u201cla plantaci\u00f3n ya est\u00e1 hecha. Tenemos conocimiento que Pablo Rueda est\u00e1 viajando para interiorizarse en algunos temas. Ya trajo tecnolog\u00eda del exterior. Comenz\u00f3 con la construcci\u00f3n del hotel. Esa inversi\u00f3n cambiar\u00e1, al menos en ese lugar, la visualizaci\u00f3n del camino al Tres Picos\u201d.<\/p>\n<p>Y de la mano con esto, sostuvo que \u201cnosotros estamos trabajando en el programa Caminos Rurales. Tiene muchas dificultades por la tierra negra que tiene. Cada vez que llueve el camino se pone intransitable, as\u00ed que con el Ministro Rodr\u00edguez estamos trabajando con la tercera etapa de este programa, lo que nos permitir\u00e1 el financiamiento para hacer entoscado. El Ministerio de Desarrollo Agrario tambi\u00e9n hizo un aporte importante\u201d.<\/p>\n<p>Como dato saliente de la reuni\u00f3n en la esfera provincial, el Secretario confirm\u00f3 que \u201cla provincia est\u00e1 gestionando acciones para tener una marca que sea Vinos Buenos Aires, y que todos los vinos de la provincia est\u00e9n identificados con esa marca o ese logo. Ac\u00e1 en Saldungaray hubo una reuni\u00f3n importante de la C\u00e1mara, que est\u00e1n en constante contacto con el Ministerio\u201d.<\/p>\n<p><iframe loading=\"lazy\" src=\"https:\/\/w.soundcloud.com\/player\/?url=https%3A\/\/api.soundcloud.com\/tracks\/1511201731&amp;color=%23ff5500&amp;auto_play=false&amp;hide_related=false&amp;show_comments=true&amp;show_user=true&amp;show_reposts=false&amp;show_teaser=true\" width=\"100%\" height=\"166\" frameborder=\"no\" scrolling=\"no\"><\/iframe><\/p>\n<div style=\"font-size: 10px; color: #cccccc; line-break: anywhere; word-break: normal; overflow: hidden; white-space: nowrap; text-overflow: ellipsis; font-family: Interstate,Lucida Grande,Lucida Sans Unicode,Lucida Sans,Garuda,Verdana,Tahoma,sans-serif; font-weight: 100;\"><a style=\"color: #cccccc; text-decoration: none;\" title=\"fmreflejos 103.7\" href=\"https:\/\/soundcloud.com\/fmreflejos-103-7\" target=\"_blank\" rel=\"noopener\">fmreflejos 103.7<\/a> \u00b7 <a style=\"color: #cccccc; text-decoration: none;\" title=\"Victor Anton - Vinos Buenos Aires\" href=\"https:\/\/soundcloud.com\/fmreflejos-103-7\/victor-anton-vinos-buenos-aires\" target=\"_blank\" rel=\"noopener\">Victor Anton &#8211; Vinos Buenos Aires<\/a><\/div>\n<p>&nbsp;<\/p>\n<h4>Cat\u00e1logo de Vi\u00f1edos<\/h4>\n<p style=\"margin: 12px auto 6px auto; font-family: Helvetica,Arial,Sans-serif; font-style: normal; font-variant: normal; font-weight: normal; font-size: 14px; line-height: normal; font-size-adjust: none; font-stretch: normal; -x-system-font: none; display: block;\"><a style=\"text-decoration: underline;\" title=\"View Catalogos Turisticos - Vi\u00f1edos on Scribd\" href=\"https:\/\/www.scribd.com\/document\/644371120\/Catalogos-Turisticos-Vinedos#from_embed\">Catalogos Turisticos &#8211; Vi\u00f1edos<\/a> by <a style=\"text-decoration: underline;\" title=\"View FM Reflejos Sierra de la Ventana's profile on Scribd\" href=\"https:\/\/es.scribd.com\/user\/128459674\/FM-Reflejos-Sierra-de-la-Ventana#from_embed\">FM Reflejos Sierra de la Ventana<\/a> on Scribd<\/p>\n<p><iframe loading=\"lazy\" id=\"doc_51670\" class=\"scribd_iframe_embed\" title=\"Catalogos Turisticos - Vi\u00f1edos\" src=\"https:\/\/es.scribd.com\/embeds\/644371120\/content?start_page=1&amp;view_mode=scroll&amp;access_key=key-0V6LMn7cKrTrWJ80avq4\" width=\"100%\" height=\"600\" frameborder=\"0\" scrolling=\"no\" data-auto-height=\"true\" data-aspect-ratio=\"0.75\"><\/iframe><script type=\"text\/javascript\">(function() { var scribd = document.createElement(\"script\"); scribd.type = \"text\/javascript\"; scribd.async = true; scribd.src = \"https:\/\/es.scribd.com\/javascripts\/embed_code\/inject.js\"; var s = document.getElementsByTagName(\"script\")[0]; s.parentNode.insertBefore(scribd, s); })();<\/script><\/p>\n","protected":false},"excerpt":{"rendered":"<p>As\u00ed lo confirm\u00f3 V\u00edctor Anton, Secretario de Producci\u00f3n. Adem\u00e1s agreg\u00f3 que \u201ccada vez tenemos m\u00e1s consultas\u201d sobre vincular el turismo con la actividad vitivin\u00edcola.<\/p>\n","protected":false},"author":3,"featured_media":0,"comment_status":"closed","ping_status":"closed","sticky":false,"template":"","format":"standard","meta":{"footnotes":""},"categories":[28,26,33],"tags":[48],"class_list":["post-87792","post","type-post","status-publish","format-standard","hentry","category-municipales","category-sociedad","category-turismo","tag-destacada"],"yoast_head":"<!-- This site is optimized with the Yoast SEO plugin v25.9 - https:\/\/yoast.com\/wordpress\/plugins\/seo\/ -->\n<title>\u201cA nivel provincial la idea es crear la marca Vinos Buenos Aires\u201d - Noticias Radio Reflejos<\/title>\n<meta name=\"robots\" content=\"index, follow, max-snippet:-1, max-image-preview:large, max-video-preview:-1\" \/>\n<link rel=\"canonical\" href=\"https:\/\/www.noticiasradioreflejos.com.ar\/2021\/a-nivel-provincial-la-idea-es-crear-la-marca-vinos-buenos-aires\/\" \/>\n<meta property=\"og:locale\" content=\"es_ES\" \/>\n<meta property=\"og:type\" content=\"article\" \/>\n<meta property=\"og:title\" content=\"\u201cA nivel provincial la idea es crear la marca Vinos Buenos Aires\u201d - Noticias Radio Reflejos\" \/>\n<meta property=\"og:description\" content=\"As\u00ed lo confirm\u00f3 V\u00edctor Anton, Secretario de Producci\u00f3n. Adem\u00e1s agreg\u00f3 que \u201ccada vez tenemos m\u00e1s consultas\u201d sobre vincular el turismo con la actividad vitivin\u00edcola.\" \/>\n<meta property=\"og:url\" content=\"https:\/\/www.noticiasradioreflejos.com.ar\/2021\/a-nivel-provincial-la-idea-es-crear-la-marca-vinos-buenos-aires\/\" \/>\n<meta property=\"og:site_name\" content=\"Noticias Radio Reflejos\" \/>\n<meta property=\"article:published_time\" content=\"2023-05-10T20:01:10+00:00\" \/>\n<meta property=\"og:image\" content=\"https:\/\/www.noticiasradioreflejos.com.ar\/2021\/wp-content\/uploads\/2021\/07\/logosol300x200.png\" \/>\n\t<meta property=\"og:image:width\" content=\"300\" \/>\n\t<meta property=\"og:image:height\" content=\"200\" \/>\n\t<meta property=\"og:image:type\" content=\"image\/png\" \/>\n<meta name=\"author\" content=\"Arnaldo Botto\" \/>\n<meta name=\"twitter:card\" content=\"summary_large_image\" \/>\n<script type=\"application\/ld+json\" class=\"yoast-schema-graph\">{\"@context\":\"https:\/\/schema.org\",\"@graph\":[{\"@type\":\"WebPage\",\"@id\":\"https:\/\/www.noticiasradioreflejos.com.ar\/2021\/a-nivel-provincial-la-idea-es-crear-la-marca-vinos-buenos-aires\/\",\"url\":\"https:\/\/www.noticiasradioreflejos.com.ar\/2021\/a-nivel-provincial-la-idea-es-crear-la-marca-vinos-buenos-aires\/\",\"name\":\"\u201cA nivel provincial la idea es crear la marca Vinos Buenos Aires\u201d - Noticias Radio Reflejos\",\"isPartOf\":{\"@id\":\"https:\/\/www.noticiasradioreflejos.com.ar\/2021\/#website\"},\"datePublished\":\"2023-05-10T20:01:10+00:00\",\"author\":{\"@id\":\"https:\/\/www.noticiasradioreflejos.com.ar\/2021\/#\/schema\/person\/ad82545263dcc5ec0996818884fd5fb1\"},\"breadcrumb\":{\"@id\":\"https:\/\/www.noticiasradioreflejos.com.ar\/2021\/a-nivel-provincial-la-idea-es-crear-la-marca-vinos-buenos-aires\/#breadcrumb\"},\"inLanguage\":\"es\",\"potentialAction\":[{\"@type\":\"ReadAction\",\"target\":[\"https:\/\/www.noticiasradioreflejos.com.ar\/2021\/a-nivel-provincial-la-idea-es-crear-la-marca-vinos-buenos-aires\/\"]}]},{\"@type\":\"BreadcrumbList\",\"@id\":\"https:\/\/www.noticiasradioreflejos.com.ar\/2021\/a-nivel-provincial-la-idea-es-crear-la-marca-vinos-buenos-aires\/#breadcrumb\",\"itemListElement\":[{\"@type\":\"ListItem\",\"position\":1,\"name\":\"Portada\",\"item\":\"https:\/\/www.noticiasradioreflejos.com.ar\/2021\/\"},{\"@type\":\"ListItem\",\"position\":2,\"name\":\"\u201cA nivel provincial la idea es crear la marca Vinos Buenos Aires\u201d\"}]},{\"@type\":\"WebSite\",\"@id\":\"https:\/\/www.noticiasradioreflejos.com.ar\/2021\/#website\",\"url\":\"https:\/\/www.noticiasradioreflejos.com.ar\/2021\/\",\"name\":\"Noticias Radio Reflejos\",\"description\":\"Las noticias de mi comarca\",\"potentialAction\":[{\"@type\":\"SearchAction\",\"target\":{\"@type\":\"EntryPoint\",\"urlTemplate\":\"https:\/\/www.noticiasradioreflejos.com.ar\/2021\/?s={search_term_string}\"},\"query-input\":{\"@type\":\"PropertyValueSpecification\",\"valueRequired\":true,\"valueName\":\"search_term_string\"}}],\"inLanguage\":\"es\"},{\"@type\":\"Person\",\"@id\":\"https:\/\/www.noticiasradioreflejos.com.ar\/2021\/#\/schema\/person\/ad82545263dcc5ec0996818884fd5fb1\",\"name\":\"Arnaldo Botto\",\"image\":{\"@type\":\"ImageObject\",\"inLanguage\":\"es\",\"@id\":\"https:\/\/www.noticiasradioreflejos.com.ar\/2021\/#\/schema\/person\/image\/\",\"url\":\"https:\/\/secure.gravatar.com\/avatar\/55cb5e37c1efa326397366e6974cb338056df65cb50e7d64d1cf314e87504837?s=96&d=mm&r=g\",\"contentUrl\":\"https:\/\/secure.gravatar.com\/avatar\/55cb5e37c1efa326397366e6974cb338056df65cb50e7d64d1cf314e87504837?s=96&d=mm&r=g\",\"caption\":\"Arnaldo Botto\"},\"url\":\"https:\/\/www.noticiasradioreflejos.com.ar\/2021\/author\/arnaldo\/\"}]}<\/script>\n<!-- \/ Yoast SEO plugin. -->","yoast_head_json":{"title":"\u201cA nivel provincial la idea es crear la marca Vinos Buenos Aires\u201d - Noticias Radio Reflejos","robots":{"index":"index","follow":"follow","max-snippet":"max-snippet:-1","max-image-preview":"max-image-preview:large","max-video-preview":"max-video-preview:-1"},"canonical":"https:\/\/www.noticiasradioreflejos.com.ar\/2021\/a-nivel-provincial-la-idea-es-crear-la-marca-vinos-buenos-aires\/","og_locale":"es_ES","og_type":"article","og_title":"\u201cA nivel provincial la idea es crear la marca Vinos Buenos Aires\u201d - Noticias Radio Reflejos","og_description":"As\u00ed lo confirm\u00f3 V\u00edctor Anton, Secretario de Producci\u00f3n. Adem\u00e1s agreg\u00f3 que \u201ccada vez tenemos m\u00e1s consultas\u201d sobre vincular el turismo con la actividad vitivin\u00edcola.","og_url":"https:\/\/www.noticiasradioreflejos.com.ar\/2021\/a-nivel-provincial-la-idea-es-crear-la-marca-vinos-buenos-aires\/","og_site_name":"Noticias Radio Reflejos","article_published_time":"2023-05-10T20:01:10+00:00","og_image":[{"width":300,"height":200,"url":"https:\/\/www.noticiasradioreflejos.com.ar\/2021\/wp-content\/uploads\/2021\/07\/logosol300x200.png","type":"image\/png"}],"author":"Arnaldo Botto","twitter_card":"summary_large_image","schema":{"@context":"https:\/\/schema.org","@graph":[{"@type":"WebPage","@id":"https:\/\/www.noticiasradioreflejos.com.ar\/2021\/a-nivel-provincial-la-idea-es-crear-la-marca-vinos-buenos-aires\/","url":"https:\/\/www.noticiasradioreflejos.com.ar\/2021\/a-nivel-provincial-la-idea-es-crear-la-marca-vinos-buenos-aires\/","name":"\u201cA nivel provincial la idea es crear la marca Vinos Buenos Aires\u201d - Noticias Radio Reflejos","isPartOf":{"@id":"https:\/\/www.noticiasradioreflejos.com.ar\/2021\/#website"},"datePublished":"2023-05-10T20:01:10+00:00","author":{"@id":"https:\/\/www.noticiasradioreflejos.com.ar\/2021\/#\/schema\/person\/ad82545263dcc5ec0996818884fd5fb1"},"breadcrumb":{"@id":"https:\/\/www.noticiasradioreflejos.com.ar\/2021\/a-nivel-provincial-la-idea-es-crear-la-marca-vinos-buenos-aires\/#breadcrumb"},"inLanguage":"es","potentialAction":[{"@type":"ReadAction","target":["https:\/\/www.noticiasradioreflejos.com.ar\/2021\/a-nivel-provincial-la-idea-es-crear-la-marca-vinos-buenos-aires\/"]}]},{"@type":"BreadcrumbList","@id":"https:\/\/www.noticiasradioreflejos.com.ar\/2021\/a-nivel-provincial-la-idea-es-crear-la-marca-vinos-buenos-aires\/#breadcrumb","itemListElement":[{"@type":"ListItem","position":1,"name":"Portada","item":"https:\/\/www.noticiasradioreflejos.com.ar\/2021\/"},{"@type":"ListItem","position":2,"name":"\u201cA nivel provincial la idea es crear la marca Vinos Buenos Aires\u201d"}]},{"@type":"WebSite","@id":"https:\/\/www.noticiasradioreflejos.com.ar\/2021\/#website","url":"https:\/\/www.noticiasradioreflejos.com.ar\/2021\/","name":"Noticias Radio Reflejos","description":"Las noticias de mi comarca","potentialAction":[{"@type":"SearchAction","target":{"@type":"EntryPoint","urlTemplate":"https:\/\/www.noticiasradioreflejos.com.ar\/2021\/?s={search_term_string}"},"query-input":{"@type":"PropertyValueSpecification","valueRequired":true,"valueName":"search_term_string"}}],"inLanguage":"es"},{"@type":"Person","@id":"https:\/\/www.noticiasradioreflejos.com.ar\/2021\/#\/schema\/person\/ad82545263dcc5ec0996818884fd5fb1","name":"Arnaldo Botto","image":{"@type":"ImageObject","inLanguage":"es","@id":"https:\/\/www.noticiasradioreflejos.com.ar\/2021\/#\/schema\/person\/image\/","url":"https:\/\/secure.gravatar.com\/avatar\/55cb5e37c1efa326397366e6974cb338056df65cb50e7d64d1cf314e87504837?s=96&d=mm&r=g","contentUrl":"https:\/\/secure.gravatar.com\/avatar\/55cb5e37c1efa326397366e6974cb338056df65cb50e7d64d1cf314e87504837?s=96&d=mm&r=g","caption":"Arnaldo Botto"},"url":"https:\/\/www.noticiasradioreflejos.com.ar\/2021\/author\/arnaldo\/"}]}},"_links":{"self":[{"href":"https:\/\/www.noticiasradioreflejos.com.ar\/2021\/wp-json\/wp\/v2\/posts\/87792","targetHints":{"allow":["GET"]}}],"collection":[{"href":"https:\/\/www.noticiasradioreflejos.com.ar\/2021\/wp-json\/wp\/v2\/posts"}],"about":[{"href":"https:\/\/www.noticiasradioreflejos.com.ar\/2021\/wp-json\/wp\/v2\/types\/post"}],"author":[{"embeddable":true,"href":"https:\/\/www.noticiasradioreflejos.com.ar\/2021\/wp-json\/wp\/v2\/users\/3"}],"replies":[{"embeddable":true,"href":"https:\/\/www.noticiasradioreflejos.com.ar\/2021\/wp-json\/wp\/v2\/comments?post=87792"}],"version-history":[{"count":2,"href":"https:\/\/www.noticiasradioreflejos.com.ar\/2021\/wp-json\/wp\/v2\/posts\/87792\/revisions"}],"predecessor-version":[{"id":87798,"href":"https:\/\/www.noticiasradioreflejos.com.ar\/2021\/wp-json\/wp\/v2\/posts\/87792\/revisions\/87798"}],"wp:attachment":[{"href":"https:\/\/www.noticiasradioreflejos.com.ar\/2021\/wp-json\/wp\/v2\/media?parent=87792"}],"wp:term":[{"taxonomy":"category","embeddable":true,"href":"https:\/\/www.noticiasradioreflejos.com.ar\/2021\/wp-json\/wp\/v2\/categories?post=87792"},{"taxonomy":"post_tag","embeddable":true,"href":"https:\/\/www.noticiasradioreflejos.com.ar\/2021\/wp-json\/wp\/v2\/tags?post=87792"}],"curies":[{"name":"wp","href":"https:\/\/api.w.org\/{rel}","templated":true}]}}