{"id":875,"date":"2016-09-13T15:10:28","date_gmt":"2016-09-13T15:10:28","guid":{"rendered":"http:\/\/noticiasradioreflejos.com.ar\/noticias\/?p=875"},"modified":"2016-09-13T15:10:28","modified_gmt":"2016-09-13T15:10:28","slug":"1-interregional-de-gimnasia-en-los-juegos-bonaerenses","status":"publish","type":"post","link":"https:\/\/www.noticiasradioreflejos.com.ar\/2021\/1-interregional-de-gimnasia-en-los-juegos-bonaerenses\/","title":{"rendered":"1\u00b0 interregional de gimnasia en los Juegos Bonaerenses"},"content":{"rendered":"<p>En el d\u00eda de ayer se desarroll\u00f3 por primera vez en los juegos bonaerenses la etapa interregional de gimnasia art\u00edstica en el gimnasio municipal, Eva Per\u00f3n.<!--more--><br \/>\nDel encuentro participaron 60 gimnastas, de distritos vecinos: La Madrid, Carlos Tejedor, Guamini, Adolfo Alsina, Daireaux, Trenque Lauquen, Saliquelo y General Villegas. Por nuestra localidad nos representaron las alumnas del Gimnasio Ed\u00e9n, Amparo Labat, Ivone Laplace, Josefina Sard y Guadalupe Vergara Hasper.<br \/>\nEl torneo se dividi\u00f3 en las siguientes categor\u00edas:<\/p>\n<ul>\n<li><u>Categor\u00eda Menor Femenino SUELO<\/u>: de la que participaron nueve equipos y resultaron\u00a0ganadores:1\u00b0 Trenque Lauquen, 2\u00ba Daireaux y 3\u00ba Tornquist<\/li>\n<li><u>Categor\u00eda Cadetes Masculino:<\/u> participaron 3 equipos y ganaron: 1\u00b0Daireaux,\u00a0\u00a02\u00ba Tejedor y\u00a03\u00ba Guamini.<\/li>\n<li><u>Categor\u00eda menor Femenino (4 aparatos)<\/u>:\u00a0ganador Daireaux<\/li>\n<li><u>Categor\u00eda cadetes femenino (4 aparatos)<\/u>:\u00a0participaron dos equipos y los resultados fueron: 1\u00b0Daireaux\u00a0y 2\u00ba\u00a0Carlos Tejedor.<\/li>\n<\/ul>\n<p>La Direcci\u00f3n de Municipal felicita a las alumnas que representaron al distrito y las alienta a continuar trabajando en la disciplina para conseguir los logros tan ansiados.<br \/>\n<a title=\"DSC_0208\" href=\"http:\/\/farm9.staticflickr.com\/8507\/29544613202_1340106ab2_c.jpg\" rel=\"\"><img loading=\"lazy\" decoding=\"async\" class=\"aligncenter\" title=\"DSC_0208\" src=\"http:\/\/farm9.staticflickr.com\/8507\/29544613202_1340106ab2_c.jpg\" alt=\"DSC_0208\" width=\"800\" height=\"532\" \/><\/a><br \/>\n<a title=\"DSC_0218\" href=\"http:\/\/farm9.staticflickr.com\/8244\/29574248081_35631d09e4_c.jpg\" rel=\"\"><img loading=\"lazy\" decoding=\"async\" class=\"aligncenter\" title=\"DSC_0218\" src=\"http:\/\/farm9.staticflickr.com\/8244\/29574248081_35631d09e4_c.jpg\" alt=\"DSC_0218\" width=\"800\" height=\"532\" \/><\/a><br \/>\n<a title=\"DSC_0236\" href=\"http:\/\/farm9.staticflickr.com\/8093\/29620213606_2d39d16023_c.jpg\" rel=\"\"><img loading=\"lazy\" decoding=\"async\" class=\"aligncenter\" title=\"DSC_0236\" src=\"http:\/\/farm9.staticflickr.com\/8093\/29620213606_2d39d16023_c.jpg\" alt=\"DSC_0236\" width=\"800\" height=\"532\" \/><\/a><br \/>\n<a title=\"DSC_0214\" href=\"http:\/\/farm9.staticflickr.com\/8087\/29029309014_1f2c1e4c34_c.jpg\" rel=\"\"><img loading=\"lazy\" decoding=\"async\" class=\"aligncenter\" title=\"DSC_0214\" src=\"http:\/\/farm9.staticflickr.com\/8087\/29029309014_1f2c1e4c34_c.jpg\" alt=\"DSC_0214\" width=\"800\" height=\"532\" \/><\/a><br \/>\n&nbsp;<\/p>\n","protected":false},"excerpt":{"rendered":"<p>En el d\u00eda de ayer se desarroll\u00f3 por primera vez en los juegos bonaerenses la etapa interregional de gimnasia art\u00edstica en el gimnasio municipal, Eva Per\u00f3n.<\/p>\n","protected":false},"author":3,"featured_media":0,"comment_status":"closed","ping_status":"open","sticky":false,"template":"","format":"standard","meta":{"footnotes":""},"categories":[27],"tags":[],"class_list":["post-875","post","type-post","status-publish","format-standard","hentry","category-deportes"],"yoast_head":"<!-- This site is optimized with the Yoast SEO plugin v25.9 - https:\/\/yoast.com\/wordpress\/plugins\/seo\/ -->\n<title>1\u00b0 interregional de gimnasia en los Juegos Bonaerenses - Noticias Radio Reflejos<\/title>\n<meta name=\"robots\" content=\"index, follow, max-snippet:-1, max-image-preview:large, max-video-preview:-1\" \/>\n<link rel=\"canonical\" href=\"https:\/\/www.noticiasradioreflejos.com.ar\/2021\/1-interregional-de-gimnasia-en-los-juegos-bonaerenses\/\" \/>\n<meta property=\"og:locale\" content=\"es_ES\" \/>\n<meta property=\"og:type\" content=\"article\" \/>\n<meta property=\"og:title\" content=\"1\u00b0 interregional de gimnasia en los Juegos Bonaerenses - Noticias Radio Reflejos\" \/>\n<meta property=\"og:description\" content=\"En el d\u00eda de ayer se desarroll\u00f3 por primera vez en los juegos bonaerenses la etapa interregional de gimnasia art\u00edstica en el gimnasio municipal, Eva Per\u00f3n.\" \/>\n<meta property=\"og:url\" content=\"https:\/\/www.noticiasradioreflejos.com.ar\/2021\/1-interregional-de-gimnasia-en-los-juegos-bonaerenses\/\" \/>\n<meta property=\"og:site_name\" content=\"Noticias Radio Reflejos\" \/>\n<meta property=\"article:published_time\" content=\"2016-09-13T15:10:28+00:00\" \/>\n<meta property=\"og:image\" content=\"http:\/\/farm9.staticflickr.com\/8507\/29544613202_1340106ab2_c.jpg\" \/>\n<meta name=\"author\" content=\"Arnaldo Botto\" \/>\n<meta name=\"twitter:card\" content=\"summary_large_image\" \/>\n<script type=\"application\/ld+json\" class=\"yoast-schema-graph\">{\"@context\":\"https:\/\/schema.org\",\"@graph\":[{\"@type\":\"WebPage\",\"@id\":\"https:\/\/www.noticiasradioreflejos.com.ar\/2021\/1-interregional-de-gimnasia-en-los-juegos-bonaerenses\/\",\"url\":\"https:\/\/www.noticiasradioreflejos.com.ar\/2021\/1-interregional-de-gimnasia-en-los-juegos-bonaerenses\/\",\"name\":\"1\u00b0 interregional de gimnasia en los Juegos Bonaerenses - Noticias Radio Reflejos\",\"isPartOf\":{\"@id\":\"https:\/\/www.noticiasradioreflejos.com.ar\/2021\/#website\"},\"primaryImageOfPage\":{\"@id\":\"https:\/\/www.noticiasradioreflejos.com.ar\/2021\/1-interregional-de-gimnasia-en-los-juegos-bonaerenses\/#primaryimage\"},\"image\":{\"@id\":\"https:\/\/www.noticiasradioreflejos.com.ar\/2021\/1-interregional-de-gimnasia-en-los-juegos-bonaerenses\/#primaryimage\"},\"thumbnailUrl\":\"http:\/\/farm9.staticflickr.com\/8507\/29544613202_1340106ab2_c.jpg\",\"datePublished\":\"2016-09-13T15:10:28+00:00\",\"author\":{\"@id\":\"https:\/\/www.noticiasradioreflejos.com.ar\/2021\/#\/schema\/person\/ad82545263dcc5ec0996818884fd5fb1\"},\"breadcrumb\":{\"@id\":\"https:\/\/www.noticiasradioreflejos.com.ar\/2021\/1-interregional-de-gimnasia-en-los-juegos-bonaerenses\/#breadcrumb\"},\"inLanguage\":\"es\",\"potentialAction\":[{\"@type\":\"ReadAction\",\"target\":[\"https:\/\/www.noticiasradioreflejos.com.ar\/2021\/1-interregional-de-gimnasia-en-los-juegos-bonaerenses\/\"]}]},{\"@type\":\"ImageObject\",\"inLanguage\":\"es\",\"@id\":\"https:\/\/www.noticiasradioreflejos.com.ar\/2021\/1-interregional-de-gimnasia-en-los-juegos-bonaerenses\/#primaryimage\",\"url\":\"http:\/\/farm9.staticflickr.com\/8507\/29544613202_1340106ab2_c.jpg\",\"contentUrl\":\"http:\/\/farm9.staticflickr.com\/8507\/29544613202_1340106ab2_c.jpg\"},{\"@type\":\"BreadcrumbList\",\"@id\":\"https:\/\/www.noticiasradioreflejos.com.ar\/2021\/1-interregional-de-gimnasia-en-los-juegos-bonaerenses\/#breadcrumb\",\"itemListElement\":[{\"@type\":\"ListItem\",\"position\":1,\"name\":\"Portada\",\"item\":\"https:\/\/www.noticiasradioreflejos.com.ar\/2021\/\"},{\"@type\":\"ListItem\",\"position\":2,\"name\":\"1\u00b0 interregional de gimnasia en los Juegos Bonaerenses\"}]},{\"@type\":\"WebSite\",\"@id\":\"https:\/\/www.noticiasradioreflejos.com.ar\/2021\/#website\",\"url\":\"https:\/\/www.noticiasradioreflejos.com.ar\/2021\/\",\"name\":\"Noticias Radio Reflejos\",\"description\":\"Las noticias de mi comarca\",\"potentialAction\":[{\"@type\":\"SearchAction\",\"target\":{\"@type\":\"EntryPoint\",\"urlTemplate\":\"https:\/\/www.noticiasradioreflejos.com.ar\/2021\/?s={search_term_string}\"},\"query-input\":{\"@type\":\"PropertyValueSpecification\",\"valueRequired\":true,\"valueName\":\"search_term_string\"}}],\"inLanguage\":\"es\"},{\"@type\":\"Person\",\"@id\":\"https:\/\/www.noticiasradioreflejos.com.ar\/2021\/#\/schema\/person\/ad82545263dcc5ec0996818884fd5fb1\",\"name\":\"Arnaldo Botto\",\"image\":{\"@type\":\"ImageObject\",\"inLanguage\":\"es\",\"@id\":\"https:\/\/www.noticiasradioreflejos.com.ar\/2021\/#\/schema\/person\/image\/\",\"url\":\"https:\/\/secure.gravatar.com\/avatar\/55cb5e37c1efa326397366e6974cb338056df65cb50e7d64d1cf314e87504837?s=96&d=mm&r=g\",\"contentUrl\":\"https:\/\/secure.gravatar.com\/avatar\/55cb5e37c1efa326397366e6974cb338056df65cb50e7d64d1cf314e87504837?s=96&d=mm&r=g\",\"caption\":\"Arnaldo Botto\"},\"url\":\"https:\/\/www.noticiasradioreflejos.com.ar\/2021\/author\/arnaldo\/\"}]}<\/script>\n<!-- \/ Yoast SEO plugin. -->","yoast_head_json":{"title":"1\u00b0 interregional de gimnasia en los Juegos Bonaerenses - Noticias Radio Reflejos","robots":{"index":"index","follow":"follow","max-snippet":"max-snippet:-1","max-image-preview":"max-image-preview:large","max-video-preview":"max-video-preview:-1"},"canonical":"https:\/\/www.noticiasradioreflejos.com.ar\/2021\/1-interregional-de-gimnasia-en-los-juegos-bonaerenses\/","og_locale":"es_ES","og_type":"article","og_title":"1\u00b0 interregional de gimnasia en los Juegos Bonaerenses - Noticias Radio Reflejos","og_description":"En el d\u00eda de ayer se desarroll\u00f3 por primera vez en los juegos bonaerenses la etapa interregional de gimnasia art\u00edstica en el gimnasio municipal, Eva Per\u00f3n.","og_url":"https:\/\/www.noticiasradioreflejos.com.ar\/2021\/1-interregional-de-gimnasia-en-los-juegos-bonaerenses\/","og_site_name":"Noticias Radio Reflejos","article_published_time":"2016-09-13T15:10:28+00:00","og_image":[{"url":"http:\/\/farm9.staticflickr.com\/8507\/29544613202_1340106ab2_c.jpg","type":"","width":"","height":""}],"author":"Arnaldo Botto","twitter_card":"summary_large_image","schema":{"@context":"https:\/\/schema.org","@graph":[{"@type":"WebPage","@id":"https:\/\/www.noticiasradioreflejos.com.ar\/2021\/1-interregional-de-gimnasia-en-los-juegos-bonaerenses\/","url":"https:\/\/www.noticiasradioreflejos.com.ar\/2021\/1-interregional-de-gimnasia-en-los-juegos-bonaerenses\/","name":"1\u00b0 interregional de gimnasia en los Juegos Bonaerenses - Noticias Radio Reflejos","isPartOf":{"@id":"https:\/\/www.noticiasradioreflejos.com.ar\/2021\/#website"},"primaryImageOfPage":{"@id":"https:\/\/www.noticiasradioreflejos.com.ar\/2021\/1-interregional-de-gimnasia-en-los-juegos-bonaerenses\/#primaryimage"},"image":{"@id":"https:\/\/www.noticiasradioreflejos.com.ar\/2021\/1-interregional-de-gimnasia-en-los-juegos-bonaerenses\/#primaryimage"},"thumbnailUrl":"http:\/\/farm9.staticflickr.com\/8507\/29544613202_1340106ab2_c.jpg","datePublished":"2016-09-13T15:10:28+00:00","author":{"@id":"https:\/\/www.noticiasradioreflejos.com.ar\/2021\/#\/schema\/person\/ad82545263dcc5ec0996818884fd5fb1"},"breadcrumb":{"@id":"https:\/\/www.noticiasradioreflejos.com.ar\/2021\/1-interregional-de-gimnasia-en-los-juegos-bonaerenses\/#breadcrumb"},"inLanguage":"es","potentialAction":[{"@type":"ReadAction","target":["https:\/\/www.noticiasradioreflejos.com.ar\/2021\/1-interregional-de-gimnasia-en-los-juegos-bonaerenses\/"]}]},{"@type":"ImageObject","inLanguage":"es","@id":"https:\/\/www.noticiasradioreflejos.com.ar\/2021\/1-interregional-de-gimnasia-en-los-juegos-bonaerenses\/#primaryimage","url":"http:\/\/farm9.staticflickr.com\/8507\/29544613202_1340106ab2_c.jpg","contentUrl":"http:\/\/farm9.staticflickr.com\/8507\/29544613202_1340106ab2_c.jpg"},{"@type":"BreadcrumbList","@id":"https:\/\/www.noticiasradioreflejos.com.ar\/2021\/1-interregional-de-gimnasia-en-los-juegos-bonaerenses\/#breadcrumb","itemListElement":[{"@type":"ListItem","position":1,"name":"Portada","item":"https:\/\/www.noticiasradioreflejos.com.ar\/2021\/"},{"@type":"ListItem","position":2,"name":"1\u00b0 interregional de gimnasia en los Juegos Bonaerenses"}]},{"@type":"WebSite","@id":"https:\/\/www.noticiasradioreflejos.com.ar\/2021\/#website","url":"https:\/\/www.noticiasradioreflejos.com.ar\/2021\/","name":"Noticias Radio Reflejos","description":"Las noticias de mi comarca","potentialAction":[{"@type":"SearchAction","target":{"@type":"EntryPoint","urlTemplate":"https:\/\/www.noticiasradioreflejos.com.ar\/2021\/?s={search_term_string}"},"query-input":{"@type":"PropertyValueSpecification","valueRequired":true,"valueName":"search_term_string"}}],"inLanguage":"es"},{"@type":"Person","@id":"https:\/\/www.noticiasradioreflejos.com.ar\/2021\/#\/schema\/person\/ad82545263dcc5ec0996818884fd5fb1","name":"Arnaldo Botto","image":{"@type":"ImageObject","inLanguage":"es","@id":"https:\/\/www.noticiasradioreflejos.com.ar\/2021\/#\/schema\/person\/image\/","url":"https:\/\/secure.gravatar.com\/avatar\/55cb5e37c1efa326397366e6974cb338056df65cb50e7d64d1cf314e87504837?s=96&d=mm&r=g","contentUrl":"https:\/\/secure.gravatar.com\/avatar\/55cb5e37c1efa326397366e6974cb338056df65cb50e7d64d1cf314e87504837?s=96&d=mm&r=g","caption":"Arnaldo Botto"},"url":"https:\/\/www.noticiasradioreflejos.com.ar\/2021\/author\/arnaldo\/"}]}},"_links":{"self":[{"href":"https:\/\/www.noticiasradioreflejos.com.ar\/2021\/wp-json\/wp\/v2\/posts\/875","targetHints":{"allow":["GET"]}}],"collection":[{"href":"https:\/\/www.noticiasradioreflejos.com.ar\/2021\/wp-json\/wp\/v2\/posts"}],"about":[{"href":"https:\/\/www.noticiasradioreflejos.com.ar\/2021\/wp-json\/wp\/v2\/types\/post"}],"author":[{"embeddable":true,"href":"https:\/\/www.noticiasradioreflejos.com.ar\/2021\/wp-json\/wp\/v2\/users\/3"}],"replies":[{"embeddable":true,"href":"https:\/\/www.noticiasradioreflejos.com.ar\/2021\/wp-json\/wp\/v2\/comments?post=875"}],"version-history":[{"count":0,"href":"https:\/\/www.noticiasradioreflejos.com.ar\/2021\/wp-json\/wp\/v2\/posts\/875\/revisions"}],"wp:attachment":[{"href":"https:\/\/www.noticiasradioreflejos.com.ar\/2021\/wp-json\/wp\/v2\/media?parent=875"}],"wp:term":[{"taxonomy":"category","embeddable":true,"href":"https:\/\/www.noticiasradioreflejos.com.ar\/2021\/wp-json\/wp\/v2\/categories?post=875"},{"taxonomy":"post_tag","embeddable":true,"href":"https:\/\/www.noticiasradioreflejos.com.ar\/2021\/wp-json\/wp\/v2\/tags?post=875"}],"curies":[{"name":"wp","href":"https:\/\/api.w.org\/{rel}","templated":true}]}}