{"id":87377,"date":"2023-04-29T14:27:20","date_gmt":"2023-04-29T14:27:20","guid":{"rendered":"https:\/\/www.noticiasradioreflejos.com.ar\/2021\/?p=87377"},"modified":"2023-04-29T14:27:20","modified_gmt":"2023-04-29T14:27:20","slug":"continua-la-encuesta-provincial-de-acceso-utilizacion-y-satisfaccion-con-los-servicios-de-salud-202","status":"publish","type":"post","link":"https:\/\/www.noticiasradioreflejos.com.ar\/2021\/continua-la-encuesta-provincial-de-acceso-utilizacion-y-satisfaccion-con-los-servicios-de-salud-202\/","title":{"rendered":"Contin\u00faa la Encuesta Provincial de Acceso, Utilizaci\u00f3n y Satisfacci\u00f3n con los Servicios de Salud 202"},"content":{"rendered":"<p>El Gobierno de la provincia de Buenos Aires contin\u00faa una encuesta para conocer detalles sobre el acceso y la utilizaci\u00f3n de los usuarios de los servicios de salud p\u00fablicos y privados en la provincia de Buenos Aires, inform\u00f3 la cartera de Salud bonaerense.<!--more--><\/p>\n<p>El relevamiento, que se inici\u00f3 el pasado 20 de marzo, se extender\u00e1 hasta fines de junio y, seg\u00fan indicaron, \u00abbusca conocer c\u00f3mo acceden los y las bonaerenses al diagn\u00f3stico y tratamiento m\u00e9dico, es parte del Plan Quinquenal de Salud bonaerense\u00bb.<\/p>\n<p>En este marco, los encuestadores visitan viviendas seleccionadas de forma aleatoria \u00abmediante t\u00e9cnicas de muestreo\u00bb y consultan sobre el acceso a los diagn\u00f3sticos y a los tratamientos m\u00e9dicos.<\/p>\n<p>\u00abEs la primera vez que se realiza este trabajo en la provincia de Buenos Aires, que busca caracterizar la situaci\u00f3n socio-sanitaria de su poblaci\u00f3n y medir el acceso y uso de los servicios de salud, tanto en \u00e1mbitos p\u00fablicos como privados\u00bb, se\u00f1alaron desde el Ministerio de Salud bonaerense a trav\u00e9s de un comunicado.<\/p>\n<p>De igual modo, indicaron que \u00abse propone identificar, tambi\u00e9n, si las personas realizan alg\u00fan tipo de gasto y si se presentan barreras para acceder a los diferentes tipos de servicios y tecnolog\u00edas de salud\u00bb.<\/p>\n<p>La \u00abEncuesta Provincial de Acceso, Utilizaci\u00f3n y Satisfacci\u00f3n con los Servicios de Salud 2023 (EPAUSS 2023)\u00bb es lleva adelante en el marco de un trabajo en conjunto realizado por el Ministerio de Salud bonaerense, junto a la Direcci\u00f3n Provincial de Estad\u00edstica (DPE) de la cartera provincial de Hacienda y Finanzas y las Facultades de Ciencias Exactas y Ciencias Econ\u00f3micas de la Universidad Nacional de La Plata.<\/p>\n<p>Asimismo, se inform\u00f3 que el personal abocado a este operativo est\u00e1 debidamente identificado con una credencial, en la cual consta nombre, apellido, DNI y rol.<\/p>\n<p>Dicha informaci\u00f3n puede ser verificada en www.estad\u00edstica.ec.gba.gov.ar, secci\u00f3n \u00abConozca a su encuestador\/a\u00bb que ofrece el listado de encuestadores.<\/p>\n<p>Al respecto, desde la cartera de salud se inform\u00f3 que mantiene abierta una convocatoria para encuestadores de la EPAUSS 2023, abierta para todas las personas de 18 a\u00f1os a 64 a\u00f1os que residen en el territorio bonaerense.<\/p>\n<p>Al respecto indicaron que para los interesados, se valora positivamente la experiencia en este tipo de relevamientos. Asimismo, se realizar\u00e1n capacitaciones a cada encuestador antes de la salida al campo.<\/p>\n<p>\u00abSe abona entre $1500 y $2000 por encuesta realizada, m\u00e1s un vi\u00e1tico diferencial seg\u00fan localidad de residencia y del territorio asignado, y un adicional para contrataci\u00f3n de seguro de celular (por cuenta del\/a encuestador\/a). Se estima una demora del pago de 1 mes luego del mes trabajado\u00bb, indicaron.<\/p>\n<p>Adem\u00e1s, se inform\u00f3 que el encuestador\/a tiene garantizado un seguro de vida y accidente para las salidas a territorio, contrataci\u00f3n a cargo de cada Unidad Acad\u00e9mica mediante la aseguradora Provincia Seguros.<\/p>\n<p>Desde la Provincia, se inform\u00f3 que los interesados en postularse pueden completar tus datos a trav\u00e9s de la web.<\/p>\n","protected":false},"excerpt":{"rendered":"<p>El Gobierno de la provincia de Buenos Aires contin\u00faa una encuesta para conocer detalles sobre el acceso y la utilizaci\u00f3n de los usuarios de los servicios de salud p\u00fablicos y privados en la provincia de Buenos Aires, inform\u00f3 la cartera de Salud bonaerense.<\/p>\n","protected":false},"author":3,"featured_media":0,"comment_status":"closed","ping_status":"closed","sticky":false,"template":"","format":"standard","meta":{"footnotes":""},"categories":[24,30],"tags":[],"class_list":["post-87377","post","type-post","status-publish","format-standard","hentry","category-politica","category-salud"],"yoast_head":"<!-- This site is optimized with the Yoast SEO plugin v25.9 - https:\/\/yoast.com\/wordpress\/plugins\/seo\/ -->\n<title>Contin\u00faa la Encuesta Provincial de Acceso, Utilizaci\u00f3n y Satisfacci\u00f3n con los Servicios de Salud 202 - Noticias Radio Reflejos<\/title>\n<meta name=\"robots\" content=\"index, follow, max-snippet:-1, max-image-preview:large, max-video-preview:-1\" \/>\n<link rel=\"canonical\" href=\"https:\/\/www.noticiasradioreflejos.com.ar\/2021\/continua-la-encuesta-provincial-de-acceso-utilizacion-y-satisfaccion-con-los-servicios-de-salud-202\/\" \/>\n<meta property=\"og:locale\" content=\"es_ES\" \/>\n<meta property=\"og:type\" content=\"article\" \/>\n<meta property=\"og:title\" content=\"Contin\u00faa la Encuesta Provincial de Acceso, Utilizaci\u00f3n y Satisfacci\u00f3n con los Servicios de Salud 202 - Noticias Radio Reflejos\" \/>\n<meta property=\"og:description\" content=\"El Gobierno de la provincia de Buenos Aires contin\u00faa una encuesta para conocer detalles sobre el acceso y la utilizaci\u00f3n de los usuarios de los servicios de salud p\u00fablicos y privados en la provincia de Buenos Aires, inform\u00f3 la cartera de Salud bonaerense.\" \/>\n<meta property=\"og:url\" content=\"https:\/\/www.noticiasradioreflejos.com.ar\/2021\/continua-la-encuesta-provincial-de-acceso-utilizacion-y-satisfaccion-con-los-servicios-de-salud-202\/\" \/>\n<meta property=\"og:site_name\" content=\"Noticias Radio Reflejos\" \/>\n<meta property=\"article:published_time\" content=\"2023-04-29T14:27:20+00:00\" \/>\n<meta property=\"og:image\" content=\"https:\/\/www.noticiasradioreflejos.com.ar\/2021\/wp-content\/uploads\/2021\/07\/logosol300x200.png\" \/>\n\t<meta property=\"og:image:width\" content=\"300\" \/>\n\t<meta property=\"og:image:height\" content=\"200\" \/>\n\t<meta property=\"og:image:type\" content=\"image\/png\" \/>\n<meta name=\"author\" content=\"Arnaldo Botto\" \/>\n<meta name=\"twitter:card\" content=\"summary_large_image\" \/>\n<script type=\"application\/ld+json\" class=\"yoast-schema-graph\">{\"@context\":\"https:\/\/schema.org\",\"@graph\":[{\"@type\":\"WebPage\",\"@id\":\"https:\/\/www.noticiasradioreflejos.com.ar\/2021\/continua-la-encuesta-provincial-de-acceso-utilizacion-y-satisfaccion-con-los-servicios-de-salud-202\/\",\"url\":\"https:\/\/www.noticiasradioreflejos.com.ar\/2021\/continua-la-encuesta-provincial-de-acceso-utilizacion-y-satisfaccion-con-los-servicios-de-salud-202\/\",\"name\":\"Contin\u00faa la Encuesta Provincial de Acceso, Utilizaci\u00f3n y Satisfacci\u00f3n con los Servicios de Salud 202 - Noticias Radio Reflejos\",\"isPartOf\":{\"@id\":\"https:\/\/www.noticiasradioreflejos.com.ar\/2021\/#website\"},\"datePublished\":\"2023-04-29T14:27:20+00:00\",\"author\":{\"@id\":\"https:\/\/www.noticiasradioreflejos.com.ar\/2021\/#\/schema\/person\/ad82545263dcc5ec0996818884fd5fb1\"},\"breadcrumb\":{\"@id\":\"https:\/\/www.noticiasradioreflejos.com.ar\/2021\/continua-la-encuesta-provincial-de-acceso-utilizacion-y-satisfaccion-con-los-servicios-de-salud-202\/#breadcrumb\"},\"inLanguage\":\"es\",\"potentialAction\":[{\"@type\":\"ReadAction\",\"target\":[\"https:\/\/www.noticiasradioreflejos.com.ar\/2021\/continua-la-encuesta-provincial-de-acceso-utilizacion-y-satisfaccion-con-los-servicios-de-salud-202\/\"]}]},{\"@type\":\"BreadcrumbList\",\"@id\":\"https:\/\/www.noticiasradioreflejos.com.ar\/2021\/continua-la-encuesta-provincial-de-acceso-utilizacion-y-satisfaccion-con-los-servicios-de-salud-202\/#breadcrumb\",\"itemListElement\":[{\"@type\":\"ListItem\",\"position\":1,\"name\":\"Portada\",\"item\":\"https:\/\/www.noticiasradioreflejos.com.ar\/2021\/\"},{\"@type\":\"ListItem\",\"position\":2,\"name\":\"Contin\u00faa la Encuesta Provincial de Acceso, Utilizaci\u00f3n y Satisfacci\u00f3n con los Servicios de Salud 202\"}]},{\"@type\":\"WebSite\",\"@id\":\"https:\/\/www.noticiasradioreflejos.com.ar\/2021\/#website\",\"url\":\"https:\/\/www.noticiasradioreflejos.com.ar\/2021\/\",\"name\":\"Noticias Radio Reflejos\",\"description\":\"Las noticias de mi comarca\",\"potentialAction\":[{\"@type\":\"SearchAction\",\"target\":{\"@type\":\"EntryPoint\",\"urlTemplate\":\"https:\/\/www.noticiasradioreflejos.com.ar\/2021\/?s={search_term_string}\"},\"query-input\":{\"@type\":\"PropertyValueSpecification\",\"valueRequired\":true,\"valueName\":\"search_term_string\"}}],\"inLanguage\":\"es\"},{\"@type\":\"Person\",\"@id\":\"https:\/\/www.noticiasradioreflejos.com.ar\/2021\/#\/schema\/person\/ad82545263dcc5ec0996818884fd5fb1\",\"name\":\"Arnaldo Botto\",\"image\":{\"@type\":\"ImageObject\",\"inLanguage\":\"es\",\"@id\":\"https:\/\/www.noticiasradioreflejos.com.ar\/2021\/#\/schema\/person\/image\/\",\"url\":\"https:\/\/secure.gravatar.com\/avatar\/55cb5e37c1efa326397366e6974cb338056df65cb50e7d64d1cf314e87504837?s=96&d=mm&r=g\",\"contentUrl\":\"https:\/\/secure.gravatar.com\/avatar\/55cb5e37c1efa326397366e6974cb338056df65cb50e7d64d1cf314e87504837?s=96&d=mm&r=g\",\"caption\":\"Arnaldo Botto\"},\"url\":\"https:\/\/www.noticiasradioreflejos.com.ar\/2021\/author\/arnaldo\/\"}]}<\/script>\n<!-- \/ Yoast SEO plugin. -->","yoast_head_json":{"title":"Contin\u00faa la Encuesta Provincial de Acceso, Utilizaci\u00f3n y Satisfacci\u00f3n con los Servicios de Salud 202 - Noticias Radio Reflejos","robots":{"index":"index","follow":"follow","max-snippet":"max-snippet:-1","max-image-preview":"max-image-preview:large","max-video-preview":"max-video-preview:-1"},"canonical":"https:\/\/www.noticiasradioreflejos.com.ar\/2021\/continua-la-encuesta-provincial-de-acceso-utilizacion-y-satisfaccion-con-los-servicios-de-salud-202\/","og_locale":"es_ES","og_type":"article","og_title":"Contin\u00faa la Encuesta Provincial de Acceso, Utilizaci\u00f3n y Satisfacci\u00f3n con los Servicios de Salud 202 - Noticias Radio Reflejos","og_description":"El Gobierno de la provincia de Buenos Aires contin\u00faa una encuesta para conocer detalles sobre el acceso y la utilizaci\u00f3n de los usuarios de los servicios de salud p\u00fablicos y privados en la provincia de Buenos Aires, inform\u00f3 la cartera de Salud bonaerense.","og_url":"https:\/\/www.noticiasradioreflejos.com.ar\/2021\/continua-la-encuesta-provincial-de-acceso-utilizacion-y-satisfaccion-con-los-servicios-de-salud-202\/","og_site_name":"Noticias Radio Reflejos","article_published_time":"2023-04-29T14:27:20+00:00","og_image":[{"width":300,"height":200,"url":"https:\/\/www.noticiasradioreflejos.com.ar\/2021\/wp-content\/uploads\/2021\/07\/logosol300x200.png","type":"image\/png"}],"author":"Arnaldo Botto","twitter_card":"summary_large_image","schema":{"@context":"https:\/\/schema.org","@graph":[{"@type":"WebPage","@id":"https:\/\/www.noticiasradioreflejos.com.ar\/2021\/continua-la-encuesta-provincial-de-acceso-utilizacion-y-satisfaccion-con-los-servicios-de-salud-202\/","url":"https:\/\/www.noticiasradioreflejos.com.ar\/2021\/continua-la-encuesta-provincial-de-acceso-utilizacion-y-satisfaccion-con-los-servicios-de-salud-202\/","name":"Contin\u00faa la Encuesta Provincial de Acceso, Utilizaci\u00f3n y Satisfacci\u00f3n con los Servicios de Salud 202 - Noticias Radio Reflejos","isPartOf":{"@id":"https:\/\/www.noticiasradioreflejos.com.ar\/2021\/#website"},"datePublished":"2023-04-29T14:27:20+00:00","author":{"@id":"https:\/\/www.noticiasradioreflejos.com.ar\/2021\/#\/schema\/person\/ad82545263dcc5ec0996818884fd5fb1"},"breadcrumb":{"@id":"https:\/\/www.noticiasradioreflejos.com.ar\/2021\/continua-la-encuesta-provincial-de-acceso-utilizacion-y-satisfaccion-con-los-servicios-de-salud-202\/#breadcrumb"},"inLanguage":"es","potentialAction":[{"@type":"ReadAction","target":["https:\/\/www.noticiasradioreflejos.com.ar\/2021\/continua-la-encuesta-provincial-de-acceso-utilizacion-y-satisfaccion-con-los-servicios-de-salud-202\/"]}]},{"@type":"BreadcrumbList","@id":"https:\/\/www.noticiasradioreflejos.com.ar\/2021\/continua-la-encuesta-provincial-de-acceso-utilizacion-y-satisfaccion-con-los-servicios-de-salud-202\/#breadcrumb","itemListElement":[{"@type":"ListItem","position":1,"name":"Portada","item":"https:\/\/www.noticiasradioreflejos.com.ar\/2021\/"},{"@type":"ListItem","position":2,"name":"Contin\u00faa la Encuesta Provincial de Acceso, Utilizaci\u00f3n y Satisfacci\u00f3n con los Servicios de Salud 202"}]},{"@type":"WebSite","@id":"https:\/\/www.noticiasradioreflejos.com.ar\/2021\/#website","url":"https:\/\/www.noticiasradioreflejos.com.ar\/2021\/","name":"Noticias Radio Reflejos","description":"Las noticias de mi comarca","potentialAction":[{"@type":"SearchAction","target":{"@type":"EntryPoint","urlTemplate":"https:\/\/www.noticiasradioreflejos.com.ar\/2021\/?s={search_term_string}"},"query-input":{"@type":"PropertyValueSpecification","valueRequired":true,"valueName":"search_term_string"}}],"inLanguage":"es"},{"@type":"Person","@id":"https:\/\/www.noticiasradioreflejos.com.ar\/2021\/#\/schema\/person\/ad82545263dcc5ec0996818884fd5fb1","name":"Arnaldo Botto","image":{"@type":"ImageObject","inLanguage":"es","@id":"https:\/\/www.noticiasradioreflejos.com.ar\/2021\/#\/schema\/person\/image\/","url":"https:\/\/secure.gravatar.com\/avatar\/55cb5e37c1efa326397366e6974cb338056df65cb50e7d64d1cf314e87504837?s=96&d=mm&r=g","contentUrl":"https:\/\/secure.gravatar.com\/avatar\/55cb5e37c1efa326397366e6974cb338056df65cb50e7d64d1cf314e87504837?s=96&d=mm&r=g","caption":"Arnaldo Botto"},"url":"https:\/\/www.noticiasradioreflejos.com.ar\/2021\/author\/arnaldo\/"}]}},"_links":{"self":[{"href":"https:\/\/www.noticiasradioreflejos.com.ar\/2021\/wp-json\/wp\/v2\/posts\/87377","targetHints":{"allow":["GET"]}}],"collection":[{"href":"https:\/\/www.noticiasradioreflejos.com.ar\/2021\/wp-json\/wp\/v2\/posts"}],"about":[{"href":"https:\/\/www.noticiasradioreflejos.com.ar\/2021\/wp-json\/wp\/v2\/types\/post"}],"author":[{"embeddable":true,"href":"https:\/\/www.noticiasradioreflejos.com.ar\/2021\/wp-json\/wp\/v2\/users\/3"}],"replies":[{"embeddable":true,"href":"https:\/\/www.noticiasradioreflejos.com.ar\/2021\/wp-json\/wp\/v2\/comments?post=87377"}],"version-history":[{"count":1,"href":"https:\/\/www.noticiasradioreflejos.com.ar\/2021\/wp-json\/wp\/v2\/posts\/87377\/revisions"}],"predecessor-version":[{"id":87379,"href":"https:\/\/www.noticiasradioreflejos.com.ar\/2021\/wp-json\/wp\/v2\/posts\/87377\/revisions\/87379"}],"wp:attachment":[{"href":"https:\/\/www.noticiasradioreflejos.com.ar\/2021\/wp-json\/wp\/v2\/media?parent=87377"}],"wp:term":[{"taxonomy":"category","embeddable":true,"href":"https:\/\/www.noticiasradioreflejos.com.ar\/2021\/wp-json\/wp\/v2\/categories?post=87377"},{"taxonomy":"post_tag","embeddable":true,"href":"https:\/\/www.noticiasradioreflejos.com.ar\/2021\/wp-json\/wp\/v2\/tags?post=87377"}],"curies":[{"name":"wp","href":"https:\/\/api.w.org\/{rel}","templated":true}]}}