{"id":87372,"date":"2023-04-29T14:20:48","date_gmt":"2023-04-29T14:20:48","guid":{"rendered":"https:\/\/www.noticiasradioreflejos.com.ar\/2021\/?p=87372"},"modified":"2023-04-29T14:20:48","modified_gmt":"2023-04-29T14:20:48","slug":"con-la-siembra-pronta-a-comenzar-estiman-que-el-area-de-trigo-podria-expandirse-casi-10","status":"publish","type":"post","link":"https:\/\/www.noticiasradioreflejos.com.ar\/2021\/con-la-siembra-pronta-a-comenzar-estiman-que-el-area-de-trigo-podria-expandirse-casi-10\/","title":{"rendered":"Con la siembra pronta a comenzar, estiman que el \u00e1rea de trigo podr\u00eda expandirse casi 10%"},"content":{"rendered":"<p>La pr\u00f3xima campa\u00f1a de trigo se posiciona como una posibilidad para el sector agropecuario de dar vuelta la p\u00e1gina respecto de la sequ\u00eda, que caus\u00f3 un desastre productivo en la producci\u00f3n del cereal, ya que las primeras estimaciones hablan de una expansi\u00f3n en el \u00e1rea a sembrar del 10% respecto del ciclo anterior.<!--more--><\/p>\n<p>As\u00ed, la campa\u00f1a 2023\/24 de trigo podr\u00eda expandirse en 600.000 hect\u00e1reas respecto de la 2022\/23, y pasar de 6,1 a 6,7 millones de hect\u00e1reas, seg\u00fan previsiones de la Bolsa de Cereales de Buenos Aires (BCBA), superficie que, al mismo tiempo, se ubica en un 4,7 % por encima del \u00e1rea promedio de las \u00faltimas cinco campa\u00f1as.<\/p>\n<p>\u00abDe concretarse dicha proyecci\u00f3n, la superficie esperada para la campa\u00f1a 2023\/24 ser\u00eda, junto a la campa\u00f1a 2021\/22, la segunda m\u00e1s alta de los \u00faltimos 22 a\u00f1os\u00bb, asever\u00f3 el informe de la BCBA.<\/p>\n<p>No obstante, aclar\u00f3 que \u00abdicha proyecci\u00f3n de superficie queda supeditada a las precipitaciones registradas durante las pr\u00f3ximas cinco semanas y la recuperaci\u00f3n de las reservas de humedad y en los primeros cent\u00edmetros del perfil que permitan concretar los planes de siembra\u00bb.<\/p>\n<p>La concreci\u00f3n de ese hectareaje \u00abdepende mucho del clima de ac\u00e1 a 20 de mayo\u00bb, dijo a T\u00e9lam el presidente de la Asociaci\u00f3n Argentina del Trigo (Argentrigo), Miguel Can\u00e9.<\/p>\n<p>\u00abLa realidad es que no ha llovido lo que se esperaba y hay muchas zonas que est\u00e1n con perfiles secos, muchas zonas. El sur puede esperar para sembrar m\u00e1s tarde, el norte si no le llega el agua para el 20 de mayo va a ser dif\u00edcil que la gente se largue\u00bb, dijo Can\u00e9.<\/p>\n<p>\u00abVoluntad de sembrar trigo me parece que hay, para tomar revancha de la seca y como cultivo que genera renta o ingresos para fines de a\u00f1o\u00bb, indic\u00f3 el dirigente empresario.<\/p>\n<p>La pasada campa\u00f1a de trigo concluy\u00f3 con un \u00abdesastre productivo\u00bb, como consecuencia de la conjugaci\u00f3n entre una fuerte sequ\u00eda (la \u00abpeor de la historia\u00bb, seg\u00fan el Gobierno) y heladas tard\u00edas que supieron darle la estocada final a un cultivo que ya ven\u00eda con una fuerte merma en los rindes.<\/p>\n<p>As\u00ed, la cosecha arroj\u00f3 una ca\u00edda del 45%, equivalente a 10 millones de toneladas menos hasta las 12,4 millones, mientras que las p\u00e9rdidas econ\u00f3micas fueron calculadas en US$ 4.000 millones.<\/p>\n<p>Ya con la finalizaci\u00f3n del fen\u00f3meno clim\u00e1tico de La Ni\u00f1a, que supone menores lluvias al promedio para nuestro pa\u00eds, afect\u00e1ndolo de manera consecutiva durante tres a\u00f1os, a mediados de mayo comenz\u00f3 a producirse un proceso de regularizaci\u00f3n de las precipitaciones para recomponer los niveles de agua en los suelos.<\/p>\n<p>Para poder encarar la nueva campa\u00f1a de trigo, se estimaba la necesidad de que caigan entre 250 y 300 mil\u00edmetros (mm), pero en algunas zonas eso todav\u00eda no sucedi\u00f3.<\/p>\n<p>Seg\u00fan Can\u00e9, en la denominada zona agr\u00edcola n\u00facleo, que comprende el norte de Buenos Aires, sur de Santa Fe y este de C\u00f3rdoba, \u00abtiene que llover no menos de 80 a 100 mil\u00edmetros para que haya una recarga m\u00e1s o menos decente en el perfil\u00bb, mientras que en las zonas costeras y el sur bonaerense la situaci\u00f3n es diferente, con buenos niveles de humedad en los suelos.<\/p>\n<p>De hecho, en su informe semanal sobre la zona n\u00facleo, la Bolsa de Comercio de Rosario (BCR) sostuvo que \u00ablos suelos muestran las condiciones m\u00e1s secas de los \u00faltimos 30 a\u00f1os\u00bb.<\/p>\n<p>\u00abAbril del 2023 exhibe una muy mala situaci\u00f3n agroclim\u00e1tica, porque hacer trigo es una necesidad fundamental para buscar fondos frescos tras los resultados que deja la peor sequ\u00eda de los \u00faltimos 60 a\u00f1os. Con 100 a 120 mm de precipitaci\u00f3n media, abril era un mes clave para recuperar los 150 a 200 mm que faltan en los suelos, pero se despide con 75 a 100 mm menos. Sobre la regi\u00f3n pampeana, abril totaliza un rango que va del 10 al 40% de la normal\u00bb, indic\u00f3 el informe.<\/p>\n<p>Respecto del contexto econ\u00f3mico, si bien el sector tendr\u00e1 que lidiar no s\u00f3lo con el fracaso de la campa\u00f1a pasada de trigo sino tambi\u00e9n con la malograda cosecha de soja y ma\u00edz, el escenario de precios y costo es, a priori, beneficioso para el cultivo.<\/p>\n<p>Seg\u00fan la BCBA, el precio promedio de abril de Chicago para el trigo se encuentra actualmente en niveles de US$ 250 la tonelada, lo que representa una disminuci\u00f3n del 36% en comparaci\u00f3n con abril del a\u00f1o pasado, aunque a\u00fan 10% por encima del promedio de los \u00faltimos cinco a\u00f1os.<\/p>\n<p>Por el lado de los costos, \u00abse viene presentando una fuerte reducci\u00f3n de los precios en la plaza local e internacional\u00bb.<\/p>\n<p>En la plaza local, los fertilizantes se redujeron en promedio alrededor de un 44% respecto del mismo periodo el a\u00f1o pasado, fundamentalmente por la reducci\u00f3n del precio de la Urea y PDA en un 56% y 35%, mientras que los precios de los herbicidas cayeron alrededor del 6% en relaci\u00f3n con el mismo periodo del a\u00f1o anterior.<\/p>\n<p>As\u00ed, hasta el momento la relaci\u00f3n insumo-producto \u00abmejor\u00f3 alrededor de un 21% gracias a la mayor reducci\u00f3n en los precios de los fertilizantes, y se posiciona como una de las mejores respecto de las \u00faltimas campa\u00f1as\u00bb, sostuvo el trabajo de la BCBA.<\/p>\n<p>Para urea y fosfato diam\u00f3nico se necesitan 52% y 27% menos de granos para acceder a la misma cantidad de insumos respecto del a\u00f1o pasado.<\/p>\n<p>Sin embargo, en t\u00e9rminos de herbicidas y combustibles, se necesitan 4% y 32% m\u00e1s de granos para acceder a la misma cantidad de insumos.<\/p><\/div>\n","protected":false},"excerpt":{"rendered":"<p>La pr\u00f3xima campa\u00f1a de trigo se posiciona como una posibilidad para el sector agropecuario de dar vuelta la p\u00e1gina respecto de la sequ\u00eda, que caus\u00f3 un desastre productivo en la producci\u00f3n del cereal, ya que las primeras estimaciones hablan de una expansi\u00f3n en el \u00e1rea a sembrar del 10% respecto del ciclo anterior.<\/p>\n","protected":false},"author":3,"featured_media":66226,"comment_status":"closed","ping_status":"closed","sticky":false,"template":"","format":"standard","meta":{"footnotes":""},"categories":[36,26],"tags":[],"class_list":["post-87372","post","type-post","status-publish","format-standard","has-post-thumbnail","hentry","category-economia","category-sociedad"],"yoast_head":"<!-- This site is optimized with the Yoast SEO plugin v25.9 - https:\/\/yoast.com\/wordpress\/plugins\/seo\/ -->\n<title>Con la siembra pronta a comenzar, estiman que el \u00e1rea de trigo podr\u00eda expandirse casi 10% - Noticias Radio Reflejos<\/title>\n<meta name=\"robots\" content=\"index, follow, max-snippet:-1, max-image-preview:large, max-video-preview:-1\" \/>\n<link rel=\"canonical\" href=\"https:\/\/www.noticiasradioreflejos.com.ar\/2021\/con-la-siembra-pronta-a-comenzar-estiman-que-el-area-de-trigo-podria-expandirse-casi-10\/\" \/>\n<meta property=\"og:locale\" content=\"es_ES\" \/>\n<meta property=\"og:type\" content=\"article\" \/>\n<meta property=\"og:title\" content=\"Con la siembra pronta a comenzar, estiman que el \u00e1rea de trigo podr\u00eda expandirse casi 10% - Noticias Radio Reflejos\" \/>\n<meta property=\"og:description\" content=\"La pr\u00f3xima campa\u00f1a de trigo se posiciona como una posibilidad para el sector agropecuario de dar vuelta la p\u00e1gina respecto de la sequ\u00eda, que caus\u00f3 un desastre productivo en la producci\u00f3n del cereal, ya que las primeras estimaciones hablan de una expansi\u00f3n en el \u00e1rea a sembrar del 10% respecto del ciclo anterior.\" \/>\n<meta property=\"og:url\" content=\"https:\/\/www.noticiasradioreflejos.com.ar\/2021\/con-la-siembra-pronta-a-comenzar-estiman-que-el-area-de-trigo-podria-expandirse-casi-10\/\" \/>\n<meta property=\"og:site_name\" content=\"Noticias Radio Reflejos\" \/>\n<meta property=\"article:published_time\" content=\"2023-04-29T14:20:48+00:00\" \/>\n<meta property=\"og:image\" content=\"https:\/\/www.noticiasradioreflejos.com.ar\/2021\/wp-content\/uploads\/2021\/12\/trigo.jpg\" \/>\n\t<meta property=\"og:image:width\" content=\"640\" \/>\n\t<meta property=\"og:image:height\" content=\"360\" \/>\n\t<meta property=\"og:image:type\" content=\"image\/jpeg\" \/>\n<meta name=\"author\" content=\"Arnaldo Botto\" \/>\n<meta name=\"twitter:card\" content=\"summary_large_image\" \/>\n<script type=\"application\/ld+json\" class=\"yoast-schema-graph\">{\"@context\":\"https:\/\/schema.org\",\"@graph\":[{\"@type\":\"WebPage\",\"@id\":\"https:\/\/www.noticiasradioreflejos.com.ar\/2021\/con-la-siembra-pronta-a-comenzar-estiman-que-el-area-de-trigo-podria-expandirse-casi-10\/\",\"url\":\"https:\/\/www.noticiasradioreflejos.com.ar\/2021\/con-la-siembra-pronta-a-comenzar-estiman-que-el-area-de-trigo-podria-expandirse-casi-10\/\",\"name\":\"Con la siembra pronta a comenzar, estiman que el \u00e1rea de trigo podr\u00eda expandirse casi 10% - Noticias Radio Reflejos\",\"isPartOf\":{\"@id\":\"https:\/\/www.noticiasradioreflejos.com.ar\/2021\/#website\"},\"primaryImageOfPage\":{\"@id\":\"https:\/\/www.noticiasradioreflejos.com.ar\/2021\/con-la-siembra-pronta-a-comenzar-estiman-que-el-area-de-trigo-podria-expandirse-casi-10\/#primaryimage\"},\"image\":{\"@id\":\"https:\/\/www.noticiasradioreflejos.com.ar\/2021\/con-la-siembra-pronta-a-comenzar-estiman-que-el-area-de-trigo-podria-expandirse-casi-10\/#primaryimage\"},\"thumbnailUrl\":\"https:\/\/www.noticiasradioreflejos.com.ar\/2021\/wp-content\/uploads\/2021\/12\/trigo.jpg\",\"datePublished\":\"2023-04-29T14:20:48+00:00\",\"author\":{\"@id\":\"https:\/\/www.noticiasradioreflejos.com.ar\/2021\/#\/schema\/person\/ad82545263dcc5ec0996818884fd5fb1\"},\"breadcrumb\":{\"@id\":\"https:\/\/www.noticiasradioreflejos.com.ar\/2021\/con-la-siembra-pronta-a-comenzar-estiman-que-el-area-de-trigo-podria-expandirse-casi-10\/#breadcrumb\"},\"inLanguage\":\"es\",\"potentialAction\":[{\"@type\":\"ReadAction\",\"target\":[\"https:\/\/www.noticiasradioreflejos.com.ar\/2021\/con-la-siembra-pronta-a-comenzar-estiman-que-el-area-de-trigo-podria-expandirse-casi-10\/\"]}]},{\"@type\":\"ImageObject\",\"inLanguage\":\"es\",\"@id\":\"https:\/\/www.noticiasradioreflejos.com.ar\/2021\/con-la-siembra-pronta-a-comenzar-estiman-que-el-area-de-trigo-podria-expandirse-casi-10\/#primaryimage\",\"url\":\"https:\/\/www.noticiasradioreflejos.com.ar\/2021\/wp-content\/uploads\/2021\/12\/trigo.jpg\",\"contentUrl\":\"https:\/\/www.noticiasradioreflejos.com.ar\/2021\/wp-content\/uploads\/2021\/12\/trigo.jpg\",\"width\":640,\"height\":360},{\"@type\":\"BreadcrumbList\",\"@id\":\"https:\/\/www.noticiasradioreflejos.com.ar\/2021\/con-la-siembra-pronta-a-comenzar-estiman-que-el-area-de-trigo-podria-expandirse-casi-10\/#breadcrumb\",\"itemListElement\":[{\"@type\":\"ListItem\",\"position\":1,\"name\":\"Portada\",\"item\":\"https:\/\/www.noticiasradioreflejos.com.ar\/2021\/\"},{\"@type\":\"ListItem\",\"position\":2,\"name\":\"Con la siembra pronta a comenzar, estiman que el \u00e1rea de trigo podr\u00eda expandirse casi 10%\"}]},{\"@type\":\"WebSite\",\"@id\":\"https:\/\/www.noticiasradioreflejos.com.ar\/2021\/#website\",\"url\":\"https:\/\/www.noticiasradioreflejos.com.ar\/2021\/\",\"name\":\"Noticias Radio Reflejos\",\"description\":\"Las noticias de mi comarca\",\"potentialAction\":[{\"@type\":\"SearchAction\",\"target\":{\"@type\":\"EntryPoint\",\"urlTemplate\":\"https:\/\/www.noticiasradioreflejos.com.ar\/2021\/?s={search_term_string}\"},\"query-input\":{\"@type\":\"PropertyValueSpecification\",\"valueRequired\":true,\"valueName\":\"search_term_string\"}}],\"inLanguage\":\"es\"},{\"@type\":\"Person\",\"@id\":\"https:\/\/www.noticiasradioreflejos.com.ar\/2021\/#\/schema\/person\/ad82545263dcc5ec0996818884fd5fb1\",\"name\":\"Arnaldo Botto\",\"image\":{\"@type\":\"ImageObject\",\"inLanguage\":\"es\",\"@id\":\"https:\/\/www.noticiasradioreflejos.com.ar\/2021\/#\/schema\/person\/image\/\",\"url\":\"https:\/\/secure.gravatar.com\/avatar\/55cb5e37c1efa326397366e6974cb338056df65cb50e7d64d1cf314e87504837?s=96&d=mm&r=g\",\"contentUrl\":\"https:\/\/secure.gravatar.com\/avatar\/55cb5e37c1efa326397366e6974cb338056df65cb50e7d64d1cf314e87504837?s=96&d=mm&r=g\",\"caption\":\"Arnaldo Botto\"},\"url\":\"https:\/\/www.noticiasradioreflejos.com.ar\/2021\/author\/arnaldo\/\"}]}<\/script>\n<!-- \/ Yoast SEO plugin. -->","yoast_head_json":{"title":"Con la siembra pronta a comenzar, estiman que el \u00e1rea de trigo podr\u00eda expandirse casi 10% - Noticias Radio Reflejos","robots":{"index":"index","follow":"follow","max-snippet":"max-snippet:-1","max-image-preview":"max-image-preview:large","max-video-preview":"max-video-preview:-1"},"canonical":"https:\/\/www.noticiasradioreflejos.com.ar\/2021\/con-la-siembra-pronta-a-comenzar-estiman-que-el-area-de-trigo-podria-expandirse-casi-10\/","og_locale":"es_ES","og_type":"article","og_title":"Con la siembra pronta a comenzar, estiman que el \u00e1rea de trigo podr\u00eda expandirse casi 10% - Noticias Radio Reflejos","og_description":"La pr\u00f3xima campa\u00f1a de trigo se posiciona como una posibilidad para el sector agropecuario de dar vuelta la p\u00e1gina respecto de la sequ\u00eda, que caus\u00f3 un desastre productivo en la producci\u00f3n del cereal, ya que las primeras estimaciones hablan de una expansi\u00f3n en el \u00e1rea a sembrar del 10% respecto del ciclo anterior.","og_url":"https:\/\/www.noticiasradioreflejos.com.ar\/2021\/con-la-siembra-pronta-a-comenzar-estiman-que-el-area-de-trigo-podria-expandirse-casi-10\/","og_site_name":"Noticias Radio Reflejos","article_published_time":"2023-04-29T14:20:48+00:00","og_image":[{"width":640,"height":360,"url":"https:\/\/www.noticiasradioreflejos.com.ar\/2021\/wp-content\/uploads\/2021\/12\/trigo.jpg","type":"image\/jpeg"}],"author":"Arnaldo Botto","twitter_card":"summary_large_image","schema":{"@context":"https:\/\/schema.org","@graph":[{"@type":"WebPage","@id":"https:\/\/www.noticiasradioreflejos.com.ar\/2021\/con-la-siembra-pronta-a-comenzar-estiman-que-el-area-de-trigo-podria-expandirse-casi-10\/","url":"https:\/\/www.noticiasradioreflejos.com.ar\/2021\/con-la-siembra-pronta-a-comenzar-estiman-que-el-area-de-trigo-podria-expandirse-casi-10\/","name":"Con la siembra pronta a comenzar, estiman que el \u00e1rea de trigo podr\u00eda expandirse casi 10% - Noticias Radio Reflejos","isPartOf":{"@id":"https:\/\/www.noticiasradioreflejos.com.ar\/2021\/#website"},"primaryImageOfPage":{"@id":"https:\/\/www.noticiasradioreflejos.com.ar\/2021\/con-la-siembra-pronta-a-comenzar-estiman-que-el-area-de-trigo-podria-expandirse-casi-10\/#primaryimage"},"image":{"@id":"https:\/\/www.noticiasradioreflejos.com.ar\/2021\/con-la-siembra-pronta-a-comenzar-estiman-que-el-area-de-trigo-podria-expandirse-casi-10\/#primaryimage"},"thumbnailUrl":"https:\/\/www.noticiasradioreflejos.com.ar\/2021\/wp-content\/uploads\/2021\/12\/trigo.jpg","datePublished":"2023-04-29T14:20:48+00:00","author":{"@id":"https:\/\/www.noticiasradioreflejos.com.ar\/2021\/#\/schema\/person\/ad82545263dcc5ec0996818884fd5fb1"},"breadcrumb":{"@id":"https:\/\/www.noticiasradioreflejos.com.ar\/2021\/con-la-siembra-pronta-a-comenzar-estiman-que-el-area-de-trigo-podria-expandirse-casi-10\/#breadcrumb"},"inLanguage":"es","potentialAction":[{"@type":"ReadAction","target":["https:\/\/www.noticiasradioreflejos.com.ar\/2021\/con-la-siembra-pronta-a-comenzar-estiman-que-el-area-de-trigo-podria-expandirse-casi-10\/"]}]},{"@type":"ImageObject","inLanguage":"es","@id":"https:\/\/www.noticiasradioreflejos.com.ar\/2021\/con-la-siembra-pronta-a-comenzar-estiman-que-el-area-de-trigo-podria-expandirse-casi-10\/#primaryimage","url":"https:\/\/www.noticiasradioreflejos.com.ar\/2021\/wp-content\/uploads\/2021\/12\/trigo.jpg","contentUrl":"https:\/\/www.noticiasradioreflejos.com.ar\/2021\/wp-content\/uploads\/2021\/12\/trigo.jpg","width":640,"height":360},{"@type":"BreadcrumbList","@id":"https:\/\/www.noticiasradioreflejos.com.ar\/2021\/con-la-siembra-pronta-a-comenzar-estiman-que-el-area-de-trigo-podria-expandirse-casi-10\/#breadcrumb","itemListElement":[{"@type":"ListItem","position":1,"name":"Portada","item":"https:\/\/www.noticiasradioreflejos.com.ar\/2021\/"},{"@type":"ListItem","position":2,"name":"Con la siembra pronta a comenzar, estiman que el \u00e1rea de trigo podr\u00eda expandirse casi 10%"}]},{"@type":"WebSite","@id":"https:\/\/www.noticiasradioreflejos.com.ar\/2021\/#website","url":"https:\/\/www.noticiasradioreflejos.com.ar\/2021\/","name":"Noticias Radio Reflejos","description":"Las noticias de mi comarca","potentialAction":[{"@type":"SearchAction","target":{"@type":"EntryPoint","urlTemplate":"https:\/\/www.noticiasradioreflejos.com.ar\/2021\/?s={search_term_string}"},"query-input":{"@type":"PropertyValueSpecification","valueRequired":true,"valueName":"search_term_string"}}],"inLanguage":"es"},{"@type":"Person","@id":"https:\/\/www.noticiasradioreflejos.com.ar\/2021\/#\/schema\/person\/ad82545263dcc5ec0996818884fd5fb1","name":"Arnaldo Botto","image":{"@type":"ImageObject","inLanguage":"es","@id":"https:\/\/www.noticiasradioreflejos.com.ar\/2021\/#\/schema\/person\/image\/","url":"https:\/\/secure.gravatar.com\/avatar\/55cb5e37c1efa326397366e6974cb338056df65cb50e7d64d1cf314e87504837?s=96&d=mm&r=g","contentUrl":"https:\/\/secure.gravatar.com\/avatar\/55cb5e37c1efa326397366e6974cb338056df65cb50e7d64d1cf314e87504837?s=96&d=mm&r=g","caption":"Arnaldo Botto"},"url":"https:\/\/www.noticiasradioreflejos.com.ar\/2021\/author\/arnaldo\/"}]}},"_links":{"self":[{"href":"https:\/\/www.noticiasradioreflejos.com.ar\/2021\/wp-json\/wp\/v2\/posts\/87372","targetHints":{"allow":["GET"]}}],"collection":[{"href":"https:\/\/www.noticiasradioreflejos.com.ar\/2021\/wp-json\/wp\/v2\/posts"}],"about":[{"href":"https:\/\/www.noticiasradioreflejos.com.ar\/2021\/wp-json\/wp\/v2\/types\/post"}],"author":[{"embeddable":true,"href":"https:\/\/www.noticiasradioreflejos.com.ar\/2021\/wp-json\/wp\/v2\/users\/3"}],"replies":[{"embeddable":true,"href":"https:\/\/www.noticiasradioreflejos.com.ar\/2021\/wp-json\/wp\/v2\/comments?post=87372"}],"version-history":[{"count":1,"href":"https:\/\/www.noticiasradioreflejos.com.ar\/2021\/wp-json\/wp\/v2\/posts\/87372\/revisions"}],"predecessor-version":[{"id":87373,"href":"https:\/\/www.noticiasradioreflejos.com.ar\/2021\/wp-json\/wp\/v2\/posts\/87372\/revisions\/87373"}],"wp:featuredmedia":[{"embeddable":true,"href":"https:\/\/www.noticiasradioreflejos.com.ar\/2021\/wp-json\/wp\/v2\/media\/66226"}],"wp:attachment":[{"href":"https:\/\/www.noticiasradioreflejos.com.ar\/2021\/wp-json\/wp\/v2\/media?parent=87372"}],"wp:term":[{"taxonomy":"category","embeddable":true,"href":"https:\/\/www.noticiasradioreflejos.com.ar\/2021\/wp-json\/wp\/v2\/categories?post=87372"},{"taxonomy":"post_tag","embeddable":true,"href":"https:\/\/www.noticiasradioreflejos.com.ar\/2021\/wp-json\/wp\/v2\/tags?post=87372"}],"curies":[{"name":"wp","href":"https:\/\/api.w.org\/{rel}","templated":true}]}}