{"id":87369,"date":"2023-04-29T14:18:04","date_gmt":"2023-04-29T14:18:04","guid":{"rendered":"https:\/\/www.noticiasradioreflejos.com.ar\/2021\/?p=87369"},"modified":"2023-04-29T14:18:04","modified_gmt":"2023-04-29T14:18:04","slug":"sergio-bordoni-inaugura-este-sabado-su-local-de-campana-en-el-frente-renovador","status":"publish","type":"post","link":"https:\/\/www.noticiasradioreflejos.com.ar\/2021\/sergio-bordoni-inaugura-este-sabado-su-local-de-campana-en-el-frente-renovador\/","title":{"rendered":"Sergio Bordoni inaugura este s\u00e1bado su local de campa\u00f1a en el Frente Renovador"},"content":{"rendered":"<p>A partir de las 16 horas, Bordoni\u00a0 contar\u00e1 con la presencia de Intendentes de la provincia y dirigentes de la sexta secci\u00f3n.<!--more--><\/p>\n<div class=\"text\">\n<p>Hoy a la hora 16 quedar\u00e1 inaugurado oficialmente el local del Frente Renovador en Tornquist, cuyo pre candidato a Intendente por un tercer per\u00edodo es el actual jefe comunal Sergio Bordoni. Por el momento se inform\u00f3 que Estefan\u00eda Bordoni actual Secretaria de Hacienda ser\u00e1 quien encabece la lista de precandidatos a concejales.<\/p>\n<p>Sus rivales dentro del frente de todos ser\u00e1n Marcela Gimenez(PJ) y Jorge Scharff (Frente Grande).<\/p>\n<p>El local de Bordoni esta ubicado en calle alem, en cercan\u00eda de la oficina de correos. Previo a la inauguraci\u00f3n habr\u00e1 un almuerzo al que asistir\u00e1n, dirigentes de la sexta secci\u00f3n electoral e intendentes de la provincia del Frente Renovador que responden a Sergio Massa.<\/p>\n<\/div>\n<div>\n<p><img decoding=\"async\" src=\"https:\/\/www.noticiastornquist.com.ar\/imagen.php?imagen=2023-04\/renova.jpg\" \/><\/p>\n<div><\/div>\n<hr \/>\n<\/div>\n<div class=\"anuncioh\"><\/div>\n<div class=\"table-cell aside\">\n<div id=\"asd95\" class=\"publicidad\"><\/div>\n<div class=\"anuncio anuncio-float adfixed\"><\/div>\n<\/div>\n<p>&nbsp;<\/p>\n<footer>\n<div class=\"wfix\">\n<div class=\"table\">\n<div class=\"table-cell\">\n<div class=\"table-cell redes\"><\/div>\n<\/div>\n<\/div>\n<\/div>\n<\/footer>\n","protected":false},"excerpt":{"rendered":"<p>A partir de las 16 horas, Bordoni\u00a0 contar\u00e1 con la presencia de Intendentes de la provincia y dirigentes de la sexta secci\u00f3n.<\/p>\n","protected":false},"author":3,"featured_media":0,"comment_status":"closed","ping_status":"closed","sticky":false,"template":"","format":"standard","meta":{"footnotes":""},"categories":[24],"tags":[],"class_list":["post-87369","post","type-post","status-publish","format-standard","hentry","category-politica"],"yoast_head":"<!-- This site is optimized with the Yoast SEO plugin v25.9 - https:\/\/yoast.com\/wordpress\/plugins\/seo\/ -->\n<title>Sergio Bordoni inaugura este s\u00e1bado su local de campa\u00f1a en el Frente Renovador - Noticias Radio Reflejos<\/title>\n<meta name=\"robots\" content=\"index, follow, max-snippet:-1, max-image-preview:large, max-video-preview:-1\" \/>\n<link rel=\"canonical\" href=\"https:\/\/www.noticiasradioreflejos.com.ar\/2021\/sergio-bordoni-inaugura-este-sabado-su-local-de-campana-en-el-frente-renovador\/\" \/>\n<meta property=\"og:locale\" content=\"es_ES\" \/>\n<meta property=\"og:type\" content=\"article\" \/>\n<meta property=\"og:title\" content=\"Sergio Bordoni inaugura este s\u00e1bado su local de campa\u00f1a en el Frente Renovador - Noticias Radio Reflejos\" \/>\n<meta property=\"og:description\" content=\"A partir de las 16 horas, Bordoni\u00a0 contar\u00e1 con la presencia de Intendentes de la provincia y dirigentes de la sexta secci\u00f3n.\" \/>\n<meta property=\"og:url\" content=\"https:\/\/www.noticiasradioreflejos.com.ar\/2021\/sergio-bordoni-inaugura-este-sabado-su-local-de-campana-en-el-frente-renovador\/\" \/>\n<meta property=\"og:site_name\" content=\"Noticias Radio Reflejos\" \/>\n<meta property=\"article:published_time\" content=\"2023-04-29T14:18:04+00:00\" \/>\n<meta property=\"og:image\" content=\"https:\/\/www.noticiastornquist.com.ar\/imagen.php?imagen=2023-04\/renova.jpg\" \/>\n<meta name=\"author\" content=\"Arnaldo Botto\" \/>\n<meta name=\"twitter:card\" content=\"summary_large_image\" \/>\n<script type=\"application\/ld+json\" class=\"yoast-schema-graph\">{\"@context\":\"https:\/\/schema.org\",\"@graph\":[{\"@type\":\"WebPage\",\"@id\":\"https:\/\/www.noticiasradioreflejos.com.ar\/2021\/sergio-bordoni-inaugura-este-sabado-su-local-de-campana-en-el-frente-renovador\/\",\"url\":\"https:\/\/www.noticiasradioreflejos.com.ar\/2021\/sergio-bordoni-inaugura-este-sabado-su-local-de-campana-en-el-frente-renovador\/\",\"name\":\"Sergio Bordoni inaugura este s\u00e1bado su local de campa\u00f1a en el Frente Renovador - Noticias Radio Reflejos\",\"isPartOf\":{\"@id\":\"https:\/\/www.noticiasradioreflejos.com.ar\/2021\/#website\"},\"primaryImageOfPage\":{\"@id\":\"https:\/\/www.noticiasradioreflejos.com.ar\/2021\/sergio-bordoni-inaugura-este-sabado-su-local-de-campana-en-el-frente-renovador\/#primaryimage\"},\"image\":{\"@id\":\"https:\/\/www.noticiasradioreflejos.com.ar\/2021\/sergio-bordoni-inaugura-este-sabado-su-local-de-campana-en-el-frente-renovador\/#primaryimage\"},\"thumbnailUrl\":\"https:\/\/www.noticiastornquist.com.ar\/imagen.php?imagen=2023-04\/renova.jpg\",\"datePublished\":\"2023-04-29T14:18:04+00:00\",\"author\":{\"@id\":\"https:\/\/www.noticiasradioreflejos.com.ar\/2021\/#\/schema\/person\/ad82545263dcc5ec0996818884fd5fb1\"},\"breadcrumb\":{\"@id\":\"https:\/\/www.noticiasradioreflejos.com.ar\/2021\/sergio-bordoni-inaugura-este-sabado-su-local-de-campana-en-el-frente-renovador\/#breadcrumb\"},\"inLanguage\":\"es\",\"potentialAction\":[{\"@type\":\"ReadAction\",\"target\":[\"https:\/\/www.noticiasradioreflejos.com.ar\/2021\/sergio-bordoni-inaugura-este-sabado-su-local-de-campana-en-el-frente-renovador\/\"]}]},{\"@type\":\"ImageObject\",\"inLanguage\":\"es\",\"@id\":\"https:\/\/www.noticiasradioreflejos.com.ar\/2021\/sergio-bordoni-inaugura-este-sabado-su-local-de-campana-en-el-frente-renovador\/#primaryimage\",\"url\":\"https:\/\/www.noticiastornquist.com.ar\/imagen.php?imagen=2023-04\/renova.jpg\",\"contentUrl\":\"https:\/\/www.noticiastornquist.com.ar\/imagen.php?imagen=2023-04\/renova.jpg\"},{\"@type\":\"BreadcrumbList\",\"@id\":\"https:\/\/www.noticiasradioreflejos.com.ar\/2021\/sergio-bordoni-inaugura-este-sabado-su-local-de-campana-en-el-frente-renovador\/#breadcrumb\",\"itemListElement\":[{\"@type\":\"ListItem\",\"position\":1,\"name\":\"Portada\",\"item\":\"https:\/\/www.noticiasradioreflejos.com.ar\/2021\/\"},{\"@type\":\"ListItem\",\"position\":2,\"name\":\"Sergio Bordoni inaugura este s\u00e1bado su local de campa\u00f1a en el Frente Renovador\"}]},{\"@type\":\"WebSite\",\"@id\":\"https:\/\/www.noticiasradioreflejos.com.ar\/2021\/#website\",\"url\":\"https:\/\/www.noticiasradioreflejos.com.ar\/2021\/\",\"name\":\"Noticias Radio Reflejos\",\"description\":\"Las noticias de mi comarca\",\"potentialAction\":[{\"@type\":\"SearchAction\",\"target\":{\"@type\":\"EntryPoint\",\"urlTemplate\":\"https:\/\/www.noticiasradioreflejos.com.ar\/2021\/?s={search_term_string}\"},\"query-input\":{\"@type\":\"PropertyValueSpecification\",\"valueRequired\":true,\"valueName\":\"search_term_string\"}}],\"inLanguage\":\"es\"},{\"@type\":\"Person\",\"@id\":\"https:\/\/www.noticiasradioreflejos.com.ar\/2021\/#\/schema\/person\/ad82545263dcc5ec0996818884fd5fb1\",\"name\":\"Arnaldo Botto\",\"image\":{\"@type\":\"ImageObject\",\"inLanguage\":\"es\",\"@id\":\"https:\/\/www.noticiasradioreflejos.com.ar\/2021\/#\/schema\/person\/image\/\",\"url\":\"https:\/\/secure.gravatar.com\/avatar\/55cb5e37c1efa326397366e6974cb338056df65cb50e7d64d1cf314e87504837?s=96&d=mm&r=g\",\"contentUrl\":\"https:\/\/secure.gravatar.com\/avatar\/55cb5e37c1efa326397366e6974cb338056df65cb50e7d64d1cf314e87504837?s=96&d=mm&r=g\",\"caption\":\"Arnaldo Botto\"},\"url\":\"https:\/\/www.noticiasradioreflejos.com.ar\/2021\/author\/arnaldo\/\"}]}<\/script>\n<!-- \/ Yoast SEO plugin. -->","yoast_head_json":{"title":"Sergio Bordoni inaugura este s\u00e1bado su local de campa\u00f1a en el Frente Renovador - Noticias Radio Reflejos","robots":{"index":"index","follow":"follow","max-snippet":"max-snippet:-1","max-image-preview":"max-image-preview:large","max-video-preview":"max-video-preview:-1"},"canonical":"https:\/\/www.noticiasradioreflejos.com.ar\/2021\/sergio-bordoni-inaugura-este-sabado-su-local-de-campana-en-el-frente-renovador\/","og_locale":"es_ES","og_type":"article","og_title":"Sergio Bordoni inaugura este s\u00e1bado su local de campa\u00f1a en el Frente Renovador - Noticias Radio Reflejos","og_description":"A partir de las 16 horas, Bordoni\u00a0 contar\u00e1 con la presencia de Intendentes de la provincia y dirigentes de la sexta secci\u00f3n.","og_url":"https:\/\/www.noticiasradioreflejos.com.ar\/2021\/sergio-bordoni-inaugura-este-sabado-su-local-de-campana-en-el-frente-renovador\/","og_site_name":"Noticias Radio Reflejos","article_published_time":"2023-04-29T14:18:04+00:00","og_image":[{"url":"https:\/\/www.noticiastornquist.com.ar\/imagen.php?imagen=2023-04\/renova.jpg","type":"","width":"","height":""}],"author":"Arnaldo Botto","twitter_card":"summary_large_image","schema":{"@context":"https:\/\/schema.org","@graph":[{"@type":"WebPage","@id":"https:\/\/www.noticiasradioreflejos.com.ar\/2021\/sergio-bordoni-inaugura-este-sabado-su-local-de-campana-en-el-frente-renovador\/","url":"https:\/\/www.noticiasradioreflejos.com.ar\/2021\/sergio-bordoni-inaugura-este-sabado-su-local-de-campana-en-el-frente-renovador\/","name":"Sergio Bordoni inaugura este s\u00e1bado su local de campa\u00f1a en el Frente Renovador - Noticias Radio Reflejos","isPartOf":{"@id":"https:\/\/www.noticiasradioreflejos.com.ar\/2021\/#website"},"primaryImageOfPage":{"@id":"https:\/\/www.noticiasradioreflejos.com.ar\/2021\/sergio-bordoni-inaugura-este-sabado-su-local-de-campana-en-el-frente-renovador\/#primaryimage"},"image":{"@id":"https:\/\/www.noticiasradioreflejos.com.ar\/2021\/sergio-bordoni-inaugura-este-sabado-su-local-de-campana-en-el-frente-renovador\/#primaryimage"},"thumbnailUrl":"https:\/\/www.noticiastornquist.com.ar\/imagen.php?imagen=2023-04\/renova.jpg","datePublished":"2023-04-29T14:18:04+00:00","author":{"@id":"https:\/\/www.noticiasradioreflejos.com.ar\/2021\/#\/schema\/person\/ad82545263dcc5ec0996818884fd5fb1"},"breadcrumb":{"@id":"https:\/\/www.noticiasradioreflejos.com.ar\/2021\/sergio-bordoni-inaugura-este-sabado-su-local-de-campana-en-el-frente-renovador\/#breadcrumb"},"inLanguage":"es","potentialAction":[{"@type":"ReadAction","target":["https:\/\/www.noticiasradioreflejos.com.ar\/2021\/sergio-bordoni-inaugura-este-sabado-su-local-de-campana-en-el-frente-renovador\/"]}]},{"@type":"ImageObject","inLanguage":"es","@id":"https:\/\/www.noticiasradioreflejos.com.ar\/2021\/sergio-bordoni-inaugura-este-sabado-su-local-de-campana-en-el-frente-renovador\/#primaryimage","url":"https:\/\/www.noticiastornquist.com.ar\/imagen.php?imagen=2023-04\/renova.jpg","contentUrl":"https:\/\/www.noticiastornquist.com.ar\/imagen.php?imagen=2023-04\/renova.jpg"},{"@type":"BreadcrumbList","@id":"https:\/\/www.noticiasradioreflejos.com.ar\/2021\/sergio-bordoni-inaugura-este-sabado-su-local-de-campana-en-el-frente-renovador\/#breadcrumb","itemListElement":[{"@type":"ListItem","position":1,"name":"Portada","item":"https:\/\/www.noticiasradioreflejos.com.ar\/2021\/"},{"@type":"ListItem","position":2,"name":"Sergio Bordoni inaugura este s\u00e1bado su local de campa\u00f1a en el Frente Renovador"}]},{"@type":"WebSite","@id":"https:\/\/www.noticiasradioreflejos.com.ar\/2021\/#website","url":"https:\/\/www.noticiasradioreflejos.com.ar\/2021\/","name":"Noticias Radio Reflejos","description":"Las noticias de mi comarca","potentialAction":[{"@type":"SearchAction","target":{"@type":"EntryPoint","urlTemplate":"https:\/\/www.noticiasradioreflejos.com.ar\/2021\/?s={search_term_string}"},"query-input":{"@type":"PropertyValueSpecification","valueRequired":true,"valueName":"search_term_string"}}],"inLanguage":"es"},{"@type":"Person","@id":"https:\/\/www.noticiasradioreflejos.com.ar\/2021\/#\/schema\/person\/ad82545263dcc5ec0996818884fd5fb1","name":"Arnaldo Botto","image":{"@type":"ImageObject","inLanguage":"es","@id":"https:\/\/www.noticiasradioreflejos.com.ar\/2021\/#\/schema\/person\/image\/","url":"https:\/\/secure.gravatar.com\/avatar\/55cb5e37c1efa326397366e6974cb338056df65cb50e7d64d1cf314e87504837?s=96&d=mm&r=g","contentUrl":"https:\/\/secure.gravatar.com\/avatar\/55cb5e37c1efa326397366e6974cb338056df65cb50e7d64d1cf314e87504837?s=96&d=mm&r=g","caption":"Arnaldo Botto"},"url":"https:\/\/www.noticiasradioreflejos.com.ar\/2021\/author\/arnaldo\/"}]}},"_links":{"self":[{"href":"https:\/\/www.noticiasradioreflejos.com.ar\/2021\/wp-json\/wp\/v2\/posts\/87369","targetHints":{"allow":["GET"]}}],"collection":[{"href":"https:\/\/www.noticiasradioreflejos.com.ar\/2021\/wp-json\/wp\/v2\/posts"}],"about":[{"href":"https:\/\/www.noticiasradioreflejos.com.ar\/2021\/wp-json\/wp\/v2\/types\/post"}],"author":[{"embeddable":true,"href":"https:\/\/www.noticiasradioreflejos.com.ar\/2021\/wp-json\/wp\/v2\/users\/3"}],"replies":[{"embeddable":true,"href":"https:\/\/www.noticiasradioreflejos.com.ar\/2021\/wp-json\/wp\/v2\/comments?post=87369"}],"version-history":[{"count":1,"href":"https:\/\/www.noticiasradioreflejos.com.ar\/2021\/wp-json\/wp\/v2\/posts\/87369\/revisions"}],"predecessor-version":[{"id":87371,"href":"https:\/\/www.noticiasradioreflejos.com.ar\/2021\/wp-json\/wp\/v2\/posts\/87369\/revisions\/87371"}],"wp:attachment":[{"href":"https:\/\/www.noticiasradioreflejos.com.ar\/2021\/wp-json\/wp\/v2\/media?parent=87369"}],"wp:term":[{"taxonomy":"category","embeddable":true,"href":"https:\/\/www.noticiasradioreflejos.com.ar\/2021\/wp-json\/wp\/v2\/categories?post=87369"},{"taxonomy":"post_tag","embeddable":true,"href":"https:\/\/www.noticiasradioreflejos.com.ar\/2021\/wp-json\/wp\/v2\/tags?post=87369"}],"curies":[{"name":"wp","href":"https:\/\/api.w.org\/{rel}","templated":true}]}}