{"id":872,"date":"2016-09-13T14:29:29","date_gmt":"2016-09-13T14:29:29","guid":{"rendered":"http:\/\/noticiasradioreflejos.com.ar\/noticias\/?p=872"},"modified":"2016-09-13T14:29:29","modified_gmt":"2016-09-13T14:29:29","slug":"saldungaray-le-gano-el-clasico-del-futbol-a-sierra-de-la-ventana","status":"publish","type":"post","link":"https:\/\/www.noticiasradioreflejos.com.ar\/2021\/saldungaray-le-gano-el-clasico-del-futbol-a-sierra-de-la-ventana\/","title":{"rendered":"Saldungaray le gan\u00f3 el \u201ccl\u00e1sico\u201d del f\u00fatbol a Sierra de la Ventana"},"content":{"rendered":"<p>Otra gran jornada de f\u00fatbol senior se vivi\u00f3 este domingo en Sierra de la Ventana ya que se volvieron a enfrentar, de manera amistosa, el representante del Club Atl\u00e9tico Ventana y el conjunto de Porte\u00f1o de Saldungaray.<!--more--><br \/>\nLa victoria qued\u00f3 en manos de la visita por 4 a 1 que logr\u00f3 llegar a la red a trav\u00e9s de Roberto Moreira que hizo dos, otro de \u201cPapu\u201d Monaco y el restante de Sebasti\u00e1n Palladino. El elenco serrano descont\u00f3 por intermedio de Sergio G\u00f3mez.<br \/>\nLos ganadores presentaron a Jorge Vergara, \u201cLalo\u201d Rojas, Jos\u00e9 Maria Esmoli, Leo Davis, Alfonso Ramos, Walter Portales, Daniel Morales, Sebasti\u00e1n Palladino, \u201cPapu\u201d Monaco, Julio Martinez y Roberto Moreira.<br \/>\nEl due\u00f1o de casa lo hizo con Sergio Pensa, Alejandro Quiss, Juan Carlos L\u00f3pez, David Rey, Lucas Piergentilli, Marcelo Quagliarela, Javier Portales, Gustavo Cabezas, Martin Girou, Sergio G\u00f3mez, Walter Ianniello, Emiliano Gilardi, Mariano Badana, Hern\u00e1n Salom\u00f3n, Gabriel Wilt, Gustavo D\u00edaz y Sebasti\u00e1n Manghi.<br \/>\n<a title=\"14215632_1158742484184734_1490697236_o\" href=\"http:\/\/farm9.staticflickr.com\/8035\/29544200332_de7a685310_c.jpg\" rel=\"\"><img loading=\"lazy\" decoding=\"async\" class=\"aligncenter\" title=\"14215632_1158742484184734_1490697236_o\" src=\"http:\/\/farm9.staticflickr.com\/8035\/29544200332_de7a685310_c.jpg\" alt=\"14215632_1158742484184734_1490697236_o\" width=\"800\" height=\"450\" \/><\/a><br \/>\nFuente. Deportornquist.com.ar<br \/>\n&nbsp;<br \/>\n&nbsp;<\/p>\n","protected":false},"excerpt":{"rendered":"<p>Otra gran jornada de f\u00fatbol senior se vivi\u00f3 este domingo en Sierra de la Ventana ya que se volvieron a enfrentar, de manera amistosa, el representante del Club Atl\u00e9tico Ventana y el conjunto de Porte\u00f1o de Saldungaray.<\/p>\n","protected":false},"author":3,"featured_media":0,"comment_status":"closed","ping_status":"open","sticky":false,"template":"","format":"standard","meta":{"footnotes":""},"categories":[27],"tags":[],"class_list":["post-872","post","type-post","status-publish","format-standard","hentry","category-deportes"],"yoast_head":"<!-- This site is optimized with the Yoast SEO plugin v25.9 - https:\/\/yoast.com\/wordpress\/plugins\/seo\/ -->\n<title>Saldungaray le gan\u00f3 el \u201ccl\u00e1sico\u201d del f\u00fatbol a Sierra de la Ventana - Noticias Radio Reflejos<\/title>\n<meta name=\"robots\" content=\"index, follow, max-snippet:-1, max-image-preview:large, max-video-preview:-1\" \/>\n<link rel=\"canonical\" href=\"https:\/\/www.noticiasradioreflejos.com.ar\/2021\/saldungaray-le-gano-el-clasico-del-futbol-a-sierra-de-la-ventana\/\" \/>\n<meta property=\"og:locale\" content=\"es_ES\" \/>\n<meta property=\"og:type\" content=\"article\" \/>\n<meta property=\"og:title\" content=\"Saldungaray le gan\u00f3 el \u201ccl\u00e1sico\u201d del f\u00fatbol a Sierra de la Ventana - Noticias Radio Reflejos\" \/>\n<meta property=\"og:description\" content=\"Otra gran jornada de f\u00fatbol senior se vivi\u00f3 este domingo en Sierra de la Ventana ya que se volvieron a enfrentar, de manera amistosa, el representante del Club Atl\u00e9tico Ventana y el conjunto de Porte\u00f1o de Saldungaray.\" \/>\n<meta property=\"og:url\" content=\"https:\/\/www.noticiasradioreflejos.com.ar\/2021\/saldungaray-le-gano-el-clasico-del-futbol-a-sierra-de-la-ventana\/\" \/>\n<meta property=\"og:site_name\" content=\"Noticias Radio Reflejos\" \/>\n<meta property=\"article:published_time\" content=\"2016-09-13T14:29:29+00:00\" \/>\n<meta property=\"og:image\" content=\"http:\/\/farm9.staticflickr.com\/8035\/29544200332_de7a685310_c.jpg\" \/>\n<meta name=\"author\" content=\"Arnaldo Botto\" \/>\n<meta name=\"twitter:card\" content=\"summary_large_image\" \/>\n<script type=\"application\/ld+json\" class=\"yoast-schema-graph\">{\"@context\":\"https:\/\/schema.org\",\"@graph\":[{\"@type\":\"WebPage\",\"@id\":\"https:\/\/www.noticiasradioreflejos.com.ar\/2021\/saldungaray-le-gano-el-clasico-del-futbol-a-sierra-de-la-ventana\/\",\"url\":\"https:\/\/www.noticiasradioreflejos.com.ar\/2021\/saldungaray-le-gano-el-clasico-del-futbol-a-sierra-de-la-ventana\/\",\"name\":\"Saldungaray le gan\u00f3 el \u201ccl\u00e1sico\u201d del f\u00fatbol a Sierra de la Ventana - Noticias Radio Reflejos\",\"isPartOf\":{\"@id\":\"https:\/\/www.noticiasradioreflejos.com.ar\/2021\/#website\"},\"primaryImageOfPage\":{\"@id\":\"https:\/\/www.noticiasradioreflejos.com.ar\/2021\/saldungaray-le-gano-el-clasico-del-futbol-a-sierra-de-la-ventana\/#primaryimage\"},\"image\":{\"@id\":\"https:\/\/www.noticiasradioreflejos.com.ar\/2021\/saldungaray-le-gano-el-clasico-del-futbol-a-sierra-de-la-ventana\/#primaryimage\"},\"thumbnailUrl\":\"http:\/\/farm9.staticflickr.com\/8035\/29544200332_de7a685310_c.jpg\",\"datePublished\":\"2016-09-13T14:29:29+00:00\",\"author\":{\"@id\":\"https:\/\/www.noticiasradioreflejos.com.ar\/2021\/#\/schema\/person\/ad82545263dcc5ec0996818884fd5fb1\"},\"breadcrumb\":{\"@id\":\"https:\/\/www.noticiasradioreflejos.com.ar\/2021\/saldungaray-le-gano-el-clasico-del-futbol-a-sierra-de-la-ventana\/#breadcrumb\"},\"inLanguage\":\"es\",\"potentialAction\":[{\"@type\":\"ReadAction\",\"target\":[\"https:\/\/www.noticiasradioreflejos.com.ar\/2021\/saldungaray-le-gano-el-clasico-del-futbol-a-sierra-de-la-ventana\/\"]}]},{\"@type\":\"ImageObject\",\"inLanguage\":\"es\",\"@id\":\"https:\/\/www.noticiasradioreflejos.com.ar\/2021\/saldungaray-le-gano-el-clasico-del-futbol-a-sierra-de-la-ventana\/#primaryimage\",\"url\":\"http:\/\/farm9.staticflickr.com\/8035\/29544200332_de7a685310_c.jpg\",\"contentUrl\":\"http:\/\/farm9.staticflickr.com\/8035\/29544200332_de7a685310_c.jpg\"},{\"@type\":\"BreadcrumbList\",\"@id\":\"https:\/\/www.noticiasradioreflejos.com.ar\/2021\/saldungaray-le-gano-el-clasico-del-futbol-a-sierra-de-la-ventana\/#breadcrumb\",\"itemListElement\":[{\"@type\":\"ListItem\",\"position\":1,\"name\":\"Portada\",\"item\":\"https:\/\/www.noticiasradioreflejos.com.ar\/2021\/\"},{\"@type\":\"ListItem\",\"position\":2,\"name\":\"Saldungaray le gan\u00f3 el \u201ccl\u00e1sico\u201d del f\u00fatbol a Sierra de la Ventana\"}]},{\"@type\":\"WebSite\",\"@id\":\"https:\/\/www.noticiasradioreflejos.com.ar\/2021\/#website\",\"url\":\"https:\/\/www.noticiasradioreflejos.com.ar\/2021\/\",\"name\":\"Noticias Radio Reflejos\",\"description\":\"Las noticias de mi comarca\",\"potentialAction\":[{\"@type\":\"SearchAction\",\"target\":{\"@type\":\"EntryPoint\",\"urlTemplate\":\"https:\/\/www.noticiasradioreflejos.com.ar\/2021\/?s={search_term_string}\"},\"query-input\":{\"@type\":\"PropertyValueSpecification\",\"valueRequired\":true,\"valueName\":\"search_term_string\"}}],\"inLanguage\":\"es\"},{\"@type\":\"Person\",\"@id\":\"https:\/\/www.noticiasradioreflejos.com.ar\/2021\/#\/schema\/person\/ad82545263dcc5ec0996818884fd5fb1\",\"name\":\"Arnaldo Botto\",\"image\":{\"@type\":\"ImageObject\",\"inLanguage\":\"es\",\"@id\":\"https:\/\/www.noticiasradioreflejos.com.ar\/2021\/#\/schema\/person\/image\/\",\"url\":\"https:\/\/secure.gravatar.com\/avatar\/55cb5e37c1efa326397366e6974cb338056df65cb50e7d64d1cf314e87504837?s=96&d=mm&r=g\",\"contentUrl\":\"https:\/\/secure.gravatar.com\/avatar\/55cb5e37c1efa326397366e6974cb338056df65cb50e7d64d1cf314e87504837?s=96&d=mm&r=g\",\"caption\":\"Arnaldo Botto\"},\"url\":\"https:\/\/www.noticiasradioreflejos.com.ar\/2021\/author\/arnaldo\/\"}]}<\/script>\n<!-- \/ Yoast SEO plugin. -->","yoast_head_json":{"title":"Saldungaray le gan\u00f3 el \u201ccl\u00e1sico\u201d del f\u00fatbol a Sierra de la Ventana - Noticias Radio Reflejos","robots":{"index":"index","follow":"follow","max-snippet":"max-snippet:-1","max-image-preview":"max-image-preview:large","max-video-preview":"max-video-preview:-1"},"canonical":"https:\/\/www.noticiasradioreflejos.com.ar\/2021\/saldungaray-le-gano-el-clasico-del-futbol-a-sierra-de-la-ventana\/","og_locale":"es_ES","og_type":"article","og_title":"Saldungaray le gan\u00f3 el \u201ccl\u00e1sico\u201d del f\u00fatbol a Sierra de la Ventana - Noticias Radio Reflejos","og_description":"Otra gran jornada de f\u00fatbol senior se vivi\u00f3 este domingo en Sierra de la Ventana ya que se volvieron a enfrentar, de manera amistosa, el representante del Club Atl\u00e9tico Ventana y el conjunto de Porte\u00f1o de Saldungaray.","og_url":"https:\/\/www.noticiasradioreflejos.com.ar\/2021\/saldungaray-le-gano-el-clasico-del-futbol-a-sierra-de-la-ventana\/","og_site_name":"Noticias Radio Reflejos","article_published_time":"2016-09-13T14:29:29+00:00","og_image":[{"url":"http:\/\/farm9.staticflickr.com\/8035\/29544200332_de7a685310_c.jpg","type":"","width":"","height":""}],"author":"Arnaldo Botto","twitter_card":"summary_large_image","schema":{"@context":"https:\/\/schema.org","@graph":[{"@type":"WebPage","@id":"https:\/\/www.noticiasradioreflejos.com.ar\/2021\/saldungaray-le-gano-el-clasico-del-futbol-a-sierra-de-la-ventana\/","url":"https:\/\/www.noticiasradioreflejos.com.ar\/2021\/saldungaray-le-gano-el-clasico-del-futbol-a-sierra-de-la-ventana\/","name":"Saldungaray le gan\u00f3 el \u201ccl\u00e1sico\u201d del f\u00fatbol a Sierra de la Ventana - Noticias Radio Reflejos","isPartOf":{"@id":"https:\/\/www.noticiasradioreflejos.com.ar\/2021\/#website"},"primaryImageOfPage":{"@id":"https:\/\/www.noticiasradioreflejos.com.ar\/2021\/saldungaray-le-gano-el-clasico-del-futbol-a-sierra-de-la-ventana\/#primaryimage"},"image":{"@id":"https:\/\/www.noticiasradioreflejos.com.ar\/2021\/saldungaray-le-gano-el-clasico-del-futbol-a-sierra-de-la-ventana\/#primaryimage"},"thumbnailUrl":"http:\/\/farm9.staticflickr.com\/8035\/29544200332_de7a685310_c.jpg","datePublished":"2016-09-13T14:29:29+00:00","author":{"@id":"https:\/\/www.noticiasradioreflejos.com.ar\/2021\/#\/schema\/person\/ad82545263dcc5ec0996818884fd5fb1"},"breadcrumb":{"@id":"https:\/\/www.noticiasradioreflejos.com.ar\/2021\/saldungaray-le-gano-el-clasico-del-futbol-a-sierra-de-la-ventana\/#breadcrumb"},"inLanguage":"es","potentialAction":[{"@type":"ReadAction","target":["https:\/\/www.noticiasradioreflejos.com.ar\/2021\/saldungaray-le-gano-el-clasico-del-futbol-a-sierra-de-la-ventana\/"]}]},{"@type":"ImageObject","inLanguage":"es","@id":"https:\/\/www.noticiasradioreflejos.com.ar\/2021\/saldungaray-le-gano-el-clasico-del-futbol-a-sierra-de-la-ventana\/#primaryimage","url":"http:\/\/farm9.staticflickr.com\/8035\/29544200332_de7a685310_c.jpg","contentUrl":"http:\/\/farm9.staticflickr.com\/8035\/29544200332_de7a685310_c.jpg"},{"@type":"BreadcrumbList","@id":"https:\/\/www.noticiasradioreflejos.com.ar\/2021\/saldungaray-le-gano-el-clasico-del-futbol-a-sierra-de-la-ventana\/#breadcrumb","itemListElement":[{"@type":"ListItem","position":1,"name":"Portada","item":"https:\/\/www.noticiasradioreflejos.com.ar\/2021\/"},{"@type":"ListItem","position":2,"name":"Saldungaray le gan\u00f3 el \u201ccl\u00e1sico\u201d del f\u00fatbol a Sierra de la Ventana"}]},{"@type":"WebSite","@id":"https:\/\/www.noticiasradioreflejos.com.ar\/2021\/#website","url":"https:\/\/www.noticiasradioreflejos.com.ar\/2021\/","name":"Noticias Radio Reflejos","description":"Las noticias de mi comarca","potentialAction":[{"@type":"SearchAction","target":{"@type":"EntryPoint","urlTemplate":"https:\/\/www.noticiasradioreflejos.com.ar\/2021\/?s={search_term_string}"},"query-input":{"@type":"PropertyValueSpecification","valueRequired":true,"valueName":"search_term_string"}}],"inLanguage":"es"},{"@type":"Person","@id":"https:\/\/www.noticiasradioreflejos.com.ar\/2021\/#\/schema\/person\/ad82545263dcc5ec0996818884fd5fb1","name":"Arnaldo Botto","image":{"@type":"ImageObject","inLanguage":"es","@id":"https:\/\/www.noticiasradioreflejos.com.ar\/2021\/#\/schema\/person\/image\/","url":"https:\/\/secure.gravatar.com\/avatar\/55cb5e37c1efa326397366e6974cb338056df65cb50e7d64d1cf314e87504837?s=96&d=mm&r=g","contentUrl":"https:\/\/secure.gravatar.com\/avatar\/55cb5e37c1efa326397366e6974cb338056df65cb50e7d64d1cf314e87504837?s=96&d=mm&r=g","caption":"Arnaldo Botto"},"url":"https:\/\/www.noticiasradioreflejos.com.ar\/2021\/author\/arnaldo\/"}]}},"_links":{"self":[{"href":"https:\/\/www.noticiasradioreflejos.com.ar\/2021\/wp-json\/wp\/v2\/posts\/872","targetHints":{"allow":["GET"]}}],"collection":[{"href":"https:\/\/www.noticiasradioreflejos.com.ar\/2021\/wp-json\/wp\/v2\/posts"}],"about":[{"href":"https:\/\/www.noticiasradioreflejos.com.ar\/2021\/wp-json\/wp\/v2\/types\/post"}],"author":[{"embeddable":true,"href":"https:\/\/www.noticiasradioreflejos.com.ar\/2021\/wp-json\/wp\/v2\/users\/3"}],"replies":[{"embeddable":true,"href":"https:\/\/www.noticiasradioreflejos.com.ar\/2021\/wp-json\/wp\/v2\/comments?post=872"}],"version-history":[{"count":0,"href":"https:\/\/www.noticiasradioreflejos.com.ar\/2021\/wp-json\/wp\/v2\/posts\/872\/revisions"}],"wp:attachment":[{"href":"https:\/\/www.noticiasradioreflejos.com.ar\/2021\/wp-json\/wp\/v2\/media?parent=872"}],"wp:term":[{"taxonomy":"category","embeddable":true,"href":"https:\/\/www.noticiasradioreflejos.com.ar\/2021\/wp-json\/wp\/v2\/categories?post=872"},{"taxonomy":"post_tag","embeddable":true,"href":"https:\/\/www.noticiasradioreflejos.com.ar\/2021\/wp-json\/wp\/v2\/tags?post=872"}],"curies":[{"name":"wp","href":"https:\/\/api.w.org\/{rel}","templated":true}]}}