{"id":86831,"date":"2023-04-15T13:38:07","date_gmt":"2023-04-15T13:38:07","guid":{"rendered":"https:\/\/www.noticiasradioreflejos.com.ar\/2021\/?p=86831"},"modified":"2023-04-15T13:38:07","modified_gmt":"2023-04-15T13:38:07","slug":"azul-estaban-desechando-archivos-municipales-y-encuentran-25-planos-originales-de-francisco-salamone","status":"publish","type":"post","link":"https:\/\/www.noticiasradioreflejos.com.ar\/2021\/azul-estaban-desechando-archivos-municipales-y-encuentran-25-planos-originales-de-francisco-salamone\/","title":{"rendered":"Azul: estaban desechando archivos municipales y encuentran 25 planos originales de Francisco Salamone"},"content":{"rendered":"<p>Lo encontr\u00f3 un concejal que integra la Comisi\u00f3n de Expurgo del Archivo del Municipio de esta ciudad del centro bonaerense. Si no los identificaban a tiempo se iban a tirar. Es un material de gran relevancia patrimonial y arquitect\u00f3nica que muestra los dise\u00f1os de obras monumentales como el cementerio, la plaza y el matadero de Azul.<!--more--><\/p>\n<div class=\"img-container mt-3\">\n<div id=\"article-main-image\" class=\"img-wrapper\"><img decoding=\"async\" class=\"img-fluid w-100 d-none d-sm-block\" src=\"https:\/\/www.tiempoar.com.ar\/wp-content\/uploads\/2023\/04\/planos-de-Salamone-que-encontraron-en-el-municipio-de-Azul-767x511.jpg\" alt=\"\" \/><\/div>\n<\/div>\n<div class=\"d-none d-sm-flex d-md-flex d-lg-flex flex-column flex-md-row mt-2 mt-md-3\">\n<div class=\"author d-flex mx-2\">\n<div class=\"author-icon mr-2\">\n<div class=\"author-img\">\n<div class=\"author-icon mr-2\">Quien haya visitado Azul, en el centro bonaerense, habr\u00e1 quedado impactado por esas obras tan particulares que se destacan en plena llanura pampeana, como son la fachada monumental del cementerio, la plaza central o un viejo matadero a escasos kil\u00f3metros de Ruta 3. Todas con un mismo autor: el arquitecto \u00edtalo\u2013argentino <a href=\"https:\/\/www.tiempoar.com.ar\/cultura\/francisco-salamone-una-fama-postuma-que-quiebra-fronteras\/\" target=\"_blank\" rel=\"noreferrer noopener\">Francisco Salamone<\/a>. Constructor de 70 edificios en veinticinco municipios del interior de la provincia hace casi 90 a\u00f1os. Al verlos las preguntas salen solas: \u00bfc\u00f3mo los pens\u00f3? \u00bfc\u00f3mo los habr\u00e1 dibujado? \u00bfqu\u00e9 tuvo en cuenta al crearlos? Algunos de estos interrogantes podr\u00e1n empezar a saldarse tras haberse\u00a0<strong>encontrado en las \u00faltimas horas los 25 planos originales de esas tres obras<\/strong>. Lo curioso es c\u00f3mo ocurri\u00f3.<\/div>\n<div><\/div>\n<\/div>\n<\/div>\n<\/div>\n<\/div>\n<div class=\"article-body mt-3\">\n<div class=\"art-column-w-lpadding\">\n<div class=\"img-container mt-3\">\n<figure class=\"wp-block-image size-large\"><img loading=\"lazy\" decoding=\"async\" class=\"wp-image-586492\" src=\"https:\/\/www.tiempoar.com.ar\/wp-content\/uploads\/2023\/04\/web-Salamone2-1024x683.jpg\" sizes=\"auto, (max-width: 1024px) 100vw, 1024px\" srcset=\"https:\/\/www.tiempoar.com.ar\/wp-content\/uploads\/2023\/04\/web-Salamone2-1024x683.jpg 1024w, https:\/\/www.tiempoar.com.ar\/wp-content\/uploads\/2023\/04\/web-Salamone2-400x267.jpg 400w, https:\/\/www.tiempoar.com.ar\/wp-content\/uploads\/2023\/04\/web-Salamone2-768x512.jpg 768w, https:\/\/www.tiempoar.com.ar\/wp-content\/uploads\/2023\/04\/web-Salamone2-767x511.jpg 767w, https:\/\/www.tiempoar.com.ar\/wp-content\/uploads\/2023\/04\/web-Salamone2.jpg 1200w\" alt=\"\" width=\"1024\" height=\"683\" \/><\/figure>\n<div class=\"credits text-right mt-2 d-flex justify-content-end align-items-center \">\n<div class=\"credits-info d-flex flex-column mr-lg-2\">Foto: Prensa Podemos Azul<\/div>\n<\/div>\n<\/div>\n<p><strong>Expurgo<\/strong>. La palabra ya suena fea y anticuada, pero existe una Comisi\u00f3n en Azul que lleva ese t\u00e9rmino y que se encarga de \u00abdesechar\u00bb material \u00abinservible\u00bb del Archivo Municipal. Se re\u00fane cada cierto tiempo, sin embargo esta vez \u2013ante un Archivo descuidado y con antecedentes de poco control de lo que se tiraba\u2013, la oposici\u00f3n pidi\u00f3 ser part\u00edcipe activa del proceso. Durante esa depuraci\u00f3n del archivo municipal fue que uno de los representantes del Concejo Deliberante, el edil\u00a0<strong>Juan Louge<\/strong>\u00a0(del partido vecinalista Podemos Azul) dio con una caja que conten\u00eda en su interior\u00a0<strong>25 planos originales<\/strong>\u00a0del arquitecto\u00a0<a href=\"https:\/\/es.wikipedia.org\/wiki\/Francisco_Salamone\" target=\"_blank\" rel=\"noreferrer noopener\">Francisco Salamone<\/a>.<\/p>\n<div class=\"widget-text wp_widget_plugin_box ad-120\"><\/div>\n<div class=\"widget_text col-7 entre-1 d-none d-sm-none d-md-block d-lg-block\">\n<div class=\"textwidget custom-html-widget\"><\/div>\n<\/div>\n<p>Se trata de documentaci\u00f3n hist\u00f3rica sobre tres sitios que construy\u00f3 para el Municipio de Azul en la d\u00e9cada del \u201930 por pedido del entonces gobernador Manuel Fresco:\u00a0<strong>la Plaza San Mart\u00edn con sus baldosas zigzagueantes y sus farolas art dec\u00f3, el\u00a0<a href=\"https:\/\/www.argentina.gob.ar\/cultura\/monumentos\/matadero-azul\" target=\"_blank\" rel=\"noreferrer noopener\">Matadero municipal<\/a>\u00a0con sus 18 metros de largo y la torre en forma de cuchilla, y el Cementerio Municipal con su \u00e1ngel exterminador gigante.<\/strong><\/p>\n<div class=\"img-container mt-3\">\n<figure class=\"wp-block-image size-large\"><img loading=\"lazy\" decoding=\"async\" class=\"wp-image-586493\" src=\"https:\/\/www.tiempoar.com.ar\/wp-content\/uploads\/2023\/04\/web-PlanoSalamone2-1024x683.jpg\" sizes=\"auto, (max-width: 1024px) 100vw, 1024px\" srcset=\"https:\/\/www.tiempoar.com.ar\/wp-content\/uploads\/2023\/04\/web-PlanoSalamone2-1024x683.jpg 1024w, https:\/\/www.tiempoar.com.ar\/wp-content\/uploads\/2023\/04\/web-PlanoSalamone2-400x267.jpg 400w, https:\/\/www.tiempoar.com.ar\/wp-content\/uploads\/2023\/04\/web-PlanoSalamone2-768x512.jpg 768w, https:\/\/www.tiempoar.com.ar\/wp-content\/uploads\/2023\/04\/web-PlanoSalamone2-767x511.jpg 767w, https:\/\/www.tiempoar.com.ar\/wp-content\/uploads\/2023\/04\/web-PlanoSalamone2.jpg 1200w\" alt=\"\" width=\"1024\" height=\"683\" \/><\/figure>\n<div class=\"credits text-right mt-2 d-flex justify-content-end align-items-center \">\n<div class=\"credits-info d-flex flex-column mr-lg-2\">Foto: Prensa Podemos Azul<\/div>\n<\/div>\n<\/div>\n<p>\u00abLa Comisi\u00f3n de Expurgo somos dos concejales nombrados por la presidenta del Concejo para constatar\u00a0<strong>cuando hay que vaciar el archivo de cosas que tienen muchos a\u00f1os que en teor\u00eda ya no vale la pena cuidarlas<\/strong>\u00a0\u2013cuenta Louge a\u00a0<em>Tiempo<\/em>\u2013. A ra\u00edz de eso dijimos: \u2018aparten las cajas con lo que consideren que est\u00e1 para purgar o tirar\u2019. Se llevaron a un cuarto aparte y abrimos caja por caja. Hab\u00eda licitaciones, encontr\u00e1s habilitaciones de comercios de los a\u00f1os \u201940 hasta el 2000, que es la fecha hasta donde ten\u00edamos que evaluar\u00bb.<\/p>\n<p>Y contin\u00faa: \u00abvamos apartando lo que nos parece que puede tener valor para la ciudad como puede ser la habilitaci\u00f3n de un comercio hist\u00f3rico; y en eso veo una carpeta atada con un hilo, cuando la miro veo la car\u00e1tula y dec\u00eda que eran las cosas de Salamone.\u00a0<strong>La abro y me doy cuenta que eran los planos.\u00a0<\/strong>Autom\u00e1ticamente le digo a otra chica, trabajadora municipal, que estaba revisando otra caja y que hab\u00eda trabajado en el patrimonio: pr\u00e1cticamente se le llenaron los ojos de l\u00e1grimas al leerlo. Ah\u00ed fui tomando conciencia de lo que hab\u00edamos encontrado. Y dijimos: \u2018Esto tratemos de tocarlo lo menos posible&#8217;\u00bb.<\/p>\n<p><strong>Descubrieron que cada plano ten\u00eda su n\u00famero<\/strong>. Del 1 al 7 est\u00e1n dedicados a cuestiones arquitect\u00f3nicas de la plaza (vista a\u00e9rea, electricidad y riego, base monumento, columnas y bancos, columnas de alumbrado, p\u00e9rgola y jarrones); del 8 al 14 son los del cementerio (frente y cortes, entrada, nichos, fachada, galer\u00eda, plano de obras sanitarias, carpinter\u00eda y herrer\u00eda); y luego hasta el 25 son del Matadero, que incluyen modelo horno e incinerador de basura. Joyas patrimoniales, ideales para fan\u00e1ticos y estudiosos de la arquitectura.<\/p>\n<p>\u00abFue un hecho fortuito porque\u00a0<strong>ha estado 86 a\u00f1os una carpeta en un archivo que nadie sab\u00eda<\/strong>, que nadie hab\u00eda visto, podr\u00eda haberse mojado o comido por las ratas, y est\u00e1n conservados en perfecto estado. Por suerte se hizo trabajo a conciencia\u00bb, destaca Louge.<\/p>\n<div class=\"img-container mt-3\">\n<figure class=\"wp-block-image size-full\"><img loading=\"lazy\" decoding=\"async\" class=\"wp-image-586495\" src=\"https:\/\/www.tiempoar.com.ar\/wp-content\/uploads\/2023\/04\/web-PlanoSalamone1.jpg\" sizes=\"auto, (max-width: 768px) 100vw, 768px\" srcset=\"https:\/\/www.tiempoar.com.ar\/wp-content\/uploads\/2023\/04\/web-PlanoSalamone1.jpg 768w, https:\/\/www.tiempoar.com.ar\/wp-content\/uploads\/2023\/04\/web-PlanoSalamone1-300x400.jpg 300w\" alt=\"\" width=\"768\" height=\"1024\" \/><\/figure>\n<div class=\"credits text-right mt-2 d-flex justify-content-end align-items-center \">\n<div class=\"credits-info d-flex flex-column mr-lg-2\">Foto: Prensa Podemos Azul<\/div>\n<\/div>\n<\/div>\n<p>R\u00e1pidamente el intendente Hern\u00e1n Bertellys (Juntos por el Cambio) sali\u00f3 a vanagloriarse del hallazgo que en realidad no lo deja muy bien parado, teniendo en cuenta que si en la \u00faltima reuni\u00f3n de la Comisi\u00f3n no se percataban de la presencia de esa caja, iba a tirarse: \u201che recibido y pondremos a resguardo material original del arquitecto Francisco Salamone,\u00a0<strong>patrimonio muy importante que dan cuenta del valor hist\u00f3rico y patrimonial<\/strong>\u00a0para el partido de Azul y la provincia de Buenos Aires\u201d, sostuvo.<\/p>\n<p>Seg\u00fan informaron,\u00a0<strong>por ahora la custodia queda bajo responsabilidad del Intendente Municipal\u00a0<\/strong>y seg\u00fan el acta firmada durante el hallazgo ser\u00e1 tarea de la Comisi\u00f3n de Expurgo, en conjunto con el jefe comunal, resolver donde se preservar\u00e1n de manera definitiva.<\/p>\n<p>\u201cPaso siguiente al resguardo correspondiente de este material tan importante, vamos a proceder a la digitalizaci\u00f3n\u00a0<strong>para que est\u00e9 a disposici\u00f3n de turistas y profesionales<\/strong>\u00a0que deseen obtener m\u00e1s informaci\u00f3n al respecto\u201d, acot\u00f3 el mandatario comunal.<\/p>\n<figure class=\"wp-block-video\"><video src=\"https:\/\/www.tiempoar.com.ar\/wp-content\/uploads\/2023\/04\/341012350_1206697236652583_1888015756982212386_n.mp4\" controls=\"controls\" width=\"300\" height=\"150\" data-mce-fragment=\"1\"><\/video><figcaption>Video publicado en las redes de Podemos Azul<\/figcaption><\/figure>\n<h2>La obra monumental de Salamone<\/h2>\n<p>El arquitecto nacido en Sicilia construy\u00f3 en tiempo r\u00e9cord m\u00e1s de 70 obras monumentales entre 1936 y 1940.<\/p>\n<p>Mataderos, municipios, entradas de cementerios. producci\u00f3n, administraci\u00f3n y muerte. All\u00ed se centrar\u00eda la mayor parte del trabajo del ingeniero y arquitecto Francisco Salamone que,\u00a0<strong>en plena \u00abD\u00e9cada Infame\u00bb<\/strong>, bajo la gesti\u00f3n del conservador filo-fascista Manuel Fresco, le dio vida a una serie de edificaciones propias del film\u00a0<em>Metr\u00f3polis<\/em>\u00a0de Fritz Lang, de un estilo h\u00edbrido \u00fanico (una cruza entre art d\u00e9co , futurismo italiano, constructivismo ruso, funcionalismo, expresionismo alem\u00e1n, neo colonial y la arquitectura fascista, algunos hasta encuentran elementos del arte egipcio o la Bauhaus) y rodeadas de enigmas y datos llamativos.<\/p>\n<div class=\"img-container mt-3\">\n<figure class=\"wp-block-image size-large\"><img loading=\"lazy\" decoding=\"async\" class=\"wp-image-483416\" src=\"https:\/\/www.tiempoar.com.ar\/wp-content\/uploads\/2022\/08\/cementerio_de_Azul-_Obra_del_Ingeniero_Francisco_Salamone-1024x683.jpg\" sizes=\"auto, (max-width: 1024px) 100vw, 1024px\" srcset=\"https:\/\/www.tiempoar.com.ar\/wp-content\/uploads\/2022\/08\/cementerio_de_Azul-_Obra_del_Ingeniero_Francisco_Salamone-1024x683.jpg 1024w, https:\/\/www.tiempoar.com.ar\/wp-content\/uploads\/2022\/08\/cementerio_de_Azul-_Obra_del_Ingeniero_Francisco_Salamone-400x267.jpg 400w, https:\/\/www.tiempoar.com.ar\/wp-content\/uploads\/2022\/08\/cementerio_de_Azul-_Obra_del_Ingeniero_Francisco_Salamone-768x512.jpg 768w, https:\/\/www.tiempoar.com.ar\/wp-content\/uploads\/2022\/08\/cementerio_de_Azul-_Obra_del_Ingeniero_Francisco_Salamone-767x511.jpg 767w, https:\/\/www.tiempoar.com.ar\/wp-content\/uploads\/2022\/08\/cementerio_de_Azul-_Obra_del_Ingeniero_Francisco_Salamone.jpg 1200w\" alt=\"\" width=\"1024\" height=\"683\" \/><figcaption>Fachada del Cementerio de Azul<\/figcaption><\/figure>\n<\/div>\n<p>En la geograf\u00eda rural que rodea a distritos como Azul, Laprida, Pringles, Carhu\u00e9, Guamin\u00ed, Gonz\u00e1les Chavez o Saldungaray, sobresalen\u00a0<strong>moles grises elefanti\u00e1sicas que rebanan la serenidad horizontal de la pampa como un cuchillo.<\/strong>\u00a0\u00abEsta arquitectura monumental rompe con los c\u00e1nones establecidos de belleza y cultura de la \u00e9poca \u2013afirm\u00f3 a este diario tiempo atr\u00e1s Carlos Fortunato, arquitecto estudioso de la obra del italiano\u2013. Generando una nueva identidad urbana, coherente con el pensamiento imperante en los \u201930 y \u201940, de la grandilocuencia con que se quer\u00eda revestir la arquitectura oficial\u00bb.<\/p>\n<p>Desde el Centro de Investigaciones Territoriales y Ambientales Bonaerenses (CITAB) sostuvieron en su momento que Francisco Salamone fue creador de un \u00abestilo\u00bb, dif\u00edcil de encuadrar en otro estilo: \u201cel inter\u00e9s y singularidad de su obra, imposible de describirla estil\u00edsticamente, reside en la combinaci\u00f3n de art dec\u00f3, futurismo, funcionalismo con escala monumental materializado en hormig\u00f3n armado, material innovador para la \u00e9poca que le permiti\u00f3 concretar sus formas y conquistar alturas con sus torres. Usaba revoques lisos y blancos, utilizaba granito de canteras de la zona para los pisos, aberturas met\u00e1licas, metales cromados y opalinas para las luminarias\u201d.<\/p>\n<p>La escritora y periodista Mariana Enr\u00edquez describe la fachada del Cementerio de Azul \u2014custodiada por un inmenso \u00e1ngel exterminador de hormig\u00f3n armado macizo abrigado por las letras RIP en imponente may\u00fascula de m\u00e1s de veinte metros de altura\u2014 en su libro\u00a0<em>Alguien camina sobre tu tumba<\/em>: \u00abEl \u00c1ngel no da ninguna idea tranquilizadora sobre la muerte, no es una imagen de alivio ni de pasaje, sino un juez severo, como una deidad egipcia dispuesta a arrancar y pesar un coraz\u00f3n. Es una aparici\u00f3n inesperada que no tiene nada que ver con el barrio, que no se anuncia, que parece depositada ah\u00ed, abandonada, como un artefacto de otro mundo\u00bb.<\/p>\n<\/div>\n<\/div>\n<p>&nbsp;<\/p>\n<p>Por:\u00a0<a href=\"https:\/\/www.tiempoar.com.ar\/autor\/gustavo-sarmiento\/\">Gustavo Sarmiento para Tiempo<\/a><\/p>\n<p><a href=\"https:\/\/twitter.com\/GustSarmi\">@GustSarmi<\/a><\/p>\n","protected":false},"excerpt":{"rendered":"<p>Lo encontr\u00f3 un concejal que integra la Comisi\u00f3n de Expurgo del Archivo del Municipio de esta ciudad del centro bonaerense. Si no los identificaban a tiempo se iban a tirar. Es un material de gran relevancia patrimonial y arquitect\u00f3nica que muestra los dise\u00f1os de obras monumentales como el cementerio, la plaza y el matadero de [&hellip;]<\/p>\n","protected":false},"author":3,"featured_media":86832,"comment_status":"closed","ping_status":"closed","sticky":false,"template":"","format":"standard","meta":{"footnotes":""},"categories":[26,33],"tags":[],"class_list":["post-86831","post","type-post","status-publish","format-standard","has-post-thumbnail","hentry","category-sociedad","category-turismo"],"yoast_head":"<!-- This site is optimized with the Yoast SEO plugin v25.9 - https:\/\/yoast.com\/wordpress\/plugins\/seo\/ -->\n<title>Azul: estaban desechando archivos municipales y encuentran 25 planos originales de Francisco Salamone - Noticias Radio Reflejos<\/title>\n<meta name=\"robots\" content=\"index, follow, max-snippet:-1, max-image-preview:large, max-video-preview:-1\" \/>\n<link rel=\"canonical\" href=\"https:\/\/www.noticiasradioreflejos.com.ar\/2021\/azul-estaban-desechando-archivos-municipales-y-encuentran-25-planos-originales-de-francisco-salamone\/\" \/>\n<meta property=\"og:locale\" content=\"es_ES\" \/>\n<meta property=\"og:type\" content=\"article\" \/>\n<meta property=\"og:title\" content=\"Azul: estaban desechando archivos municipales y encuentran 25 planos originales de Francisco Salamone - Noticias Radio Reflejos\" \/>\n<meta property=\"og:description\" content=\"Lo encontr\u00f3 un concejal que integra la Comisi\u00f3n de Expurgo del Archivo del Municipio de esta ciudad del centro bonaerense. Si no los identificaban a tiempo se iban a tirar. Es un material de gran relevancia patrimonial y arquitect\u00f3nica que muestra los dise\u00f1os de obras monumentales como el cementerio, la plaza y el matadero de [&hellip;]\" \/>\n<meta property=\"og:url\" content=\"https:\/\/www.noticiasradioreflejos.com.ar\/2021\/azul-estaban-desechando-archivos-municipales-y-encuentran-25-planos-originales-de-francisco-salamone\/\" \/>\n<meta property=\"og:site_name\" content=\"Noticias Radio Reflejos\" \/>\n<meta property=\"article:published_time\" content=\"2023-04-15T13:38:07+00:00\" \/>\n<meta property=\"og:image\" content=\"https:\/\/www.noticiasradioreflejos.com.ar\/2021\/wp-content\/uploads\/2023\/04\/web-Salamone2-1024x683-1.jpg\" \/>\n\t<meta property=\"og:image:width\" content=\"1024\" \/>\n\t<meta property=\"og:image:height\" content=\"683\" \/>\n\t<meta property=\"og:image:type\" content=\"image\/jpeg\" \/>\n<meta name=\"author\" content=\"Arnaldo Botto\" \/>\n<meta name=\"twitter:card\" content=\"summary_large_image\" \/>\n<script type=\"application\/ld+json\" class=\"yoast-schema-graph\">{\"@context\":\"https:\/\/schema.org\",\"@graph\":[{\"@type\":\"WebPage\",\"@id\":\"https:\/\/www.noticiasradioreflejos.com.ar\/2021\/azul-estaban-desechando-archivos-municipales-y-encuentran-25-planos-originales-de-francisco-salamone\/\",\"url\":\"https:\/\/www.noticiasradioreflejos.com.ar\/2021\/azul-estaban-desechando-archivos-municipales-y-encuentran-25-planos-originales-de-francisco-salamone\/\",\"name\":\"Azul: estaban desechando archivos municipales y encuentran 25 planos originales de Francisco Salamone - Noticias Radio Reflejos\",\"isPartOf\":{\"@id\":\"https:\/\/www.noticiasradioreflejos.com.ar\/2021\/#website\"},\"primaryImageOfPage\":{\"@id\":\"https:\/\/www.noticiasradioreflejos.com.ar\/2021\/azul-estaban-desechando-archivos-municipales-y-encuentran-25-planos-originales-de-francisco-salamone\/#primaryimage\"},\"image\":{\"@id\":\"https:\/\/www.noticiasradioreflejos.com.ar\/2021\/azul-estaban-desechando-archivos-municipales-y-encuentran-25-planos-originales-de-francisco-salamone\/#primaryimage\"},\"thumbnailUrl\":\"https:\/\/www.noticiasradioreflejos.com.ar\/2021\/wp-content\/uploads\/2023\/04\/web-Salamone2-1024x683-1.jpg\",\"datePublished\":\"2023-04-15T13:38:07+00:00\",\"author\":{\"@id\":\"https:\/\/www.noticiasradioreflejos.com.ar\/2021\/#\/schema\/person\/ad82545263dcc5ec0996818884fd5fb1\"},\"breadcrumb\":{\"@id\":\"https:\/\/www.noticiasradioreflejos.com.ar\/2021\/azul-estaban-desechando-archivos-municipales-y-encuentran-25-planos-originales-de-francisco-salamone\/#breadcrumb\"},\"inLanguage\":\"es\",\"potentialAction\":[{\"@type\":\"ReadAction\",\"target\":[\"https:\/\/www.noticiasradioreflejos.com.ar\/2021\/azul-estaban-desechando-archivos-municipales-y-encuentran-25-planos-originales-de-francisco-salamone\/\"]}]},{\"@type\":\"ImageObject\",\"inLanguage\":\"es\",\"@id\":\"https:\/\/www.noticiasradioreflejos.com.ar\/2021\/azul-estaban-desechando-archivos-municipales-y-encuentran-25-planos-originales-de-francisco-salamone\/#primaryimage\",\"url\":\"https:\/\/www.noticiasradioreflejos.com.ar\/2021\/wp-content\/uploads\/2023\/04\/web-Salamone2-1024x683-1.jpg\",\"contentUrl\":\"https:\/\/www.noticiasradioreflejos.com.ar\/2021\/wp-content\/uploads\/2023\/04\/web-Salamone2-1024x683-1.jpg\",\"width\":1024,\"height\":683},{\"@type\":\"BreadcrumbList\",\"@id\":\"https:\/\/www.noticiasradioreflejos.com.ar\/2021\/azul-estaban-desechando-archivos-municipales-y-encuentran-25-planos-originales-de-francisco-salamone\/#breadcrumb\",\"itemListElement\":[{\"@type\":\"ListItem\",\"position\":1,\"name\":\"Portada\",\"item\":\"https:\/\/www.noticiasradioreflejos.com.ar\/2021\/\"},{\"@type\":\"ListItem\",\"position\":2,\"name\":\"Azul: estaban desechando archivos municipales y encuentran 25 planos originales de Francisco Salamone\"}]},{\"@type\":\"WebSite\",\"@id\":\"https:\/\/www.noticiasradioreflejos.com.ar\/2021\/#website\",\"url\":\"https:\/\/www.noticiasradioreflejos.com.ar\/2021\/\",\"name\":\"Noticias Radio Reflejos\",\"description\":\"Las noticias de mi comarca\",\"potentialAction\":[{\"@type\":\"SearchAction\",\"target\":{\"@type\":\"EntryPoint\",\"urlTemplate\":\"https:\/\/www.noticiasradioreflejos.com.ar\/2021\/?s={search_term_string}\"},\"query-input\":{\"@type\":\"PropertyValueSpecification\",\"valueRequired\":true,\"valueName\":\"search_term_string\"}}],\"inLanguage\":\"es\"},{\"@type\":\"Person\",\"@id\":\"https:\/\/www.noticiasradioreflejos.com.ar\/2021\/#\/schema\/person\/ad82545263dcc5ec0996818884fd5fb1\",\"name\":\"Arnaldo Botto\",\"image\":{\"@type\":\"ImageObject\",\"inLanguage\":\"es\",\"@id\":\"https:\/\/www.noticiasradioreflejos.com.ar\/2021\/#\/schema\/person\/image\/\",\"url\":\"https:\/\/secure.gravatar.com\/avatar\/55cb5e37c1efa326397366e6974cb338056df65cb50e7d64d1cf314e87504837?s=96&d=mm&r=g\",\"contentUrl\":\"https:\/\/secure.gravatar.com\/avatar\/55cb5e37c1efa326397366e6974cb338056df65cb50e7d64d1cf314e87504837?s=96&d=mm&r=g\",\"caption\":\"Arnaldo Botto\"},\"url\":\"https:\/\/www.noticiasradioreflejos.com.ar\/2021\/author\/arnaldo\/\"}]}<\/script>\n<!-- \/ Yoast SEO plugin. -->","yoast_head_json":{"title":"Azul: estaban desechando archivos municipales y encuentran 25 planos originales de Francisco Salamone - Noticias Radio Reflejos","robots":{"index":"index","follow":"follow","max-snippet":"max-snippet:-1","max-image-preview":"max-image-preview:large","max-video-preview":"max-video-preview:-1"},"canonical":"https:\/\/www.noticiasradioreflejos.com.ar\/2021\/azul-estaban-desechando-archivos-municipales-y-encuentran-25-planos-originales-de-francisco-salamone\/","og_locale":"es_ES","og_type":"article","og_title":"Azul: estaban desechando archivos municipales y encuentran 25 planos originales de Francisco Salamone - Noticias Radio Reflejos","og_description":"Lo encontr\u00f3 un concejal que integra la Comisi\u00f3n de Expurgo del Archivo del Municipio de esta ciudad del centro bonaerense. Si no los identificaban a tiempo se iban a tirar. Es un material de gran relevancia patrimonial y arquitect\u00f3nica que muestra los dise\u00f1os de obras monumentales como el cementerio, la plaza y el matadero de [&hellip;]","og_url":"https:\/\/www.noticiasradioreflejos.com.ar\/2021\/azul-estaban-desechando-archivos-municipales-y-encuentran-25-planos-originales-de-francisco-salamone\/","og_site_name":"Noticias Radio Reflejos","article_published_time":"2023-04-15T13:38:07+00:00","og_image":[{"width":1024,"height":683,"url":"https:\/\/www.noticiasradioreflejos.com.ar\/2021\/wp-content\/uploads\/2023\/04\/web-Salamone2-1024x683-1.jpg","type":"image\/jpeg"}],"author":"Arnaldo Botto","twitter_card":"summary_large_image","schema":{"@context":"https:\/\/schema.org","@graph":[{"@type":"WebPage","@id":"https:\/\/www.noticiasradioreflejos.com.ar\/2021\/azul-estaban-desechando-archivos-municipales-y-encuentran-25-planos-originales-de-francisco-salamone\/","url":"https:\/\/www.noticiasradioreflejos.com.ar\/2021\/azul-estaban-desechando-archivos-municipales-y-encuentran-25-planos-originales-de-francisco-salamone\/","name":"Azul: estaban desechando archivos municipales y encuentran 25 planos originales de Francisco Salamone - Noticias Radio Reflejos","isPartOf":{"@id":"https:\/\/www.noticiasradioreflejos.com.ar\/2021\/#website"},"primaryImageOfPage":{"@id":"https:\/\/www.noticiasradioreflejos.com.ar\/2021\/azul-estaban-desechando-archivos-municipales-y-encuentran-25-planos-originales-de-francisco-salamone\/#primaryimage"},"image":{"@id":"https:\/\/www.noticiasradioreflejos.com.ar\/2021\/azul-estaban-desechando-archivos-municipales-y-encuentran-25-planos-originales-de-francisco-salamone\/#primaryimage"},"thumbnailUrl":"https:\/\/www.noticiasradioreflejos.com.ar\/2021\/wp-content\/uploads\/2023\/04\/web-Salamone2-1024x683-1.jpg","datePublished":"2023-04-15T13:38:07+00:00","author":{"@id":"https:\/\/www.noticiasradioreflejos.com.ar\/2021\/#\/schema\/person\/ad82545263dcc5ec0996818884fd5fb1"},"breadcrumb":{"@id":"https:\/\/www.noticiasradioreflejos.com.ar\/2021\/azul-estaban-desechando-archivos-municipales-y-encuentran-25-planos-originales-de-francisco-salamone\/#breadcrumb"},"inLanguage":"es","potentialAction":[{"@type":"ReadAction","target":["https:\/\/www.noticiasradioreflejos.com.ar\/2021\/azul-estaban-desechando-archivos-municipales-y-encuentran-25-planos-originales-de-francisco-salamone\/"]}]},{"@type":"ImageObject","inLanguage":"es","@id":"https:\/\/www.noticiasradioreflejos.com.ar\/2021\/azul-estaban-desechando-archivos-municipales-y-encuentran-25-planos-originales-de-francisco-salamone\/#primaryimage","url":"https:\/\/www.noticiasradioreflejos.com.ar\/2021\/wp-content\/uploads\/2023\/04\/web-Salamone2-1024x683-1.jpg","contentUrl":"https:\/\/www.noticiasradioreflejos.com.ar\/2021\/wp-content\/uploads\/2023\/04\/web-Salamone2-1024x683-1.jpg","width":1024,"height":683},{"@type":"BreadcrumbList","@id":"https:\/\/www.noticiasradioreflejos.com.ar\/2021\/azul-estaban-desechando-archivos-municipales-y-encuentran-25-planos-originales-de-francisco-salamone\/#breadcrumb","itemListElement":[{"@type":"ListItem","position":1,"name":"Portada","item":"https:\/\/www.noticiasradioreflejos.com.ar\/2021\/"},{"@type":"ListItem","position":2,"name":"Azul: estaban desechando archivos municipales y encuentran 25 planos originales de Francisco Salamone"}]},{"@type":"WebSite","@id":"https:\/\/www.noticiasradioreflejos.com.ar\/2021\/#website","url":"https:\/\/www.noticiasradioreflejos.com.ar\/2021\/","name":"Noticias Radio Reflejos","description":"Las noticias de mi comarca","potentialAction":[{"@type":"SearchAction","target":{"@type":"EntryPoint","urlTemplate":"https:\/\/www.noticiasradioreflejos.com.ar\/2021\/?s={search_term_string}"},"query-input":{"@type":"PropertyValueSpecification","valueRequired":true,"valueName":"search_term_string"}}],"inLanguage":"es"},{"@type":"Person","@id":"https:\/\/www.noticiasradioreflejos.com.ar\/2021\/#\/schema\/person\/ad82545263dcc5ec0996818884fd5fb1","name":"Arnaldo Botto","image":{"@type":"ImageObject","inLanguage":"es","@id":"https:\/\/www.noticiasradioreflejos.com.ar\/2021\/#\/schema\/person\/image\/","url":"https:\/\/secure.gravatar.com\/avatar\/55cb5e37c1efa326397366e6974cb338056df65cb50e7d64d1cf314e87504837?s=96&d=mm&r=g","contentUrl":"https:\/\/secure.gravatar.com\/avatar\/55cb5e37c1efa326397366e6974cb338056df65cb50e7d64d1cf314e87504837?s=96&d=mm&r=g","caption":"Arnaldo Botto"},"url":"https:\/\/www.noticiasradioreflejos.com.ar\/2021\/author\/arnaldo\/"}]}},"_links":{"self":[{"href":"https:\/\/www.noticiasradioreflejos.com.ar\/2021\/wp-json\/wp\/v2\/posts\/86831","targetHints":{"allow":["GET"]}}],"collection":[{"href":"https:\/\/www.noticiasradioreflejos.com.ar\/2021\/wp-json\/wp\/v2\/posts"}],"about":[{"href":"https:\/\/www.noticiasradioreflejos.com.ar\/2021\/wp-json\/wp\/v2\/types\/post"}],"author":[{"embeddable":true,"href":"https:\/\/www.noticiasradioreflejos.com.ar\/2021\/wp-json\/wp\/v2\/users\/3"}],"replies":[{"embeddable":true,"href":"https:\/\/www.noticiasradioreflejos.com.ar\/2021\/wp-json\/wp\/v2\/comments?post=86831"}],"version-history":[{"count":1,"href":"https:\/\/www.noticiasradioreflejos.com.ar\/2021\/wp-json\/wp\/v2\/posts\/86831\/revisions"}],"predecessor-version":[{"id":86833,"href":"https:\/\/www.noticiasradioreflejos.com.ar\/2021\/wp-json\/wp\/v2\/posts\/86831\/revisions\/86833"}],"wp:featuredmedia":[{"embeddable":true,"href":"https:\/\/www.noticiasradioreflejos.com.ar\/2021\/wp-json\/wp\/v2\/media\/86832"}],"wp:attachment":[{"href":"https:\/\/www.noticiasradioreflejos.com.ar\/2021\/wp-json\/wp\/v2\/media?parent=86831"}],"wp:term":[{"taxonomy":"category","embeddable":true,"href":"https:\/\/www.noticiasradioreflejos.com.ar\/2021\/wp-json\/wp\/v2\/categories?post=86831"},{"taxonomy":"post_tag","embeddable":true,"href":"https:\/\/www.noticiasradioreflejos.com.ar\/2021\/wp-json\/wp\/v2\/tags?post=86831"}],"curies":[{"name":"wp","href":"https:\/\/api.w.org\/{rel}","templated":true}]}}