{"id":86827,"date":"2023-04-15T13:04:17","date_gmt":"2023-04-15T13:04:17","guid":{"rendered":"https:\/\/www.noticiasradioreflejos.com.ar\/2021\/?p=86827"},"modified":"2023-04-15T13:05:19","modified_gmt":"2023-04-15T13:05:19","slug":"kicillof-firmo-el-decreto-que-convoca-a-las-paso-para-el-13-de-agosto","status":"publish","type":"post","link":"https:\/\/www.noticiasradioreflejos.com.ar\/2021\/kicillof-firmo-el-decreto-que-convoca-a-las-paso-para-el-13-de-agosto\/","title":{"rendered":"Kicillof firm\u00f3 el decreto que convoca a las PASO para el 13 de agosto en simult\u00e1neo con la nacional"},"content":{"rendered":"<header id=\"mvp-post-head\" class=\"left relative\">El gobernador bonaerense, Axel Kicillof, firm\u00f3 hoy el decreto que convoca a elecciones primarias, abiertas, simult\u00e1neas y obligatorias (PASO) en la provincia para el domingo 13 de agosto, en simult\u00e1neo con los comicios a nivel nacional.<br \/>\n<!--more--><\/header>\n<div class=\"mvp-post-main-out left relative\">\n<div class=\"mvp-post-main-in\">\n<div id=\"mvp-post-content\" class=\"left relative\">\n<div id=\"mvp-post-feat-img\" class=\"left relative mvp-post-feat-img-wide2\"><picture><source srcset=\"https:\/\/www.labrujula24.com\/wp-content\/webp-express\/webp-images\/uploads\/2021\/07\/elecciones.jpg.webp 1200w, https:\/\/www.labrujula24.com\/wp-content\/webp-express\/webp-images\/uploads\/2021\/07\/elecciones-768x461.jpg.webp 768w, https:\/\/www.labrujula24.com\/wp-content\/webp-express\/webp-images\/uploads\/2021\/07\/elecciones-1000x600.jpg.webp 1000w, https:\/\/www.labrujula24.com\/wp-content\/webp-express\/webp-images\/uploads\/2021\/07\/elecciones-590x354.jpg.webp 590w, https:\/\/www.labrujula24.com\/wp-content\/webp-express\/webp-images\/uploads\/2021\/07\/elecciones-400x240.jpg.webp 400w\" type=\"image\/webp\" sizes=\"(max-width: 1200px) 100vw, 1200px\" \/><img loading=\"lazy\" decoding=\"async\" class=\"attachment- size- wp-post-image webpexpress-processed\" src=\"https:\/\/www.labrujula24.com\/wp-content\/uploads\/2021\/07\/elecciones.jpg\" sizes=\"auto, (max-width: 1200px) 100vw, 1200px\" srcset=\"https:\/\/www.labrujula24.com\/wp-content\/uploads\/2021\/07\/elecciones.jpg 1200w, https:\/\/www.labrujula24.com\/wp-content\/uploads\/2021\/07\/elecciones-768x461.jpg 768w, https:\/\/www.labrujula24.com\/wp-content\/uploads\/2021\/07\/elecciones-1000x600.jpg 1000w, https:\/\/www.labrujula24.com\/wp-content\/uploads\/2021\/07\/elecciones-590x354.jpg 590w, https:\/\/www.labrujula24.com\/wp-content\/uploads\/2021\/07\/elecciones-400x240.jpg 400w\" alt=\"\" width=\"1200\" height=\"720\" \/><\/picture><\/div>\n<div id=\"mvp-content-wrap\" class=\"left relative\">\n<div class=\"mvp-post-soc-out right relative\">\n<div class=\"mvp-post-soc-in\">\n<div id=\"mvp-content-body\" class=\"left relative\">\n<div id=\"mvp-content-body-top\" class=\"left relative\">\n<div id=\"mvp-content-main\" class=\"left relative\">\n<div id=\"textbody\">\n<p>\u00abConforme a la Ley vigente, y atendiendo a los tiempos y formas que se establecen en el procedimiento electoral de la Provincia, esta convocatoria es \u00fanicamente para las PASO, que se llevar\u00e1 adelante en simult\u00e1neo con la elecci\u00f3n nacional\u00bb, inform\u00f3 esta ma\u00f1ana la gobernaci\u00f3n bonaerense.<\/p>\n<p>Se trata del decreto 567\/2023 publicado hoy en el Bolet\u00edn Oficial de la provincia, que lleva las firmas del gobernador, el jefe de gabinete bonaerense, Mart\u00edn Isaurralde, y la ministra de gobierno, Mar\u00eda Cristina \u00c1lvarez Rodr\u00edguez.<\/p>\n<p>De este modo, el domingo 13 de agosto se elegir\u00e1n en el territorio bonaerense los candidatos para gobernador y vicegobernador, 23 senadores provinciales titulares y diecis\u00e9is suplentes, 46 diputados provinciales titulares y 28 suplentes, 135 intendentes, 1.097 concejales titulares y 706 suplentes.<\/p>\n<p>Los cargos p\u00fablicos se repartir\u00e1n de acuerdo al siguiente detalle: Secci\u00f3n Capital 3 senadores titulares y 3 suplentes, 15 diputados titulares y 8 suplente; Secci\u00f3n Segunda 5 senadores titulares y 3 suplentes; Secci\u00f3n Tercera 9 senadores titulares y 6 suplentes; Secci\u00f3n Cuarta: 14 diputados titulares y 8 suplentes; Secci\u00f3n Quinta 11 diputados\/as titulares y 8 suplentes; Secci\u00f3n Sexta 6 senadores titulares y 4 suplentes; Secci\u00f3n S\u00e9ptima 6 diputados titulares y 4 suplentes.<\/p>\n<p>El Gobierno provincial record\u00f3 que las elecciones primarias y las elecciones generales \u00abson dos actos comiciales independientes\u00bb y por lo tanto \u00ablos plazos para realizar las respectivas convocatorias surgen de distintas leyes\u00bb.<\/p>\n<p>En este sentido, en el caso de las elecciones generales, se\u00f1alaron que el art\u00edculo 114 de la Ley Electoral 5109 establece que \u00abla convocatoria deber\u00e1 realizarse con no menos de 90 d\u00edas de anticipaci\u00f3n\u00bb.<\/p>\n<\/div>\n<\/div>\n<p><strong>Fuente: T\u00e9lam<\/strong><\/p>\n<\/div>\n<\/div>\n<\/div>\n<\/div>\n<\/div>\n<\/div>\n<\/div>\n<\/div>\n","protected":false},"excerpt":{"rendered":"<p>El gobernador bonaerense, Axel Kicillof, firm\u00f3 hoy el decreto que convoca a elecciones primarias, abiertas, simult\u00e1neas y obligatorias (PASO) en la provincia para el domingo 13 de agosto, en simult\u00e1neo con los comicios a nivel nacional.<\/p>\n","protected":false},"author":3,"featured_media":0,"comment_status":"closed","ping_status":"closed","sticky":false,"template":"","format":"standard","meta":{"footnotes":""},"categories":[1],"tags":[],"class_list":["post-86827","post","type-post","status-publish","format-standard","hentry","category-sin-categoria"],"yoast_head":"<!-- This site is optimized with the Yoast SEO plugin v25.9 - https:\/\/yoast.com\/wordpress\/plugins\/seo\/ -->\n<title>Kicillof firm\u00f3 el decreto que convoca a las PASO para el 13 de agosto en simult\u00e1neo con la nacional - Noticias Radio Reflejos<\/title>\n<meta name=\"robots\" content=\"index, follow, max-snippet:-1, max-image-preview:large, max-video-preview:-1\" \/>\n<link rel=\"canonical\" href=\"https:\/\/www.noticiasradioreflejos.com.ar\/2021\/kicillof-firmo-el-decreto-que-convoca-a-las-paso-para-el-13-de-agosto\/\" \/>\n<meta property=\"og:locale\" content=\"es_ES\" \/>\n<meta property=\"og:type\" content=\"article\" \/>\n<meta property=\"og:title\" content=\"Kicillof firm\u00f3 el decreto que convoca a las PASO para el 13 de agosto en simult\u00e1neo con la nacional - Noticias Radio Reflejos\" \/>\n<meta property=\"og:description\" content=\"El gobernador bonaerense, Axel Kicillof, firm\u00f3 hoy el decreto que convoca a elecciones primarias, abiertas, simult\u00e1neas y obligatorias (PASO) en la provincia para el domingo 13 de agosto, en simult\u00e1neo con los comicios a nivel nacional.\" \/>\n<meta property=\"og:url\" content=\"https:\/\/www.noticiasradioreflejos.com.ar\/2021\/kicillof-firmo-el-decreto-que-convoca-a-las-paso-para-el-13-de-agosto\/\" \/>\n<meta property=\"og:site_name\" content=\"Noticias Radio Reflejos\" \/>\n<meta property=\"article:published_time\" content=\"2023-04-15T13:04:17+00:00\" \/>\n<meta property=\"article:modified_time\" content=\"2023-04-15T13:05:19+00:00\" \/>\n<meta property=\"og:image\" content=\"https:\/\/www.labrujula24.com\/wp-content\/uploads\/2021\/07\/elecciones.jpg\" \/>\n<meta name=\"author\" content=\"Arnaldo Botto\" \/>\n<meta name=\"twitter:card\" content=\"summary_large_image\" \/>\n<script type=\"application\/ld+json\" class=\"yoast-schema-graph\">{\"@context\":\"https:\/\/schema.org\",\"@graph\":[{\"@type\":\"WebPage\",\"@id\":\"https:\/\/www.noticiasradioreflejos.com.ar\/2021\/kicillof-firmo-el-decreto-que-convoca-a-las-paso-para-el-13-de-agosto\/\",\"url\":\"https:\/\/www.noticiasradioreflejos.com.ar\/2021\/kicillof-firmo-el-decreto-que-convoca-a-las-paso-para-el-13-de-agosto\/\",\"name\":\"Kicillof firm\u00f3 el decreto que convoca a las PASO para el 13 de agosto en simult\u00e1neo con la nacional - Noticias Radio Reflejos\",\"isPartOf\":{\"@id\":\"https:\/\/www.noticiasradioreflejos.com.ar\/2021\/#website\"},\"primaryImageOfPage\":{\"@id\":\"https:\/\/www.noticiasradioreflejos.com.ar\/2021\/kicillof-firmo-el-decreto-que-convoca-a-las-paso-para-el-13-de-agosto\/#primaryimage\"},\"image\":{\"@id\":\"https:\/\/www.noticiasradioreflejos.com.ar\/2021\/kicillof-firmo-el-decreto-que-convoca-a-las-paso-para-el-13-de-agosto\/#primaryimage\"},\"thumbnailUrl\":\"https:\/\/www.labrujula24.com\/wp-content\/uploads\/2021\/07\/elecciones.jpg\",\"datePublished\":\"2023-04-15T13:04:17+00:00\",\"dateModified\":\"2023-04-15T13:05:19+00:00\",\"author\":{\"@id\":\"https:\/\/www.noticiasradioreflejos.com.ar\/2021\/#\/schema\/person\/ad82545263dcc5ec0996818884fd5fb1\"},\"breadcrumb\":{\"@id\":\"https:\/\/www.noticiasradioreflejos.com.ar\/2021\/kicillof-firmo-el-decreto-que-convoca-a-las-paso-para-el-13-de-agosto\/#breadcrumb\"},\"inLanguage\":\"es\",\"potentialAction\":[{\"@type\":\"ReadAction\",\"target\":[\"https:\/\/www.noticiasradioreflejos.com.ar\/2021\/kicillof-firmo-el-decreto-que-convoca-a-las-paso-para-el-13-de-agosto\/\"]}]},{\"@type\":\"ImageObject\",\"inLanguage\":\"es\",\"@id\":\"https:\/\/www.noticiasradioreflejos.com.ar\/2021\/kicillof-firmo-el-decreto-que-convoca-a-las-paso-para-el-13-de-agosto\/#primaryimage\",\"url\":\"https:\/\/www.labrujula24.com\/wp-content\/uploads\/2021\/07\/elecciones.jpg\",\"contentUrl\":\"https:\/\/www.labrujula24.com\/wp-content\/uploads\/2021\/07\/elecciones.jpg\"},{\"@type\":\"BreadcrumbList\",\"@id\":\"https:\/\/www.noticiasradioreflejos.com.ar\/2021\/kicillof-firmo-el-decreto-que-convoca-a-las-paso-para-el-13-de-agosto\/#breadcrumb\",\"itemListElement\":[{\"@type\":\"ListItem\",\"position\":1,\"name\":\"Portada\",\"item\":\"https:\/\/www.noticiasradioreflejos.com.ar\/2021\/\"},{\"@type\":\"ListItem\",\"position\":2,\"name\":\"Kicillof firm\u00f3 el decreto que convoca a las PASO para el 13 de agosto en simult\u00e1neo con la nacional\"}]},{\"@type\":\"WebSite\",\"@id\":\"https:\/\/www.noticiasradioreflejos.com.ar\/2021\/#website\",\"url\":\"https:\/\/www.noticiasradioreflejos.com.ar\/2021\/\",\"name\":\"Noticias Radio Reflejos\",\"description\":\"Las noticias de mi comarca\",\"potentialAction\":[{\"@type\":\"SearchAction\",\"target\":{\"@type\":\"EntryPoint\",\"urlTemplate\":\"https:\/\/www.noticiasradioreflejos.com.ar\/2021\/?s={search_term_string}\"},\"query-input\":{\"@type\":\"PropertyValueSpecification\",\"valueRequired\":true,\"valueName\":\"search_term_string\"}}],\"inLanguage\":\"es\"},{\"@type\":\"Person\",\"@id\":\"https:\/\/www.noticiasradioreflejos.com.ar\/2021\/#\/schema\/person\/ad82545263dcc5ec0996818884fd5fb1\",\"name\":\"Arnaldo Botto\",\"image\":{\"@type\":\"ImageObject\",\"inLanguage\":\"es\",\"@id\":\"https:\/\/www.noticiasradioreflejos.com.ar\/2021\/#\/schema\/person\/image\/\",\"url\":\"https:\/\/secure.gravatar.com\/avatar\/55cb5e37c1efa326397366e6974cb338056df65cb50e7d64d1cf314e87504837?s=96&d=mm&r=g\",\"contentUrl\":\"https:\/\/secure.gravatar.com\/avatar\/55cb5e37c1efa326397366e6974cb338056df65cb50e7d64d1cf314e87504837?s=96&d=mm&r=g\",\"caption\":\"Arnaldo Botto\"},\"url\":\"https:\/\/www.noticiasradioreflejos.com.ar\/2021\/author\/arnaldo\/\"}]}<\/script>\n<!-- \/ Yoast SEO plugin. -->","yoast_head_json":{"title":"Kicillof firm\u00f3 el decreto que convoca a las PASO para el 13 de agosto en simult\u00e1neo con la nacional - Noticias Radio Reflejos","robots":{"index":"index","follow":"follow","max-snippet":"max-snippet:-1","max-image-preview":"max-image-preview:large","max-video-preview":"max-video-preview:-1"},"canonical":"https:\/\/www.noticiasradioreflejos.com.ar\/2021\/kicillof-firmo-el-decreto-que-convoca-a-las-paso-para-el-13-de-agosto\/","og_locale":"es_ES","og_type":"article","og_title":"Kicillof firm\u00f3 el decreto que convoca a las PASO para el 13 de agosto en simult\u00e1neo con la nacional - Noticias Radio Reflejos","og_description":"El gobernador bonaerense, Axel Kicillof, firm\u00f3 hoy el decreto que convoca a elecciones primarias, abiertas, simult\u00e1neas y obligatorias (PASO) en la provincia para el domingo 13 de agosto, en simult\u00e1neo con los comicios a nivel nacional.","og_url":"https:\/\/www.noticiasradioreflejos.com.ar\/2021\/kicillof-firmo-el-decreto-que-convoca-a-las-paso-para-el-13-de-agosto\/","og_site_name":"Noticias Radio Reflejos","article_published_time":"2023-04-15T13:04:17+00:00","article_modified_time":"2023-04-15T13:05:19+00:00","og_image":[{"url":"https:\/\/www.labrujula24.com\/wp-content\/uploads\/2021\/07\/elecciones.jpg","type":"","width":"","height":""}],"author":"Arnaldo Botto","twitter_card":"summary_large_image","schema":{"@context":"https:\/\/schema.org","@graph":[{"@type":"WebPage","@id":"https:\/\/www.noticiasradioreflejos.com.ar\/2021\/kicillof-firmo-el-decreto-que-convoca-a-las-paso-para-el-13-de-agosto\/","url":"https:\/\/www.noticiasradioreflejos.com.ar\/2021\/kicillof-firmo-el-decreto-que-convoca-a-las-paso-para-el-13-de-agosto\/","name":"Kicillof firm\u00f3 el decreto que convoca a las PASO para el 13 de agosto en simult\u00e1neo con la nacional - Noticias Radio Reflejos","isPartOf":{"@id":"https:\/\/www.noticiasradioreflejos.com.ar\/2021\/#website"},"primaryImageOfPage":{"@id":"https:\/\/www.noticiasradioreflejos.com.ar\/2021\/kicillof-firmo-el-decreto-que-convoca-a-las-paso-para-el-13-de-agosto\/#primaryimage"},"image":{"@id":"https:\/\/www.noticiasradioreflejos.com.ar\/2021\/kicillof-firmo-el-decreto-que-convoca-a-las-paso-para-el-13-de-agosto\/#primaryimage"},"thumbnailUrl":"https:\/\/www.labrujula24.com\/wp-content\/uploads\/2021\/07\/elecciones.jpg","datePublished":"2023-04-15T13:04:17+00:00","dateModified":"2023-04-15T13:05:19+00:00","author":{"@id":"https:\/\/www.noticiasradioreflejos.com.ar\/2021\/#\/schema\/person\/ad82545263dcc5ec0996818884fd5fb1"},"breadcrumb":{"@id":"https:\/\/www.noticiasradioreflejos.com.ar\/2021\/kicillof-firmo-el-decreto-que-convoca-a-las-paso-para-el-13-de-agosto\/#breadcrumb"},"inLanguage":"es","potentialAction":[{"@type":"ReadAction","target":["https:\/\/www.noticiasradioreflejos.com.ar\/2021\/kicillof-firmo-el-decreto-que-convoca-a-las-paso-para-el-13-de-agosto\/"]}]},{"@type":"ImageObject","inLanguage":"es","@id":"https:\/\/www.noticiasradioreflejos.com.ar\/2021\/kicillof-firmo-el-decreto-que-convoca-a-las-paso-para-el-13-de-agosto\/#primaryimage","url":"https:\/\/www.labrujula24.com\/wp-content\/uploads\/2021\/07\/elecciones.jpg","contentUrl":"https:\/\/www.labrujula24.com\/wp-content\/uploads\/2021\/07\/elecciones.jpg"},{"@type":"BreadcrumbList","@id":"https:\/\/www.noticiasradioreflejos.com.ar\/2021\/kicillof-firmo-el-decreto-que-convoca-a-las-paso-para-el-13-de-agosto\/#breadcrumb","itemListElement":[{"@type":"ListItem","position":1,"name":"Portada","item":"https:\/\/www.noticiasradioreflejos.com.ar\/2021\/"},{"@type":"ListItem","position":2,"name":"Kicillof firm\u00f3 el decreto que convoca a las PASO para el 13 de agosto en simult\u00e1neo con la nacional"}]},{"@type":"WebSite","@id":"https:\/\/www.noticiasradioreflejos.com.ar\/2021\/#website","url":"https:\/\/www.noticiasradioreflejos.com.ar\/2021\/","name":"Noticias Radio Reflejos","description":"Las noticias de mi comarca","potentialAction":[{"@type":"SearchAction","target":{"@type":"EntryPoint","urlTemplate":"https:\/\/www.noticiasradioreflejos.com.ar\/2021\/?s={search_term_string}"},"query-input":{"@type":"PropertyValueSpecification","valueRequired":true,"valueName":"search_term_string"}}],"inLanguage":"es"},{"@type":"Person","@id":"https:\/\/www.noticiasradioreflejos.com.ar\/2021\/#\/schema\/person\/ad82545263dcc5ec0996818884fd5fb1","name":"Arnaldo Botto","image":{"@type":"ImageObject","inLanguage":"es","@id":"https:\/\/www.noticiasradioreflejos.com.ar\/2021\/#\/schema\/person\/image\/","url":"https:\/\/secure.gravatar.com\/avatar\/55cb5e37c1efa326397366e6974cb338056df65cb50e7d64d1cf314e87504837?s=96&d=mm&r=g","contentUrl":"https:\/\/secure.gravatar.com\/avatar\/55cb5e37c1efa326397366e6974cb338056df65cb50e7d64d1cf314e87504837?s=96&d=mm&r=g","caption":"Arnaldo Botto"},"url":"https:\/\/www.noticiasradioreflejos.com.ar\/2021\/author\/arnaldo\/"}]}},"_links":{"self":[{"href":"https:\/\/www.noticiasradioreflejos.com.ar\/2021\/wp-json\/wp\/v2\/posts\/86827","targetHints":{"allow":["GET"]}}],"collection":[{"href":"https:\/\/www.noticiasradioreflejos.com.ar\/2021\/wp-json\/wp\/v2\/posts"}],"about":[{"href":"https:\/\/www.noticiasradioreflejos.com.ar\/2021\/wp-json\/wp\/v2\/types\/post"}],"author":[{"embeddable":true,"href":"https:\/\/www.noticiasradioreflejos.com.ar\/2021\/wp-json\/wp\/v2\/users\/3"}],"replies":[{"embeddable":true,"href":"https:\/\/www.noticiasradioreflejos.com.ar\/2021\/wp-json\/wp\/v2\/comments?post=86827"}],"version-history":[{"count":3,"href":"https:\/\/www.noticiasradioreflejos.com.ar\/2021\/wp-json\/wp\/v2\/posts\/86827\/revisions"}],"predecessor-version":[{"id":86830,"href":"https:\/\/www.noticiasradioreflejos.com.ar\/2021\/wp-json\/wp\/v2\/posts\/86827\/revisions\/86830"}],"wp:attachment":[{"href":"https:\/\/www.noticiasradioreflejos.com.ar\/2021\/wp-json\/wp\/v2\/media?parent=86827"}],"wp:term":[{"taxonomy":"category","embeddable":true,"href":"https:\/\/www.noticiasradioreflejos.com.ar\/2021\/wp-json\/wp\/v2\/categories?post=86827"},{"taxonomy":"post_tag","embeddable":true,"href":"https:\/\/www.noticiasradioreflejos.com.ar\/2021\/wp-json\/wp\/v2\/tags?post=86827"}],"curies":[{"name":"wp","href":"https:\/\/api.w.org\/{rel}","templated":true}]}}