{"id":867,"date":"2016-09-13T13:44:45","date_gmt":"2016-09-13T13:44:45","guid":{"rendered":"http:\/\/noticiasradioreflejos.com.ar\/noticias\/?p=867"},"modified":"2016-09-13T13:44:45","modified_gmt":"2016-09-13T13:44:45","slug":"pena-de-mujeres-organizada-por-el-futbol-femenino-del-cav","status":"publish","type":"post","link":"https:\/\/www.noticiasradioreflejos.com.ar\/2021\/pena-de-mujeres-organizada-por-el-futbol-femenino-del-cav\/","title":{"rendered":"Pe\u00f1a de Mujeres organizada por el f\u00fatbol femenino del CAV"},"content":{"rendered":"<p>El 8 de Septiembre del corriente a\u00f1o se produjo la primera pe\u00f1a de mujeres en el Club Atl\u00e9tico Ventana organizada por el plantel de f\u00fatbol femenino de Sierra de la ventana.<!--more--><br \/>\nLas dirigidas por Mart\u00edn Welsh recibieron el respaldado por el C.A.V en vacaciones de invierno.<br \/>\nLa noche en cuesti\u00f3n, fue realizada para hacer el equipo (camiseta, pantal\u00f3n y medias) y luego presentarlo ante futuros partidos y oficialmente a la instituci\u00f3n.<!--more--><br \/>\nLas chicas hacen extensivos sus agradecimientos\u00a0primeramente al C.A.V. por darnos la oportunidad como grupo futbol\u00edstico para lograr estas ocaciones donde logramos una recaudaci\u00f3n y principalmente un evento para el pueblo. Y como segundo agradecimiento, a todas las mujeres que fueron part\u00edcipes de \u00e9ste hecho. Gracias a todas ellas logramos el n\u00famero de recaudaci\u00f3n que va a concucluir que el objetivo se haga realidad\u00bb.<br \/>\nNo descartan la posibilidad de hacerlo el mes que viene, ya que esperan que esto se pueda realizar una vez al mes as\u00ed se contin\u00faa con estos eventos de entretenimiento y los avances como equipo ser\u00e1n mayores.<br \/>\n<a title=\"14322521_10210272489833819_2136541292583781007_n\" href=\"http:\/\/farm9.staticflickr.com\/8566\/29619145206_e4c369f11e_c.jpg\" rel=\"\"><img loading=\"lazy\" decoding=\"async\" class=\"aligncenter\" title=\"14322521_10210272489833819_2136541292583781007_n\" src=\"http:\/\/farm9.staticflickr.com\/8566\/29619145206_e4c369f11e_c.jpg\" alt=\"14322521_10210272489833819_2136541292583781007_n\" width=\"800\" height=\"533\" \/><\/a><br \/>\n<a title=\"14265098_10210272491593863_4985494504428824226_n\" href=\"http:\/\/farm9.staticflickr.com\/8768\/29619146556_a542e4c700_c.jpg\" rel=\"\"><img loading=\"lazy\" decoding=\"async\" class=\"aligncenter\" title=\"14265098_10210272491593863_4985494504428824226_n\" src=\"http:\/\/farm9.staticflickr.com\/8768\/29619146556_a542e4c700_c.jpg\" alt=\"14265098_10210272491593863_4985494504428824226_n\" width=\"800\" height=\"533\" \/><\/a><br \/>\n<a title=\"14263996_10210272488913796_3760509291820277480_n\" href=\"http:\/\/farm9.staticflickr.com\/8511\/29028093254_1c04845757_c.jpg\" rel=\"\"><img loading=\"lazy\" decoding=\"async\" class=\"aligncenter\" title=\"14263996_10210272488913796_3760509291820277480_n\" src=\"http:\/\/farm9.staticflickr.com\/8511\/29028093254_1c04845757_c.jpg\" alt=\"14263996_10210272488913796_3760509291820277480_n\" width=\"800\" height=\"533\" \/><\/a><br \/>\n<a title=\"14332944_10210272520714591_5977180500398865632_n\" href=\"http:\/\/farm9.staticflickr.com\/8322\/29028091884_30fb1fcf4e_c.jpg\" rel=\"\"><img loading=\"lazy\" decoding=\"async\" class=\"aligncenter\" title=\"14332944_10210272520714591_5977180500398865632_n\" src=\"http:\/\/farm9.staticflickr.com\/8322\/29028091884_30fb1fcf4e_c.jpg\" alt=\"14332944_10210272520714591_5977180500398865632_n\" width=\"800\" height=\"533\" \/><\/a><\/p>\n","protected":false},"excerpt":{"rendered":"<p>El 8 de Septiembre del corriente a\u00f1o se produjo la primera pe\u00f1a de mujeres en el Club Atl\u00e9tico Ventana organizada por el plantel de f\u00fatbol femenino de Sierra de la ventana.<\/p>\n","protected":false},"author":3,"featured_media":0,"comment_status":"closed","ping_status":"open","sticky":false,"template":"","format":"standard","meta":{"footnotes":""},"categories":[27],"tags":[],"class_list":["post-867","post","type-post","status-publish","format-standard","hentry","category-deportes"],"yoast_head":"<!-- This site is optimized with the Yoast SEO plugin v25.9 - https:\/\/yoast.com\/wordpress\/plugins\/seo\/ -->\n<title>Pe\u00f1a de Mujeres organizada por el f\u00fatbol femenino del CAV - Noticias Radio Reflejos<\/title>\n<meta name=\"robots\" content=\"index, follow, max-snippet:-1, max-image-preview:large, max-video-preview:-1\" \/>\n<link rel=\"canonical\" href=\"https:\/\/www.noticiasradioreflejos.com.ar\/2021\/pena-de-mujeres-organizada-por-el-futbol-femenino-del-cav\/\" \/>\n<meta property=\"og:locale\" content=\"es_ES\" \/>\n<meta property=\"og:type\" content=\"article\" \/>\n<meta property=\"og:title\" content=\"Pe\u00f1a de Mujeres organizada por el f\u00fatbol femenino del CAV - Noticias Radio Reflejos\" \/>\n<meta property=\"og:description\" content=\"El 8 de Septiembre del corriente a\u00f1o se produjo la primera pe\u00f1a de mujeres en el Club Atl\u00e9tico Ventana organizada por el plantel de f\u00fatbol femenino de Sierra de la ventana.\" \/>\n<meta property=\"og:url\" content=\"https:\/\/www.noticiasradioreflejos.com.ar\/2021\/pena-de-mujeres-organizada-por-el-futbol-femenino-del-cav\/\" \/>\n<meta property=\"og:site_name\" content=\"Noticias Radio Reflejos\" \/>\n<meta property=\"article:published_time\" content=\"2016-09-13T13:44:45+00:00\" \/>\n<meta property=\"og:image\" content=\"http:\/\/farm9.staticflickr.com\/8566\/29619145206_e4c369f11e_c.jpg\" \/>\n<meta name=\"author\" content=\"Arnaldo Botto\" \/>\n<meta name=\"twitter:card\" content=\"summary_large_image\" \/>\n<script type=\"application\/ld+json\" class=\"yoast-schema-graph\">{\"@context\":\"https:\/\/schema.org\",\"@graph\":[{\"@type\":\"WebPage\",\"@id\":\"https:\/\/www.noticiasradioreflejos.com.ar\/2021\/pena-de-mujeres-organizada-por-el-futbol-femenino-del-cav\/\",\"url\":\"https:\/\/www.noticiasradioreflejos.com.ar\/2021\/pena-de-mujeres-organizada-por-el-futbol-femenino-del-cav\/\",\"name\":\"Pe\u00f1a de Mujeres organizada por el f\u00fatbol femenino del CAV - Noticias Radio Reflejos\",\"isPartOf\":{\"@id\":\"https:\/\/www.noticiasradioreflejos.com.ar\/2021\/#website\"},\"primaryImageOfPage\":{\"@id\":\"https:\/\/www.noticiasradioreflejos.com.ar\/2021\/pena-de-mujeres-organizada-por-el-futbol-femenino-del-cav\/#primaryimage\"},\"image\":{\"@id\":\"https:\/\/www.noticiasradioreflejos.com.ar\/2021\/pena-de-mujeres-organizada-por-el-futbol-femenino-del-cav\/#primaryimage\"},\"thumbnailUrl\":\"http:\/\/farm9.staticflickr.com\/8566\/29619145206_e4c369f11e_c.jpg\",\"datePublished\":\"2016-09-13T13:44:45+00:00\",\"author\":{\"@id\":\"https:\/\/www.noticiasradioreflejos.com.ar\/2021\/#\/schema\/person\/ad82545263dcc5ec0996818884fd5fb1\"},\"breadcrumb\":{\"@id\":\"https:\/\/www.noticiasradioreflejos.com.ar\/2021\/pena-de-mujeres-organizada-por-el-futbol-femenino-del-cav\/#breadcrumb\"},\"inLanguage\":\"es\",\"potentialAction\":[{\"@type\":\"ReadAction\",\"target\":[\"https:\/\/www.noticiasradioreflejos.com.ar\/2021\/pena-de-mujeres-organizada-por-el-futbol-femenino-del-cav\/\"]}]},{\"@type\":\"ImageObject\",\"inLanguage\":\"es\",\"@id\":\"https:\/\/www.noticiasradioreflejos.com.ar\/2021\/pena-de-mujeres-organizada-por-el-futbol-femenino-del-cav\/#primaryimage\",\"url\":\"http:\/\/farm9.staticflickr.com\/8566\/29619145206_e4c369f11e_c.jpg\",\"contentUrl\":\"http:\/\/farm9.staticflickr.com\/8566\/29619145206_e4c369f11e_c.jpg\"},{\"@type\":\"BreadcrumbList\",\"@id\":\"https:\/\/www.noticiasradioreflejos.com.ar\/2021\/pena-de-mujeres-organizada-por-el-futbol-femenino-del-cav\/#breadcrumb\",\"itemListElement\":[{\"@type\":\"ListItem\",\"position\":1,\"name\":\"Portada\",\"item\":\"https:\/\/www.noticiasradioreflejos.com.ar\/2021\/\"},{\"@type\":\"ListItem\",\"position\":2,\"name\":\"Pe\u00f1a de Mujeres organizada por el f\u00fatbol femenino del CAV\"}]},{\"@type\":\"WebSite\",\"@id\":\"https:\/\/www.noticiasradioreflejos.com.ar\/2021\/#website\",\"url\":\"https:\/\/www.noticiasradioreflejos.com.ar\/2021\/\",\"name\":\"Noticias Radio Reflejos\",\"description\":\"Las noticias de mi comarca\",\"potentialAction\":[{\"@type\":\"SearchAction\",\"target\":{\"@type\":\"EntryPoint\",\"urlTemplate\":\"https:\/\/www.noticiasradioreflejos.com.ar\/2021\/?s={search_term_string}\"},\"query-input\":{\"@type\":\"PropertyValueSpecification\",\"valueRequired\":true,\"valueName\":\"search_term_string\"}}],\"inLanguage\":\"es\"},{\"@type\":\"Person\",\"@id\":\"https:\/\/www.noticiasradioreflejos.com.ar\/2021\/#\/schema\/person\/ad82545263dcc5ec0996818884fd5fb1\",\"name\":\"Arnaldo Botto\",\"image\":{\"@type\":\"ImageObject\",\"inLanguage\":\"es\",\"@id\":\"https:\/\/www.noticiasradioreflejos.com.ar\/2021\/#\/schema\/person\/image\/\",\"url\":\"https:\/\/secure.gravatar.com\/avatar\/55cb5e37c1efa326397366e6974cb338056df65cb50e7d64d1cf314e87504837?s=96&d=mm&r=g\",\"contentUrl\":\"https:\/\/secure.gravatar.com\/avatar\/55cb5e37c1efa326397366e6974cb338056df65cb50e7d64d1cf314e87504837?s=96&d=mm&r=g\",\"caption\":\"Arnaldo Botto\"},\"url\":\"https:\/\/www.noticiasradioreflejos.com.ar\/2021\/author\/arnaldo\/\"}]}<\/script>\n<!-- \/ Yoast SEO plugin. -->","yoast_head_json":{"title":"Pe\u00f1a de Mujeres organizada por el f\u00fatbol femenino del CAV - Noticias Radio Reflejos","robots":{"index":"index","follow":"follow","max-snippet":"max-snippet:-1","max-image-preview":"max-image-preview:large","max-video-preview":"max-video-preview:-1"},"canonical":"https:\/\/www.noticiasradioreflejos.com.ar\/2021\/pena-de-mujeres-organizada-por-el-futbol-femenino-del-cav\/","og_locale":"es_ES","og_type":"article","og_title":"Pe\u00f1a de Mujeres organizada por el f\u00fatbol femenino del CAV - Noticias Radio Reflejos","og_description":"El 8 de Septiembre del corriente a\u00f1o se produjo la primera pe\u00f1a de mujeres en el Club Atl\u00e9tico Ventana organizada por el plantel de f\u00fatbol femenino de Sierra de la ventana.","og_url":"https:\/\/www.noticiasradioreflejos.com.ar\/2021\/pena-de-mujeres-organizada-por-el-futbol-femenino-del-cav\/","og_site_name":"Noticias Radio Reflejos","article_published_time":"2016-09-13T13:44:45+00:00","og_image":[{"url":"http:\/\/farm9.staticflickr.com\/8566\/29619145206_e4c369f11e_c.jpg","type":"","width":"","height":""}],"author":"Arnaldo Botto","twitter_card":"summary_large_image","schema":{"@context":"https:\/\/schema.org","@graph":[{"@type":"WebPage","@id":"https:\/\/www.noticiasradioreflejos.com.ar\/2021\/pena-de-mujeres-organizada-por-el-futbol-femenino-del-cav\/","url":"https:\/\/www.noticiasradioreflejos.com.ar\/2021\/pena-de-mujeres-organizada-por-el-futbol-femenino-del-cav\/","name":"Pe\u00f1a de Mujeres organizada por el f\u00fatbol femenino del CAV - Noticias Radio Reflejos","isPartOf":{"@id":"https:\/\/www.noticiasradioreflejos.com.ar\/2021\/#website"},"primaryImageOfPage":{"@id":"https:\/\/www.noticiasradioreflejos.com.ar\/2021\/pena-de-mujeres-organizada-por-el-futbol-femenino-del-cav\/#primaryimage"},"image":{"@id":"https:\/\/www.noticiasradioreflejos.com.ar\/2021\/pena-de-mujeres-organizada-por-el-futbol-femenino-del-cav\/#primaryimage"},"thumbnailUrl":"http:\/\/farm9.staticflickr.com\/8566\/29619145206_e4c369f11e_c.jpg","datePublished":"2016-09-13T13:44:45+00:00","author":{"@id":"https:\/\/www.noticiasradioreflejos.com.ar\/2021\/#\/schema\/person\/ad82545263dcc5ec0996818884fd5fb1"},"breadcrumb":{"@id":"https:\/\/www.noticiasradioreflejos.com.ar\/2021\/pena-de-mujeres-organizada-por-el-futbol-femenino-del-cav\/#breadcrumb"},"inLanguage":"es","potentialAction":[{"@type":"ReadAction","target":["https:\/\/www.noticiasradioreflejos.com.ar\/2021\/pena-de-mujeres-organizada-por-el-futbol-femenino-del-cav\/"]}]},{"@type":"ImageObject","inLanguage":"es","@id":"https:\/\/www.noticiasradioreflejos.com.ar\/2021\/pena-de-mujeres-organizada-por-el-futbol-femenino-del-cav\/#primaryimage","url":"http:\/\/farm9.staticflickr.com\/8566\/29619145206_e4c369f11e_c.jpg","contentUrl":"http:\/\/farm9.staticflickr.com\/8566\/29619145206_e4c369f11e_c.jpg"},{"@type":"BreadcrumbList","@id":"https:\/\/www.noticiasradioreflejos.com.ar\/2021\/pena-de-mujeres-organizada-por-el-futbol-femenino-del-cav\/#breadcrumb","itemListElement":[{"@type":"ListItem","position":1,"name":"Portada","item":"https:\/\/www.noticiasradioreflejos.com.ar\/2021\/"},{"@type":"ListItem","position":2,"name":"Pe\u00f1a de Mujeres organizada por el f\u00fatbol femenino del CAV"}]},{"@type":"WebSite","@id":"https:\/\/www.noticiasradioreflejos.com.ar\/2021\/#website","url":"https:\/\/www.noticiasradioreflejos.com.ar\/2021\/","name":"Noticias Radio Reflejos","description":"Las noticias de mi comarca","potentialAction":[{"@type":"SearchAction","target":{"@type":"EntryPoint","urlTemplate":"https:\/\/www.noticiasradioreflejos.com.ar\/2021\/?s={search_term_string}"},"query-input":{"@type":"PropertyValueSpecification","valueRequired":true,"valueName":"search_term_string"}}],"inLanguage":"es"},{"@type":"Person","@id":"https:\/\/www.noticiasradioreflejos.com.ar\/2021\/#\/schema\/person\/ad82545263dcc5ec0996818884fd5fb1","name":"Arnaldo Botto","image":{"@type":"ImageObject","inLanguage":"es","@id":"https:\/\/www.noticiasradioreflejos.com.ar\/2021\/#\/schema\/person\/image\/","url":"https:\/\/secure.gravatar.com\/avatar\/55cb5e37c1efa326397366e6974cb338056df65cb50e7d64d1cf314e87504837?s=96&d=mm&r=g","contentUrl":"https:\/\/secure.gravatar.com\/avatar\/55cb5e37c1efa326397366e6974cb338056df65cb50e7d64d1cf314e87504837?s=96&d=mm&r=g","caption":"Arnaldo Botto"},"url":"https:\/\/www.noticiasradioreflejos.com.ar\/2021\/author\/arnaldo\/"}]}},"_links":{"self":[{"href":"https:\/\/www.noticiasradioreflejos.com.ar\/2021\/wp-json\/wp\/v2\/posts\/867","targetHints":{"allow":["GET"]}}],"collection":[{"href":"https:\/\/www.noticiasradioreflejos.com.ar\/2021\/wp-json\/wp\/v2\/posts"}],"about":[{"href":"https:\/\/www.noticiasradioreflejos.com.ar\/2021\/wp-json\/wp\/v2\/types\/post"}],"author":[{"embeddable":true,"href":"https:\/\/www.noticiasradioreflejos.com.ar\/2021\/wp-json\/wp\/v2\/users\/3"}],"replies":[{"embeddable":true,"href":"https:\/\/www.noticiasradioreflejos.com.ar\/2021\/wp-json\/wp\/v2\/comments?post=867"}],"version-history":[{"count":0,"href":"https:\/\/www.noticiasradioreflejos.com.ar\/2021\/wp-json\/wp\/v2\/posts\/867\/revisions"}],"wp:attachment":[{"href":"https:\/\/www.noticiasradioreflejos.com.ar\/2021\/wp-json\/wp\/v2\/media?parent=867"}],"wp:term":[{"taxonomy":"category","embeddable":true,"href":"https:\/\/www.noticiasradioreflejos.com.ar\/2021\/wp-json\/wp\/v2\/categories?post=867"},{"taxonomy":"post_tag","embeddable":true,"href":"https:\/\/www.noticiasradioreflejos.com.ar\/2021\/wp-json\/wp\/v2\/tags?post=867"}],"curies":[{"name":"wp","href":"https:\/\/api.w.org\/{rel}","templated":true}]}}