{"id":86696,"date":"2023-04-12T11:02:40","date_gmt":"2023-04-12T11:02:40","guid":{"rendered":"https:\/\/www.noticiasradioreflejos.com.ar\/2021\/?p=86696"},"modified":"2023-04-12T11:02:40","modified_gmt":"2023-04-12T11:02:40","slug":"el-aumento-del-nivel-del-mar-se-acelera-rapidamente-en-las-costas-de-ee-uu-segun-informe","status":"publish","type":"post","link":"https:\/\/www.noticiasradioreflejos.com.ar\/2021\/el-aumento-del-nivel-del-mar-se-acelera-rapidamente-en-las-costas-de-ee-uu-segun-informe\/","title":{"rendered":"El aumento del nivel del mar se acelera r\u00e1pidamente en las costas de EE.UU. seg\u00fan informe"},"content":{"rendered":"<p>Los niveles del mar, a lo largo de las costas del sureste y del Golfo de M\u00e9xico, en Estados Unidos, se han acelerado r\u00e1pidamente a niveles sin precedentes, con tasas r\u00e9cord en los \u00faltimos 12 a\u00f1os, detalla una investigaci\u00f3n publicada en la revista cient\u00edfica \u00abClimate Journal\u00bb.<!--more--><\/p>\n<p>En la publicaci\u00f3n quincenal, perteneciente a la Sociedad Meteorol\u00f3gica Estadounidense (AMS) se marc\u00f3 el \u00abr\u00e1pido incremento del nivel del mar\u00bb que se observa a lo largo de las costas del Golfo de M\u00e9xico, en EEUU.<\/p>\n<p>Llamamos la atenci\u00f3n con respecto al \u00abr\u00e1pido incremento del nivel del mar\u00bb, a lo largo de las costas del sureste, \u00abque se han acelerado r\u00e1pidamente, a niveles sin precedentes\u00bb, alcanzando tasas r\u00e9cord en los \u00faltimos 12 a\u00f1os, explica el estudio de AMS, la principal organizaci\u00f3n cient\u00edfica y profesional de Estados Unidos que promueve y difunde informaci\u00f3n sobre las ciencias atmosf\u00e9ricas, oce\u00e1nicas e hidrol\u00f3gicas.<\/p>\n<p>\u00abCasi 10 mil\u00edmetros de incremento del nivel del mar\u00bb en las costas de la regi\u00f3n, desde el a\u00f1o 2010, lo que corresponde a alrededor de \u00ab12 cent\u00edmetros hasta el momento\u00bb, revela el trabajo cient\u00edfico.<\/p>\n<p>\u00abEl aumento promedio del nivel del mar global es de 4,5 mil\u00edmetros por a\u00f1o y el aumento examinado a lo largo de costas del Golfo de M\u00e9xico de EEUU \u00abno tiene antecedentes en al menos 120 a\u00f1os\u00bb, advierten.<\/p>\n<p>\u00abLos huracanes en la regi\u00f3n en los \u00faltimos a\u00f1os, agrandaron a\u00fan m\u00e1s el nivel del mar y a la larga estas subidas representan un peligro sobre todo para los asentamientos cercanos a la costa de Texas, Luisiana y Florida\u00bb, asegur\u00f3 Jianjun Yin, climat\u00f3logo de la Universidad de Arizona, que realiz\u00f3 el estudio.<\/p>\n<p>Por su parte, en un nuevo estudio dirigido por la Universidad de Tulane, publicado por la revista \u00abNature Communications\u00bb editada en Londres, se detectaron tasas de aumento del nivel del mar 1,27 cent\u00edmetros por a\u00f1o desde 2010.<\/p>\n<p>\u00abAtribuyen la aceleraci\u00f3n a los efectos combinados del cambio clim\u00e1tico provocado por el hombre y la variabilidad clim\u00e1tica natural\u00bb, consign\u00f3 la agencia de noticias Europa Press.<\/p>\n<p>\u00abEstas tasas r\u00e1pidas no tienen precedentes durante al menos el siglo XX y han sido tres veces m\u00e1s altas que el promedio mundial durante el mismo per\u00edodo\u00bb, dijo S\u00f6nke Dangendorf, el autor principal y profesor asistente en el Departamento de Ciencias e Ingenier\u00eda de Tulane.<\/p>\n<p>Durante los \u00faltimos 12 a\u00f1os, toda esta \u00e1rea, conocida como el Giro Subtropical, se expandi\u00f3 debido a los cambios en los patrones de viento y al calentamiento continuo.<\/p>\n<p>Las tesis cient\u00edficas llegan a la conclusi\u00f3n de que \u00abes probable que las tasas vuelvan a valores moderados y previstos por los modelos clim\u00e1ticos en las pr\u00f3ximas d\u00e9cadas.<\/p>\n<p>\u00abSin embargo, esta no es raz\u00f3n para dar el visto bueno\u00bb, dijo Torbj\u00f6rn T\u00f6rnqvist, profesor de Geolog\u00eda en el Departamento de Ciencias Ambientales y de la Tierra en la Universidad de Tulane.<\/p>\n<p>\u00abEstas altas tasas de aumento del nivel del mar han ejercido a\u00fan m\u00e1s presi\u00f3n sobre estas costas vulnerables, particularmente en Luisiana y Texas, donde la tierra tambi\u00e9n se est\u00e1 hundiendo r\u00e1pidamente\u00bb, agreg\u00f3.<\/p>\n<p>Dangendorf dijo que los \u00abresultados, demuestran la urgencia de la crisis clim\u00e1tica para la regi\u00f3n del Golfo. Necesitamos esfuerzos interdisciplinarios y de colaboraci\u00f3n para enfrentar estos desaf\u00edos de manera sostenible\u00bb, exhort\u00f3 el catedr\u00e1tico. (T\u00e9lam)<\/p>\n","protected":false},"excerpt":{"rendered":"<p>Los niveles del mar, a lo largo de las costas del sureste y del Golfo de M\u00e9xico, en Estados Unidos, se han acelerado r\u00e1pidamente a niveles sin precedentes, con tasas r\u00e9cord en los \u00faltimos 12 a\u00f1os, detalla una investigaci\u00f3n publicada en la revista cient\u00edfica \u00abClimate Journal\u00bb.<\/p>\n","protected":false},"author":3,"featured_media":0,"comment_status":"closed","ping_status":"closed","sticky":false,"template":"","format":"standard","meta":{"footnotes":""},"categories":[1],"tags":[],"class_list":["post-86696","post","type-post","status-publish","format-standard","hentry","category-sin-categoria"],"yoast_head":"<!-- This site is optimized with the Yoast SEO plugin v25.9 - https:\/\/yoast.com\/wordpress\/plugins\/seo\/ -->\n<title>El aumento del nivel del mar se acelera r\u00e1pidamente en las costas de EE.UU. seg\u00fan informe - Noticias Radio Reflejos<\/title>\n<meta name=\"robots\" content=\"index, follow, max-snippet:-1, max-image-preview:large, max-video-preview:-1\" \/>\n<link rel=\"canonical\" href=\"https:\/\/www.noticiasradioreflejos.com.ar\/2021\/el-aumento-del-nivel-del-mar-se-acelera-rapidamente-en-las-costas-de-ee-uu-segun-informe\/\" \/>\n<meta property=\"og:locale\" content=\"es_ES\" \/>\n<meta property=\"og:type\" content=\"article\" \/>\n<meta property=\"og:title\" content=\"El aumento del nivel del mar se acelera r\u00e1pidamente en las costas de EE.UU. seg\u00fan informe - Noticias Radio Reflejos\" \/>\n<meta property=\"og:description\" content=\"Los niveles del mar, a lo largo de las costas del sureste y del Golfo de M\u00e9xico, en Estados Unidos, se han acelerado r\u00e1pidamente a niveles sin precedentes, con tasas r\u00e9cord en los \u00faltimos 12 a\u00f1os, detalla una investigaci\u00f3n publicada en la revista cient\u00edfica \u00abClimate Journal\u00bb.\" \/>\n<meta property=\"og:url\" content=\"https:\/\/www.noticiasradioreflejos.com.ar\/2021\/el-aumento-del-nivel-del-mar-se-acelera-rapidamente-en-las-costas-de-ee-uu-segun-informe\/\" \/>\n<meta property=\"og:site_name\" content=\"Noticias Radio Reflejos\" \/>\n<meta property=\"article:published_time\" content=\"2023-04-12T11:02:40+00:00\" \/>\n<meta property=\"og:image\" content=\"https:\/\/www.noticiasradioreflejos.com.ar\/2021\/wp-content\/uploads\/2021\/07\/logosol300x200.png\" \/>\n\t<meta property=\"og:image:width\" content=\"300\" \/>\n\t<meta property=\"og:image:height\" content=\"200\" \/>\n\t<meta property=\"og:image:type\" content=\"image\/png\" \/>\n<meta name=\"author\" content=\"Arnaldo Botto\" \/>\n<meta name=\"twitter:card\" content=\"summary_large_image\" \/>\n<script type=\"application\/ld+json\" class=\"yoast-schema-graph\">{\"@context\":\"https:\/\/schema.org\",\"@graph\":[{\"@type\":\"WebPage\",\"@id\":\"https:\/\/www.noticiasradioreflejos.com.ar\/2021\/el-aumento-del-nivel-del-mar-se-acelera-rapidamente-en-las-costas-de-ee-uu-segun-informe\/\",\"url\":\"https:\/\/www.noticiasradioreflejos.com.ar\/2021\/el-aumento-del-nivel-del-mar-se-acelera-rapidamente-en-las-costas-de-ee-uu-segun-informe\/\",\"name\":\"El aumento del nivel del mar se acelera r\u00e1pidamente en las costas de EE.UU. seg\u00fan informe - Noticias Radio Reflejos\",\"isPartOf\":{\"@id\":\"https:\/\/www.noticiasradioreflejos.com.ar\/2021\/#website\"},\"datePublished\":\"2023-04-12T11:02:40+00:00\",\"author\":{\"@id\":\"https:\/\/www.noticiasradioreflejos.com.ar\/2021\/#\/schema\/person\/ad82545263dcc5ec0996818884fd5fb1\"},\"breadcrumb\":{\"@id\":\"https:\/\/www.noticiasradioreflejos.com.ar\/2021\/el-aumento-del-nivel-del-mar-se-acelera-rapidamente-en-las-costas-de-ee-uu-segun-informe\/#breadcrumb\"},\"inLanguage\":\"es\",\"potentialAction\":[{\"@type\":\"ReadAction\",\"target\":[\"https:\/\/www.noticiasradioreflejos.com.ar\/2021\/el-aumento-del-nivel-del-mar-se-acelera-rapidamente-en-las-costas-de-ee-uu-segun-informe\/\"]}]},{\"@type\":\"BreadcrumbList\",\"@id\":\"https:\/\/www.noticiasradioreflejos.com.ar\/2021\/el-aumento-del-nivel-del-mar-se-acelera-rapidamente-en-las-costas-de-ee-uu-segun-informe\/#breadcrumb\",\"itemListElement\":[{\"@type\":\"ListItem\",\"position\":1,\"name\":\"Portada\",\"item\":\"https:\/\/www.noticiasradioreflejos.com.ar\/2021\/\"},{\"@type\":\"ListItem\",\"position\":2,\"name\":\"El aumento del nivel del mar se acelera r\u00e1pidamente en las costas de EE.UU. seg\u00fan informe\"}]},{\"@type\":\"WebSite\",\"@id\":\"https:\/\/www.noticiasradioreflejos.com.ar\/2021\/#website\",\"url\":\"https:\/\/www.noticiasradioreflejos.com.ar\/2021\/\",\"name\":\"Noticias Radio Reflejos\",\"description\":\"Las noticias de mi comarca\",\"potentialAction\":[{\"@type\":\"SearchAction\",\"target\":{\"@type\":\"EntryPoint\",\"urlTemplate\":\"https:\/\/www.noticiasradioreflejos.com.ar\/2021\/?s={search_term_string}\"},\"query-input\":{\"@type\":\"PropertyValueSpecification\",\"valueRequired\":true,\"valueName\":\"search_term_string\"}}],\"inLanguage\":\"es\"},{\"@type\":\"Person\",\"@id\":\"https:\/\/www.noticiasradioreflejos.com.ar\/2021\/#\/schema\/person\/ad82545263dcc5ec0996818884fd5fb1\",\"name\":\"Arnaldo Botto\",\"image\":{\"@type\":\"ImageObject\",\"inLanguage\":\"es\",\"@id\":\"https:\/\/www.noticiasradioreflejos.com.ar\/2021\/#\/schema\/person\/image\/\",\"url\":\"https:\/\/secure.gravatar.com\/avatar\/55cb5e37c1efa326397366e6974cb338056df65cb50e7d64d1cf314e87504837?s=96&d=mm&r=g\",\"contentUrl\":\"https:\/\/secure.gravatar.com\/avatar\/55cb5e37c1efa326397366e6974cb338056df65cb50e7d64d1cf314e87504837?s=96&d=mm&r=g\",\"caption\":\"Arnaldo Botto\"},\"url\":\"https:\/\/www.noticiasradioreflejos.com.ar\/2021\/author\/arnaldo\/\"}]}<\/script>\n<!-- \/ Yoast SEO plugin. -->","yoast_head_json":{"title":"El aumento del nivel del mar se acelera r\u00e1pidamente en las costas de EE.UU. seg\u00fan informe - Noticias Radio Reflejos","robots":{"index":"index","follow":"follow","max-snippet":"max-snippet:-1","max-image-preview":"max-image-preview:large","max-video-preview":"max-video-preview:-1"},"canonical":"https:\/\/www.noticiasradioreflejos.com.ar\/2021\/el-aumento-del-nivel-del-mar-se-acelera-rapidamente-en-las-costas-de-ee-uu-segun-informe\/","og_locale":"es_ES","og_type":"article","og_title":"El aumento del nivel del mar se acelera r\u00e1pidamente en las costas de EE.UU. seg\u00fan informe - Noticias Radio Reflejos","og_description":"Los niveles del mar, a lo largo de las costas del sureste y del Golfo de M\u00e9xico, en Estados Unidos, se han acelerado r\u00e1pidamente a niveles sin precedentes, con tasas r\u00e9cord en los \u00faltimos 12 a\u00f1os, detalla una investigaci\u00f3n publicada en la revista cient\u00edfica \u00abClimate Journal\u00bb.","og_url":"https:\/\/www.noticiasradioreflejos.com.ar\/2021\/el-aumento-del-nivel-del-mar-se-acelera-rapidamente-en-las-costas-de-ee-uu-segun-informe\/","og_site_name":"Noticias Radio Reflejos","article_published_time":"2023-04-12T11:02:40+00:00","og_image":[{"width":300,"height":200,"url":"https:\/\/www.noticiasradioreflejos.com.ar\/2021\/wp-content\/uploads\/2021\/07\/logosol300x200.png","type":"image\/png"}],"author":"Arnaldo Botto","twitter_card":"summary_large_image","schema":{"@context":"https:\/\/schema.org","@graph":[{"@type":"WebPage","@id":"https:\/\/www.noticiasradioreflejos.com.ar\/2021\/el-aumento-del-nivel-del-mar-se-acelera-rapidamente-en-las-costas-de-ee-uu-segun-informe\/","url":"https:\/\/www.noticiasradioreflejos.com.ar\/2021\/el-aumento-del-nivel-del-mar-se-acelera-rapidamente-en-las-costas-de-ee-uu-segun-informe\/","name":"El aumento del nivel del mar se acelera r\u00e1pidamente en las costas de EE.UU. seg\u00fan informe - Noticias Radio Reflejos","isPartOf":{"@id":"https:\/\/www.noticiasradioreflejos.com.ar\/2021\/#website"},"datePublished":"2023-04-12T11:02:40+00:00","author":{"@id":"https:\/\/www.noticiasradioreflejos.com.ar\/2021\/#\/schema\/person\/ad82545263dcc5ec0996818884fd5fb1"},"breadcrumb":{"@id":"https:\/\/www.noticiasradioreflejos.com.ar\/2021\/el-aumento-del-nivel-del-mar-se-acelera-rapidamente-en-las-costas-de-ee-uu-segun-informe\/#breadcrumb"},"inLanguage":"es","potentialAction":[{"@type":"ReadAction","target":["https:\/\/www.noticiasradioreflejos.com.ar\/2021\/el-aumento-del-nivel-del-mar-se-acelera-rapidamente-en-las-costas-de-ee-uu-segun-informe\/"]}]},{"@type":"BreadcrumbList","@id":"https:\/\/www.noticiasradioreflejos.com.ar\/2021\/el-aumento-del-nivel-del-mar-se-acelera-rapidamente-en-las-costas-de-ee-uu-segun-informe\/#breadcrumb","itemListElement":[{"@type":"ListItem","position":1,"name":"Portada","item":"https:\/\/www.noticiasradioreflejos.com.ar\/2021\/"},{"@type":"ListItem","position":2,"name":"El aumento del nivel del mar se acelera r\u00e1pidamente en las costas de EE.UU. seg\u00fan informe"}]},{"@type":"WebSite","@id":"https:\/\/www.noticiasradioreflejos.com.ar\/2021\/#website","url":"https:\/\/www.noticiasradioreflejos.com.ar\/2021\/","name":"Noticias Radio Reflejos","description":"Las noticias de mi comarca","potentialAction":[{"@type":"SearchAction","target":{"@type":"EntryPoint","urlTemplate":"https:\/\/www.noticiasradioreflejos.com.ar\/2021\/?s={search_term_string}"},"query-input":{"@type":"PropertyValueSpecification","valueRequired":true,"valueName":"search_term_string"}}],"inLanguage":"es"},{"@type":"Person","@id":"https:\/\/www.noticiasradioreflejos.com.ar\/2021\/#\/schema\/person\/ad82545263dcc5ec0996818884fd5fb1","name":"Arnaldo Botto","image":{"@type":"ImageObject","inLanguage":"es","@id":"https:\/\/www.noticiasradioreflejos.com.ar\/2021\/#\/schema\/person\/image\/","url":"https:\/\/secure.gravatar.com\/avatar\/55cb5e37c1efa326397366e6974cb338056df65cb50e7d64d1cf314e87504837?s=96&d=mm&r=g","contentUrl":"https:\/\/secure.gravatar.com\/avatar\/55cb5e37c1efa326397366e6974cb338056df65cb50e7d64d1cf314e87504837?s=96&d=mm&r=g","caption":"Arnaldo Botto"},"url":"https:\/\/www.noticiasradioreflejos.com.ar\/2021\/author\/arnaldo\/"}]}},"_links":{"self":[{"href":"https:\/\/www.noticiasradioreflejos.com.ar\/2021\/wp-json\/wp\/v2\/posts\/86696","targetHints":{"allow":["GET"]}}],"collection":[{"href":"https:\/\/www.noticiasradioreflejos.com.ar\/2021\/wp-json\/wp\/v2\/posts"}],"about":[{"href":"https:\/\/www.noticiasradioreflejos.com.ar\/2021\/wp-json\/wp\/v2\/types\/post"}],"author":[{"embeddable":true,"href":"https:\/\/www.noticiasradioreflejos.com.ar\/2021\/wp-json\/wp\/v2\/users\/3"}],"replies":[{"embeddable":true,"href":"https:\/\/www.noticiasradioreflejos.com.ar\/2021\/wp-json\/wp\/v2\/comments?post=86696"}],"version-history":[{"count":1,"href":"https:\/\/www.noticiasradioreflejos.com.ar\/2021\/wp-json\/wp\/v2\/posts\/86696\/revisions"}],"predecessor-version":[{"id":86698,"href":"https:\/\/www.noticiasradioreflejos.com.ar\/2021\/wp-json\/wp\/v2\/posts\/86696\/revisions\/86698"}],"wp:attachment":[{"href":"https:\/\/www.noticiasradioreflejos.com.ar\/2021\/wp-json\/wp\/v2\/media?parent=86696"}],"wp:term":[{"taxonomy":"category","embeddable":true,"href":"https:\/\/www.noticiasradioreflejos.com.ar\/2021\/wp-json\/wp\/v2\/categories?post=86696"},{"taxonomy":"post_tag","embeddable":true,"href":"https:\/\/www.noticiasradioreflejos.com.ar\/2021\/wp-json\/wp\/v2\/tags?post=86696"}],"curies":[{"name":"wp","href":"https:\/\/api.w.org\/{rel}","templated":true}]}}