{"id":86612,"date":"2023-04-10T17:42:31","date_gmt":"2023-04-10T17:42:31","guid":{"rendered":"https:\/\/www.noticiasradioreflejos.com.ar\/2021\/?p=86612"},"modified":"2023-04-10T17:42:31","modified_gmt":"2023-04-10T17:42:31","slug":"autodeterminados-en-la-comarca-para-ser-libre-te-tenes-que-declarar-esencia-eterna","status":"publish","type":"post","link":"https:\/\/www.noticiasradioreflejos.com.ar\/2021\/autodeterminados-en-la-comarca-para-ser-libre-te-tenes-que-declarar-esencia-eterna\/","title":{"rendered":"Autodeterminados en la comarca: \u201cPara ser libre te tenes que declarar esencia eterna\u201d"},"content":{"rendered":"<p>El \u00faltimo fin de semana una familia que transitaba de C\u00f3rdoba a San Luis gener\u00f3 revuelo por no poseer m\u00e1s documentos que una hoja impresa donde se le\u00eda \u201cciudadano del mundo\u201d. En Sierra Gast\u00f3n Waiman es una de las personas que apoya esta idea.<!--more--><\/p>\n<p><a title=\"Soberanos\" href=\"https:\/\/www.flickr.com\/photos\/182279889@N02\/52806840092\/in\/dateposted-public\/\" data-flickr-embed=\"true\"><img loading=\"lazy\" decoding=\"async\" class=\"alignleft\" src=\"https:\/\/live.staticflickr.com\/65535\/52806840092_847c619054_c.jpg\" alt=\"Soberanos\" width=\"320\" height=\"565\" \/><\/a>Tras lo ocurrido el \u00faltimo fin de semana en el l\u00edmite de San Luis, en donde una familia asegur\u00f3 haber cruzado de Chile a la Argentina simplemente diciendo que era ap\u00e1trida y que la \u00fanica documentaci\u00f3n que pose\u00edan era una hoja impresa que rezaba \u201cciudadano del mundo\u201d se desat\u00f3 la pol\u00e9mica.<\/p>\n<p>Al respecto en nuestra comarca existen personas que tienen esa filosof\u00eda de pensamiento, los cuales se perciben como autodeterminados. Uno de ellos es Gast\u00f3n Waiman.<\/p>\n<p>Seg\u00fan su visi\u00f3n, \u201cse habla de un hecho que ocurri\u00f3 en 2012 donde tres abogados presentaron un embargo porque consideran que el DNI es una ficci\u00f3n jur\u00eddica. Para ellos el sistema act\u00faa sobre esa ficci\u00f3n, porque el DNI, seg\u00fan creen, no sos vos. Por eso tambi\u00e9n consideran a la Argentina como la Corporaci\u00f3n Argentina\u201d.<\/p>\n<p>Continuando con su explicaci\u00f3n refiri\u00f3 que \u201ca grandes rasgos hay dos leyes; la de la tierra y la del mar. Todo el derecho positivo, es el legal, y hacia arriba las leyes superiores son las leg\u00edtimas del ser humano. Es un proceso legal y espiritual al mismo tiempo\u201d.<\/p>\n<p>Yendo a \u00e9pocas b\u00edblicas Waiman asegur\u00f3 que \u201cluego de que bajan las aguas, el Vaticano se declara disponente de todos los seres vivos del planeta. Es un fideicomiso entre Washington, Londres y el Vaticano\u201d.<\/p>\n<p>Regresando al presente, Gast\u00f3n asever\u00f3 que \u201ct\u00e9cnicamente los pa\u00edses est\u00e1n embargados desde el 2012. Los abogados estos se declaran hombres vivos y dejan como disponentes a nosotros de todos los bienes. Nos dejan como libres. Para ser libre te tenes que declarar esencia eterna\u201d.<\/p>\n<p>Mientras que confirm\u00f3 que \u201ctras hacerte el DNI a los primeros d\u00edas de vida, si tus padres en los siguientes siete a\u00f1os no te reclaman, pasas a ser considerado perdido en el mar y ah\u00ed se te aplican todas las leyes del c\u00f3digo comercial. Pasas a ser mercanc\u00eda. Los creadores del valor son los habitantes de un pa\u00eds\u201d.<\/p>\n<p>Por \u00faltimo, mencion\u00f3 que \u201cuno puede ser autodeterminado y tener un trabajo com\u00fan. La gente entra en una disrupci\u00f3n pero yo ya pas\u00e9 ese periodo. Uno como ser aplica el sentido com\u00fan y apuesta por la convivencia en la comunidad\u201d.<\/p>\n<p>&nbsp;<\/p>\n<p><iframe loading=\"lazy\" src=\"https:\/\/w.soundcloud.com\/player\/?url=https%3A\/\/api.soundcloud.com\/tracks\/1489175794&amp;color=%23ff5500&amp;auto_play=false&amp;hide_related=false&amp;show_comments=true&amp;show_user=true&amp;show_reposts=false&amp;show_teaser=true\" width=\"100%\" height=\"166\" frameborder=\"no\" scrolling=\"no\"><\/iframe><\/p>\n<div style=\"font-size: 10px; color: #cccccc; line-break: anywhere; word-break: normal; overflow: hidden; white-space: nowrap; text-overflow: ellipsis; font-family: Interstate,Lucida Grande,Lucida Sans Unicode,Lucida Sans,Garuda,Verdana,Tahoma,sans-serif; font-weight: 100;\"><a style=\"color: #cccccc; text-decoration: none;\" title=\"fmreflejos 103.7\" href=\"https:\/\/soundcloud.com\/fmreflejos-103-7\" target=\"_blank\" rel=\"noopener\">fmreflejos 103.7<\/a> \u00b7 <a style=\"color: #cccccc; text-decoration: none;\" title=\"Gaston Waiman\" href=\"https:\/\/soundcloud.com\/fmreflejos-103-7\/gaston-waimann\" target=\"_blank\" rel=\"noopener\">Gaston Waiman<\/a><\/div>\n<p>&nbsp;<\/p>\n<p>&nbsp;<\/p>\n","protected":false},"excerpt":{"rendered":"<p>El \u00faltimo fin de semana una familia que transitaba de C\u00f3rdoba a San Luis gener\u00f3 revuelo por no poseer m\u00e1s documentos que una hoja impresa donde se le\u00eda \u201cciudadano del mundo\u201d. En Sierra Gast\u00f3n Waiman es una de las personas que apoya esta idea.<\/p>\n","protected":false},"author":3,"featured_media":0,"comment_status":"closed","ping_status":"closed","sticky":false,"template":"","format":"standard","meta":{"footnotes":""},"categories":[24,26],"tags":[48],"class_list":["post-86612","post","type-post","status-publish","format-standard","hentry","category-politica","category-sociedad","tag-destacada"],"yoast_head":"<!-- This site is optimized with the Yoast SEO plugin v25.9 - https:\/\/yoast.com\/wordpress\/plugins\/seo\/ -->\n<title>Autodeterminados en la comarca: \u201cPara ser libre te tenes que declarar esencia eterna\u201d - Noticias Radio Reflejos<\/title>\n<meta name=\"robots\" content=\"index, follow, max-snippet:-1, max-image-preview:large, max-video-preview:-1\" \/>\n<link rel=\"canonical\" href=\"https:\/\/www.noticiasradioreflejos.com.ar\/2021\/autodeterminados-en-la-comarca-para-ser-libre-te-tenes-que-declarar-esencia-eterna\/\" \/>\n<meta property=\"og:locale\" content=\"es_ES\" \/>\n<meta property=\"og:type\" content=\"article\" \/>\n<meta property=\"og:title\" content=\"Autodeterminados en la comarca: \u201cPara ser libre te tenes que declarar esencia eterna\u201d - Noticias Radio Reflejos\" \/>\n<meta property=\"og:description\" content=\"El \u00faltimo fin de semana una familia que transitaba de C\u00f3rdoba a San Luis gener\u00f3 revuelo por no poseer m\u00e1s documentos que una hoja impresa donde se le\u00eda \u201cciudadano del mundo\u201d. En Sierra Gast\u00f3n Waiman es una de las personas que apoya esta idea.\" \/>\n<meta property=\"og:url\" content=\"https:\/\/www.noticiasradioreflejos.com.ar\/2021\/autodeterminados-en-la-comarca-para-ser-libre-te-tenes-que-declarar-esencia-eterna\/\" \/>\n<meta property=\"og:site_name\" content=\"Noticias Radio Reflejos\" \/>\n<meta property=\"article:published_time\" content=\"2023-04-10T17:42:31+00:00\" \/>\n<meta property=\"og:image\" content=\"https:\/\/live.staticflickr.com\/65535\/52806840092_847c619054_c.jpg\" \/>\n<meta name=\"author\" content=\"Arnaldo Botto\" \/>\n<meta name=\"twitter:card\" content=\"summary_large_image\" \/>\n<script type=\"application\/ld+json\" class=\"yoast-schema-graph\">{\"@context\":\"https:\/\/schema.org\",\"@graph\":[{\"@type\":\"WebPage\",\"@id\":\"https:\/\/www.noticiasradioreflejos.com.ar\/2021\/autodeterminados-en-la-comarca-para-ser-libre-te-tenes-que-declarar-esencia-eterna\/\",\"url\":\"https:\/\/www.noticiasradioreflejos.com.ar\/2021\/autodeterminados-en-la-comarca-para-ser-libre-te-tenes-que-declarar-esencia-eterna\/\",\"name\":\"Autodeterminados en la comarca: \u201cPara ser libre te tenes que declarar esencia eterna\u201d - Noticias Radio Reflejos\",\"isPartOf\":{\"@id\":\"https:\/\/www.noticiasradioreflejos.com.ar\/2021\/#website\"},\"primaryImageOfPage\":{\"@id\":\"https:\/\/www.noticiasradioreflejos.com.ar\/2021\/autodeterminados-en-la-comarca-para-ser-libre-te-tenes-que-declarar-esencia-eterna\/#primaryimage\"},\"image\":{\"@id\":\"https:\/\/www.noticiasradioreflejos.com.ar\/2021\/autodeterminados-en-la-comarca-para-ser-libre-te-tenes-que-declarar-esencia-eterna\/#primaryimage\"},\"thumbnailUrl\":\"https:\/\/live.staticflickr.com\/65535\/52806840092_847c619054_c.jpg\",\"datePublished\":\"2023-04-10T17:42:31+00:00\",\"author\":{\"@id\":\"https:\/\/www.noticiasradioreflejos.com.ar\/2021\/#\/schema\/person\/ad82545263dcc5ec0996818884fd5fb1\"},\"breadcrumb\":{\"@id\":\"https:\/\/www.noticiasradioreflejos.com.ar\/2021\/autodeterminados-en-la-comarca-para-ser-libre-te-tenes-que-declarar-esencia-eterna\/#breadcrumb\"},\"inLanguage\":\"es\",\"potentialAction\":[{\"@type\":\"ReadAction\",\"target\":[\"https:\/\/www.noticiasradioreflejos.com.ar\/2021\/autodeterminados-en-la-comarca-para-ser-libre-te-tenes-que-declarar-esencia-eterna\/\"]}]},{\"@type\":\"ImageObject\",\"inLanguage\":\"es\",\"@id\":\"https:\/\/www.noticiasradioreflejos.com.ar\/2021\/autodeterminados-en-la-comarca-para-ser-libre-te-tenes-que-declarar-esencia-eterna\/#primaryimage\",\"url\":\"https:\/\/live.staticflickr.com\/65535\/52806840092_847c619054_c.jpg\",\"contentUrl\":\"https:\/\/live.staticflickr.com\/65535\/52806840092_847c619054_c.jpg\"},{\"@type\":\"BreadcrumbList\",\"@id\":\"https:\/\/www.noticiasradioreflejos.com.ar\/2021\/autodeterminados-en-la-comarca-para-ser-libre-te-tenes-que-declarar-esencia-eterna\/#breadcrumb\",\"itemListElement\":[{\"@type\":\"ListItem\",\"position\":1,\"name\":\"Portada\",\"item\":\"https:\/\/www.noticiasradioreflejos.com.ar\/2021\/\"},{\"@type\":\"ListItem\",\"position\":2,\"name\":\"Autodeterminados en la comarca: \u201cPara ser libre te tenes que declarar esencia eterna\u201d\"}]},{\"@type\":\"WebSite\",\"@id\":\"https:\/\/www.noticiasradioreflejos.com.ar\/2021\/#website\",\"url\":\"https:\/\/www.noticiasradioreflejos.com.ar\/2021\/\",\"name\":\"Noticias Radio Reflejos\",\"description\":\"Las noticias de mi comarca\",\"potentialAction\":[{\"@type\":\"SearchAction\",\"target\":{\"@type\":\"EntryPoint\",\"urlTemplate\":\"https:\/\/www.noticiasradioreflejos.com.ar\/2021\/?s={search_term_string}\"},\"query-input\":{\"@type\":\"PropertyValueSpecification\",\"valueRequired\":true,\"valueName\":\"search_term_string\"}}],\"inLanguage\":\"es\"},{\"@type\":\"Person\",\"@id\":\"https:\/\/www.noticiasradioreflejos.com.ar\/2021\/#\/schema\/person\/ad82545263dcc5ec0996818884fd5fb1\",\"name\":\"Arnaldo Botto\",\"image\":{\"@type\":\"ImageObject\",\"inLanguage\":\"es\",\"@id\":\"https:\/\/www.noticiasradioreflejos.com.ar\/2021\/#\/schema\/person\/image\/\",\"url\":\"https:\/\/secure.gravatar.com\/avatar\/55cb5e37c1efa326397366e6974cb338056df65cb50e7d64d1cf314e87504837?s=96&d=mm&r=g\",\"contentUrl\":\"https:\/\/secure.gravatar.com\/avatar\/55cb5e37c1efa326397366e6974cb338056df65cb50e7d64d1cf314e87504837?s=96&d=mm&r=g\",\"caption\":\"Arnaldo Botto\"},\"url\":\"https:\/\/www.noticiasradioreflejos.com.ar\/2021\/author\/arnaldo\/\"}]}<\/script>\n<!-- \/ Yoast SEO plugin. -->","yoast_head_json":{"title":"Autodeterminados en la comarca: \u201cPara ser libre te tenes que declarar esencia eterna\u201d - Noticias Radio Reflejos","robots":{"index":"index","follow":"follow","max-snippet":"max-snippet:-1","max-image-preview":"max-image-preview:large","max-video-preview":"max-video-preview:-1"},"canonical":"https:\/\/www.noticiasradioreflejos.com.ar\/2021\/autodeterminados-en-la-comarca-para-ser-libre-te-tenes-que-declarar-esencia-eterna\/","og_locale":"es_ES","og_type":"article","og_title":"Autodeterminados en la comarca: \u201cPara ser libre te tenes que declarar esencia eterna\u201d - Noticias Radio Reflejos","og_description":"El \u00faltimo fin de semana una familia que transitaba de C\u00f3rdoba a San Luis gener\u00f3 revuelo por no poseer m\u00e1s documentos que una hoja impresa donde se le\u00eda \u201cciudadano del mundo\u201d. En Sierra Gast\u00f3n Waiman es una de las personas que apoya esta idea.","og_url":"https:\/\/www.noticiasradioreflejos.com.ar\/2021\/autodeterminados-en-la-comarca-para-ser-libre-te-tenes-que-declarar-esencia-eterna\/","og_site_name":"Noticias Radio Reflejos","article_published_time":"2023-04-10T17:42:31+00:00","og_image":[{"url":"https:\/\/live.staticflickr.com\/65535\/52806840092_847c619054_c.jpg","type":"","width":"","height":""}],"author":"Arnaldo Botto","twitter_card":"summary_large_image","schema":{"@context":"https:\/\/schema.org","@graph":[{"@type":"WebPage","@id":"https:\/\/www.noticiasradioreflejos.com.ar\/2021\/autodeterminados-en-la-comarca-para-ser-libre-te-tenes-que-declarar-esencia-eterna\/","url":"https:\/\/www.noticiasradioreflejos.com.ar\/2021\/autodeterminados-en-la-comarca-para-ser-libre-te-tenes-que-declarar-esencia-eterna\/","name":"Autodeterminados en la comarca: \u201cPara ser libre te tenes que declarar esencia eterna\u201d - Noticias Radio Reflejos","isPartOf":{"@id":"https:\/\/www.noticiasradioreflejos.com.ar\/2021\/#website"},"primaryImageOfPage":{"@id":"https:\/\/www.noticiasradioreflejos.com.ar\/2021\/autodeterminados-en-la-comarca-para-ser-libre-te-tenes-que-declarar-esencia-eterna\/#primaryimage"},"image":{"@id":"https:\/\/www.noticiasradioreflejos.com.ar\/2021\/autodeterminados-en-la-comarca-para-ser-libre-te-tenes-que-declarar-esencia-eterna\/#primaryimage"},"thumbnailUrl":"https:\/\/live.staticflickr.com\/65535\/52806840092_847c619054_c.jpg","datePublished":"2023-04-10T17:42:31+00:00","author":{"@id":"https:\/\/www.noticiasradioreflejos.com.ar\/2021\/#\/schema\/person\/ad82545263dcc5ec0996818884fd5fb1"},"breadcrumb":{"@id":"https:\/\/www.noticiasradioreflejos.com.ar\/2021\/autodeterminados-en-la-comarca-para-ser-libre-te-tenes-que-declarar-esencia-eterna\/#breadcrumb"},"inLanguage":"es","potentialAction":[{"@type":"ReadAction","target":["https:\/\/www.noticiasradioreflejos.com.ar\/2021\/autodeterminados-en-la-comarca-para-ser-libre-te-tenes-que-declarar-esencia-eterna\/"]}]},{"@type":"ImageObject","inLanguage":"es","@id":"https:\/\/www.noticiasradioreflejos.com.ar\/2021\/autodeterminados-en-la-comarca-para-ser-libre-te-tenes-que-declarar-esencia-eterna\/#primaryimage","url":"https:\/\/live.staticflickr.com\/65535\/52806840092_847c619054_c.jpg","contentUrl":"https:\/\/live.staticflickr.com\/65535\/52806840092_847c619054_c.jpg"},{"@type":"BreadcrumbList","@id":"https:\/\/www.noticiasradioreflejos.com.ar\/2021\/autodeterminados-en-la-comarca-para-ser-libre-te-tenes-que-declarar-esencia-eterna\/#breadcrumb","itemListElement":[{"@type":"ListItem","position":1,"name":"Portada","item":"https:\/\/www.noticiasradioreflejos.com.ar\/2021\/"},{"@type":"ListItem","position":2,"name":"Autodeterminados en la comarca: \u201cPara ser libre te tenes que declarar esencia eterna\u201d"}]},{"@type":"WebSite","@id":"https:\/\/www.noticiasradioreflejos.com.ar\/2021\/#website","url":"https:\/\/www.noticiasradioreflejos.com.ar\/2021\/","name":"Noticias Radio Reflejos","description":"Las noticias de mi comarca","potentialAction":[{"@type":"SearchAction","target":{"@type":"EntryPoint","urlTemplate":"https:\/\/www.noticiasradioreflejos.com.ar\/2021\/?s={search_term_string}"},"query-input":{"@type":"PropertyValueSpecification","valueRequired":true,"valueName":"search_term_string"}}],"inLanguage":"es"},{"@type":"Person","@id":"https:\/\/www.noticiasradioreflejos.com.ar\/2021\/#\/schema\/person\/ad82545263dcc5ec0996818884fd5fb1","name":"Arnaldo Botto","image":{"@type":"ImageObject","inLanguage":"es","@id":"https:\/\/www.noticiasradioreflejos.com.ar\/2021\/#\/schema\/person\/image\/","url":"https:\/\/secure.gravatar.com\/avatar\/55cb5e37c1efa326397366e6974cb338056df65cb50e7d64d1cf314e87504837?s=96&d=mm&r=g","contentUrl":"https:\/\/secure.gravatar.com\/avatar\/55cb5e37c1efa326397366e6974cb338056df65cb50e7d64d1cf314e87504837?s=96&d=mm&r=g","caption":"Arnaldo Botto"},"url":"https:\/\/www.noticiasradioreflejos.com.ar\/2021\/author\/arnaldo\/"}]}},"_links":{"self":[{"href":"https:\/\/www.noticiasradioreflejos.com.ar\/2021\/wp-json\/wp\/v2\/posts\/86612","targetHints":{"allow":["GET"]}}],"collection":[{"href":"https:\/\/www.noticiasradioreflejos.com.ar\/2021\/wp-json\/wp\/v2\/posts"}],"about":[{"href":"https:\/\/www.noticiasradioreflejos.com.ar\/2021\/wp-json\/wp\/v2\/types\/post"}],"author":[{"embeddable":true,"href":"https:\/\/www.noticiasradioreflejos.com.ar\/2021\/wp-json\/wp\/v2\/users\/3"}],"replies":[{"embeddable":true,"href":"https:\/\/www.noticiasradioreflejos.com.ar\/2021\/wp-json\/wp\/v2\/comments?post=86612"}],"version-history":[{"count":2,"href":"https:\/\/www.noticiasradioreflejos.com.ar\/2021\/wp-json\/wp\/v2\/posts\/86612\/revisions"}],"predecessor-version":[{"id":86615,"href":"https:\/\/www.noticiasradioreflejos.com.ar\/2021\/wp-json\/wp\/v2\/posts\/86612\/revisions\/86615"}],"wp:attachment":[{"href":"https:\/\/www.noticiasradioreflejos.com.ar\/2021\/wp-json\/wp\/v2\/media?parent=86612"}],"wp:term":[{"taxonomy":"category","embeddable":true,"href":"https:\/\/www.noticiasradioreflejos.com.ar\/2021\/wp-json\/wp\/v2\/categories?post=86612"},{"taxonomy":"post_tag","embeddable":true,"href":"https:\/\/www.noticiasradioreflejos.com.ar\/2021\/wp-json\/wp\/v2\/tags?post=86612"}],"curies":[{"name":"wp","href":"https:\/\/api.w.org\/{rel}","templated":true}]}}