{"id":86541,"date":"2023-04-06T16:50:50","date_gmt":"2023-04-06T16:50:50","guid":{"rendered":"https:\/\/www.noticiasradioreflejos.com.ar\/2021\/?p=86541"},"modified":"2023-04-06T18:51:22","modified_gmt":"2023-04-06T18:51:22","slug":"claudio-masson-presenta-historias-educativas-en-la-feria-del-libro","status":"publish","type":"post","link":"https:\/\/www.noticiasradioreflejos.com.ar\/2021\/claudio-masson-presenta-historias-educativas-en-la-feria-del-libro\/","title":{"rendered":"Claudio Masson presenta \u201cHistorias Educativas\u201d en la Feria del Libro"},"content":{"rendered":"<p>El encargado del micro Tiempo Educativo lanzar\u00e1 en algunas semanas su primer libro y cont\u00f3 con el enorme honor de ser invitado por la feria m\u00e1s grande del pa\u00eds a que tambi\u00e9n lo divulgue en el encuentro que se dar\u00e1 en mayo.<!--more--><\/p>\n<p><a title=\"CLaudio Masson (2)\" href=\"https:\/\/www.flickr.com\/photos\/182279889@N02\/52798196569\/in\/dateposted-public\/\" data-flickr-embed=\"true\"><img loading=\"lazy\" decoding=\"async\" src=\"https:\/\/live.staticflickr.com\/65535\/52798196569_6cf69cd41f_c.jpg\" alt=\"CLaudio Masson (2)\" width=\"800\" height=\"378\" \/><\/a><script async src=\"\/\/embedr.flickr.com\/assets\/client-code.js\" charset=\"utf-8\"><\/script><\/p>\n<p>Esta vez Claudio Masson, encargado de Tiempo Educativo, pas\u00f3 de entrevistador a entrevistado. Dentro de un par de semanas saldr\u00e1 a la venta su primer libro, \u201cHistorias Educativas\u201d y por esto se mostr\u00f3 m\u00e1s que orgulloso.<\/p>\n<p>\u201cHace poco me regalaron un curso de escritura creativa y a partir de ah\u00ed me sent\u00ed con el impulso de escribir. La vida ha sido muy generosa conmigo, y en este primer libro se condensan 21 historias, todas reales, todas educativas, y cuando lo termin\u00e9 le ped\u00ed a Norma Blanca Fern\u00e1ndez que lo lea y me diga qu\u00e9 le parec\u00eda\u201d.<\/p>\n<p>Continuando con su relato, confirm\u00f3 que \u201cal mismo tiempo la editorial le permiti\u00f3 agregar dos cuentos de ella. Es nuestra primera edici\u00f3n. Es la primera vez que ambos hacemos un libro. Estoy sorprendido porque ha gustado mucho\u201d.<\/p>\n<p>En otro pasaje de la charla Masson cont\u00f3 que \u201clas autoridades de la Feria del Libro de Buenos Aires han pedido que lo presentemos el 8 de mayo a las 5 de la tarde en la sala Bioy Casares\u201d.<\/p>\n<p>De igual manera recalc\u00f3 que \u201ca\u00fan no est\u00e1 en las librer\u00edas. Son relatos cortos. Todos ver\u00eddicos. Esto llev\u00f3 m\u00e1s o menos tres a\u00f1os. Fue un primer intento\u201d.<\/p>\n<p>Seg\u00fan dijo, \u201cagarr\u00e9 cinco cuentos; uno que me parec\u00eda el mejor, tres m\u00e1s o menos y uno que me gust\u00f3 menos. Los envi\u00e9 a editoriales y tres de estas se interesaron\u201d.<\/p>\n<p>Cerrando esa historia afirm\u00f3 que \u201cla gente de Editorial Ciccus fue con la que mejor me sent\u00ed y por eso me inclin\u00e9 a ellos y en dos semanas estar\u00e1 en las librer\u00edas\u201d.<\/p>\n<p>Comprar libro<strong> <a href=\"https:\/\/mailchi.mp\/ad277650a909\/ciccus-20266277?e=[UNIQID]\">AQU\u00cd<\/a><\/strong><\/p>\n<p>&nbsp;<\/p>\n<p><iframe loading=\"lazy\" src=\"https:\/\/w.soundcloud.com\/player\/?url=https%3A\/\/api.soundcloud.com\/tracks\/1486535071&amp;color=%23ff5500&amp;auto_play=false&amp;hide_related=false&amp;show_comments=true&amp;show_user=true&amp;show_reposts=false&amp;show_teaser=true\" width=\"100%\" height=\"166\" frameborder=\"no\" scrolling=\"no\"><\/iframe><\/p>\n<div style=\"font-size: 10px; color: #cccccc; line-break: anywhere; word-break: normal; overflow: hidden; white-space: nowrap; text-overflow: ellipsis; font-family: Interstate,Lucida Grande,Lucida Sans Unicode,Lucida Sans,Garuda,Verdana,Tahoma,sans-serif; font-weight: 100;\"><a style=\"color: #cccccc; text-decoration: none;\" title=\"fmreflejos 103.7\" href=\"https:\/\/soundcloud.com\/fmreflejos-103-7\" target=\"_blank\" rel=\"noopener\">fmreflejos 103.7<\/a> \u00b7 <a style=\"color: #cccccc; text-decoration: none;\" title=\"Tiempo Educativo\" href=\"https:\/\/soundcloud.com\/fmreflejos-103-7\/tiempo-educativo-926473159\" target=\"_blank\" rel=\"noopener\">Tiempo Educativo<\/a><\/div>\n","protected":false},"excerpt":{"rendered":"<p>El encargado del micro Tiempo Educativo lanzar\u00e1 en algunas semanas su primer libro y cont\u00f3 con el enorme honor de ser invitado por la feria m\u00e1s grande del pa\u00eds a que tambi\u00e9n lo divulgue en el encuentro que se dar\u00e1 en mayo.<\/p>\n","protected":false},"author":3,"featured_media":86549,"comment_status":"closed","ping_status":"closed","sticky":false,"template":"","format":"standard","meta":{"footnotes":""},"categories":[35,34],"tags":[48],"class_list":["post-86541","post","type-post","status-publish","format-standard","has-post-thumbnail","hentry","category-cultura","category-educacion","tag-destacada"],"yoast_head":"<!-- This site is optimized with the Yoast SEO plugin v25.9 - https:\/\/yoast.com\/wordpress\/plugins\/seo\/ -->\n<title>Claudio Masson presenta \u201cHistorias Educativas\u201d en la Feria del Libro - Noticias Radio Reflejos<\/title>\n<meta name=\"robots\" content=\"index, follow, max-snippet:-1, max-image-preview:large, max-video-preview:-1\" \/>\n<link rel=\"canonical\" href=\"https:\/\/www.noticiasradioreflejos.com.ar\/2021\/claudio-masson-presenta-historias-educativas-en-la-feria-del-libro\/\" \/>\n<meta property=\"og:locale\" content=\"es_ES\" \/>\n<meta property=\"og:type\" content=\"article\" \/>\n<meta property=\"og:title\" content=\"Claudio Masson presenta \u201cHistorias Educativas\u201d en la Feria del Libro - Noticias Radio Reflejos\" \/>\n<meta property=\"og:description\" content=\"El encargado del micro Tiempo Educativo lanzar\u00e1 en algunas semanas su primer libro y cont\u00f3 con el enorme honor de ser invitado por la feria m\u00e1s grande del pa\u00eds a que tambi\u00e9n lo divulgue en el encuentro que se dar\u00e1 en mayo.\" \/>\n<meta property=\"og:url\" content=\"https:\/\/www.noticiasradioreflejos.com.ar\/2021\/claudio-masson-presenta-historias-educativas-en-la-feria-del-libro\/\" \/>\n<meta property=\"og:site_name\" content=\"Noticias Radio Reflejos\" \/>\n<meta property=\"article:published_time\" content=\"2023-04-06T16:50:50+00:00\" \/>\n<meta property=\"article:modified_time\" content=\"2023-04-06T18:51:22+00:00\" \/>\n<meta property=\"og:image\" content=\"https:\/\/www.noticiasradioreflejos.com.ar\/2021\/wp-content\/uploads\/2023\/04\/CLaudio-Masson-1.jpeg\" \/>\n\t<meta property=\"og:image:width\" content=\"1500\" \/>\n\t<meta property=\"og:image:height\" content=\"1000\" \/>\n\t<meta property=\"og:image:type\" content=\"image\/jpeg\" \/>\n<meta name=\"author\" content=\"Arnaldo Botto\" \/>\n<meta name=\"twitter:card\" content=\"summary_large_image\" \/>\n<script type=\"application\/ld+json\" class=\"yoast-schema-graph\">{\"@context\":\"https:\/\/schema.org\",\"@graph\":[{\"@type\":\"WebPage\",\"@id\":\"https:\/\/www.noticiasradioreflejos.com.ar\/2021\/claudio-masson-presenta-historias-educativas-en-la-feria-del-libro\/\",\"url\":\"https:\/\/www.noticiasradioreflejos.com.ar\/2021\/claudio-masson-presenta-historias-educativas-en-la-feria-del-libro\/\",\"name\":\"Claudio Masson presenta \u201cHistorias Educativas\u201d en la Feria del Libro - Noticias Radio Reflejos\",\"isPartOf\":{\"@id\":\"https:\/\/www.noticiasradioreflejos.com.ar\/2021\/#website\"},\"primaryImageOfPage\":{\"@id\":\"https:\/\/www.noticiasradioreflejos.com.ar\/2021\/claudio-masson-presenta-historias-educativas-en-la-feria-del-libro\/#primaryimage\"},\"image\":{\"@id\":\"https:\/\/www.noticiasradioreflejos.com.ar\/2021\/claudio-masson-presenta-historias-educativas-en-la-feria-del-libro\/#primaryimage\"},\"thumbnailUrl\":\"https:\/\/www.noticiasradioreflejos.com.ar\/2021\/wp-content\/uploads\/2023\/04\/CLaudio-Masson-1.jpeg\",\"datePublished\":\"2023-04-06T16:50:50+00:00\",\"dateModified\":\"2023-04-06T18:51:22+00:00\",\"author\":{\"@id\":\"https:\/\/www.noticiasradioreflejos.com.ar\/2021\/#\/schema\/person\/ad82545263dcc5ec0996818884fd5fb1\"},\"breadcrumb\":{\"@id\":\"https:\/\/www.noticiasradioreflejos.com.ar\/2021\/claudio-masson-presenta-historias-educativas-en-la-feria-del-libro\/#breadcrumb\"},\"inLanguage\":\"es\",\"potentialAction\":[{\"@type\":\"ReadAction\",\"target\":[\"https:\/\/www.noticiasradioreflejos.com.ar\/2021\/claudio-masson-presenta-historias-educativas-en-la-feria-del-libro\/\"]}]},{\"@type\":\"ImageObject\",\"inLanguage\":\"es\",\"@id\":\"https:\/\/www.noticiasradioreflejos.com.ar\/2021\/claudio-masson-presenta-historias-educativas-en-la-feria-del-libro\/#primaryimage\",\"url\":\"https:\/\/www.noticiasradioreflejos.com.ar\/2021\/wp-content\/uploads\/2023\/04\/CLaudio-Masson-1.jpeg\",\"contentUrl\":\"https:\/\/www.noticiasradioreflejos.com.ar\/2021\/wp-content\/uploads\/2023\/04\/CLaudio-Masson-1.jpeg\",\"width\":1500,\"height\":1000},{\"@type\":\"BreadcrumbList\",\"@id\":\"https:\/\/www.noticiasradioreflejos.com.ar\/2021\/claudio-masson-presenta-historias-educativas-en-la-feria-del-libro\/#breadcrumb\",\"itemListElement\":[{\"@type\":\"ListItem\",\"position\":1,\"name\":\"Portada\",\"item\":\"https:\/\/www.noticiasradioreflejos.com.ar\/2021\/\"},{\"@type\":\"ListItem\",\"position\":2,\"name\":\"Claudio Masson presenta \u201cHistorias Educativas\u201d en la Feria del Libro\"}]},{\"@type\":\"WebSite\",\"@id\":\"https:\/\/www.noticiasradioreflejos.com.ar\/2021\/#website\",\"url\":\"https:\/\/www.noticiasradioreflejos.com.ar\/2021\/\",\"name\":\"Noticias Radio Reflejos\",\"description\":\"Las noticias de mi comarca\",\"potentialAction\":[{\"@type\":\"SearchAction\",\"target\":{\"@type\":\"EntryPoint\",\"urlTemplate\":\"https:\/\/www.noticiasradioreflejos.com.ar\/2021\/?s={search_term_string}\"},\"query-input\":{\"@type\":\"PropertyValueSpecification\",\"valueRequired\":true,\"valueName\":\"search_term_string\"}}],\"inLanguage\":\"es\"},{\"@type\":\"Person\",\"@id\":\"https:\/\/www.noticiasradioreflejos.com.ar\/2021\/#\/schema\/person\/ad82545263dcc5ec0996818884fd5fb1\",\"name\":\"Arnaldo Botto\",\"image\":{\"@type\":\"ImageObject\",\"inLanguage\":\"es\",\"@id\":\"https:\/\/www.noticiasradioreflejos.com.ar\/2021\/#\/schema\/person\/image\/\",\"url\":\"https:\/\/secure.gravatar.com\/avatar\/55cb5e37c1efa326397366e6974cb338056df65cb50e7d64d1cf314e87504837?s=96&d=mm&r=g\",\"contentUrl\":\"https:\/\/secure.gravatar.com\/avatar\/55cb5e37c1efa326397366e6974cb338056df65cb50e7d64d1cf314e87504837?s=96&d=mm&r=g\",\"caption\":\"Arnaldo Botto\"},\"url\":\"https:\/\/www.noticiasradioreflejos.com.ar\/2021\/author\/arnaldo\/\"}]}<\/script>\n<!-- \/ Yoast SEO plugin. -->","yoast_head_json":{"title":"Claudio Masson presenta \u201cHistorias Educativas\u201d en la Feria del Libro - Noticias Radio Reflejos","robots":{"index":"index","follow":"follow","max-snippet":"max-snippet:-1","max-image-preview":"max-image-preview:large","max-video-preview":"max-video-preview:-1"},"canonical":"https:\/\/www.noticiasradioreflejos.com.ar\/2021\/claudio-masson-presenta-historias-educativas-en-la-feria-del-libro\/","og_locale":"es_ES","og_type":"article","og_title":"Claudio Masson presenta \u201cHistorias Educativas\u201d en la Feria del Libro - Noticias Radio Reflejos","og_description":"El encargado del micro Tiempo Educativo lanzar\u00e1 en algunas semanas su primer libro y cont\u00f3 con el enorme honor de ser invitado por la feria m\u00e1s grande del pa\u00eds a que tambi\u00e9n lo divulgue en el encuentro que se dar\u00e1 en mayo.","og_url":"https:\/\/www.noticiasradioreflejos.com.ar\/2021\/claudio-masson-presenta-historias-educativas-en-la-feria-del-libro\/","og_site_name":"Noticias Radio Reflejos","article_published_time":"2023-04-06T16:50:50+00:00","article_modified_time":"2023-04-06T18:51:22+00:00","og_image":[{"width":1500,"height":1000,"url":"https:\/\/www.noticiasradioreflejos.com.ar\/2021\/wp-content\/uploads\/2023\/04\/CLaudio-Masson-1.jpeg","type":"image\/jpeg"}],"author":"Arnaldo Botto","twitter_card":"summary_large_image","schema":{"@context":"https:\/\/schema.org","@graph":[{"@type":"WebPage","@id":"https:\/\/www.noticiasradioreflejos.com.ar\/2021\/claudio-masson-presenta-historias-educativas-en-la-feria-del-libro\/","url":"https:\/\/www.noticiasradioreflejos.com.ar\/2021\/claudio-masson-presenta-historias-educativas-en-la-feria-del-libro\/","name":"Claudio Masson presenta \u201cHistorias Educativas\u201d en la Feria del Libro - Noticias Radio Reflejos","isPartOf":{"@id":"https:\/\/www.noticiasradioreflejos.com.ar\/2021\/#website"},"primaryImageOfPage":{"@id":"https:\/\/www.noticiasradioreflejos.com.ar\/2021\/claudio-masson-presenta-historias-educativas-en-la-feria-del-libro\/#primaryimage"},"image":{"@id":"https:\/\/www.noticiasradioreflejos.com.ar\/2021\/claudio-masson-presenta-historias-educativas-en-la-feria-del-libro\/#primaryimage"},"thumbnailUrl":"https:\/\/www.noticiasradioreflejos.com.ar\/2021\/wp-content\/uploads\/2023\/04\/CLaudio-Masson-1.jpeg","datePublished":"2023-04-06T16:50:50+00:00","dateModified":"2023-04-06T18:51:22+00:00","author":{"@id":"https:\/\/www.noticiasradioreflejos.com.ar\/2021\/#\/schema\/person\/ad82545263dcc5ec0996818884fd5fb1"},"breadcrumb":{"@id":"https:\/\/www.noticiasradioreflejos.com.ar\/2021\/claudio-masson-presenta-historias-educativas-en-la-feria-del-libro\/#breadcrumb"},"inLanguage":"es","potentialAction":[{"@type":"ReadAction","target":["https:\/\/www.noticiasradioreflejos.com.ar\/2021\/claudio-masson-presenta-historias-educativas-en-la-feria-del-libro\/"]}]},{"@type":"ImageObject","inLanguage":"es","@id":"https:\/\/www.noticiasradioreflejos.com.ar\/2021\/claudio-masson-presenta-historias-educativas-en-la-feria-del-libro\/#primaryimage","url":"https:\/\/www.noticiasradioreflejos.com.ar\/2021\/wp-content\/uploads\/2023\/04\/CLaudio-Masson-1.jpeg","contentUrl":"https:\/\/www.noticiasradioreflejos.com.ar\/2021\/wp-content\/uploads\/2023\/04\/CLaudio-Masson-1.jpeg","width":1500,"height":1000},{"@type":"BreadcrumbList","@id":"https:\/\/www.noticiasradioreflejos.com.ar\/2021\/claudio-masson-presenta-historias-educativas-en-la-feria-del-libro\/#breadcrumb","itemListElement":[{"@type":"ListItem","position":1,"name":"Portada","item":"https:\/\/www.noticiasradioreflejos.com.ar\/2021\/"},{"@type":"ListItem","position":2,"name":"Claudio Masson presenta \u201cHistorias Educativas\u201d en la Feria del Libro"}]},{"@type":"WebSite","@id":"https:\/\/www.noticiasradioreflejos.com.ar\/2021\/#website","url":"https:\/\/www.noticiasradioreflejos.com.ar\/2021\/","name":"Noticias Radio Reflejos","description":"Las noticias de mi comarca","potentialAction":[{"@type":"SearchAction","target":{"@type":"EntryPoint","urlTemplate":"https:\/\/www.noticiasradioreflejos.com.ar\/2021\/?s={search_term_string}"},"query-input":{"@type":"PropertyValueSpecification","valueRequired":true,"valueName":"search_term_string"}}],"inLanguage":"es"},{"@type":"Person","@id":"https:\/\/www.noticiasradioreflejos.com.ar\/2021\/#\/schema\/person\/ad82545263dcc5ec0996818884fd5fb1","name":"Arnaldo Botto","image":{"@type":"ImageObject","inLanguage":"es","@id":"https:\/\/www.noticiasradioreflejos.com.ar\/2021\/#\/schema\/person\/image\/","url":"https:\/\/secure.gravatar.com\/avatar\/55cb5e37c1efa326397366e6974cb338056df65cb50e7d64d1cf314e87504837?s=96&d=mm&r=g","contentUrl":"https:\/\/secure.gravatar.com\/avatar\/55cb5e37c1efa326397366e6974cb338056df65cb50e7d64d1cf314e87504837?s=96&d=mm&r=g","caption":"Arnaldo Botto"},"url":"https:\/\/www.noticiasradioreflejos.com.ar\/2021\/author\/arnaldo\/"}]}},"_links":{"self":[{"href":"https:\/\/www.noticiasradioreflejos.com.ar\/2021\/wp-json\/wp\/v2\/posts\/86541","targetHints":{"allow":["GET"]}}],"collection":[{"href":"https:\/\/www.noticiasradioreflejos.com.ar\/2021\/wp-json\/wp\/v2\/posts"}],"about":[{"href":"https:\/\/www.noticiasradioreflejos.com.ar\/2021\/wp-json\/wp\/v2\/types\/post"}],"author":[{"embeddable":true,"href":"https:\/\/www.noticiasradioreflejos.com.ar\/2021\/wp-json\/wp\/v2\/users\/3"}],"replies":[{"embeddable":true,"href":"https:\/\/www.noticiasradioreflejos.com.ar\/2021\/wp-json\/wp\/v2\/comments?post=86541"}],"version-history":[{"count":5,"href":"https:\/\/www.noticiasradioreflejos.com.ar\/2021\/wp-json\/wp\/v2\/posts\/86541\/revisions"}],"predecessor-version":[{"id":86555,"href":"https:\/\/www.noticiasradioreflejos.com.ar\/2021\/wp-json\/wp\/v2\/posts\/86541\/revisions\/86555"}],"wp:featuredmedia":[{"embeddable":true,"href":"https:\/\/www.noticiasradioreflejos.com.ar\/2021\/wp-json\/wp\/v2\/media\/86549"}],"wp:attachment":[{"href":"https:\/\/www.noticiasradioreflejos.com.ar\/2021\/wp-json\/wp\/v2\/media?parent=86541"}],"wp:term":[{"taxonomy":"category","embeddable":true,"href":"https:\/\/www.noticiasradioreflejos.com.ar\/2021\/wp-json\/wp\/v2\/categories?post=86541"},{"taxonomy":"post_tag","embeddable":true,"href":"https:\/\/www.noticiasradioreflejos.com.ar\/2021\/wp-json\/wp\/v2\/tags?post=86541"}],"curies":[{"name":"wp","href":"https:\/\/api.w.org\/{rel}","templated":true}]}}