{"id":86498,"date":"2023-04-05T21:09:24","date_gmt":"2023-04-05T21:09:24","guid":{"rendered":"https:\/\/www.noticiasradioreflejos.com.ar\/2021\/?p=86498"},"modified":"2023-04-05T21:09:41","modified_gmt":"2023-04-05T21:09:41","slug":"quedo-inaugurado-el-qr-que-cuenta-parte-de-la-historia-de-la-trochita","status":"publish","type":"post","link":"https:\/\/www.noticiasradioreflejos.com.ar\/2021\/quedo-inaugurado-el-qr-que-cuenta-parte-de-la-historia-de-la-trochita\/","title":{"rendered":"Qued\u00f3 inaugurado el QR que cuenta parte de la historia de La Trochita"},"content":{"rendered":"<p>En un acto que cont\u00f3 con la presencia del intendente y autoridades de la instituci\u00f3n se descubri\u00f3 la carteler\u00eda que permite a trav\u00e9s del celular conocer un poco m\u00e1s del predio. \u201cSeguimos trabajando con mucha fuerza\u201d afirm\u00f3 Agust\u00edn Delauz.<!--more--><\/p>\n<p>No fue un mi\u00e9rcoles m\u00e1s para la comisi\u00f3n de los amigos de La Trochita, ya que qued\u00f3 descubierta la carteler\u00eda que permite mediante el scaneo de un c\u00f3digo QR, conocer un poco m\u00e1s de la historia del ferrocarril dentro de la comarca.<\/p>\n<p>En el evento se hicieron presentes varios vecinos y allegados, quedando en las manos del intendente Sergio Bordoni y del ex presidente de la instituci\u00f3n, Dardo Fern\u00e1ndez, el descubrimiento de la carteler\u00eda.<\/p>\n<p>Haciendo uso de la palabra, <strong>Agust\u00edn Delauz<\/strong> expres\u00f3 el \u201cagradecimiento a todos los presentes. Como todos ven, este a\u00f1o comenzamos a trabajar con mucha fuerza. Seguimos reafirmando d\u00eda a d\u00eda con el acompa\u00f1amiento de la municipalidad nuestro trabajo\u201d.<\/p>\n<p><iframe loading=\"lazy\" style=\"border: none; overflow: hidden;\" src=\"https:\/\/www.facebook.com\/plugins\/post.php?href=https%3A%2F%2Fwww.facebook.com%2Fpermalink.php%3Fstory_fbid%3Dpfbid02MQkHTMgxKPYaLBABovzjLHAtPjg6ueKmU65TBJsZKKSdH9kS4rrWunAhNUV7sBYCl%26id%3D100091327519773&amp;show_text=true&amp;width=500\" width=\"500\" height=\"684\" frameborder=\"0\" scrolling=\"no\" allowfullscreen=\"allowfullscreen\"><\/iframe><\/p>\n<p>Al mismo tiempo aprovech\u00f3 para reiterar que \u201cnecesitamos acompa\u00f1amiento de la comunidad. A trav\u00e9s de ese QR se puede ver una breve rese\u00f1a del comienzo ferroviario en este lugar. Esto es un primer paso. Hay proyecto bastante avanzado con t\u00e9cnicas audiovisuales que presentaremos m\u00e1s adelante\u201d.<\/p>\n<p>Por \u00faltimo dijo: \u201cNosotros queremos la recuperaci\u00f3n de la traza y para eso necesitamos el apoyo de toda la comarca, ya que ayudar\u00e1 al desarrollo tur\u00edstico\u201d.<\/p>\n<p>Por su parte el jefe comunal expres\u00f3 que \u201cla gente de La Trochita sigue trabajando incansablemente y desde el municipio hacemos lo posible para acompa\u00f1ar. Buscamos que llegue a buena estaci\u00f3n. Ojal\u00e1 podamos seguir trabajando de forma conjunta\u201d.<\/p>\n<p>Mientras que sobre las tierras, asegur\u00f3 que \u201ccuando est\u00e9n para escriturar se har\u00e1. Es un avance importante porque estas tierras fueron pagas por el municipio. Estos tres kil\u00f3metros del 7 al 10. Este sector del Centro Cultural es muy importante para Sierra y ni hablar la traza\u201d.<\/p>\n<p>Por \u00faltimo, y sobre la situaci\u00f3n catastral del ex Club Hotel, Bordoni confirm\u00f3 que \u201cse va a pedir sentencia. Creemos que ser\u00e1 favorable para el municipio y tras eso veremos cu\u00e1les son los pasos a seguir. Al dictaminar sentencia, y m\u00e1s all\u00e1 que se puede apelar, es un paso m\u00e1s para la recuperaci\u00f3n\u201d.<\/p>\n<p>&nbsp;<\/p>\n<p><iframe loading=\"lazy\" title=\"QR Museo de la Trochita\" src=\"https:\/\/www.youtube.com\/embed\/KPtjNn5nYjg\" width=\"853\" height=\"480\" frameborder=\"0\" allowfullscreen=\"allowfullscreen\"><\/iframe><\/p>\n","protected":false},"excerpt":{"rendered":"<p>En un acto que cont\u00f3 con la presencia del intendente y autoridades de la instituci\u00f3n se descubri\u00f3 la carteler\u00eda que permite a trav\u00e9s del celular conocer un poco m\u00e1s del predio. \u201cSeguimos trabajando con mucha fuerza\u201d afirm\u00f3 Agust\u00edn Delauz.<\/p>\n","protected":false},"author":3,"featured_media":0,"comment_status":"closed","ping_status":"closed","sticky":false,"template":"","format":"standard","meta":{"footnotes":""},"categories":[26,33],"tags":[48],"class_list":["post-86498","post","type-post","status-publish","format-standard","hentry","category-sociedad","category-turismo","tag-destacada"],"yoast_head":"<!-- This site is optimized with the Yoast SEO plugin v25.9 - https:\/\/yoast.com\/wordpress\/plugins\/seo\/ -->\n<title>Qued\u00f3 inaugurado el QR que cuenta parte de la historia de La Trochita - Noticias Radio Reflejos<\/title>\n<meta name=\"robots\" content=\"index, follow, max-snippet:-1, max-image-preview:large, max-video-preview:-1\" \/>\n<link rel=\"canonical\" href=\"https:\/\/www.noticiasradioreflejos.com.ar\/2021\/quedo-inaugurado-el-qr-que-cuenta-parte-de-la-historia-de-la-trochita\/\" \/>\n<meta property=\"og:locale\" content=\"es_ES\" \/>\n<meta property=\"og:type\" content=\"article\" \/>\n<meta property=\"og:title\" content=\"Qued\u00f3 inaugurado el QR que cuenta parte de la historia de La Trochita - Noticias Radio Reflejos\" \/>\n<meta property=\"og:description\" content=\"En un acto que cont\u00f3 con la presencia del intendente y autoridades de la instituci\u00f3n se descubri\u00f3 la carteler\u00eda que permite a trav\u00e9s del celular conocer un poco m\u00e1s del predio. \u201cSeguimos trabajando con mucha fuerza\u201d afirm\u00f3 Agust\u00edn Delauz.\" \/>\n<meta property=\"og:url\" content=\"https:\/\/www.noticiasradioreflejos.com.ar\/2021\/quedo-inaugurado-el-qr-que-cuenta-parte-de-la-historia-de-la-trochita\/\" \/>\n<meta property=\"og:site_name\" content=\"Noticias Radio Reflejos\" \/>\n<meta property=\"article:published_time\" content=\"2023-04-05T21:09:24+00:00\" \/>\n<meta property=\"article:modified_time\" content=\"2023-04-05T21:09:41+00:00\" \/>\n<meta property=\"og:image\" content=\"https:\/\/www.noticiasradioreflejos.com.ar\/2021\/wp-content\/uploads\/2021\/07\/logosol300x200.png\" \/>\n\t<meta property=\"og:image:width\" content=\"300\" \/>\n\t<meta property=\"og:image:height\" content=\"200\" \/>\n\t<meta property=\"og:image:type\" content=\"image\/png\" \/>\n<meta name=\"author\" content=\"Arnaldo Botto\" \/>\n<meta name=\"twitter:card\" content=\"summary_large_image\" \/>\n<script type=\"application\/ld+json\" class=\"yoast-schema-graph\">{\"@context\":\"https:\/\/schema.org\",\"@graph\":[{\"@type\":\"WebPage\",\"@id\":\"https:\/\/www.noticiasradioreflejos.com.ar\/2021\/quedo-inaugurado-el-qr-que-cuenta-parte-de-la-historia-de-la-trochita\/\",\"url\":\"https:\/\/www.noticiasradioreflejos.com.ar\/2021\/quedo-inaugurado-el-qr-que-cuenta-parte-de-la-historia-de-la-trochita\/\",\"name\":\"Qued\u00f3 inaugurado el QR que cuenta parte de la historia de La Trochita - Noticias Radio Reflejos\",\"isPartOf\":{\"@id\":\"https:\/\/www.noticiasradioreflejos.com.ar\/2021\/#website\"},\"datePublished\":\"2023-04-05T21:09:24+00:00\",\"dateModified\":\"2023-04-05T21:09:41+00:00\",\"author\":{\"@id\":\"https:\/\/www.noticiasradioreflejos.com.ar\/2021\/#\/schema\/person\/ad82545263dcc5ec0996818884fd5fb1\"},\"breadcrumb\":{\"@id\":\"https:\/\/www.noticiasradioreflejos.com.ar\/2021\/quedo-inaugurado-el-qr-que-cuenta-parte-de-la-historia-de-la-trochita\/#breadcrumb\"},\"inLanguage\":\"es\",\"potentialAction\":[{\"@type\":\"ReadAction\",\"target\":[\"https:\/\/www.noticiasradioreflejos.com.ar\/2021\/quedo-inaugurado-el-qr-que-cuenta-parte-de-la-historia-de-la-trochita\/\"]}]},{\"@type\":\"BreadcrumbList\",\"@id\":\"https:\/\/www.noticiasradioreflejos.com.ar\/2021\/quedo-inaugurado-el-qr-que-cuenta-parte-de-la-historia-de-la-trochita\/#breadcrumb\",\"itemListElement\":[{\"@type\":\"ListItem\",\"position\":1,\"name\":\"Portada\",\"item\":\"https:\/\/www.noticiasradioreflejos.com.ar\/2021\/\"},{\"@type\":\"ListItem\",\"position\":2,\"name\":\"Qued\u00f3 inaugurado el QR que cuenta parte de la historia de La Trochita\"}]},{\"@type\":\"WebSite\",\"@id\":\"https:\/\/www.noticiasradioreflejos.com.ar\/2021\/#website\",\"url\":\"https:\/\/www.noticiasradioreflejos.com.ar\/2021\/\",\"name\":\"Noticias Radio Reflejos\",\"description\":\"Las noticias de mi comarca\",\"potentialAction\":[{\"@type\":\"SearchAction\",\"target\":{\"@type\":\"EntryPoint\",\"urlTemplate\":\"https:\/\/www.noticiasradioreflejos.com.ar\/2021\/?s={search_term_string}\"},\"query-input\":{\"@type\":\"PropertyValueSpecification\",\"valueRequired\":true,\"valueName\":\"search_term_string\"}}],\"inLanguage\":\"es\"},{\"@type\":\"Person\",\"@id\":\"https:\/\/www.noticiasradioreflejos.com.ar\/2021\/#\/schema\/person\/ad82545263dcc5ec0996818884fd5fb1\",\"name\":\"Arnaldo Botto\",\"image\":{\"@type\":\"ImageObject\",\"inLanguage\":\"es\",\"@id\":\"https:\/\/www.noticiasradioreflejos.com.ar\/2021\/#\/schema\/person\/image\/\",\"url\":\"https:\/\/secure.gravatar.com\/avatar\/55cb5e37c1efa326397366e6974cb338056df65cb50e7d64d1cf314e87504837?s=96&d=mm&r=g\",\"contentUrl\":\"https:\/\/secure.gravatar.com\/avatar\/55cb5e37c1efa326397366e6974cb338056df65cb50e7d64d1cf314e87504837?s=96&d=mm&r=g\",\"caption\":\"Arnaldo Botto\"},\"url\":\"https:\/\/www.noticiasradioreflejos.com.ar\/2021\/author\/arnaldo\/\"}]}<\/script>\n<!-- \/ Yoast SEO plugin. -->","yoast_head_json":{"title":"Qued\u00f3 inaugurado el QR que cuenta parte de la historia de La Trochita - Noticias Radio Reflejos","robots":{"index":"index","follow":"follow","max-snippet":"max-snippet:-1","max-image-preview":"max-image-preview:large","max-video-preview":"max-video-preview:-1"},"canonical":"https:\/\/www.noticiasradioreflejos.com.ar\/2021\/quedo-inaugurado-el-qr-que-cuenta-parte-de-la-historia-de-la-trochita\/","og_locale":"es_ES","og_type":"article","og_title":"Qued\u00f3 inaugurado el QR que cuenta parte de la historia de La Trochita - Noticias Radio Reflejos","og_description":"En un acto que cont\u00f3 con la presencia del intendente y autoridades de la instituci\u00f3n se descubri\u00f3 la carteler\u00eda que permite a trav\u00e9s del celular conocer un poco m\u00e1s del predio. \u201cSeguimos trabajando con mucha fuerza\u201d afirm\u00f3 Agust\u00edn Delauz.","og_url":"https:\/\/www.noticiasradioreflejos.com.ar\/2021\/quedo-inaugurado-el-qr-que-cuenta-parte-de-la-historia-de-la-trochita\/","og_site_name":"Noticias Radio Reflejos","article_published_time":"2023-04-05T21:09:24+00:00","article_modified_time":"2023-04-05T21:09:41+00:00","og_image":[{"width":300,"height":200,"url":"https:\/\/www.noticiasradioreflejos.com.ar\/2021\/wp-content\/uploads\/2021\/07\/logosol300x200.png","type":"image\/png"}],"author":"Arnaldo Botto","twitter_card":"summary_large_image","schema":{"@context":"https:\/\/schema.org","@graph":[{"@type":"WebPage","@id":"https:\/\/www.noticiasradioreflejos.com.ar\/2021\/quedo-inaugurado-el-qr-que-cuenta-parte-de-la-historia-de-la-trochita\/","url":"https:\/\/www.noticiasradioreflejos.com.ar\/2021\/quedo-inaugurado-el-qr-que-cuenta-parte-de-la-historia-de-la-trochita\/","name":"Qued\u00f3 inaugurado el QR que cuenta parte de la historia de La Trochita - Noticias Radio Reflejos","isPartOf":{"@id":"https:\/\/www.noticiasradioreflejos.com.ar\/2021\/#website"},"datePublished":"2023-04-05T21:09:24+00:00","dateModified":"2023-04-05T21:09:41+00:00","author":{"@id":"https:\/\/www.noticiasradioreflejos.com.ar\/2021\/#\/schema\/person\/ad82545263dcc5ec0996818884fd5fb1"},"breadcrumb":{"@id":"https:\/\/www.noticiasradioreflejos.com.ar\/2021\/quedo-inaugurado-el-qr-que-cuenta-parte-de-la-historia-de-la-trochita\/#breadcrumb"},"inLanguage":"es","potentialAction":[{"@type":"ReadAction","target":["https:\/\/www.noticiasradioreflejos.com.ar\/2021\/quedo-inaugurado-el-qr-que-cuenta-parte-de-la-historia-de-la-trochita\/"]}]},{"@type":"BreadcrumbList","@id":"https:\/\/www.noticiasradioreflejos.com.ar\/2021\/quedo-inaugurado-el-qr-que-cuenta-parte-de-la-historia-de-la-trochita\/#breadcrumb","itemListElement":[{"@type":"ListItem","position":1,"name":"Portada","item":"https:\/\/www.noticiasradioreflejos.com.ar\/2021\/"},{"@type":"ListItem","position":2,"name":"Qued\u00f3 inaugurado el QR que cuenta parte de la historia de La Trochita"}]},{"@type":"WebSite","@id":"https:\/\/www.noticiasradioreflejos.com.ar\/2021\/#website","url":"https:\/\/www.noticiasradioreflejos.com.ar\/2021\/","name":"Noticias Radio Reflejos","description":"Las noticias de mi comarca","potentialAction":[{"@type":"SearchAction","target":{"@type":"EntryPoint","urlTemplate":"https:\/\/www.noticiasradioreflejos.com.ar\/2021\/?s={search_term_string}"},"query-input":{"@type":"PropertyValueSpecification","valueRequired":true,"valueName":"search_term_string"}}],"inLanguage":"es"},{"@type":"Person","@id":"https:\/\/www.noticiasradioreflejos.com.ar\/2021\/#\/schema\/person\/ad82545263dcc5ec0996818884fd5fb1","name":"Arnaldo Botto","image":{"@type":"ImageObject","inLanguage":"es","@id":"https:\/\/www.noticiasradioreflejos.com.ar\/2021\/#\/schema\/person\/image\/","url":"https:\/\/secure.gravatar.com\/avatar\/55cb5e37c1efa326397366e6974cb338056df65cb50e7d64d1cf314e87504837?s=96&d=mm&r=g","contentUrl":"https:\/\/secure.gravatar.com\/avatar\/55cb5e37c1efa326397366e6974cb338056df65cb50e7d64d1cf314e87504837?s=96&d=mm&r=g","caption":"Arnaldo Botto"},"url":"https:\/\/www.noticiasradioreflejos.com.ar\/2021\/author\/arnaldo\/"}]}},"_links":{"self":[{"href":"https:\/\/www.noticiasradioreflejos.com.ar\/2021\/wp-json\/wp\/v2\/posts\/86498","targetHints":{"allow":["GET"]}}],"collection":[{"href":"https:\/\/www.noticiasradioreflejos.com.ar\/2021\/wp-json\/wp\/v2\/posts"}],"about":[{"href":"https:\/\/www.noticiasradioreflejos.com.ar\/2021\/wp-json\/wp\/v2\/types\/post"}],"author":[{"embeddable":true,"href":"https:\/\/www.noticiasradioreflejos.com.ar\/2021\/wp-json\/wp\/v2\/users\/3"}],"replies":[{"embeddable":true,"href":"https:\/\/www.noticiasradioreflejos.com.ar\/2021\/wp-json\/wp\/v2\/comments?post=86498"}],"version-history":[{"count":2,"href":"https:\/\/www.noticiasradioreflejos.com.ar\/2021\/wp-json\/wp\/v2\/posts\/86498\/revisions"}],"predecessor-version":[{"id":86502,"href":"https:\/\/www.noticiasradioreflejos.com.ar\/2021\/wp-json\/wp\/v2\/posts\/86498\/revisions\/86502"}],"wp:attachment":[{"href":"https:\/\/www.noticiasradioreflejos.com.ar\/2021\/wp-json\/wp\/v2\/media?parent=86498"}],"wp:term":[{"taxonomy":"category","embeddable":true,"href":"https:\/\/www.noticiasradioreflejos.com.ar\/2021\/wp-json\/wp\/v2\/categories?post=86498"},{"taxonomy":"post_tag","embeddable":true,"href":"https:\/\/www.noticiasradioreflejos.com.ar\/2021\/wp-json\/wp\/v2\/tags?post=86498"}],"curies":[{"name":"wp","href":"https:\/\/api.w.org\/{rel}","templated":true}]}}