{"id":86495,"date":"2023-04-05T19:14:54","date_gmt":"2023-04-05T19:14:54","guid":{"rendered":"https:\/\/www.noticiasradioreflejos.com.ar\/2021\/?p=86495"},"modified":"2023-04-05T19:18:29","modified_gmt":"2023-04-05T19:18:29","slug":"semana-santa-2023-que-dia-es-feriado-cuando-hay-un-dia-no-laborable-y-como-se-cobran","status":"publish","type":"post","link":"https:\/\/www.noticiasradioreflejos.com.ar\/2021\/semana-santa-2023-que-dia-es-feriado-cuando-hay-un-dia-no-laborable-y-como-se-cobran\/","title":{"rendered":"Semana Santa 2023: qu\u00e9 d\u00eda es feriado, cu\u00e1ndo hay un d\u00eda no laborable, y c\u00f3mo se cobran"},"content":{"rendered":"<p>Por el fin de semana largo miles de argentinos se preparan para descansar en destinos tur\u00edsticos del pa\u00eds.<!--more--><\/p>\n<div class=\"section-2-col article-main-image\">\n<div class=\"col 2-col\">\n<div class=\"article-main-media-image__container\">\n<div class=\"image-wrapper\">\n<figure>\n<figure class=\"object-fit-block--contain intrinsic-container intrinsic-container-3x2\"><img decoding=\"async\" class=\" \" src=\"https:\/\/images.pagina12.com.ar\/styles\/focal_3_2_960x640\/public\/2023-04\/713597-50178-468790-63403f5d3e20b-1200_0.jpg?h=b3660f0d&amp;itok=aQjXulVv\" alt=\"Del 2 al 9 de abril se conmemora Semana Santa. Foto: T\u00e9lam\" \/><\/figure><figcaption>Del 2 al 9 de abril se conmemora Semana Santa. Foto: T\u00e9lam<\/figcaption><\/figure>\n<\/div>\n<\/div>\n<\/div>\n<\/div>\n<div class=\"section-2-col article-main-content\">\n<div class=\"col 1-col\"><\/div>\n<div class=\"col 2-col\">\n<div class=\"article-main-content article-text \">\n<p>Por motivo de la\u00a0<b><a href=\"https:\/\/www.pagina12.com.ar\/531977-cuando-cae-semana-santa-2023-en-argentina-y-que-dias-son-fer\" target=\"_blank\" rel=\"noopener noreferrer\">Semana Santa<\/a><\/b>\u00a0este fin de semana largo y miles de argentinos se preparan para viajar a distintos destinos tur\u00edsticos del pa\u00eds. De acuerdo al calendario oficial de feriados, el\u00a0<b>Jueves Santo -6 de abril-<\/b>\u00a0es\u00a0<b>d\u00eda no laborable<\/b>, mientras que el\u00a0<b>Viernes Santo -7 de abril-<\/b>\u00a0es\u00a0<b>feriado<\/b>. De esta manera, en algunos casos, algunos podr\u00e1n disfrutar de un fin de semana extra largo, de cuatro d\u00edas.<\/p>\n<p>Seg\u00fan la\u00a0<b>Ley 20.744<\/b>\u00a0de Contrato de Trabajo, durante los\u00a0<b>feriados nacionales<\/b>\u00a0rigen las mismas normas que para el descanso dominical, por lo que el trabajo es<b>\u00a0una excepci\u00f3n a la que el trabajador no est\u00e1 obligado<\/b>. En caso que los empleados presten servicio esos d\u00edas,\u00a0<b>cobrar\u00e1n el doble de la remuneraci\u00f3n normal diaria<\/b>.<\/p>\n<p>En tanto, la adhesi\u00f3n a un\u00a0<b>d\u00eda no laborable\u00a0<\/b>est\u00e1 en manos de los empleadores, es decir que<b>\u00a0no es obligatorio asignarlo ni debe pagarse un extra por tener actividad ese d\u00eda<\/b>.<\/p>\n<p>De esta manera, solo los<b>\u00a0trabajadores de la administraci\u00f3n p\u00fablica\u00a0<\/b>o entidades bancarias podr\u00e1n disfrutar de\u00a0un\u00a0<b>fin de semana extra largo<\/b>\u00a0-desde el jueves hasta el domingo-,\u00a0<b>sin sufrir descuentos en su salario<\/b>. Para\u00a0<b>el sector privado<\/b>,\u00a0<b>el descanso del jueves es<\/b>\u00a0<b>opcional<\/b>. Los empleadores podr\u00e1n decidir\u00a0si ese d\u00eda se trabaja o no, y en caso de continuar con las actividades,\u00a0<b>los trabajadores\u00a0no cobrar\u00e1n un extra<\/b>.<\/p>\n<h2>D\u00eda por d\u00eda, qu\u00e9 se conmemora en Semana Santa<\/h2>\n<p>&nbsp;<\/p>\n<ul>\n<li><b>Domingo de Ramos<\/b>: da inicio a la Semana Santa. Se recuerda la entrada de Jes\u00fas a Jerusal\u00e9n: el pueblo le dio la bienvenida agitando ramos de olivo para saludar al hijo de Dios. Por este motivo los feligreses suelen llevar ramas de este \u00e1rbol a misa para que sean bendecidas.<\/li>\n<li><b>Lunes, Martes y Mi\u00e9rcoles Santo<\/b>: se conmemoran las buenas obras y milagros que Jes\u00fas realiz\u00f3.<\/li>\n<li><b>Jueves Santo<\/b>: se recuerda la \u00daltima Cena de Jes\u00fas con sus ap\u00f3stoles. All\u00ed el hijo de Dios bendijo el pan y el vino, y dijo a los all\u00ed presentes que por medio de esos alimentos recibir\u00edan su cuerpo y su sangre. Tambi\u00e9n se produjo el lavado de pies. Tras la cena fue a rezar al Huerto de Olivos y all\u00ed lo detuvieron.<\/li>\n<li><b>Viernes Santo<\/b>: crucifixi\u00f3n y muerte de Jes\u00fas.<\/li>\n<li><b>S\u00e1bado Santo<\/b>: el d\u00eda entre la muerte y la resurrecci\u00f3n de Jes\u00fas. Se dedica a la Virgen Mar\u00eda.<\/li>\n<li><b>Domingo de Pascua<\/b>: la resurrecci\u00f3n de Jes\u00fas.<\/li>\n<\/ul>\n<h2>Cu\u00e1ndo es el pr\u00f3ximo fin de semana largo de 2023<\/h2>\n<p>En mayo llegar\u00e1 el segundo finde extendido. Ir\u00e1 desde el<b>\u00a0jueves 25 al domingo 28 de mayo.<\/b>\u00a0Si bien el clima ya estar\u00e1 m\u00e1s fresco, tambi\u00e9n se podr\u00e1 aprovechar para hacer paseos y descansar. El tercero ser\u00e1 desde el\u00a0<b>s\u00e1bado 17 al martes 20 de junio<\/b>\u00a0y el cuarto ya ser\u00e1 en primavera, del<b>\u00a0viernes 13 al lunes 16 de octubre.<\/b><\/p>\n<h2>Feriados inamovibles 2023<\/h2>\n<p>El Decreto presidencial estableci\u00f3 las fechas ya conocidas de los<b>\u00a014 feriados inamovibles<\/b>:<\/p>\n<ul>\n<li><b>1\u00b0 de enero<\/b>\u00a0(A\u00f1o Nuevo)<\/li>\n<li><b>20 y 21 de febrero<\/b>\u00a0(Feriados de Carnaval)<\/li>\n<li><b>24 de marzo<\/b>\u00a0(D\u00eda Nacional de la Memoria por la Verdad y la Justicia)<\/li>\n<li><b>2 de abril<\/b>\u00a0(D\u00eda del Veterano y de los Ca\u00eddos en la Guerra de Malvinas)<\/li>\n<li><b>7 de abril<\/b>\u00a0(Viernes Santo)<\/li>\n<li><b>1\u00b0 de mayo<\/b>\u00a0(D\u00eda del Trabajador)<\/li>\n<li><b>25 de mayo<\/b>\u00a0(D\u00eda de la Revoluci\u00f3n de Mayo)<\/li>\n<li><b>17 de junio<\/b>\u00a0(Paso a la Inmortalidad del General Don Mart\u00edn Miguel de G\u00fcemes)<\/li>\n<li><b>20 de junio<\/b>\u00a0(Paso a la Inmortalidad del General Manuel Belgrano)<\/li>\n<li><b>9 de julio<\/b>\u00a0(D\u00eda de la Independencia)<\/li>\n<li><b>20 de noviembre<\/b>\u00a0(D\u00eda de la Soberan\u00eda Nacional)<\/li>\n<li><b>8 de diciembre<\/b>\u00a0(D\u00eda de la Inmaculada Concepci\u00f3n de Mar\u00eda)<\/li>\n<li><b>25 de diciembre<\/b>\u00a0(Navidad).<\/li>\n<\/ul>\n<\/div>\n<\/div>\n<\/div>\n<p>&nbsp;<\/p>\n<p><em><strong>Fuente P\u00e1gina 12<\/strong><\/em><\/p>\n","protected":false},"excerpt":{"rendered":"<p>Por el fin de semana largo miles de argentinos se preparan para descansar en destinos tur\u00edsticos del pa\u00eds.<\/p>\n","protected":false},"author":3,"featured_media":75404,"comment_status":"closed","ping_status":"closed","sticky":false,"template":"","format":"standard","meta":{"footnotes":""},"categories":[26,33],"tags":[48],"class_list":["post-86495","post","type-post","status-publish","format-standard","has-post-thumbnail","hentry","category-sociedad","category-turismo","tag-destacada"],"yoast_head":"<!-- This site is optimized with the Yoast SEO plugin v25.9 - https:\/\/yoast.com\/wordpress\/plugins\/seo\/ -->\n<title>Semana Santa 2023: qu\u00e9 d\u00eda es feriado, cu\u00e1ndo hay un d\u00eda no laborable, y c\u00f3mo se cobran - Noticias Radio Reflejos<\/title>\n<meta name=\"robots\" content=\"index, follow, max-snippet:-1, max-image-preview:large, max-video-preview:-1\" \/>\n<link rel=\"canonical\" href=\"https:\/\/www.noticiasradioreflejos.com.ar\/2021\/semana-santa-2023-que-dia-es-feriado-cuando-hay-un-dia-no-laborable-y-como-se-cobran\/\" \/>\n<meta property=\"og:locale\" content=\"es_ES\" \/>\n<meta property=\"og:type\" content=\"article\" \/>\n<meta property=\"og:title\" content=\"Semana Santa 2023: qu\u00e9 d\u00eda es feriado, cu\u00e1ndo hay un d\u00eda no laborable, y c\u00f3mo se cobran - Noticias Radio Reflejos\" \/>\n<meta property=\"og:description\" content=\"Por el fin de semana largo miles de argentinos se preparan para descansar en destinos tur\u00edsticos del pa\u00eds.\" \/>\n<meta property=\"og:url\" content=\"https:\/\/www.noticiasradioreflejos.com.ar\/2021\/semana-santa-2023-que-dia-es-feriado-cuando-hay-un-dia-no-laborable-y-como-se-cobran\/\" \/>\n<meta property=\"og:site_name\" content=\"Noticias Radio Reflejos\" \/>\n<meta property=\"article:published_time\" content=\"2023-04-05T19:14:54+00:00\" \/>\n<meta property=\"article:modified_time\" content=\"2023-04-05T19:18:29+00:00\" \/>\n<meta property=\"og:image\" content=\"https:\/\/www.noticiasradioreflejos.com.ar\/2021\/wp-content\/uploads\/2022\/07\/Turismo-Sierra.jpeg\" \/>\n\t<meta property=\"og:image:width\" content=\"522\" \/>\n\t<meta property=\"og:image:height\" content=\"422\" \/>\n\t<meta property=\"og:image:type\" content=\"image\/jpeg\" \/>\n<meta name=\"author\" content=\"Arnaldo Botto\" \/>\n<meta name=\"twitter:card\" content=\"summary_large_image\" \/>\n<script type=\"application\/ld+json\" class=\"yoast-schema-graph\">{\"@context\":\"https:\/\/schema.org\",\"@graph\":[{\"@type\":\"WebPage\",\"@id\":\"https:\/\/www.noticiasradioreflejos.com.ar\/2021\/semana-santa-2023-que-dia-es-feriado-cuando-hay-un-dia-no-laborable-y-como-se-cobran\/\",\"url\":\"https:\/\/www.noticiasradioreflejos.com.ar\/2021\/semana-santa-2023-que-dia-es-feriado-cuando-hay-un-dia-no-laborable-y-como-se-cobran\/\",\"name\":\"Semana Santa 2023: qu\u00e9 d\u00eda es feriado, cu\u00e1ndo hay un d\u00eda no laborable, y c\u00f3mo se cobran - Noticias Radio Reflejos\",\"isPartOf\":{\"@id\":\"https:\/\/www.noticiasradioreflejos.com.ar\/2021\/#website\"},\"primaryImageOfPage\":{\"@id\":\"https:\/\/www.noticiasradioreflejos.com.ar\/2021\/semana-santa-2023-que-dia-es-feriado-cuando-hay-un-dia-no-laborable-y-como-se-cobran\/#primaryimage\"},\"image\":{\"@id\":\"https:\/\/www.noticiasradioreflejos.com.ar\/2021\/semana-santa-2023-que-dia-es-feriado-cuando-hay-un-dia-no-laborable-y-como-se-cobran\/#primaryimage\"},\"thumbnailUrl\":\"https:\/\/www.noticiasradioreflejos.com.ar\/2021\/wp-content\/uploads\/2022\/07\/Turismo-Sierra.jpeg\",\"datePublished\":\"2023-04-05T19:14:54+00:00\",\"dateModified\":\"2023-04-05T19:18:29+00:00\",\"author\":{\"@id\":\"https:\/\/www.noticiasradioreflejos.com.ar\/2021\/#\/schema\/person\/ad82545263dcc5ec0996818884fd5fb1\"},\"breadcrumb\":{\"@id\":\"https:\/\/www.noticiasradioreflejos.com.ar\/2021\/semana-santa-2023-que-dia-es-feriado-cuando-hay-un-dia-no-laborable-y-como-se-cobran\/#breadcrumb\"},\"inLanguage\":\"es\",\"potentialAction\":[{\"@type\":\"ReadAction\",\"target\":[\"https:\/\/www.noticiasradioreflejos.com.ar\/2021\/semana-santa-2023-que-dia-es-feriado-cuando-hay-un-dia-no-laborable-y-como-se-cobran\/\"]}]},{\"@type\":\"ImageObject\",\"inLanguage\":\"es\",\"@id\":\"https:\/\/www.noticiasradioreflejos.com.ar\/2021\/semana-santa-2023-que-dia-es-feriado-cuando-hay-un-dia-no-laborable-y-como-se-cobran\/#primaryimage\",\"url\":\"https:\/\/www.noticiasradioreflejos.com.ar\/2021\/wp-content\/uploads\/2022\/07\/Turismo-Sierra.jpeg\",\"contentUrl\":\"https:\/\/www.noticiasradioreflejos.com.ar\/2021\/wp-content\/uploads\/2022\/07\/Turismo-Sierra.jpeg\",\"width\":522,\"height\":422},{\"@type\":\"BreadcrumbList\",\"@id\":\"https:\/\/www.noticiasradioreflejos.com.ar\/2021\/semana-santa-2023-que-dia-es-feriado-cuando-hay-un-dia-no-laborable-y-como-se-cobran\/#breadcrumb\",\"itemListElement\":[{\"@type\":\"ListItem\",\"position\":1,\"name\":\"Portada\",\"item\":\"https:\/\/www.noticiasradioreflejos.com.ar\/2021\/\"},{\"@type\":\"ListItem\",\"position\":2,\"name\":\"Semana Santa 2023: qu\u00e9 d\u00eda es feriado, cu\u00e1ndo hay un d\u00eda no laborable, y c\u00f3mo se cobran\"}]},{\"@type\":\"WebSite\",\"@id\":\"https:\/\/www.noticiasradioreflejos.com.ar\/2021\/#website\",\"url\":\"https:\/\/www.noticiasradioreflejos.com.ar\/2021\/\",\"name\":\"Noticias Radio Reflejos\",\"description\":\"Las noticias de mi comarca\",\"potentialAction\":[{\"@type\":\"SearchAction\",\"target\":{\"@type\":\"EntryPoint\",\"urlTemplate\":\"https:\/\/www.noticiasradioreflejos.com.ar\/2021\/?s={search_term_string}\"},\"query-input\":{\"@type\":\"PropertyValueSpecification\",\"valueRequired\":true,\"valueName\":\"search_term_string\"}}],\"inLanguage\":\"es\"},{\"@type\":\"Person\",\"@id\":\"https:\/\/www.noticiasradioreflejos.com.ar\/2021\/#\/schema\/person\/ad82545263dcc5ec0996818884fd5fb1\",\"name\":\"Arnaldo Botto\",\"image\":{\"@type\":\"ImageObject\",\"inLanguage\":\"es\",\"@id\":\"https:\/\/www.noticiasradioreflejos.com.ar\/2021\/#\/schema\/person\/image\/\",\"url\":\"https:\/\/secure.gravatar.com\/avatar\/55cb5e37c1efa326397366e6974cb338056df65cb50e7d64d1cf314e87504837?s=96&d=mm&r=g\",\"contentUrl\":\"https:\/\/secure.gravatar.com\/avatar\/55cb5e37c1efa326397366e6974cb338056df65cb50e7d64d1cf314e87504837?s=96&d=mm&r=g\",\"caption\":\"Arnaldo Botto\"},\"url\":\"https:\/\/www.noticiasradioreflejos.com.ar\/2021\/author\/arnaldo\/\"}]}<\/script>\n<!-- \/ Yoast SEO plugin. -->","yoast_head_json":{"title":"Semana Santa 2023: qu\u00e9 d\u00eda es feriado, cu\u00e1ndo hay un d\u00eda no laborable, y c\u00f3mo se cobran - Noticias Radio Reflejos","robots":{"index":"index","follow":"follow","max-snippet":"max-snippet:-1","max-image-preview":"max-image-preview:large","max-video-preview":"max-video-preview:-1"},"canonical":"https:\/\/www.noticiasradioreflejos.com.ar\/2021\/semana-santa-2023-que-dia-es-feriado-cuando-hay-un-dia-no-laborable-y-como-se-cobran\/","og_locale":"es_ES","og_type":"article","og_title":"Semana Santa 2023: qu\u00e9 d\u00eda es feriado, cu\u00e1ndo hay un d\u00eda no laborable, y c\u00f3mo se cobran - Noticias Radio Reflejos","og_description":"Por el fin de semana largo miles de argentinos se preparan para descansar en destinos tur\u00edsticos del pa\u00eds.","og_url":"https:\/\/www.noticiasradioreflejos.com.ar\/2021\/semana-santa-2023-que-dia-es-feriado-cuando-hay-un-dia-no-laborable-y-como-se-cobran\/","og_site_name":"Noticias Radio Reflejos","article_published_time":"2023-04-05T19:14:54+00:00","article_modified_time":"2023-04-05T19:18:29+00:00","og_image":[{"width":522,"height":422,"url":"https:\/\/www.noticiasradioreflejos.com.ar\/2021\/wp-content\/uploads\/2022\/07\/Turismo-Sierra.jpeg","type":"image\/jpeg"}],"author":"Arnaldo Botto","twitter_card":"summary_large_image","schema":{"@context":"https:\/\/schema.org","@graph":[{"@type":"WebPage","@id":"https:\/\/www.noticiasradioreflejos.com.ar\/2021\/semana-santa-2023-que-dia-es-feriado-cuando-hay-un-dia-no-laborable-y-como-se-cobran\/","url":"https:\/\/www.noticiasradioreflejos.com.ar\/2021\/semana-santa-2023-que-dia-es-feriado-cuando-hay-un-dia-no-laborable-y-como-se-cobran\/","name":"Semana Santa 2023: qu\u00e9 d\u00eda es feriado, cu\u00e1ndo hay un d\u00eda no laborable, y c\u00f3mo se cobran - Noticias Radio Reflejos","isPartOf":{"@id":"https:\/\/www.noticiasradioreflejos.com.ar\/2021\/#website"},"primaryImageOfPage":{"@id":"https:\/\/www.noticiasradioreflejos.com.ar\/2021\/semana-santa-2023-que-dia-es-feriado-cuando-hay-un-dia-no-laborable-y-como-se-cobran\/#primaryimage"},"image":{"@id":"https:\/\/www.noticiasradioreflejos.com.ar\/2021\/semana-santa-2023-que-dia-es-feriado-cuando-hay-un-dia-no-laborable-y-como-se-cobran\/#primaryimage"},"thumbnailUrl":"https:\/\/www.noticiasradioreflejos.com.ar\/2021\/wp-content\/uploads\/2022\/07\/Turismo-Sierra.jpeg","datePublished":"2023-04-05T19:14:54+00:00","dateModified":"2023-04-05T19:18:29+00:00","author":{"@id":"https:\/\/www.noticiasradioreflejos.com.ar\/2021\/#\/schema\/person\/ad82545263dcc5ec0996818884fd5fb1"},"breadcrumb":{"@id":"https:\/\/www.noticiasradioreflejos.com.ar\/2021\/semana-santa-2023-que-dia-es-feriado-cuando-hay-un-dia-no-laborable-y-como-se-cobran\/#breadcrumb"},"inLanguage":"es","potentialAction":[{"@type":"ReadAction","target":["https:\/\/www.noticiasradioreflejos.com.ar\/2021\/semana-santa-2023-que-dia-es-feriado-cuando-hay-un-dia-no-laborable-y-como-se-cobran\/"]}]},{"@type":"ImageObject","inLanguage":"es","@id":"https:\/\/www.noticiasradioreflejos.com.ar\/2021\/semana-santa-2023-que-dia-es-feriado-cuando-hay-un-dia-no-laborable-y-como-se-cobran\/#primaryimage","url":"https:\/\/www.noticiasradioreflejos.com.ar\/2021\/wp-content\/uploads\/2022\/07\/Turismo-Sierra.jpeg","contentUrl":"https:\/\/www.noticiasradioreflejos.com.ar\/2021\/wp-content\/uploads\/2022\/07\/Turismo-Sierra.jpeg","width":522,"height":422},{"@type":"BreadcrumbList","@id":"https:\/\/www.noticiasradioreflejos.com.ar\/2021\/semana-santa-2023-que-dia-es-feriado-cuando-hay-un-dia-no-laborable-y-como-se-cobran\/#breadcrumb","itemListElement":[{"@type":"ListItem","position":1,"name":"Portada","item":"https:\/\/www.noticiasradioreflejos.com.ar\/2021\/"},{"@type":"ListItem","position":2,"name":"Semana Santa 2023: qu\u00e9 d\u00eda es feriado, cu\u00e1ndo hay un d\u00eda no laborable, y c\u00f3mo se cobran"}]},{"@type":"WebSite","@id":"https:\/\/www.noticiasradioreflejos.com.ar\/2021\/#website","url":"https:\/\/www.noticiasradioreflejos.com.ar\/2021\/","name":"Noticias Radio Reflejos","description":"Las noticias de mi comarca","potentialAction":[{"@type":"SearchAction","target":{"@type":"EntryPoint","urlTemplate":"https:\/\/www.noticiasradioreflejos.com.ar\/2021\/?s={search_term_string}"},"query-input":{"@type":"PropertyValueSpecification","valueRequired":true,"valueName":"search_term_string"}}],"inLanguage":"es"},{"@type":"Person","@id":"https:\/\/www.noticiasradioreflejos.com.ar\/2021\/#\/schema\/person\/ad82545263dcc5ec0996818884fd5fb1","name":"Arnaldo Botto","image":{"@type":"ImageObject","inLanguage":"es","@id":"https:\/\/www.noticiasradioreflejos.com.ar\/2021\/#\/schema\/person\/image\/","url":"https:\/\/secure.gravatar.com\/avatar\/55cb5e37c1efa326397366e6974cb338056df65cb50e7d64d1cf314e87504837?s=96&d=mm&r=g","contentUrl":"https:\/\/secure.gravatar.com\/avatar\/55cb5e37c1efa326397366e6974cb338056df65cb50e7d64d1cf314e87504837?s=96&d=mm&r=g","caption":"Arnaldo Botto"},"url":"https:\/\/www.noticiasradioreflejos.com.ar\/2021\/author\/arnaldo\/"}]}},"_links":{"self":[{"href":"https:\/\/www.noticiasradioreflejos.com.ar\/2021\/wp-json\/wp\/v2\/posts\/86495","targetHints":{"allow":["GET"]}}],"collection":[{"href":"https:\/\/www.noticiasradioreflejos.com.ar\/2021\/wp-json\/wp\/v2\/posts"}],"about":[{"href":"https:\/\/www.noticiasradioreflejos.com.ar\/2021\/wp-json\/wp\/v2\/types\/post"}],"author":[{"embeddable":true,"href":"https:\/\/www.noticiasradioreflejos.com.ar\/2021\/wp-json\/wp\/v2\/users\/3"}],"replies":[{"embeddable":true,"href":"https:\/\/www.noticiasradioreflejos.com.ar\/2021\/wp-json\/wp\/v2\/comments?post=86495"}],"version-history":[{"count":2,"href":"https:\/\/www.noticiasradioreflejos.com.ar\/2021\/wp-json\/wp\/v2\/posts\/86495\/revisions"}],"predecessor-version":[{"id":86497,"href":"https:\/\/www.noticiasradioreflejos.com.ar\/2021\/wp-json\/wp\/v2\/posts\/86495\/revisions\/86497"}],"wp:featuredmedia":[{"embeddable":true,"href":"https:\/\/www.noticiasradioreflejos.com.ar\/2021\/wp-json\/wp\/v2\/media\/75404"}],"wp:attachment":[{"href":"https:\/\/www.noticiasradioreflejos.com.ar\/2021\/wp-json\/wp\/v2\/media?parent=86495"}],"wp:term":[{"taxonomy":"category","embeddable":true,"href":"https:\/\/www.noticiasradioreflejos.com.ar\/2021\/wp-json\/wp\/v2\/categories?post=86495"},{"taxonomy":"post_tag","embeddable":true,"href":"https:\/\/www.noticiasradioreflejos.com.ar\/2021\/wp-json\/wp\/v2\/tags?post=86495"}],"curies":[{"name":"wp","href":"https:\/\/api.w.org\/{rel}","templated":true}]}}