{"id":86385,"date":"2023-04-03T17:38:05","date_gmt":"2023-04-03T17:38:05","guid":{"rendered":"https:\/\/www.noticiasradioreflejos.com.ar\/2021\/?p=86385"},"modified":"2023-04-03T17:38:05","modified_gmt":"2023-04-03T17:38:05","slug":"pigue-detuvieron-a-un-hombre-acusado-de-abusar-de-su-sobrina-y-se-nego-a-declarar","status":"publish","type":"post","link":"https:\/\/www.noticiasradioreflejos.com.ar\/2021\/pigue-detuvieron-a-un-hombre-acusado-de-abusar-de-su-sobrina-y-se-nego-a-declarar\/","title":{"rendered":"Pig\u00fc\u00e9: Detuvieron a un hombre acusado de abusar de su sobrina y se neg\u00f3 a declarar"},"content":{"rendered":"<p>A pedido de la fiscal Agustina Olgu\u00edn, titular de la UFIJ N.\u00ba 3, el Juzgado de Garant\u00edas N\u00b03 orden\u00f3 la detenci\u00f3n de un hombre acusado de haber abusado de su sobrina menor de edad en esa localidad.<!--more--><\/p>\n<p>Seg\u00fan la causa, los hechos se produjeron entre el 12 de octubre del 2011 y el 1 de enero de 2013 cuando el hombre habr\u00eda aprovechado diversas oportunidades para quitarle la ropa a la ni\u00f1a, quien ten\u00eda entre 10 y 11 a\u00f1os de edad, y llevar a cabo distintas acciones abusivas en perjuicio de ella.<\/p>\n<p>La propia v\u00edctima, ya mayor de edad, pudo realizar la denuncia en el a\u00f1o 2022 en la Comisar\u00eda de la Mujer y la Familia de Bah\u00eda Blanca.<\/p>\n<p>El acusado fue indagado, por consejo de su abogado se neg\u00f3 a hacer uso de ese derecho y se le imput\u00f3 el delito de abuso sexual gravemente ultrajante y reiterado.<\/p>\n<p>Compartir:<\/p>\n","protected":false},"excerpt":{"rendered":"<p>A pedido de la fiscal Agustina Olgu\u00edn, titular de la UFIJ N.\u00ba 3, el Juzgado de Garant\u00edas N\u00b03 orden\u00f3 la detenci\u00f3n de un hombre acusado de haber abusado de su sobrina menor de edad en esa localidad.<\/p>\n","protected":false},"author":3,"featured_media":0,"comment_status":"closed","ping_status":"closed","sticky":false,"template":"","format":"standard","meta":{"footnotes":""},"categories":[57,29],"tags":[],"class_list":["post-86385","post","type-post","status-publish","format-standard","hentry","category-judiciales","category-policiales"],"yoast_head":"<!-- This site is optimized with the Yoast SEO plugin v25.9 - https:\/\/yoast.com\/wordpress\/plugins\/seo\/ -->\n<title>Pig\u00fc\u00e9: Detuvieron a un hombre acusado de abusar de su sobrina y se neg\u00f3 a declarar - Noticias Radio Reflejos<\/title>\n<meta name=\"robots\" content=\"index, follow, max-snippet:-1, max-image-preview:large, max-video-preview:-1\" \/>\n<link rel=\"canonical\" href=\"https:\/\/www.noticiasradioreflejos.com.ar\/2021\/pigue-detuvieron-a-un-hombre-acusado-de-abusar-de-su-sobrina-y-se-nego-a-declarar\/\" \/>\n<meta property=\"og:locale\" content=\"es_ES\" \/>\n<meta property=\"og:type\" content=\"article\" \/>\n<meta property=\"og:title\" content=\"Pig\u00fc\u00e9: Detuvieron a un hombre acusado de abusar de su sobrina y se neg\u00f3 a declarar - Noticias Radio Reflejos\" \/>\n<meta property=\"og:description\" content=\"A pedido de la fiscal Agustina Olgu\u00edn, titular de la UFIJ N.\u00ba 3, el Juzgado de Garant\u00edas N\u00b03 orden\u00f3 la detenci\u00f3n de un hombre acusado de haber abusado de su sobrina menor de edad en esa localidad.\" \/>\n<meta property=\"og:url\" content=\"https:\/\/www.noticiasradioreflejos.com.ar\/2021\/pigue-detuvieron-a-un-hombre-acusado-de-abusar-de-su-sobrina-y-se-nego-a-declarar\/\" \/>\n<meta property=\"og:site_name\" content=\"Noticias Radio Reflejos\" \/>\n<meta property=\"article:published_time\" content=\"2023-04-03T17:38:05+00:00\" \/>\n<meta property=\"og:image\" content=\"https:\/\/www.noticiasradioreflejos.com.ar\/2021\/wp-content\/uploads\/2021\/07\/logosol300x200.png\" \/>\n\t<meta property=\"og:image:width\" content=\"300\" \/>\n\t<meta property=\"og:image:height\" content=\"200\" \/>\n\t<meta property=\"og:image:type\" content=\"image\/png\" \/>\n<meta name=\"author\" content=\"Arnaldo Botto\" \/>\n<meta name=\"twitter:card\" content=\"summary_large_image\" \/>\n<script type=\"application\/ld+json\" class=\"yoast-schema-graph\">{\"@context\":\"https:\/\/schema.org\",\"@graph\":[{\"@type\":\"WebPage\",\"@id\":\"https:\/\/www.noticiasradioreflejos.com.ar\/2021\/pigue-detuvieron-a-un-hombre-acusado-de-abusar-de-su-sobrina-y-se-nego-a-declarar\/\",\"url\":\"https:\/\/www.noticiasradioreflejos.com.ar\/2021\/pigue-detuvieron-a-un-hombre-acusado-de-abusar-de-su-sobrina-y-se-nego-a-declarar\/\",\"name\":\"Pig\u00fc\u00e9: Detuvieron a un hombre acusado de abusar de su sobrina y se neg\u00f3 a declarar - Noticias Radio Reflejos\",\"isPartOf\":{\"@id\":\"https:\/\/www.noticiasradioreflejos.com.ar\/2021\/#website\"},\"datePublished\":\"2023-04-03T17:38:05+00:00\",\"author\":{\"@id\":\"https:\/\/www.noticiasradioreflejos.com.ar\/2021\/#\/schema\/person\/ad82545263dcc5ec0996818884fd5fb1\"},\"breadcrumb\":{\"@id\":\"https:\/\/www.noticiasradioreflejos.com.ar\/2021\/pigue-detuvieron-a-un-hombre-acusado-de-abusar-de-su-sobrina-y-se-nego-a-declarar\/#breadcrumb\"},\"inLanguage\":\"es\",\"potentialAction\":[{\"@type\":\"ReadAction\",\"target\":[\"https:\/\/www.noticiasradioreflejos.com.ar\/2021\/pigue-detuvieron-a-un-hombre-acusado-de-abusar-de-su-sobrina-y-se-nego-a-declarar\/\"]}]},{\"@type\":\"BreadcrumbList\",\"@id\":\"https:\/\/www.noticiasradioreflejos.com.ar\/2021\/pigue-detuvieron-a-un-hombre-acusado-de-abusar-de-su-sobrina-y-se-nego-a-declarar\/#breadcrumb\",\"itemListElement\":[{\"@type\":\"ListItem\",\"position\":1,\"name\":\"Portada\",\"item\":\"https:\/\/www.noticiasradioreflejos.com.ar\/2021\/\"},{\"@type\":\"ListItem\",\"position\":2,\"name\":\"Pig\u00fc\u00e9: Detuvieron a un hombre acusado de abusar de su sobrina y se neg\u00f3 a declarar\"}]},{\"@type\":\"WebSite\",\"@id\":\"https:\/\/www.noticiasradioreflejos.com.ar\/2021\/#website\",\"url\":\"https:\/\/www.noticiasradioreflejos.com.ar\/2021\/\",\"name\":\"Noticias Radio Reflejos\",\"description\":\"Las noticias de mi comarca\",\"potentialAction\":[{\"@type\":\"SearchAction\",\"target\":{\"@type\":\"EntryPoint\",\"urlTemplate\":\"https:\/\/www.noticiasradioreflejos.com.ar\/2021\/?s={search_term_string}\"},\"query-input\":{\"@type\":\"PropertyValueSpecification\",\"valueRequired\":true,\"valueName\":\"search_term_string\"}}],\"inLanguage\":\"es\"},{\"@type\":\"Person\",\"@id\":\"https:\/\/www.noticiasradioreflejos.com.ar\/2021\/#\/schema\/person\/ad82545263dcc5ec0996818884fd5fb1\",\"name\":\"Arnaldo Botto\",\"image\":{\"@type\":\"ImageObject\",\"inLanguage\":\"es\",\"@id\":\"https:\/\/www.noticiasradioreflejos.com.ar\/2021\/#\/schema\/person\/image\/\",\"url\":\"https:\/\/secure.gravatar.com\/avatar\/55cb5e37c1efa326397366e6974cb338056df65cb50e7d64d1cf314e87504837?s=96&d=mm&r=g\",\"contentUrl\":\"https:\/\/secure.gravatar.com\/avatar\/55cb5e37c1efa326397366e6974cb338056df65cb50e7d64d1cf314e87504837?s=96&d=mm&r=g\",\"caption\":\"Arnaldo Botto\"},\"url\":\"https:\/\/www.noticiasradioreflejos.com.ar\/2021\/author\/arnaldo\/\"}]}<\/script>\n<!-- \/ Yoast SEO plugin. -->","yoast_head_json":{"title":"Pig\u00fc\u00e9: Detuvieron a un hombre acusado de abusar de su sobrina y se neg\u00f3 a declarar - Noticias Radio Reflejos","robots":{"index":"index","follow":"follow","max-snippet":"max-snippet:-1","max-image-preview":"max-image-preview:large","max-video-preview":"max-video-preview:-1"},"canonical":"https:\/\/www.noticiasradioreflejos.com.ar\/2021\/pigue-detuvieron-a-un-hombre-acusado-de-abusar-de-su-sobrina-y-se-nego-a-declarar\/","og_locale":"es_ES","og_type":"article","og_title":"Pig\u00fc\u00e9: Detuvieron a un hombre acusado de abusar de su sobrina y se neg\u00f3 a declarar - Noticias Radio Reflejos","og_description":"A pedido de la fiscal Agustina Olgu\u00edn, titular de la UFIJ N.\u00ba 3, el Juzgado de Garant\u00edas N\u00b03 orden\u00f3 la detenci\u00f3n de un hombre acusado de haber abusado de su sobrina menor de edad en esa localidad.","og_url":"https:\/\/www.noticiasradioreflejos.com.ar\/2021\/pigue-detuvieron-a-un-hombre-acusado-de-abusar-de-su-sobrina-y-se-nego-a-declarar\/","og_site_name":"Noticias Radio Reflejos","article_published_time":"2023-04-03T17:38:05+00:00","og_image":[{"width":300,"height":200,"url":"https:\/\/www.noticiasradioreflejos.com.ar\/2021\/wp-content\/uploads\/2021\/07\/logosol300x200.png","type":"image\/png"}],"author":"Arnaldo Botto","twitter_card":"summary_large_image","schema":{"@context":"https:\/\/schema.org","@graph":[{"@type":"WebPage","@id":"https:\/\/www.noticiasradioreflejos.com.ar\/2021\/pigue-detuvieron-a-un-hombre-acusado-de-abusar-de-su-sobrina-y-se-nego-a-declarar\/","url":"https:\/\/www.noticiasradioreflejos.com.ar\/2021\/pigue-detuvieron-a-un-hombre-acusado-de-abusar-de-su-sobrina-y-se-nego-a-declarar\/","name":"Pig\u00fc\u00e9: Detuvieron a un hombre acusado de abusar de su sobrina y se neg\u00f3 a declarar - Noticias Radio Reflejos","isPartOf":{"@id":"https:\/\/www.noticiasradioreflejos.com.ar\/2021\/#website"},"datePublished":"2023-04-03T17:38:05+00:00","author":{"@id":"https:\/\/www.noticiasradioreflejos.com.ar\/2021\/#\/schema\/person\/ad82545263dcc5ec0996818884fd5fb1"},"breadcrumb":{"@id":"https:\/\/www.noticiasradioreflejos.com.ar\/2021\/pigue-detuvieron-a-un-hombre-acusado-de-abusar-de-su-sobrina-y-se-nego-a-declarar\/#breadcrumb"},"inLanguage":"es","potentialAction":[{"@type":"ReadAction","target":["https:\/\/www.noticiasradioreflejos.com.ar\/2021\/pigue-detuvieron-a-un-hombre-acusado-de-abusar-de-su-sobrina-y-se-nego-a-declarar\/"]}]},{"@type":"BreadcrumbList","@id":"https:\/\/www.noticiasradioreflejos.com.ar\/2021\/pigue-detuvieron-a-un-hombre-acusado-de-abusar-de-su-sobrina-y-se-nego-a-declarar\/#breadcrumb","itemListElement":[{"@type":"ListItem","position":1,"name":"Portada","item":"https:\/\/www.noticiasradioreflejos.com.ar\/2021\/"},{"@type":"ListItem","position":2,"name":"Pig\u00fc\u00e9: Detuvieron a un hombre acusado de abusar de su sobrina y se neg\u00f3 a declarar"}]},{"@type":"WebSite","@id":"https:\/\/www.noticiasradioreflejos.com.ar\/2021\/#website","url":"https:\/\/www.noticiasradioreflejos.com.ar\/2021\/","name":"Noticias Radio Reflejos","description":"Las noticias de mi comarca","potentialAction":[{"@type":"SearchAction","target":{"@type":"EntryPoint","urlTemplate":"https:\/\/www.noticiasradioreflejos.com.ar\/2021\/?s={search_term_string}"},"query-input":{"@type":"PropertyValueSpecification","valueRequired":true,"valueName":"search_term_string"}}],"inLanguage":"es"},{"@type":"Person","@id":"https:\/\/www.noticiasradioreflejos.com.ar\/2021\/#\/schema\/person\/ad82545263dcc5ec0996818884fd5fb1","name":"Arnaldo Botto","image":{"@type":"ImageObject","inLanguage":"es","@id":"https:\/\/www.noticiasradioreflejos.com.ar\/2021\/#\/schema\/person\/image\/","url":"https:\/\/secure.gravatar.com\/avatar\/55cb5e37c1efa326397366e6974cb338056df65cb50e7d64d1cf314e87504837?s=96&d=mm&r=g","contentUrl":"https:\/\/secure.gravatar.com\/avatar\/55cb5e37c1efa326397366e6974cb338056df65cb50e7d64d1cf314e87504837?s=96&d=mm&r=g","caption":"Arnaldo Botto"},"url":"https:\/\/www.noticiasradioreflejos.com.ar\/2021\/author\/arnaldo\/"}]}},"_links":{"self":[{"href":"https:\/\/www.noticiasradioreflejos.com.ar\/2021\/wp-json\/wp\/v2\/posts\/86385","targetHints":{"allow":["GET"]}}],"collection":[{"href":"https:\/\/www.noticiasradioreflejos.com.ar\/2021\/wp-json\/wp\/v2\/posts"}],"about":[{"href":"https:\/\/www.noticiasradioreflejos.com.ar\/2021\/wp-json\/wp\/v2\/types\/post"}],"author":[{"embeddable":true,"href":"https:\/\/www.noticiasradioreflejos.com.ar\/2021\/wp-json\/wp\/v2\/users\/3"}],"replies":[{"embeddable":true,"href":"https:\/\/www.noticiasradioreflejos.com.ar\/2021\/wp-json\/wp\/v2\/comments?post=86385"}],"version-history":[{"count":1,"href":"https:\/\/www.noticiasradioreflejos.com.ar\/2021\/wp-json\/wp\/v2\/posts\/86385\/revisions"}],"predecessor-version":[{"id":86387,"href":"https:\/\/www.noticiasradioreflejos.com.ar\/2021\/wp-json\/wp\/v2\/posts\/86385\/revisions\/86387"}],"wp:attachment":[{"href":"https:\/\/www.noticiasradioreflejos.com.ar\/2021\/wp-json\/wp\/v2\/media?parent=86385"}],"wp:term":[{"taxonomy":"category","embeddable":true,"href":"https:\/\/www.noticiasradioreflejos.com.ar\/2021\/wp-json\/wp\/v2\/categories?post=86385"},{"taxonomy":"post_tag","embeddable":true,"href":"https:\/\/www.noticiasradioreflejos.com.ar\/2021\/wp-json\/wp\/v2\/tags?post=86385"}],"curies":[{"name":"wp","href":"https:\/\/api.w.org\/{rel}","templated":true}]}}