{"id":86372,"date":"2023-04-03T17:09:03","date_gmt":"2023-04-03T17:09:03","guid":{"rendered":"https:\/\/www.noticiasradioreflejos.com.ar\/2021\/?p=86372"},"modified":"2023-04-03T17:09:03","modified_gmt":"2023-04-03T17:09:03","slug":"comunicado-de-la-comision-asesora-vial-municipal-a-la-comunidad","status":"publish","type":"post","link":"https:\/\/www.noticiasradioreflejos.com.ar\/2021\/comunicado-de-la-comision-asesora-vial-municipal-a-la-comunidad\/","title":{"rendered":"Comunicado de la Comisi\u00f3n Asesora Vial Municipal a la comunidad."},"content":{"rendered":"<p>La Comisi\u00f3n Asesora Vial Municipal tiene a su cargo el mantenimiento y conservaci\u00f3n de 1320km de red vial; para ello tiene afectadas cuatro motoniveladoras, a saber:<!--more--><\/p>\n<p>Caterpillar 12M (5.393 hs &#8211; modelo 2017)<br \/>\nCaterpillar 12M (7.483 hs &#8211; modelo 2017)<br \/>\nVolvo G930 (13.610 hs &#8211; modelo 2010)<br \/>\nChampion 720A (aproximadamente 30.000 hs &#8211; modelo 1999)<\/p>\n<p>El objetivo planteado de esta Comisi\u00f3n a fin de prestar un servicio aceptable es intervenir 2 veces al a\u00f1o la red provincial no pavimentada y la red municipal primaria (aprox. 500km), y 1 vez al a\u00f1o las redes municipales secundaria y terciaria; para ello es necesario contar como m\u00ednimo con 7 motoniveladoras que se encuentren dentro de su per\u00edodo de vida \u00fatil (hasta 10.000hs) y que el clima se manifieste de forma regular al promedio hist\u00f3rico.<\/p>\n<p>Es evidente que la cantidad de m\u00e1quinas es insuficiente, y, adem\u00e1s, el 50% de ellas han superado la cantidad estimada de horas de vida \u00fatil.<\/p>\n<p>Para clarificar esta situaci\u00f3n se indican algunas situaciones sucedidas durante el corriente a\u00f1o:<\/p>\n<p>Volvo G930: Fuera de servicio por roturas desde el d\u00eda 25 de enero hasta el 23 de marzo, totalizando 57 d\u00edas de los 89 transcurridos.<\/p>\n<p>Champion 720A: Fuera de servicio por roturas desde el d\u00eda 16 de enero hasta el 28 de marzo, totalizando 71 d\u00edas de los 89 transcurridos.<\/p>\n<p>A fin de dar soluci\u00f3n a la situaci\u00f3n actual, es que la Comisi\u00f3n Asesora Vial Municipal, ha decidido iniciar el proceso administrativo necesario (octubre 2022), actualmente en curso, para adquirir dos motoniveladoras nuevas a trav\u00e9s de un cr\u00e9dito del Banco de la Provincia de Buenos Aires (para los Municipios), ofrecido gentilmente y cedido por Nuestro Municipio. <\/p>\n<p>Esta Comisi\u00f3n conoce la problem\u00e1tica actual y sabe que el servicio ha sido deficiente, y por lo que se est\u00e1 realizando todo lo que tiene al alcance para lograr la tan ansiada inversi\u00f3n a fin de lograr cumplir los objetivos planteados.<\/p>\n","protected":false},"excerpt":{"rendered":"<p>La Comisi\u00f3n Asesora Vial Municipal tiene a su cargo el mantenimiento y conservaci\u00f3n de 1320km de red vial; para ello tiene afectadas cuatro motoniveladoras, a saber:<\/p>\n","protected":false},"author":3,"featured_media":0,"comment_status":"closed","ping_status":"closed","sticky":false,"template":"","format":"standard","meta":{"footnotes":""},"categories":[28],"tags":[],"class_list":["post-86372","post","type-post","status-publish","format-standard","hentry","category-municipales"],"yoast_head":"<!-- This site is optimized with the Yoast SEO plugin v25.9 - https:\/\/yoast.com\/wordpress\/plugins\/seo\/ -->\n<title>Comunicado de la Comisi\u00f3n Asesora Vial Municipal a la comunidad. - Noticias Radio Reflejos<\/title>\n<meta name=\"robots\" content=\"index, follow, max-snippet:-1, max-image-preview:large, max-video-preview:-1\" \/>\n<link rel=\"canonical\" href=\"https:\/\/www.noticiasradioreflejos.com.ar\/2021\/comunicado-de-la-comision-asesora-vial-municipal-a-la-comunidad\/\" \/>\n<meta property=\"og:locale\" content=\"es_ES\" \/>\n<meta property=\"og:type\" content=\"article\" \/>\n<meta property=\"og:title\" content=\"Comunicado de la Comisi\u00f3n Asesora Vial Municipal a la comunidad. - Noticias Radio Reflejos\" \/>\n<meta property=\"og:description\" content=\"La Comisi\u00f3n Asesora Vial Municipal tiene a su cargo el mantenimiento y conservaci\u00f3n de 1320km de red vial; para ello tiene afectadas cuatro motoniveladoras, a saber:\" \/>\n<meta property=\"og:url\" content=\"https:\/\/www.noticiasradioreflejos.com.ar\/2021\/comunicado-de-la-comision-asesora-vial-municipal-a-la-comunidad\/\" \/>\n<meta property=\"og:site_name\" content=\"Noticias Radio Reflejos\" \/>\n<meta property=\"article:published_time\" content=\"2023-04-03T17:09:03+00:00\" \/>\n<meta property=\"og:image\" content=\"https:\/\/www.noticiasradioreflejos.com.ar\/2021\/wp-content\/uploads\/2021\/07\/logosol300x200.png\" \/>\n\t<meta property=\"og:image:width\" content=\"300\" \/>\n\t<meta property=\"og:image:height\" content=\"200\" \/>\n\t<meta property=\"og:image:type\" content=\"image\/png\" \/>\n<meta name=\"author\" content=\"Arnaldo Botto\" \/>\n<meta name=\"twitter:card\" content=\"summary_large_image\" \/>\n<script type=\"application\/ld+json\" class=\"yoast-schema-graph\">{\"@context\":\"https:\/\/schema.org\",\"@graph\":[{\"@type\":\"WebPage\",\"@id\":\"https:\/\/www.noticiasradioreflejos.com.ar\/2021\/comunicado-de-la-comision-asesora-vial-municipal-a-la-comunidad\/\",\"url\":\"https:\/\/www.noticiasradioreflejos.com.ar\/2021\/comunicado-de-la-comision-asesora-vial-municipal-a-la-comunidad\/\",\"name\":\"Comunicado de la Comisi\u00f3n Asesora Vial Municipal a la comunidad. - Noticias Radio Reflejos\",\"isPartOf\":{\"@id\":\"https:\/\/www.noticiasradioreflejos.com.ar\/2021\/#website\"},\"datePublished\":\"2023-04-03T17:09:03+00:00\",\"author\":{\"@id\":\"https:\/\/www.noticiasradioreflejos.com.ar\/2021\/#\/schema\/person\/ad82545263dcc5ec0996818884fd5fb1\"},\"breadcrumb\":{\"@id\":\"https:\/\/www.noticiasradioreflejos.com.ar\/2021\/comunicado-de-la-comision-asesora-vial-municipal-a-la-comunidad\/#breadcrumb\"},\"inLanguage\":\"es\",\"potentialAction\":[{\"@type\":\"ReadAction\",\"target\":[\"https:\/\/www.noticiasradioreflejos.com.ar\/2021\/comunicado-de-la-comision-asesora-vial-municipal-a-la-comunidad\/\"]}]},{\"@type\":\"BreadcrumbList\",\"@id\":\"https:\/\/www.noticiasradioreflejos.com.ar\/2021\/comunicado-de-la-comision-asesora-vial-municipal-a-la-comunidad\/#breadcrumb\",\"itemListElement\":[{\"@type\":\"ListItem\",\"position\":1,\"name\":\"Portada\",\"item\":\"https:\/\/www.noticiasradioreflejos.com.ar\/2021\/\"},{\"@type\":\"ListItem\",\"position\":2,\"name\":\"Comunicado de la Comisi\u00f3n Asesora Vial Municipal a la comunidad.\"}]},{\"@type\":\"WebSite\",\"@id\":\"https:\/\/www.noticiasradioreflejos.com.ar\/2021\/#website\",\"url\":\"https:\/\/www.noticiasradioreflejos.com.ar\/2021\/\",\"name\":\"Noticias Radio Reflejos\",\"description\":\"Las noticias de mi comarca\",\"potentialAction\":[{\"@type\":\"SearchAction\",\"target\":{\"@type\":\"EntryPoint\",\"urlTemplate\":\"https:\/\/www.noticiasradioreflejos.com.ar\/2021\/?s={search_term_string}\"},\"query-input\":{\"@type\":\"PropertyValueSpecification\",\"valueRequired\":true,\"valueName\":\"search_term_string\"}}],\"inLanguage\":\"es\"},{\"@type\":\"Person\",\"@id\":\"https:\/\/www.noticiasradioreflejos.com.ar\/2021\/#\/schema\/person\/ad82545263dcc5ec0996818884fd5fb1\",\"name\":\"Arnaldo Botto\",\"image\":{\"@type\":\"ImageObject\",\"inLanguage\":\"es\",\"@id\":\"https:\/\/www.noticiasradioreflejos.com.ar\/2021\/#\/schema\/person\/image\/\",\"url\":\"https:\/\/secure.gravatar.com\/avatar\/55cb5e37c1efa326397366e6974cb338056df65cb50e7d64d1cf314e87504837?s=96&d=mm&r=g\",\"contentUrl\":\"https:\/\/secure.gravatar.com\/avatar\/55cb5e37c1efa326397366e6974cb338056df65cb50e7d64d1cf314e87504837?s=96&d=mm&r=g\",\"caption\":\"Arnaldo Botto\"},\"url\":\"https:\/\/www.noticiasradioreflejos.com.ar\/2021\/author\/arnaldo\/\"}]}<\/script>\n<!-- \/ Yoast SEO plugin. -->","yoast_head_json":{"title":"Comunicado de la Comisi\u00f3n Asesora Vial Municipal a la comunidad. - Noticias Radio Reflejos","robots":{"index":"index","follow":"follow","max-snippet":"max-snippet:-1","max-image-preview":"max-image-preview:large","max-video-preview":"max-video-preview:-1"},"canonical":"https:\/\/www.noticiasradioreflejos.com.ar\/2021\/comunicado-de-la-comision-asesora-vial-municipal-a-la-comunidad\/","og_locale":"es_ES","og_type":"article","og_title":"Comunicado de la Comisi\u00f3n Asesora Vial Municipal a la comunidad. - Noticias Radio Reflejos","og_description":"La Comisi\u00f3n Asesora Vial Municipal tiene a su cargo el mantenimiento y conservaci\u00f3n de 1320km de red vial; para ello tiene afectadas cuatro motoniveladoras, a saber:","og_url":"https:\/\/www.noticiasradioreflejos.com.ar\/2021\/comunicado-de-la-comision-asesora-vial-municipal-a-la-comunidad\/","og_site_name":"Noticias Radio Reflejos","article_published_time":"2023-04-03T17:09:03+00:00","og_image":[{"width":300,"height":200,"url":"https:\/\/www.noticiasradioreflejos.com.ar\/2021\/wp-content\/uploads\/2021\/07\/logosol300x200.png","type":"image\/png"}],"author":"Arnaldo Botto","twitter_card":"summary_large_image","schema":{"@context":"https:\/\/schema.org","@graph":[{"@type":"WebPage","@id":"https:\/\/www.noticiasradioreflejos.com.ar\/2021\/comunicado-de-la-comision-asesora-vial-municipal-a-la-comunidad\/","url":"https:\/\/www.noticiasradioreflejos.com.ar\/2021\/comunicado-de-la-comision-asesora-vial-municipal-a-la-comunidad\/","name":"Comunicado de la Comisi\u00f3n Asesora Vial Municipal a la comunidad. - Noticias Radio Reflejos","isPartOf":{"@id":"https:\/\/www.noticiasradioreflejos.com.ar\/2021\/#website"},"datePublished":"2023-04-03T17:09:03+00:00","author":{"@id":"https:\/\/www.noticiasradioreflejos.com.ar\/2021\/#\/schema\/person\/ad82545263dcc5ec0996818884fd5fb1"},"breadcrumb":{"@id":"https:\/\/www.noticiasradioreflejos.com.ar\/2021\/comunicado-de-la-comision-asesora-vial-municipal-a-la-comunidad\/#breadcrumb"},"inLanguage":"es","potentialAction":[{"@type":"ReadAction","target":["https:\/\/www.noticiasradioreflejos.com.ar\/2021\/comunicado-de-la-comision-asesora-vial-municipal-a-la-comunidad\/"]}]},{"@type":"BreadcrumbList","@id":"https:\/\/www.noticiasradioreflejos.com.ar\/2021\/comunicado-de-la-comision-asesora-vial-municipal-a-la-comunidad\/#breadcrumb","itemListElement":[{"@type":"ListItem","position":1,"name":"Portada","item":"https:\/\/www.noticiasradioreflejos.com.ar\/2021\/"},{"@type":"ListItem","position":2,"name":"Comunicado de la Comisi\u00f3n Asesora Vial Municipal a la comunidad."}]},{"@type":"WebSite","@id":"https:\/\/www.noticiasradioreflejos.com.ar\/2021\/#website","url":"https:\/\/www.noticiasradioreflejos.com.ar\/2021\/","name":"Noticias Radio Reflejos","description":"Las noticias de mi comarca","potentialAction":[{"@type":"SearchAction","target":{"@type":"EntryPoint","urlTemplate":"https:\/\/www.noticiasradioreflejos.com.ar\/2021\/?s={search_term_string}"},"query-input":{"@type":"PropertyValueSpecification","valueRequired":true,"valueName":"search_term_string"}}],"inLanguage":"es"},{"@type":"Person","@id":"https:\/\/www.noticiasradioreflejos.com.ar\/2021\/#\/schema\/person\/ad82545263dcc5ec0996818884fd5fb1","name":"Arnaldo Botto","image":{"@type":"ImageObject","inLanguage":"es","@id":"https:\/\/www.noticiasradioreflejos.com.ar\/2021\/#\/schema\/person\/image\/","url":"https:\/\/secure.gravatar.com\/avatar\/55cb5e37c1efa326397366e6974cb338056df65cb50e7d64d1cf314e87504837?s=96&d=mm&r=g","contentUrl":"https:\/\/secure.gravatar.com\/avatar\/55cb5e37c1efa326397366e6974cb338056df65cb50e7d64d1cf314e87504837?s=96&d=mm&r=g","caption":"Arnaldo Botto"},"url":"https:\/\/www.noticiasradioreflejos.com.ar\/2021\/author\/arnaldo\/"}]}},"_links":{"self":[{"href":"https:\/\/www.noticiasradioreflejos.com.ar\/2021\/wp-json\/wp\/v2\/posts\/86372","targetHints":{"allow":["GET"]}}],"collection":[{"href":"https:\/\/www.noticiasradioreflejos.com.ar\/2021\/wp-json\/wp\/v2\/posts"}],"about":[{"href":"https:\/\/www.noticiasradioreflejos.com.ar\/2021\/wp-json\/wp\/v2\/types\/post"}],"author":[{"embeddable":true,"href":"https:\/\/www.noticiasradioreflejos.com.ar\/2021\/wp-json\/wp\/v2\/users\/3"}],"replies":[{"embeddable":true,"href":"https:\/\/www.noticiasradioreflejos.com.ar\/2021\/wp-json\/wp\/v2\/comments?post=86372"}],"version-history":[{"count":1,"href":"https:\/\/www.noticiasradioreflejos.com.ar\/2021\/wp-json\/wp\/v2\/posts\/86372\/revisions"}],"predecessor-version":[{"id":86373,"href":"https:\/\/www.noticiasradioreflejos.com.ar\/2021\/wp-json\/wp\/v2\/posts\/86372\/revisions\/86373"}],"wp:attachment":[{"href":"https:\/\/www.noticiasradioreflejos.com.ar\/2021\/wp-json\/wp\/v2\/media?parent=86372"}],"wp:term":[{"taxonomy":"category","embeddable":true,"href":"https:\/\/www.noticiasradioreflejos.com.ar\/2021\/wp-json\/wp\/v2\/categories?post=86372"},{"taxonomy":"post_tag","embeddable":true,"href":"https:\/\/www.noticiasradioreflejos.com.ar\/2021\/wp-json\/wp\/v2\/tags?post=86372"}],"curies":[{"name":"wp","href":"https:\/\/api.w.org\/{rel}","templated":true}]}}