{"id":86236,"date":"2023-03-31T11:49:35","date_gmt":"2023-03-31T11:49:35","guid":{"rendered":"https:\/\/www.noticiasradioreflejos.com.ar\/2021\/?p=86236"},"modified":"2023-03-31T11:49:35","modified_gmt":"2023-03-31T11:49:35","slug":"el-vaticano-confirma-que-el-papa-francisco-sera-dado-de-alta-manana","status":"publish","type":"post","link":"https:\/\/www.noticiasradioreflejos.com.ar\/2021\/el-vaticano-confirma-que-el-papa-francisco-sera-dado-de-alta-manana\/","title":{"rendered":"El Vaticano confirma que el papa Francisco ser\u00e1 dado de alta ma\u00f1ana"},"content":{"rendered":"<p>El papa Francisco regresar\u00e1 ma\u00f1ana al Vaticano luego de haber registrado una \u00abclara mejor\u00eda\u00bb del cuadro de bronquitis por el que est\u00e1 internado desde el mi\u00e9rcoles \u00faltimo, inform\u00f3 un comunicado de la Santa Sede.<!--more--><\/p>\n<p>\u00abEl regreso de Su Santidad a Santa Marta est\u00e1 previsto para ma\u00f1ana, tras los resultados de las \u00faltimas pruebas realizadas esta ma\u00f1ana\u201d, inform\u00f3 hoy el director de la oficina de Prensa de la Santa Sede, Matteo Bruni.<\/p>\n<p>Bruni agreg\u00f3 en un escrito que Francisco muestra \u00abuna evoluci\u00f3n cl\u00ednica normal\u00bb y que cen\u00f3 pizza \u00abjunto a quienes lo asisten en estos d\u00edas de hospitalizaci\u00f3n: m\u00e9dicos, enfermeras, auxiliares y personal de Gendarmer\u00eda\u00bb.<\/p>\n<p>\u00abEsta ma\u00f1ana, despu\u00e9s del desayuno, ley\u00f3 algunos peri\u00f3dicos y volvi\u00f3 al trabajo\u00bb, agreg\u00f3 Bruni.<\/p>\n<p>Francisco, indic\u00f3 ayer el Vaticano, recibe tratamientos con antibi\u00f3ticos en el piso 10 del hospital Gemelli de la capital italiana, con una \u00abclara mejor\u00eda\u00bb del cuadro de bronquitis infecciosa que diagnostic\u00f3 su equipo m\u00e9dico.<\/p>\n<p>El Papa, que ya est\u00e1 trabajando desde el centro m\u00e9dico, mantiene hasta el momento sus encuentros previstos para el lunes 3, agregaron fuentes vaticanas a T\u00e9lam.<\/p>\n","protected":false},"excerpt":{"rendered":"<p>El papa Francisco regresar\u00e1 ma\u00f1ana al Vaticano luego de haber registrado una \u00abclara mejor\u00eda\u00bb del cuadro de bronquitis por el que est\u00e1 internado desde el mi\u00e9rcoles \u00faltimo, inform\u00f3 un comunicado de la Santa Sede.<\/p>\n","protected":false},"author":3,"featured_media":0,"comment_status":"closed","ping_status":"closed","sticky":false,"template":"","format":"standard","meta":{"footnotes":""},"categories":[24,26],"tags":[],"class_list":["post-86236","post","type-post","status-publish","format-standard","hentry","category-politica","category-sociedad"],"yoast_head":"<!-- This site is optimized with the Yoast SEO plugin v25.9 - https:\/\/yoast.com\/wordpress\/plugins\/seo\/ -->\n<title>El Vaticano confirma que el papa Francisco ser\u00e1 dado de alta ma\u00f1ana - Noticias Radio Reflejos<\/title>\n<meta name=\"robots\" content=\"index, follow, max-snippet:-1, max-image-preview:large, max-video-preview:-1\" \/>\n<link rel=\"canonical\" href=\"https:\/\/www.noticiasradioreflejos.com.ar\/2021\/el-vaticano-confirma-que-el-papa-francisco-sera-dado-de-alta-manana\/\" \/>\n<meta property=\"og:locale\" content=\"es_ES\" \/>\n<meta property=\"og:type\" content=\"article\" \/>\n<meta property=\"og:title\" content=\"El Vaticano confirma que el papa Francisco ser\u00e1 dado de alta ma\u00f1ana - Noticias Radio Reflejos\" \/>\n<meta property=\"og:description\" content=\"El papa Francisco regresar\u00e1 ma\u00f1ana al Vaticano luego de haber registrado una \u00abclara mejor\u00eda\u00bb del cuadro de bronquitis por el que est\u00e1 internado desde el mi\u00e9rcoles \u00faltimo, inform\u00f3 un comunicado de la Santa Sede.\" \/>\n<meta property=\"og:url\" content=\"https:\/\/www.noticiasradioreflejos.com.ar\/2021\/el-vaticano-confirma-que-el-papa-francisco-sera-dado-de-alta-manana\/\" \/>\n<meta property=\"og:site_name\" content=\"Noticias Radio Reflejos\" \/>\n<meta property=\"article:published_time\" content=\"2023-03-31T11:49:35+00:00\" \/>\n<meta property=\"og:image\" content=\"https:\/\/www.noticiasradioreflejos.com.ar\/2021\/wp-content\/uploads\/2021\/07\/logosol300x200.png\" \/>\n\t<meta property=\"og:image:width\" content=\"300\" \/>\n\t<meta property=\"og:image:height\" content=\"200\" \/>\n\t<meta property=\"og:image:type\" content=\"image\/png\" \/>\n<meta name=\"author\" content=\"Arnaldo Botto\" \/>\n<meta name=\"twitter:card\" content=\"summary_large_image\" \/>\n<script type=\"application\/ld+json\" class=\"yoast-schema-graph\">{\"@context\":\"https:\/\/schema.org\",\"@graph\":[{\"@type\":\"WebPage\",\"@id\":\"https:\/\/www.noticiasradioreflejos.com.ar\/2021\/el-vaticano-confirma-que-el-papa-francisco-sera-dado-de-alta-manana\/\",\"url\":\"https:\/\/www.noticiasradioreflejos.com.ar\/2021\/el-vaticano-confirma-que-el-papa-francisco-sera-dado-de-alta-manana\/\",\"name\":\"El Vaticano confirma que el papa Francisco ser\u00e1 dado de alta ma\u00f1ana - Noticias Radio Reflejos\",\"isPartOf\":{\"@id\":\"https:\/\/www.noticiasradioreflejos.com.ar\/2021\/#website\"},\"datePublished\":\"2023-03-31T11:49:35+00:00\",\"author\":{\"@id\":\"https:\/\/www.noticiasradioreflejos.com.ar\/2021\/#\/schema\/person\/ad82545263dcc5ec0996818884fd5fb1\"},\"breadcrumb\":{\"@id\":\"https:\/\/www.noticiasradioreflejos.com.ar\/2021\/el-vaticano-confirma-que-el-papa-francisco-sera-dado-de-alta-manana\/#breadcrumb\"},\"inLanguage\":\"es\",\"potentialAction\":[{\"@type\":\"ReadAction\",\"target\":[\"https:\/\/www.noticiasradioreflejos.com.ar\/2021\/el-vaticano-confirma-que-el-papa-francisco-sera-dado-de-alta-manana\/\"]}]},{\"@type\":\"BreadcrumbList\",\"@id\":\"https:\/\/www.noticiasradioreflejos.com.ar\/2021\/el-vaticano-confirma-que-el-papa-francisco-sera-dado-de-alta-manana\/#breadcrumb\",\"itemListElement\":[{\"@type\":\"ListItem\",\"position\":1,\"name\":\"Portada\",\"item\":\"https:\/\/www.noticiasradioreflejos.com.ar\/2021\/\"},{\"@type\":\"ListItem\",\"position\":2,\"name\":\"El Vaticano confirma que el papa Francisco ser\u00e1 dado de alta ma\u00f1ana\"}]},{\"@type\":\"WebSite\",\"@id\":\"https:\/\/www.noticiasradioreflejos.com.ar\/2021\/#website\",\"url\":\"https:\/\/www.noticiasradioreflejos.com.ar\/2021\/\",\"name\":\"Noticias Radio Reflejos\",\"description\":\"Las noticias de mi comarca\",\"potentialAction\":[{\"@type\":\"SearchAction\",\"target\":{\"@type\":\"EntryPoint\",\"urlTemplate\":\"https:\/\/www.noticiasradioreflejos.com.ar\/2021\/?s={search_term_string}\"},\"query-input\":{\"@type\":\"PropertyValueSpecification\",\"valueRequired\":true,\"valueName\":\"search_term_string\"}}],\"inLanguage\":\"es\"},{\"@type\":\"Person\",\"@id\":\"https:\/\/www.noticiasradioreflejos.com.ar\/2021\/#\/schema\/person\/ad82545263dcc5ec0996818884fd5fb1\",\"name\":\"Arnaldo Botto\",\"image\":{\"@type\":\"ImageObject\",\"inLanguage\":\"es\",\"@id\":\"https:\/\/www.noticiasradioreflejos.com.ar\/2021\/#\/schema\/person\/image\/\",\"url\":\"https:\/\/secure.gravatar.com\/avatar\/55cb5e37c1efa326397366e6974cb338056df65cb50e7d64d1cf314e87504837?s=96&d=mm&r=g\",\"contentUrl\":\"https:\/\/secure.gravatar.com\/avatar\/55cb5e37c1efa326397366e6974cb338056df65cb50e7d64d1cf314e87504837?s=96&d=mm&r=g\",\"caption\":\"Arnaldo Botto\"},\"url\":\"https:\/\/www.noticiasradioreflejos.com.ar\/2021\/author\/arnaldo\/\"}]}<\/script>\n<!-- \/ Yoast SEO plugin. -->","yoast_head_json":{"title":"El Vaticano confirma que el papa Francisco ser\u00e1 dado de alta ma\u00f1ana - Noticias Radio Reflejos","robots":{"index":"index","follow":"follow","max-snippet":"max-snippet:-1","max-image-preview":"max-image-preview:large","max-video-preview":"max-video-preview:-1"},"canonical":"https:\/\/www.noticiasradioreflejos.com.ar\/2021\/el-vaticano-confirma-que-el-papa-francisco-sera-dado-de-alta-manana\/","og_locale":"es_ES","og_type":"article","og_title":"El Vaticano confirma que el papa Francisco ser\u00e1 dado de alta ma\u00f1ana - Noticias Radio Reflejos","og_description":"El papa Francisco regresar\u00e1 ma\u00f1ana al Vaticano luego de haber registrado una \u00abclara mejor\u00eda\u00bb del cuadro de bronquitis por el que est\u00e1 internado desde el mi\u00e9rcoles \u00faltimo, inform\u00f3 un comunicado de la Santa Sede.","og_url":"https:\/\/www.noticiasradioreflejos.com.ar\/2021\/el-vaticano-confirma-que-el-papa-francisco-sera-dado-de-alta-manana\/","og_site_name":"Noticias Radio Reflejos","article_published_time":"2023-03-31T11:49:35+00:00","og_image":[{"width":300,"height":200,"url":"https:\/\/www.noticiasradioreflejos.com.ar\/2021\/wp-content\/uploads\/2021\/07\/logosol300x200.png","type":"image\/png"}],"author":"Arnaldo Botto","twitter_card":"summary_large_image","schema":{"@context":"https:\/\/schema.org","@graph":[{"@type":"WebPage","@id":"https:\/\/www.noticiasradioreflejos.com.ar\/2021\/el-vaticano-confirma-que-el-papa-francisco-sera-dado-de-alta-manana\/","url":"https:\/\/www.noticiasradioreflejos.com.ar\/2021\/el-vaticano-confirma-que-el-papa-francisco-sera-dado-de-alta-manana\/","name":"El Vaticano confirma que el papa Francisco ser\u00e1 dado de alta ma\u00f1ana - Noticias Radio Reflejos","isPartOf":{"@id":"https:\/\/www.noticiasradioreflejos.com.ar\/2021\/#website"},"datePublished":"2023-03-31T11:49:35+00:00","author":{"@id":"https:\/\/www.noticiasradioreflejos.com.ar\/2021\/#\/schema\/person\/ad82545263dcc5ec0996818884fd5fb1"},"breadcrumb":{"@id":"https:\/\/www.noticiasradioreflejos.com.ar\/2021\/el-vaticano-confirma-que-el-papa-francisco-sera-dado-de-alta-manana\/#breadcrumb"},"inLanguage":"es","potentialAction":[{"@type":"ReadAction","target":["https:\/\/www.noticiasradioreflejos.com.ar\/2021\/el-vaticano-confirma-que-el-papa-francisco-sera-dado-de-alta-manana\/"]}]},{"@type":"BreadcrumbList","@id":"https:\/\/www.noticiasradioreflejos.com.ar\/2021\/el-vaticano-confirma-que-el-papa-francisco-sera-dado-de-alta-manana\/#breadcrumb","itemListElement":[{"@type":"ListItem","position":1,"name":"Portada","item":"https:\/\/www.noticiasradioreflejos.com.ar\/2021\/"},{"@type":"ListItem","position":2,"name":"El Vaticano confirma que el papa Francisco ser\u00e1 dado de alta ma\u00f1ana"}]},{"@type":"WebSite","@id":"https:\/\/www.noticiasradioreflejos.com.ar\/2021\/#website","url":"https:\/\/www.noticiasradioreflejos.com.ar\/2021\/","name":"Noticias Radio Reflejos","description":"Las noticias de mi comarca","potentialAction":[{"@type":"SearchAction","target":{"@type":"EntryPoint","urlTemplate":"https:\/\/www.noticiasradioreflejos.com.ar\/2021\/?s={search_term_string}"},"query-input":{"@type":"PropertyValueSpecification","valueRequired":true,"valueName":"search_term_string"}}],"inLanguage":"es"},{"@type":"Person","@id":"https:\/\/www.noticiasradioreflejos.com.ar\/2021\/#\/schema\/person\/ad82545263dcc5ec0996818884fd5fb1","name":"Arnaldo Botto","image":{"@type":"ImageObject","inLanguage":"es","@id":"https:\/\/www.noticiasradioreflejos.com.ar\/2021\/#\/schema\/person\/image\/","url":"https:\/\/secure.gravatar.com\/avatar\/55cb5e37c1efa326397366e6974cb338056df65cb50e7d64d1cf314e87504837?s=96&d=mm&r=g","contentUrl":"https:\/\/secure.gravatar.com\/avatar\/55cb5e37c1efa326397366e6974cb338056df65cb50e7d64d1cf314e87504837?s=96&d=mm&r=g","caption":"Arnaldo Botto"},"url":"https:\/\/www.noticiasradioreflejos.com.ar\/2021\/author\/arnaldo\/"}]}},"_links":{"self":[{"href":"https:\/\/www.noticiasradioreflejos.com.ar\/2021\/wp-json\/wp\/v2\/posts\/86236","targetHints":{"allow":["GET"]}}],"collection":[{"href":"https:\/\/www.noticiasradioreflejos.com.ar\/2021\/wp-json\/wp\/v2\/posts"}],"about":[{"href":"https:\/\/www.noticiasradioreflejos.com.ar\/2021\/wp-json\/wp\/v2\/types\/post"}],"author":[{"embeddable":true,"href":"https:\/\/www.noticiasradioreflejos.com.ar\/2021\/wp-json\/wp\/v2\/users\/3"}],"replies":[{"embeddable":true,"href":"https:\/\/www.noticiasradioreflejos.com.ar\/2021\/wp-json\/wp\/v2\/comments?post=86236"}],"version-history":[{"count":1,"href":"https:\/\/www.noticiasradioreflejos.com.ar\/2021\/wp-json\/wp\/v2\/posts\/86236\/revisions"}],"predecessor-version":[{"id":86238,"href":"https:\/\/www.noticiasradioreflejos.com.ar\/2021\/wp-json\/wp\/v2\/posts\/86236\/revisions\/86238"}],"wp:attachment":[{"href":"https:\/\/www.noticiasradioreflejos.com.ar\/2021\/wp-json\/wp\/v2\/media?parent=86236"}],"wp:term":[{"taxonomy":"category","embeddable":true,"href":"https:\/\/www.noticiasradioreflejos.com.ar\/2021\/wp-json\/wp\/v2\/categories?post=86236"},{"taxonomy":"post_tag","embeddable":true,"href":"https:\/\/www.noticiasradioreflejos.com.ar\/2021\/wp-json\/wp\/v2\/tags?post=86236"}],"curies":[{"name":"wp","href":"https:\/\/api.w.org\/{rel}","templated":true}]}}