{"id":8620,"date":"2017-04-02T14:25:37","date_gmt":"2017-04-02T17:25:37","guid":{"rendered":"http:\/\/noticiasradioreflejos.com.ar\/noticias\/?p=8620"},"modified":"2017-04-02T14:25:37","modified_gmt":"2017-04-02T17:25:37","slug":"centenario-de-la-biblioteca-popular-ernesto-tornquist","status":"publish","type":"post","link":"https:\/\/www.noticiasradioreflejos.com.ar\/2021\/centenario-de-la-biblioteca-popular-ernesto-tornquist\/","title":{"rendered":"Centenario de la Biblioteca Popular &quot;Ernesto Tornquist&quot;"},"content":{"rendered":"<p>Varios recuerdos afloraron este s\u00e1bado 1\u00ba de abril en horas de la ma\u00f1ana en el acto protocolar que sell\u00f3 el cumplea\u00f1os n\u00famero 100 de la Biblioteca Popular \u201cErnesto Tornquist\u201d.<!--more--><br \/>\nPor sus salas han pasado muchas generaciones que han sabido darle el valor cultural que se brindo en la entidad a lo largo del tiempo.<br \/>\nEs as\u00ed que en un d\u00eda muy particular, varias personas viajaron para adherirse a la celebraci\u00f3n que por cierto fue emotiva.<br \/>\n<strong>Gabriela Garc\u00eda<\/strong>\u00a0fue la encargada de la ceremonia central que cont\u00f3 con la presencia del Intendente Municipal\u00a0<strong>Sergio Bordoni<\/strong>, el Presidente del HCD\u00a0<strong>Gustavo Moroncini<\/strong>, la Presidente de la entidad\u00a0<strong>Andrea Garc\u00eda Muller<\/strong>\u00a0adem\u00e1s de miembros del Ejecutivo municipal y el Concejo Deliberante.<br \/>\nUna nota recibida de la Licenciada\u00a0<strong>Nora Cinquini de Gutierrez<\/strong>\u00a0fue le\u00edda en el comienzo del acto. Nora con residencia por a\u00f1os en Chasic\u00f3 fue una de las personas que trabaj\u00f3 incansablemente por el centenario de Tornquist en 1983 y se adhiri\u00f3 a este fecha tan importante.<br \/>\nRecibieron reconocimientos Ex Presidentes de la instituci\u00f3n como\u00a0<strong>Adolfo Muller<\/strong>, distinci\u00f3n recibida por la actual Presidente\u00a0<strong>Andrea Garcia Muller<\/strong>\u00a0de manos de su madre, sobrina nieta de Adolfo la Sra.\u00a0<strong>Elisa Muller.<\/strong><br \/>\nM\u00e1s tarde se record\u00f3 adem\u00e1s al Dr.\u00a0<strong>Alfredo Nechi, Carlos Frey, Augusto Fernandez Artl,<\/strong>\u00a0<strong>Pedro Venere<\/strong>.<br \/>\nEn el a\u00f1o 1934 presidi\u00f3 la entidad el se\u00f1or\u00a0<strong>Luis Celillo.<\/strong>\u00a0Viajaron especialmente desde General Alvear sus nietos\u00a0<strong>Luis Alejandro y Amalia<\/strong>. Ambos profesionales. El primero es m\u00e9dico e Intendente Municipal(Cambiemos) desde 2011 en el municipio de General Alvear y su hermana de profesi\u00f3n Farmace\u00fatica. Viajaron 400 kil\u00f3metros para adherirse a estos festejos especiales.<br \/>\nM\u00e1s tarde fue el turno de reconocer a\u00a0<strong>C\u00e9sar Saldungaray<\/strong>\u00a0qui\u00e9n presidi\u00f3 los destinos de la entidad (1938\/1941), para ello viajaron desde Bah\u00eda Blanca sus hijos\u00a0<strong>Santiago y Jos\u00e9 Mar\u00eda Saldungaray<\/strong>. Supieron vivir en Calle Mitre frente a la Familia Cingolani y en una de las viviendas linderas al teatro municipal \u201cRodolfo Funke\u201d.<br \/>\nOtro de los momentos salientes de la ma\u00f1ana rompi\u00f3 en aplausos el homenaje al\u00a0<strong>Dr. Jos\u00e9 Manuel Rodr\u00edguez<\/strong>\u00a0ex Intendente del Partido y como Presidente de la entidad en los per\u00edodos, \u00a01941\/1946 y de 1949\/1990. Tambi\u00e9n destacaron a la esposa de Rodr\u00edguez.\u00a0<strong>Esther Sorbet.<\/strong>\u00a0Recibi\u00f3 de manos de\u00a0<strong>Ceferino Marcolini<\/strong>, Vice\u00a0 Presidente de la entidad, una de sus hijas<strong>\u00a0Estela Rodr\u00edguez.<\/strong><br \/>\nTamb\u00e9n nombraron a<strong>\u00a0Francisco Crespo y Jos\u00e9 Martinez Urquiza<\/strong>(1948\/1949), para este \u00faltimo estuvieron presentes \u00a0dos de sus hijas para recibir la plaqueta.<br \/>\nOtro de los destacados fue el Dr.\u00a0<strong>Ra\u00fal Frizza<\/strong>\u00a0que no pudo estar presente. Por otro lado\u00a0<strong>Ana Mar\u00eda Grosoni,<\/strong>\u00a0recibi\u00f3 un reconocimiento en nombre de su hermana\u00a0<strong>Mar\u00eda Elena Grosoni<\/strong>\u00a0qui\u00e9n presidi\u00f3 la entidad (1994\/1998). Adem\u00e1s se nombr\u00f3 al Dr.<strong>\u00a0Norberto Culotta.<\/strong><br \/>\nQui\u00e9n estuvo tambi\u00e9n varios a\u00f1os al frente fue\u00a0<strong>Marta Machi<\/strong>\u00a0que se puso al hombro la entidad entre 1999 y 2008.<br \/>\nM\u00e1s ac\u00e1 en el tiempo se reconoci\u00f3 a\u00a0<strong>Roberto Mutti<\/strong>\u00a0como ex presidente, recibiendo el reconocimiento en manos de su esposa\u00a0<strong>Mirta Ruffener<\/strong>.<br \/>\nOtra de las agasajadas fue\u00a0<strong>Delfina Tarabelli<\/strong>\u00a0en la presidencia de 2010 y 2011. Entre el 2012 y 2014\u00a0<strong>Estela Rodr\u00edguez<\/strong>\u00a0qui\u00e9n presidi\u00f3 la instituci\u00f3n y m\u00e1s tarde la reemplaz\u00f3\u00a0<strong>V\u00edctor Ant\u00f3n<\/strong>\u00a0actual concejal.<br \/>\nDesde el a\u00f1o 2016\u00a0<strong>Andrea Garc\u00eda Muller<\/strong>\u00a0es la actual Presidente de la entidad y Sobrina Tataranieta del primer presidente Adolfo Muller.<br \/>\nEn otro de los momentos importantes, el recuerdo del acto fue recibido por los empleados administrativos y bibliotecarias, ellos fueron,\u00a0<strong>Elsa Mutti, Blanca Stoessel, Marisa Abelaira, Mar\u00eda Angelica Sopranzeti.<\/strong><br \/>\n<strong>Nelida Mutti de Rulli, Elena Sigismondi, Lucrecia Conti<\/strong>. Tambi\u00e9n la familia de\u00a0<strong>Elisa Urriaga<\/strong>\u00a0recibi\u00f3 un reconocmiento por su trabajo en la entidad.<br \/>\nPor Chicoespacio el lugar recreativo para ni\u00f1os recibi\u00f3 el presente\u00a0<strong>Guillermina Mutti<\/strong>\u00a0y a punto de jubilarse qui\u00e9n trabajo por 30 a\u00f1os en la Biblioteca\u00a0<strong>Mirta Garc\u00eda.<\/strong><br \/>\nLa puesta a punto del funcionamiento de la Biblioteca,para catalogar y re fichar los vol\u00famenes se convoc\u00f3 en la \u00e9poca del Dr. Jose Manuel Rodr\u00edguez a\u00a0<strong>Germ\u00e1n Garc\u00eda<\/strong>\u00a0Presidente de la Biblioteca de Bah\u00eda Blanca qui\u00e9n sin cobrar un peso trabaj\u00f3 durante tres meses entre 1952 y 1953 en nuestra ciudad. Para ello\u00a0<strong>Nely Lusti<\/strong>, su hija recibi\u00f3 el reconocimiento en manos de Estela Rodr\u00edguez.<br \/>\nDestacaron adem\u00e1s a las firmas\u00a0<strong>Vittori Cereales y Papelera del Sur<\/strong>\u00a0por sus aportes constantes con la Biblioteca y a la Municipalidad de Tornquist representada por<strong>\u00a0Sergio Bordoni<\/strong>\u00a0qui\u00e9n recibi\u00f3 la plaqueta correspondiente.<br \/>\nPor \u00faltimo Andrea Garc\u00eda Muller destac\u00f3 en sus palabras que pese a las piedras que le p\u00f9sieron en el camino, la entidad festejaba el centenario mirando hacia delante y no hacia atr\u00e1s.<br \/>\nActo final tanto el Intendente como el Presidente del HCD descubrieron dos placas en el ingreso a la entidad como reconocimiento al centenario.<br \/>\n<strong>Continuidad de los Festejos<\/strong><br \/>\nLas actividades culturales se realizar\u00e1n el 17 de abril dentro del marco del aniversario de la ciudad ya que debido al mal tiempo que se enuncia con lluvia se decidi\u00f3 su postergaci\u00f3n al aire libre.<br \/>\nLa jornada ese lunes contar\u00e1 con la participaci\u00f3n de Carlos Polak, la Escuela Folcl\u00f3rica Municipal, Vanina Lamberto, el d\u00fao folkl\u00f3rico integrado por Jos\u00e9 Aguado y Orlando Contreras y H\u00e9ctor Vandermole, a cargo de \u201cLa banda del Nano\u201d con su show musical \u201cCon tu\u00a0permiso Serrat\u201d.<br \/>\nTambi\u00e9n habr\u00e1 exposici\u00f3n de artistas, escritores, m\u00fasicos y artesanos, como Claudio Turkovich, Patricio Barret, Fabio Botero, Graciela Gonz\u00e1lez, Esther\u00a0Lacasta, Mar\u00eda Eva Larralde y Patricio Chaija, entre otros. Asimismo, Chicoespacio se adhiere con una actividad para los m\u00e1s peque\u00f1os.<br \/>\nEn tanto, el s\u00e1bado 8 de abril, la chelista estadounidense Christine Walevska se presentar\u00e1 en el Teatro Municipal \u201cRodolfo Funke\u201d junto a la Orquesta Sinf\u00f3nica Provincial de Bah\u00eda Blanca Con anticipadas \u00fanicamente en la Biblioteca a $ 200.<br \/>\n<iframe loading=\"lazy\" src=\"https:\/\/w.soundcloud.com\/player\/?url=https%3A\/\/api.soundcloud.com\/tracks\/315710051&amp;color=ff5500&amp;auto_play=false&amp;hide_related=false&amp;show_comments=true&amp;show_user=true&amp;show_reposts=false\" width=\"100%\" height=\"166\" frameborder=\"no\" scrolling=\"no\"><\/iframe><br \/>\n<iframe loading=\"lazy\" src=\"https:\/\/w.soundcloud.com\/player\/?url=https%3A\/\/api.soundcloud.com\/tracks\/315710361&amp;color=ff5500&amp;auto_play=false&amp;hide_related=false&amp;show_comments=true&amp;show_user=true&amp;show_reposts=false\" width=\"100%\" height=\"166\" frameborder=\"no\" scrolling=\"no\"><\/iframe><br \/>\n<iframe loading=\"lazy\" src=\"https:\/\/w.soundcloud.com\/player\/?url=https%3A\/\/api.soundcloud.com\/tracks\/315710885&amp;color=ff5500&amp;auto_play=false&amp;hide_related=false&amp;show_comments=true&amp;show_user=true&amp;show_reposts=false\" width=\"100%\" height=\"166\" frameborder=\"no\" scrolling=\"no\"><\/iframe><\/p>\n","protected":false},"excerpt":{"rendered":"<p>Varios recuerdos afloraron este s\u00e1bado 1\u00ba de abril en horas de la ma\u00f1ana en el acto protocolar que sell\u00f3 el cumplea\u00f1os n\u00famero 100 de la Biblioteca Popular \u201cErnesto Tornquist\u201d.<\/p>\n","protected":false},"author":3,"featured_media":0,"comment_status":"closed","ping_status":"open","sticky":false,"template":"","format":"standard","meta":{"footnotes":""},"categories":[35],"tags":[],"class_list":["post-8620","post","type-post","status-publish","format-standard","hentry","category-cultura"],"yoast_head":"<!-- This site is optimized with the Yoast SEO plugin v25.9 - https:\/\/yoast.com\/wordpress\/plugins\/seo\/ -->\n<title>Centenario de la Biblioteca Popular &quot;Ernesto Tornquist&quot; - Noticias Radio Reflejos<\/title>\n<meta name=\"robots\" content=\"index, follow, max-snippet:-1, max-image-preview:large, max-video-preview:-1\" \/>\n<link rel=\"canonical\" href=\"https:\/\/www.noticiasradioreflejos.com.ar\/2021\/centenario-de-la-biblioteca-popular-ernesto-tornquist\/\" \/>\n<meta property=\"og:locale\" content=\"es_ES\" \/>\n<meta property=\"og:type\" content=\"article\" \/>\n<meta property=\"og:title\" content=\"Centenario de la Biblioteca Popular &quot;Ernesto Tornquist&quot; - Noticias Radio Reflejos\" \/>\n<meta property=\"og:description\" content=\"Varios recuerdos afloraron este s\u00e1bado 1\u00ba de abril en horas de la ma\u00f1ana en el acto protocolar que sell\u00f3 el cumplea\u00f1os n\u00famero 100 de la Biblioteca Popular \u201cErnesto Tornquist\u201d.\" \/>\n<meta property=\"og:url\" content=\"https:\/\/www.noticiasradioreflejos.com.ar\/2021\/centenario-de-la-biblioteca-popular-ernesto-tornquist\/\" \/>\n<meta property=\"og:site_name\" content=\"Noticias Radio Reflejos\" \/>\n<meta property=\"article:published_time\" content=\"2017-04-02T17:25:37+00:00\" \/>\n<meta property=\"og:image\" content=\"https:\/\/www.noticiasradioreflejos.com.ar\/2021\/wp-content\/uploads\/2021\/07\/logosol300x200.png\" \/>\n\t<meta property=\"og:image:width\" content=\"300\" \/>\n\t<meta property=\"og:image:height\" content=\"200\" \/>\n\t<meta property=\"og:image:type\" content=\"image\/png\" \/>\n<meta name=\"author\" content=\"Arnaldo Botto\" \/>\n<meta name=\"twitter:card\" content=\"summary_large_image\" \/>\n<script type=\"application\/ld+json\" class=\"yoast-schema-graph\">{\"@context\":\"https:\/\/schema.org\",\"@graph\":[{\"@type\":\"WebPage\",\"@id\":\"https:\/\/www.noticiasradioreflejos.com.ar\/2021\/centenario-de-la-biblioteca-popular-ernesto-tornquist\/\",\"url\":\"https:\/\/www.noticiasradioreflejos.com.ar\/2021\/centenario-de-la-biblioteca-popular-ernesto-tornquist\/\",\"name\":\"Centenario de la Biblioteca Popular &quot;Ernesto Tornquist&quot; - Noticias Radio Reflejos\",\"isPartOf\":{\"@id\":\"https:\/\/www.noticiasradioreflejos.com.ar\/2021\/#website\"},\"datePublished\":\"2017-04-02T17:25:37+00:00\",\"author\":{\"@id\":\"https:\/\/www.noticiasradioreflejos.com.ar\/2021\/#\/schema\/person\/ad82545263dcc5ec0996818884fd5fb1\"},\"breadcrumb\":{\"@id\":\"https:\/\/www.noticiasradioreflejos.com.ar\/2021\/centenario-de-la-biblioteca-popular-ernesto-tornquist\/#breadcrumb\"},\"inLanguage\":\"es\",\"potentialAction\":[{\"@type\":\"ReadAction\",\"target\":[\"https:\/\/www.noticiasradioreflejos.com.ar\/2021\/centenario-de-la-biblioteca-popular-ernesto-tornquist\/\"]}]},{\"@type\":\"BreadcrumbList\",\"@id\":\"https:\/\/www.noticiasradioreflejos.com.ar\/2021\/centenario-de-la-biblioteca-popular-ernesto-tornquist\/#breadcrumb\",\"itemListElement\":[{\"@type\":\"ListItem\",\"position\":1,\"name\":\"Portada\",\"item\":\"https:\/\/www.noticiasradioreflejos.com.ar\/2021\/\"},{\"@type\":\"ListItem\",\"position\":2,\"name\":\"Centenario de la Biblioteca Popular &quot;Ernesto Tornquist&quot;\"}]},{\"@type\":\"WebSite\",\"@id\":\"https:\/\/www.noticiasradioreflejos.com.ar\/2021\/#website\",\"url\":\"https:\/\/www.noticiasradioreflejos.com.ar\/2021\/\",\"name\":\"Noticias Radio Reflejos\",\"description\":\"Las noticias de mi comarca\",\"potentialAction\":[{\"@type\":\"SearchAction\",\"target\":{\"@type\":\"EntryPoint\",\"urlTemplate\":\"https:\/\/www.noticiasradioreflejos.com.ar\/2021\/?s={search_term_string}\"},\"query-input\":{\"@type\":\"PropertyValueSpecification\",\"valueRequired\":true,\"valueName\":\"search_term_string\"}}],\"inLanguage\":\"es\"},{\"@type\":\"Person\",\"@id\":\"https:\/\/www.noticiasradioreflejos.com.ar\/2021\/#\/schema\/person\/ad82545263dcc5ec0996818884fd5fb1\",\"name\":\"Arnaldo Botto\",\"image\":{\"@type\":\"ImageObject\",\"inLanguage\":\"es\",\"@id\":\"https:\/\/www.noticiasradioreflejos.com.ar\/2021\/#\/schema\/person\/image\/\",\"url\":\"https:\/\/secure.gravatar.com\/avatar\/55cb5e37c1efa326397366e6974cb338056df65cb50e7d64d1cf314e87504837?s=96&d=mm&r=g\",\"contentUrl\":\"https:\/\/secure.gravatar.com\/avatar\/55cb5e37c1efa326397366e6974cb338056df65cb50e7d64d1cf314e87504837?s=96&d=mm&r=g\",\"caption\":\"Arnaldo Botto\"},\"url\":\"https:\/\/www.noticiasradioreflejos.com.ar\/2021\/author\/arnaldo\/\"}]}<\/script>\n<!-- \/ Yoast SEO plugin. -->","yoast_head_json":{"title":"Centenario de la Biblioteca Popular &quot;Ernesto Tornquist&quot; - Noticias Radio Reflejos","robots":{"index":"index","follow":"follow","max-snippet":"max-snippet:-1","max-image-preview":"max-image-preview:large","max-video-preview":"max-video-preview:-1"},"canonical":"https:\/\/www.noticiasradioreflejos.com.ar\/2021\/centenario-de-la-biblioteca-popular-ernesto-tornquist\/","og_locale":"es_ES","og_type":"article","og_title":"Centenario de la Biblioteca Popular &quot;Ernesto Tornquist&quot; - Noticias Radio Reflejos","og_description":"Varios recuerdos afloraron este s\u00e1bado 1\u00ba de abril en horas de la ma\u00f1ana en el acto protocolar que sell\u00f3 el cumplea\u00f1os n\u00famero 100 de la Biblioteca Popular \u201cErnesto Tornquist\u201d.","og_url":"https:\/\/www.noticiasradioreflejos.com.ar\/2021\/centenario-de-la-biblioteca-popular-ernesto-tornquist\/","og_site_name":"Noticias Radio Reflejos","article_published_time":"2017-04-02T17:25:37+00:00","og_image":[{"width":300,"height":200,"url":"https:\/\/www.noticiasradioreflejos.com.ar\/2021\/wp-content\/uploads\/2021\/07\/logosol300x200.png","type":"image\/png"}],"author":"Arnaldo Botto","twitter_card":"summary_large_image","schema":{"@context":"https:\/\/schema.org","@graph":[{"@type":"WebPage","@id":"https:\/\/www.noticiasradioreflejos.com.ar\/2021\/centenario-de-la-biblioteca-popular-ernesto-tornquist\/","url":"https:\/\/www.noticiasradioreflejos.com.ar\/2021\/centenario-de-la-biblioteca-popular-ernesto-tornquist\/","name":"Centenario de la Biblioteca Popular &quot;Ernesto Tornquist&quot; - Noticias Radio Reflejos","isPartOf":{"@id":"https:\/\/www.noticiasradioreflejos.com.ar\/2021\/#website"},"datePublished":"2017-04-02T17:25:37+00:00","author":{"@id":"https:\/\/www.noticiasradioreflejos.com.ar\/2021\/#\/schema\/person\/ad82545263dcc5ec0996818884fd5fb1"},"breadcrumb":{"@id":"https:\/\/www.noticiasradioreflejos.com.ar\/2021\/centenario-de-la-biblioteca-popular-ernesto-tornquist\/#breadcrumb"},"inLanguage":"es","potentialAction":[{"@type":"ReadAction","target":["https:\/\/www.noticiasradioreflejos.com.ar\/2021\/centenario-de-la-biblioteca-popular-ernesto-tornquist\/"]}]},{"@type":"BreadcrumbList","@id":"https:\/\/www.noticiasradioreflejos.com.ar\/2021\/centenario-de-la-biblioteca-popular-ernesto-tornquist\/#breadcrumb","itemListElement":[{"@type":"ListItem","position":1,"name":"Portada","item":"https:\/\/www.noticiasradioreflejos.com.ar\/2021\/"},{"@type":"ListItem","position":2,"name":"Centenario de la Biblioteca Popular &quot;Ernesto Tornquist&quot;"}]},{"@type":"WebSite","@id":"https:\/\/www.noticiasradioreflejos.com.ar\/2021\/#website","url":"https:\/\/www.noticiasradioreflejos.com.ar\/2021\/","name":"Noticias Radio Reflejos","description":"Las noticias de mi comarca","potentialAction":[{"@type":"SearchAction","target":{"@type":"EntryPoint","urlTemplate":"https:\/\/www.noticiasradioreflejos.com.ar\/2021\/?s={search_term_string}"},"query-input":{"@type":"PropertyValueSpecification","valueRequired":true,"valueName":"search_term_string"}}],"inLanguage":"es"},{"@type":"Person","@id":"https:\/\/www.noticiasradioreflejos.com.ar\/2021\/#\/schema\/person\/ad82545263dcc5ec0996818884fd5fb1","name":"Arnaldo Botto","image":{"@type":"ImageObject","inLanguage":"es","@id":"https:\/\/www.noticiasradioreflejos.com.ar\/2021\/#\/schema\/person\/image\/","url":"https:\/\/secure.gravatar.com\/avatar\/55cb5e37c1efa326397366e6974cb338056df65cb50e7d64d1cf314e87504837?s=96&d=mm&r=g","contentUrl":"https:\/\/secure.gravatar.com\/avatar\/55cb5e37c1efa326397366e6974cb338056df65cb50e7d64d1cf314e87504837?s=96&d=mm&r=g","caption":"Arnaldo Botto"},"url":"https:\/\/www.noticiasradioreflejos.com.ar\/2021\/author\/arnaldo\/"}]}},"_links":{"self":[{"href":"https:\/\/www.noticiasradioreflejos.com.ar\/2021\/wp-json\/wp\/v2\/posts\/8620","targetHints":{"allow":["GET"]}}],"collection":[{"href":"https:\/\/www.noticiasradioreflejos.com.ar\/2021\/wp-json\/wp\/v2\/posts"}],"about":[{"href":"https:\/\/www.noticiasradioreflejos.com.ar\/2021\/wp-json\/wp\/v2\/types\/post"}],"author":[{"embeddable":true,"href":"https:\/\/www.noticiasradioreflejos.com.ar\/2021\/wp-json\/wp\/v2\/users\/3"}],"replies":[{"embeddable":true,"href":"https:\/\/www.noticiasradioreflejos.com.ar\/2021\/wp-json\/wp\/v2\/comments?post=8620"}],"version-history":[{"count":0,"href":"https:\/\/www.noticiasradioreflejos.com.ar\/2021\/wp-json\/wp\/v2\/posts\/8620\/revisions"}],"wp:attachment":[{"href":"https:\/\/www.noticiasradioreflejos.com.ar\/2021\/wp-json\/wp\/v2\/media?parent=8620"}],"wp:term":[{"taxonomy":"category","embeddable":true,"href":"https:\/\/www.noticiasradioreflejos.com.ar\/2021\/wp-json\/wp\/v2\/categories?post=8620"},{"taxonomy":"post_tag","embeddable":true,"href":"https:\/\/www.noticiasradioreflejos.com.ar\/2021\/wp-json\/wp\/v2\/tags?post=8620"}],"curies":[{"name":"wp","href":"https:\/\/api.w.org\/{rel}","templated":true}]}}