{"id":86176,"date":"2023-03-30T13:16:34","date_gmt":"2023-03-30T13:16:34","guid":{"rendered":"https:\/\/www.noticiasradioreflejos.com.ar\/2021\/?p=86176"},"modified":"2023-03-30T13:16:34","modified_gmt":"2023-03-30T13:16:34","slug":"el-vaticano-afirma-que-la-doctrina-del-descubrimiento-nunca-fue-catolica-y-pide-perdon-a-indigenas","status":"publish","type":"post","link":"https:\/\/www.noticiasradioreflejos.com.ar\/2021\/el-vaticano-afirma-que-la-doctrina-del-descubrimiento-nunca-fue-catolica-y-pide-perdon-a-indigenas\/","title":{"rendered":"El Vaticano afirma que la \u00abDoctrina del descubrimiento\u00bb nunca fue cat\u00f3lica y pide perd\u00f3n a ind\u00edgenas"},"content":{"rendered":"<p>El Vaticano afirm\u00f3 hoy que la \u00abDoctrina del descubrimiento\u00bb, como se conoce a la serie de bulas papales que en el siglo XV dieron la bendici\u00f3n de la Iglesia a la ocupaci\u00f3n de tierras ind\u00edgenas en Am\u00e9rica y \u00c1frica, nunca fue cat\u00f3lica, al tiempo que lament\u00f3 los \u00abactos malvados\u00bb que cometieron los cristianos contra estas poblaciones y oficializ\u00f3 su pedido de \u00abperd\u00f3n\u00bb.<!--more--><\/p>\n<p>\u00abLa Doctrina del descubrimiento no forma parte de la ense\u00f1anza de la Iglesia cat\u00f3lica\u00bb, plantearon en una nota conjunta los Dicasterios para la Cultura y el Desarrollo Humano Integral, en la que los organismos sostienen que \u00abmuchos cristianos han cometido actos malvados contra los pueblos ind\u00edgenas\u00bb.<\/p>\n<p>\u00abGracias a la ayuda de los pueblos ind\u00edgenas, la Iglesia ha tomado mayor conciencia de sus sufrimientos, pasados y presentes, provocados por la expropiaci\u00f3n de sus tierras\u00bb, y \u00ablas pol\u00edticas de asimilaci\u00f3n forzada, promovidas por las autoridades de gobierno de la \u00e9poca, que buscaban eliminar sus culturas ind\u00edgenas\u00bb, agreg\u00f3 el escrito oficial.<\/p>\n<p>Seg\u00fan algunos estudiosos, esta \u00abdoctrina\u00bb encontr\u00f3 su fundamento en diversos documentos papales, en particular las Bulas de Nicol\u00e1s V \u00abDum Diversas\u00bb (1452) y \u00abRomanus Pontifex\u00bb (1455), y en la de Alejandro VI \u00abInter Caetera\u00bb (1493).<\/p>\n<p>Se trata de actos con los cuales estos dos Pont\u00edfices autorizaban a los soberanos portugu\u00e9s y espa\u00f1ol a apoderarse de las propiedades en las tierras colonizadas sometiendo a las poblaciones originarias.<\/p>\n<p>\u00abLa investigaci\u00f3n hist\u00f3rica demuestra claramente que los documentos papales en cuesti\u00f3n, escritos en un per\u00edodo hist\u00f3rico espec\u00edfico y relacionados a cuestiones pol\u00edticas, nunca han sido considerados expresiones de la fe cat\u00f3lica\u00bb, agreg\u00f3 la misiva.<\/p>\n<p>El reclamo de una revisi\u00f3n de las bulas de la \u00e9poca de la conquista hab\u00eda sido uno de los ejes de los reclamos, entre otros, del Gobierno canadiense al pont\u00edfice durante la visita de julio pasado.<\/p>\n<p>En ese marco, la nota conjunta agreg\u00f3 que, \u00abal mismo tiempo, la Iglesia reconoce que estas bulas papales no reflejaban adecuadamente la igual dignidad y los derechos de los pueblos ind\u00edgenas\u00bb.<\/p>\n<p>\u00abLa Iglesia tambi\u00e9n es consciente del hecho de que el contenido de estos documentos ha sido manipulado para fines pol\u00edticos por las potencias coloniales que compet\u00edan entre s\u00ed, para justificar actos inmorales contra las poblaciones ind\u00edgenas, realizados algunas veces sin oposici\u00f3n de las autoridades eclesi\u00e1sticas\u00bb, se inform\u00f3.<\/p>\n<p>\u00abEs justo reconocer estos errores, reconocer los terribles efectos de las pol\u00edticas de asimilaci\u00f3n y el dolor experimentado por las poblaciones ind\u00edgenas, as\u00ed como pedir perd\u00f3n\u00bb, a\u00f1adi\u00f3 la nota.<\/p>\n","protected":false},"excerpt":{"rendered":"<p>El Vaticano afirm\u00f3 hoy que la \u00abDoctrina del descubrimiento\u00bb, como se conoce a la serie de bulas papales que en el siglo XV dieron la bendici\u00f3n de la Iglesia a la ocupaci\u00f3n de tierras ind\u00edgenas en Am\u00e9rica y \u00c1frica, nunca fue cat\u00f3lica, al tiempo que lament\u00f3 los \u00abactos malvados\u00bb que cometieron los cristianos contra estas [&hellip;]<\/p>\n","protected":false},"author":3,"featured_media":0,"comment_status":"closed","ping_status":"closed","sticky":false,"template":"","format":"standard","meta":{"footnotes":""},"categories":[35],"tags":[],"class_list":["post-86176","post","type-post","status-publish","format-standard","hentry","category-cultura"],"yoast_head":"<!-- This site is optimized with the Yoast SEO plugin v25.9 - https:\/\/yoast.com\/wordpress\/plugins\/seo\/ -->\n<title>El Vaticano afirma que la &quot;Doctrina del descubrimiento&quot; nunca fue cat\u00f3lica y pide perd\u00f3n a ind\u00edgenas - Noticias Radio Reflejos<\/title>\n<meta name=\"robots\" content=\"index, follow, max-snippet:-1, max-image-preview:large, max-video-preview:-1\" \/>\n<link rel=\"canonical\" href=\"https:\/\/www.noticiasradioreflejos.com.ar\/2021\/el-vaticano-afirma-que-la-doctrina-del-descubrimiento-nunca-fue-catolica-y-pide-perdon-a-indigenas\/\" \/>\n<meta property=\"og:locale\" content=\"es_ES\" \/>\n<meta property=\"og:type\" content=\"article\" \/>\n<meta property=\"og:title\" content=\"El Vaticano afirma que la &quot;Doctrina del descubrimiento&quot; nunca fue cat\u00f3lica y pide perd\u00f3n a ind\u00edgenas - Noticias Radio Reflejos\" \/>\n<meta property=\"og:description\" content=\"El Vaticano afirm\u00f3 hoy que la \u00abDoctrina del descubrimiento\u00bb, como se conoce a la serie de bulas papales que en el siglo XV dieron la bendici\u00f3n de la Iglesia a la ocupaci\u00f3n de tierras ind\u00edgenas en Am\u00e9rica y \u00c1frica, nunca fue cat\u00f3lica, al tiempo que lament\u00f3 los \u00abactos malvados\u00bb que cometieron los cristianos contra estas [&hellip;]\" \/>\n<meta property=\"og:url\" content=\"https:\/\/www.noticiasradioreflejos.com.ar\/2021\/el-vaticano-afirma-que-la-doctrina-del-descubrimiento-nunca-fue-catolica-y-pide-perdon-a-indigenas\/\" \/>\n<meta property=\"og:site_name\" content=\"Noticias Radio Reflejos\" \/>\n<meta property=\"article:published_time\" content=\"2023-03-30T13:16:34+00:00\" \/>\n<meta property=\"og:image\" content=\"https:\/\/www.noticiasradioreflejos.com.ar\/2021\/wp-content\/uploads\/2021\/07\/logosol300x200.png\" \/>\n\t<meta property=\"og:image:width\" content=\"300\" \/>\n\t<meta property=\"og:image:height\" content=\"200\" \/>\n\t<meta property=\"og:image:type\" content=\"image\/png\" \/>\n<meta name=\"author\" content=\"Arnaldo Botto\" \/>\n<meta name=\"twitter:card\" content=\"summary_large_image\" \/>\n<script type=\"application\/ld+json\" class=\"yoast-schema-graph\">{\"@context\":\"https:\/\/schema.org\",\"@graph\":[{\"@type\":\"WebPage\",\"@id\":\"https:\/\/www.noticiasradioreflejos.com.ar\/2021\/el-vaticano-afirma-que-la-doctrina-del-descubrimiento-nunca-fue-catolica-y-pide-perdon-a-indigenas\/\",\"url\":\"https:\/\/www.noticiasradioreflejos.com.ar\/2021\/el-vaticano-afirma-que-la-doctrina-del-descubrimiento-nunca-fue-catolica-y-pide-perdon-a-indigenas\/\",\"name\":\"El Vaticano afirma que la \\\"Doctrina del descubrimiento\\\" nunca fue cat\u00f3lica y pide perd\u00f3n a ind\u00edgenas - Noticias Radio Reflejos\",\"isPartOf\":{\"@id\":\"https:\/\/www.noticiasradioreflejos.com.ar\/2021\/#website\"},\"datePublished\":\"2023-03-30T13:16:34+00:00\",\"author\":{\"@id\":\"https:\/\/www.noticiasradioreflejos.com.ar\/2021\/#\/schema\/person\/ad82545263dcc5ec0996818884fd5fb1\"},\"breadcrumb\":{\"@id\":\"https:\/\/www.noticiasradioreflejos.com.ar\/2021\/el-vaticano-afirma-que-la-doctrina-del-descubrimiento-nunca-fue-catolica-y-pide-perdon-a-indigenas\/#breadcrumb\"},\"inLanguage\":\"es\",\"potentialAction\":[{\"@type\":\"ReadAction\",\"target\":[\"https:\/\/www.noticiasradioreflejos.com.ar\/2021\/el-vaticano-afirma-que-la-doctrina-del-descubrimiento-nunca-fue-catolica-y-pide-perdon-a-indigenas\/\"]}]},{\"@type\":\"BreadcrumbList\",\"@id\":\"https:\/\/www.noticiasradioreflejos.com.ar\/2021\/el-vaticano-afirma-que-la-doctrina-del-descubrimiento-nunca-fue-catolica-y-pide-perdon-a-indigenas\/#breadcrumb\",\"itemListElement\":[{\"@type\":\"ListItem\",\"position\":1,\"name\":\"Portada\",\"item\":\"https:\/\/www.noticiasradioreflejos.com.ar\/2021\/\"},{\"@type\":\"ListItem\",\"position\":2,\"name\":\"El Vaticano afirma que la \u00abDoctrina del descubrimiento\u00bb nunca fue cat\u00f3lica y pide perd\u00f3n a ind\u00edgenas\"}]},{\"@type\":\"WebSite\",\"@id\":\"https:\/\/www.noticiasradioreflejos.com.ar\/2021\/#website\",\"url\":\"https:\/\/www.noticiasradioreflejos.com.ar\/2021\/\",\"name\":\"Noticias Radio Reflejos\",\"description\":\"Las noticias de mi comarca\",\"potentialAction\":[{\"@type\":\"SearchAction\",\"target\":{\"@type\":\"EntryPoint\",\"urlTemplate\":\"https:\/\/www.noticiasradioreflejos.com.ar\/2021\/?s={search_term_string}\"},\"query-input\":{\"@type\":\"PropertyValueSpecification\",\"valueRequired\":true,\"valueName\":\"search_term_string\"}}],\"inLanguage\":\"es\"},{\"@type\":\"Person\",\"@id\":\"https:\/\/www.noticiasradioreflejos.com.ar\/2021\/#\/schema\/person\/ad82545263dcc5ec0996818884fd5fb1\",\"name\":\"Arnaldo Botto\",\"image\":{\"@type\":\"ImageObject\",\"inLanguage\":\"es\",\"@id\":\"https:\/\/www.noticiasradioreflejos.com.ar\/2021\/#\/schema\/person\/image\/\",\"url\":\"https:\/\/secure.gravatar.com\/avatar\/55cb5e37c1efa326397366e6974cb338056df65cb50e7d64d1cf314e87504837?s=96&d=mm&r=g\",\"contentUrl\":\"https:\/\/secure.gravatar.com\/avatar\/55cb5e37c1efa326397366e6974cb338056df65cb50e7d64d1cf314e87504837?s=96&d=mm&r=g\",\"caption\":\"Arnaldo Botto\"},\"url\":\"https:\/\/www.noticiasradioreflejos.com.ar\/2021\/author\/arnaldo\/\"}]}<\/script>\n<!-- \/ Yoast SEO plugin. -->","yoast_head_json":{"title":"El Vaticano afirma que la \"Doctrina del descubrimiento\" nunca fue cat\u00f3lica y pide perd\u00f3n a ind\u00edgenas - Noticias Radio Reflejos","robots":{"index":"index","follow":"follow","max-snippet":"max-snippet:-1","max-image-preview":"max-image-preview:large","max-video-preview":"max-video-preview:-1"},"canonical":"https:\/\/www.noticiasradioreflejos.com.ar\/2021\/el-vaticano-afirma-que-la-doctrina-del-descubrimiento-nunca-fue-catolica-y-pide-perdon-a-indigenas\/","og_locale":"es_ES","og_type":"article","og_title":"El Vaticano afirma que la \"Doctrina del descubrimiento\" nunca fue cat\u00f3lica y pide perd\u00f3n a ind\u00edgenas - Noticias Radio Reflejos","og_description":"El Vaticano afirm\u00f3 hoy que la \u00abDoctrina del descubrimiento\u00bb, como se conoce a la serie de bulas papales que en el siglo XV dieron la bendici\u00f3n de la Iglesia a la ocupaci\u00f3n de tierras ind\u00edgenas en Am\u00e9rica y \u00c1frica, nunca fue cat\u00f3lica, al tiempo que lament\u00f3 los \u00abactos malvados\u00bb que cometieron los cristianos contra estas [&hellip;]","og_url":"https:\/\/www.noticiasradioreflejos.com.ar\/2021\/el-vaticano-afirma-que-la-doctrina-del-descubrimiento-nunca-fue-catolica-y-pide-perdon-a-indigenas\/","og_site_name":"Noticias Radio Reflejos","article_published_time":"2023-03-30T13:16:34+00:00","og_image":[{"width":300,"height":200,"url":"https:\/\/www.noticiasradioreflejos.com.ar\/2021\/wp-content\/uploads\/2021\/07\/logosol300x200.png","type":"image\/png"}],"author":"Arnaldo Botto","twitter_card":"summary_large_image","schema":{"@context":"https:\/\/schema.org","@graph":[{"@type":"WebPage","@id":"https:\/\/www.noticiasradioreflejos.com.ar\/2021\/el-vaticano-afirma-que-la-doctrina-del-descubrimiento-nunca-fue-catolica-y-pide-perdon-a-indigenas\/","url":"https:\/\/www.noticiasradioreflejos.com.ar\/2021\/el-vaticano-afirma-que-la-doctrina-del-descubrimiento-nunca-fue-catolica-y-pide-perdon-a-indigenas\/","name":"El Vaticano afirma que la \"Doctrina del descubrimiento\" nunca fue cat\u00f3lica y pide perd\u00f3n a ind\u00edgenas - Noticias Radio Reflejos","isPartOf":{"@id":"https:\/\/www.noticiasradioreflejos.com.ar\/2021\/#website"},"datePublished":"2023-03-30T13:16:34+00:00","author":{"@id":"https:\/\/www.noticiasradioreflejos.com.ar\/2021\/#\/schema\/person\/ad82545263dcc5ec0996818884fd5fb1"},"breadcrumb":{"@id":"https:\/\/www.noticiasradioreflejos.com.ar\/2021\/el-vaticano-afirma-que-la-doctrina-del-descubrimiento-nunca-fue-catolica-y-pide-perdon-a-indigenas\/#breadcrumb"},"inLanguage":"es","potentialAction":[{"@type":"ReadAction","target":["https:\/\/www.noticiasradioreflejos.com.ar\/2021\/el-vaticano-afirma-que-la-doctrina-del-descubrimiento-nunca-fue-catolica-y-pide-perdon-a-indigenas\/"]}]},{"@type":"BreadcrumbList","@id":"https:\/\/www.noticiasradioreflejos.com.ar\/2021\/el-vaticano-afirma-que-la-doctrina-del-descubrimiento-nunca-fue-catolica-y-pide-perdon-a-indigenas\/#breadcrumb","itemListElement":[{"@type":"ListItem","position":1,"name":"Portada","item":"https:\/\/www.noticiasradioreflejos.com.ar\/2021\/"},{"@type":"ListItem","position":2,"name":"El Vaticano afirma que la \u00abDoctrina del descubrimiento\u00bb nunca fue cat\u00f3lica y pide perd\u00f3n a ind\u00edgenas"}]},{"@type":"WebSite","@id":"https:\/\/www.noticiasradioreflejos.com.ar\/2021\/#website","url":"https:\/\/www.noticiasradioreflejos.com.ar\/2021\/","name":"Noticias Radio Reflejos","description":"Las noticias de mi comarca","potentialAction":[{"@type":"SearchAction","target":{"@type":"EntryPoint","urlTemplate":"https:\/\/www.noticiasradioreflejos.com.ar\/2021\/?s={search_term_string}"},"query-input":{"@type":"PropertyValueSpecification","valueRequired":true,"valueName":"search_term_string"}}],"inLanguage":"es"},{"@type":"Person","@id":"https:\/\/www.noticiasradioreflejos.com.ar\/2021\/#\/schema\/person\/ad82545263dcc5ec0996818884fd5fb1","name":"Arnaldo Botto","image":{"@type":"ImageObject","inLanguage":"es","@id":"https:\/\/www.noticiasradioreflejos.com.ar\/2021\/#\/schema\/person\/image\/","url":"https:\/\/secure.gravatar.com\/avatar\/55cb5e37c1efa326397366e6974cb338056df65cb50e7d64d1cf314e87504837?s=96&d=mm&r=g","contentUrl":"https:\/\/secure.gravatar.com\/avatar\/55cb5e37c1efa326397366e6974cb338056df65cb50e7d64d1cf314e87504837?s=96&d=mm&r=g","caption":"Arnaldo Botto"},"url":"https:\/\/www.noticiasradioreflejos.com.ar\/2021\/author\/arnaldo\/"}]}},"_links":{"self":[{"href":"https:\/\/www.noticiasradioreflejos.com.ar\/2021\/wp-json\/wp\/v2\/posts\/86176","targetHints":{"allow":["GET"]}}],"collection":[{"href":"https:\/\/www.noticiasradioreflejos.com.ar\/2021\/wp-json\/wp\/v2\/posts"}],"about":[{"href":"https:\/\/www.noticiasradioreflejos.com.ar\/2021\/wp-json\/wp\/v2\/types\/post"}],"author":[{"embeddable":true,"href":"https:\/\/www.noticiasradioreflejos.com.ar\/2021\/wp-json\/wp\/v2\/users\/3"}],"replies":[{"embeddable":true,"href":"https:\/\/www.noticiasradioreflejos.com.ar\/2021\/wp-json\/wp\/v2\/comments?post=86176"}],"version-history":[{"count":1,"href":"https:\/\/www.noticiasradioreflejos.com.ar\/2021\/wp-json\/wp\/v2\/posts\/86176\/revisions"}],"predecessor-version":[{"id":86178,"href":"https:\/\/www.noticiasradioreflejos.com.ar\/2021\/wp-json\/wp\/v2\/posts\/86176\/revisions\/86178"}],"wp:attachment":[{"href":"https:\/\/www.noticiasradioreflejos.com.ar\/2021\/wp-json\/wp\/v2\/media?parent=86176"}],"wp:term":[{"taxonomy":"category","embeddable":true,"href":"https:\/\/www.noticiasradioreflejos.com.ar\/2021\/wp-json\/wp\/v2\/categories?post=86176"},{"taxonomy":"post_tag","embeddable":true,"href":"https:\/\/www.noticiasradioreflejos.com.ar\/2021\/wp-json\/wp\/v2\/tags?post=86176"}],"curies":[{"name":"wp","href":"https:\/\/api.w.org\/{rel}","templated":true}]}}