{"id":86152,"date":"2023-03-29T20:18:18","date_gmt":"2023-03-29T20:18:18","guid":{"rendered":"https:\/\/www.noticiasradioreflejos.com.ar\/2021\/?p=86152"},"modified":"2023-03-29T20:18:18","modified_gmt":"2023-03-29T20:18:18","slug":"participacion-por-fallecimiento-207","status":"publish","type":"post","link":"https:\/\/www.noticiasradioreflejos.com.ar\/2021\/participacion-por-fallecimiento-207\/","title":{"rendered":"Participaci\u00f3n por fallecimiento"},"content":{"rendered":"<p>El intendente Sergio Bordoni y su equipo de trabajo, participan con hondo pesar el fallecimiento de Stella Maris Alay\u00f3n, quien fuera empleada del municipio de Tornquist durante 37 a\u00f1os, desempe\u00f1\u00e1ndose como Jefa de Recaudaci\u00f3n hasta el momento de su merecida jubilaci\u00f3n en 2017. Tambi\u00e9n lo hace el Honorable Concejo Deliberante<!--more--><\/p>\n<p>Acompa\u00f1an a su familia y seres queridos en este dif\u00edcil momento y solicitan una oraci\u00f3n por su eterno descanso.<\/p>\n<p><a data-flickr-embed=\"true\" href=\"https:\/\/www.flickr.com\/photos\/182279889@N02\/52780400013\/in\/dateposted-public\/\" title=\"El Honorable Concejo Deliberante participa con profundo pesar del fallecimiento del Sr. Jos\u00e9 &quot;Pepe&quot; Bordoni, padre del Intendente Municipal Sergio Bordoni. - 1\"><img loading=\"lazy\" decoding=\"async\" src=\"https:\/\/live.staticflickr.com\/65535\/52780400013_72e97710f5_c.jpg\" width=\"800\" height=\"800\" alt=\"El Honorable Concejo Deliberante participa con profundo pesar del fallecimiento del Sr. Jos\u00e9 &quot;Pepe&quot; Bordoni, padre del Intendente Municipal Sergio Bordoni. - 1\"\/><\/a><script async src=\"\/\/embedr.flickr.com\/assets\/client-code.js\" charset=\"utf-8\"><\/script><\/p>\n","protected":false},"excerpt":{"rendered":"<p>El intendente Sergio Bordoni y su equipo de trabajo, participan con hondo pesar el fallecimiento de Stella Maris Alay\u00f3n, quien fuera empleada del municipio de Tornquist durante 37 a\u00f1os, desempe\u00f1\u00e1ndose como Jefa de Recaudaci\u00f3n hasta el momento de su merecida jubilaci\u00f3n en 2017. Tambi\u00e9n lo hace el Honorable Concejo Deliberante<\/p>\n","protected":false},"author":3,"featured_media":16409,"comment_status":"closed","ping_status":"closed","sticky":false,"template":"","format":"standard","meta":{"footnotes":""},"categories":[26],"tags":[],"class_list":["post-86152","post","type-post","status-publish","format-standard","has-post-thumbnail","hentry","category-sociedad"],"yoast_head":"<!-- This site is optimized with the Yoast SEO plugin v25.9 - https:\/\/yoast.com\/wordpress\/plugins\/seo\/ -->\n<title>Participaci\u00f3n por fallecimiento - Noticias Radio Reflejos<\/title>\n<meta name=\"robots\" content=\"index, follow, max-snippet:-1, max-image-preview:large, max-video-preview:-1\" \/>\n<link rel=\"canonical\" href=\"https:\/\/www.noticiasradioreflejos.com.ar\/2021\/participacion-por-fallecimiento-207\/\" \/>\n<meta property=\"og:locale\" content=\"es_ES\" \/>\n<meta property=\"og:type\" content=\"article\" \/>\n<meta property=\"og:title\" content=\"Participaci\u00f3n por fallecimiento - Noticias Radio Reflejos\" \/>\n<meta property=\"og:description\" content=\"El intendente Sergio Bordoni y su equipo de trabajo, participan con hondo pesar el fallecimiento de Stella Maris Alay\u00f3n, quien fuera empleada del municipio de Tornquist durante 37 a\u00f1os, desempe\u00f1\u00e1ndose como Jefa de Recaudaci\u00f3n hasta el momento de su merecida jubilaci\u00f3n en 2017. Tambi\u00e9n lo hace el Honorable Concejo Deliberante\" \/>\n<meta property=\"og:url\" content=\"https:\/\/www.noticiasradioreflejos.com.ar\/2021\/participacion-por-fallecimiento-207\/\" \/>\n<meta property=\"og:site_name\" content=\"Noticias Radio Reflejos\" \/>\n<meta property=\"article:published_time\" content=\"2023-03-29T20:18:18+00:00\" \/>\n<meta property=\"og:image\" content=\"https:\/\/www.noticiasradioreflejos.com.ar\/2021\/wp-content\/uploads\/2017\/11\/cinta-duelo.jpg\" \/>\n\t<meta property=\"og:image:width\" content=\"629\" \/>\n\t<meta property=\"og:image:height\" content=\"419\" \/>\n\t<meta property=\"og:image:type\" content=\"image\/jpeg\" \/>\n<meta name=\"author\" content=\"Arnaldo Botto\" \/>\n<meta name=\"twitter:card\" content=\"summary_large_image\" \/>\n<script type=\"application\/ld+json\" class=\"yoast-schema-graph\">{\"@context\":\"https:\/\/schema.org\",\"@graph\":[{\"@type\":\"WebPage\",\"@id\":\"https:\/\/www.noticiasradioreflejos.com.ar\/2021\/participacion-por-fallecimiento-207\/\",\"url\":\"https:\/\/www.noticiasradioreflejos.com.ar\/2021\/participacion-por-fallecimiento-207\/\",\"name\":\"Participaci\u00f3n por fallecimiento - Noticias Radio Reflejos\",\"isPartOf\":{\"@id\":\"https:\/\/www.noticiasradioreflejos.com.ar\/2021\/#website\"},\"primaryImageOfPage\":{\"@id\":\"https:\/\/www.noticiasradioreflejos.com.ar\/2021\/participacion-por-fallecimiento-207\/#primaryimage\"},\"image\":{\"@id\":\"https:\/\/www.noticiasradioreflejos.com.ar\/2021\/participacion-por-fallecimiento-207\/#primaryimage\"},\"thumbnailUrl\":\"https:\/\/www.noticiasradioreflejos.com.ar\/2021\/wp-content\/uploads\/2017\/11\/cinta-duelo.jpg\",\"datePublished\":\"2023-03-29T20:18:18+00:00\",\"author\":{\"@id\":\"https:\/\/www.noticiasradioreflejos.com.ar\/2021\/#\/schema\/person\/ad82545263dcc5ec0996818884fd5fb1\"},\"breadcrumb\":{\"@id\":\"https:\/\/www.noticiasradioreflejos.com.ar\/2021\/participacion-por-fallecimiento-207\/#breadcrumb\"},\"inLanguage\":\"es\",\"potentialAction\":[{\"@type\":\"ReadAction\",\"target\":[\"https:\/\/www.noticiasradioreflejos.com.ar\/2021\/participacion-por-fallecimiento-207\/\"]}]},{\"@type\":\"ImageObject\",\"inLanguage\":\"es\",\"@id\":\"https:\/\/www.noticiasradioreflejos.com.ar\/2021\/participacion-por-fallecimiento-207\/#primaryimage\",\"url\":\"https:\/\/www.noticiasradioreflejos.com.ar\/2021\/wp-content\/uploads\/2017\/11\/cinta-duelo.jpg\",\"contentUrl\":\"https:\/\/www.noticiasradioreflejos.com.ar\/2021\/wp-content\/uploads\/2017\/11\/cinta-duelo.jpg\",\"width\":629,\"height\":419},{\"@type\":\"BreadcrumbList\",\"@id\":\"https:\/\/www.noticiasradioreflejos.com.ar\/2021\/participacion-por-fallecimiento-207\/#breadcrumb\",\"itemListElement\":[{\"@type\":\"ListItem\",\"position\":1,\"name\":\"Portada\",\"item\":\"https:\/\/www.noticiasradioreflejos.com.ar\/2021\/\"},{\"@type\":\"ListItem\",\"position\":2,\"name\":\"Participaci\u00f3n por fallecimiento\"}]},{\"@type\":\"WebSite\",\"@id\":\"https:\/\/www.noticiasradioreflejos.com.ar\/2021\/#website\",\"url\":\"https:\/\/www.noticiasradioreflejos.com.ar\/2021\/\",\"name\":\"Noticias Radio Reflejos\",\"description\":\"Las noticias de mi comarca\",\"potentialAction\":[{\"@type\":\"SearchAction\",\"target\":{\"@type\":\"EntryPoint\",\"urlTemplate\":\"https:\/\/www.noticiasradioreflejos.com.ar\/2021\/?s={search_term_string}\"},\"query-input\":{\"@type\":\"PropertyValueSpecification\",\"valueRequired\":true,\"valueName\":\"search_term_string\"}}],\"inLanguage\":\"es\"},{\"@type\":\"Person\",\"@id\":\"https:\/\/www.noticiasradioreflejos.com.ar\/2021\/#\/schema\/person\/ad82545263dcc5ec0996818884fd5fb1\",\"name\":\"Arnaldo Botto\",\"image\":{\"@type\":\"ImageObject\",\"inLanguage\":\"es\",\"@id\":\"https:\/\/www.noticiasradioreflejos.com.ar\/2021\/#\/schema\/person\/image\/\",\"url\":\"https:\/\/secure.gravatar.com\/avatar\/55cb5e37c1efa326397366e6974cb338056df65cb50e7d64d1cf314e87504837?s=96&d=mm&r=g\",\"contentUrl\":\"https:\/\/secure.gravatar.com\/avatar\/55cb5e37c1efa326397366e6974cb338056df65cb50e7d64d1cf314e87504837?s=96&d=mm&r=g\",\"caption\":\"Arnaldo Botto\"},\"url\":\"https:\/\/www.noticiasradioreflejos.com.ar\/2021\/author\/arnaldo\/\"}]}<\/script>\n<!-- \/ Yoast SEO plugin. -->","yoast_head_json":{"title":"Participaci\u00f3n por fallecimiento - Noticias Radio Reflejos","robots":{"index":"index","follow":"follow","max-snippet":"max-snippet:-1","max-image-preview":"max-image-preview:large","max-video-preview":"max-video-preview:-1"},"canonical":"https:\/\/www.noticiasradioreflejos.com.ar\/2021\/participacion-por-fallecimiento-207\/","og_locale":"es_ES","og_type":"article","og_title":"Participaci\u00f3n por fallecimiento - Noticias Radio Reflejos","og_description":"El intendente Sergio Bordoni y su equipo de trabajo, participan con hondo pesar el fallecimiento de Stella Maris Alay\u00f3n, quien fuera empleada del municipio de Tornquist durante 37 a\u00f1os, desempe\u00f1\u00e1ndose como Jefa de Recaudaci\u00f3n hasta el momento de su merecida jubilaci\u00f3n en 2017. Tambi\u00e9n lo hace el Honorable Concejo Deliberante","og_url":"https:\/\/www.noticiasradioreflejos.com.ar\/2021\/participacion-por-fallecimiento-207\/","og_site_name":"Noticias Radio Reflejos","article_published_time":"2023-03-29T20:18:18+00:00","og_image":[{"width":629,"height":419,"url":"https:\/\/www.noticiasradioreflejos.com.ar\/2021\/wp-content\/uploads\/2017\/11\/cinta-duelo.jpg","type":"image\/jpeg"}],"author":"Arnaldo Botto","twitter_card":"summary_large_image","schema":{"@context":"https:\/\/schema.org","@graph":[{"@type":"WebPage","@id":"https:\/\/www.noticiasradioreflejos.com.ar\/2021\/participacion-por-fallecimiento-207\/","url":"https:\/\/www.noticiasradioreflejos.com.ar\/2021\/participacion-por-fallecimiento-207\/","name":"Participaci\u00f3n por fallecimiento - Noticias Radio Reflejos","isPartOf":{"@id":"https:\/\/www.noticiasradioreflejos.com.ar\/2021\/#website"},"primaryImageOfPage":{"@id":"https:\/\/www.noticiasradioreflejos.com.ar\/2021\/participacion-por-fallecimiento-207\/#primaryimage"},"image":{"@id":"https:\/\/www.noticiasradioreflejos.com.ar\/2021\/participacion-por-fallecimiento-207\/#primaryimage"},"thumbnailUrl":"https:\/\/www.noticiasradioreflejos.com.ar\/2021\/wp-content\/uploads\/2017\/11\/cinta-duelo.jpg","datePublished":"2023-03-29T20:18:18+00:00","author":{"@id":"https:\/\/www.noticiasradioreflejos.com.ar\/2021\/#\/schema\/person\/ad82545263dcc5ec0996818884fd5fb1"},"breadcrumb":{"@id":"https:\/\/www.noticiasradioreflejos.com.ar\/2021\/participacion-por-fallecimiento-207\/#breadcrumb"},"inLanguage":"es","potentialAction":[{"@type":"ReadAction","target":["https:\/\/www.noticiasradioreflejos.com.ar\/2021\/participacion-por-fallecimiento-207\/"]}]},{"@type":"ImageObject","inLanguage":"es","@id":"https:\/\/www.noticiasradioreflejos.com.ar\/2021\/participacion-por-fallecimiento-207\/#primaryimage","url":"https:\/\/www.noticiasradioreflejos.com.ar\/2021\/wp-content\/uploads\/2017\/11\/cinta-duelo.jpg","contentUrl":"https:\/\/www.noticiasradioreflejos.com.ar\/2021\/wp-content\/uploads\/2017\/11\/cinta-duelo.jpg","width":629,"height":419},{"@type":"BreadcrumbList","@id":"https:\/\/www.noticiasradioreflejos.com.ar\/2021\/participacion-por-fallecimiento-207\/#breadcrumb","itemListElement":[{"@type":"ListItem","position":1,"name":"Portada","item":"https:\/\/www.noticiasradioreflejos.com.ar\/2021\/"},{"@type":"ListItem","position":2,"name":"Participaci\u00f3n por fallecimiento"}]},{"@type":"WebSite","@id":"https:\/\/www.noticiasradioreflejos.com.ar\/2021\/#website","url":"https:\/\/www.noticiasradioreflejos.com.ar\/2021\/","name":"Noticias Radio Reflejos","description":"Las noticias de mi comarca","potentialAction":[{"@type":"SearchAction","target":{"@type":"EntryPoint","urlTemplate":"https:\/\/www.noticiasradioreflejos.com.ar\/2021\/?s={search_term_string}"},"query-input":{"@type":"PropertyValueSpecification","valueRequired":true,"valueName":"search_term_string"}}],"inLanguage":"es"},{"@type":"Person","@id":"https:\/\/www.noticiasradioreflejos.com.ar\/2021\/#\/schema\/person\/ad82545263dcc5ec0996818884fd5fb1","name":"Arnaldo Botto","image":{"@type":"ImageObject","inLanguage":"es","@id":"https:\/\/www.noticiasradioreflejos.com.ar\/2021\/#\/schema\/person\/image\/","url":"https:\/\/secure.gravatar.com\/avatar\/55cb5e37c1efa326397366e6974cb338056df65cb50e7d64d1cf314e87504837?s=96&d=mm&r=g","contentUrl":"https:\/\/secure.gravatar.com\/avatar\/55cb5e37c1efa326397366e6974cb338056df65cb50e7d64d1cf314e87504837?s=96&d=mm&r=g","caption":"Arnaldo Botto"},"url":"https:\/\/www.noticiasradioreflejos.com.ar\/2021\/author\/arnaldo\/"}]}},"_links":{"self":[{"href":"https:\/\/www.noticiasradioreflejos.com.ar\/2021\/wp-json\/wp\/v2\/posts\/86152","targetHints":{"allow":["GET"]}}],"collection":[{"href":"https:\/\/www.noticiasradioreflejos.com.ar\/2021\/wp-json\/wp\/v2\/posts"}],"about":[{"href":"https:\/\/www.noticiasradioreflejos.com.ar\/2021\/wp-json\/wp\/v2\/types\/post"}],"author":[{"embeddable":true,"href":"https:\/\/www.noticiasradioreflejos.com.ar\/2021\/wp-json\/wp\/v2\/users\/3"}],"replies":[{"embeddable":true,"href":"https:\/\/www.noticiasradioreflejos.com.ar\/2021\/wp-json\/wp\/v2\/comments?post=86152"}],"version-history":[{"count":1,"href":"https:\/\/www.noticiasradioreflejos.com.ar\/2021\/wp-json\/wp\/v2\/posts\/86152\/revisions"}],"predecessor-version":[{"id":86153,"href":"https:\/\/www.noticiasradioreflejos.com.ar\/2021\/wp-json\/wp\/v2\/posts\/86152\/revisions\/86153"}],"wp:featuredmedia":[{"embeddable":true,"href":"https:\/\/www.noticiasradioreflejos.com.ar\/2021\/wp-json\/wp\/v2\/media\/16409"}],"wp:attachment":[{"href":"https:\/\/www.noticiasradioreflejos.com.ar\/2021\/wp-json\/wp\/v2\/media?parent=86152"}],"wp:term":[{"taxonomy":"category","embeddable":true,"href":"https:\/\/www.noticiasradioreflejos.com.ar\/2021\/wp-json\/wp\/v2\/categories?post=86152"},{"taxonomy":"post_tag","embeddable":true,"href":"https:\/\/www.noticiasradioreflejos.com.ar\/2021\/wp-json\/wp\/v2\/tags?post=86152"}],"curies":[{"name":"wp","href":"https:\/\/api.w.org\/{rel}","templated":true}]}}