{"id":8615,"date":"2017-04-01T21:57:25","date_gmt":"2017-04-02T00:57:25","guid":{"rendered":"http:\/\/noticiasradioreflejos.com.ar\/noticias\/?p=8615"},"modified":"2017-04-01T21:57:25","modified_gmt":"2017-04-02T00:57:25","slug":"sigue-la-lucha-docente","status":"publish","type":"post","link":"https:\/\/www.noticiasradioreflejos.com.ar\/2021\/sigue-la-lucha-docente\/","title":{"rendered":"Sigue la lucha docente."},"content":{"rendered":"<p>Comunicado de SUTEBA<br \/>\nUNAMOS LAS ESCUELAS<br \/>\nEn el d\u00eda de la fecha, se re\u00fane el Frente de Unidad Docente de la Provincia de\u00a0Buenos Aires (AMET, FEB, SADOP, SUTEBA, UDA, UDOCBA) para analizar el desarrollo\u00a0del conflicto educativo y de las acciones multitudinarias que los\u00a0docentes vienen realizando en todo el territorio provincial.<br \/>\nAsimismo, se plantea seguir generando acciones en Unidad para la resoluci\u00f3n del\u00a0conflicto educativo.<br \/>\nEl Frente de Unidad Docente Bonaerense expresa que:<!--more--><br \/>\nSigue firme la lucha y la demanda de un salario digno y ning\u00fan docente debajo\u00a0de la l\u00ednea de pobreza. As\u00ed tambi\u00e9n, seguimos reclamando mayor presupuesto\u00a0para la escuela p\u00fablica.<br \/>\nRatifica como pr\u00e1ctica democr\u00e1tica el di\u00e1logo, al que suscribimos plenamente\u00a0los docentes, por eso ha resuelto solicitar con car\u00e1cter de urgente\u00a0una Audiencia a la Gobernadora de la Pcia. Mar\u00eda Eugenia Vidal, requiriendo\u00a0su directa intervenci\u00f3n como m\u00e1xima responsable de la Educaci\u00f3n P\u00fablica\u00a0Bonaerense en la resoluci\u00f3n del conflicto educativo.<br \/>\nInforma que, tal como viene sucediendo en todo el desarrollo del conflicto, los\u00a0docentes vuelven a tomar la palabra en toda la Provincia de Buenos Aires\u00a0la semana pr\u00f3xima.<br \/>\nAMET &#8211; FEB &#8211; SADOP &#8211; SUTEBA &#8211; UDA &#8211; UDOCBA<br \/>\nEn este marco SUTEBA CONVOCA A PARO LUNES 3 Y MARTES 4 DE ABRIL<br \/>\n-LUNES 3 DE ABRIL A LAS 15.30 HS. REUNI\u00d3N\u00a0 DE AFILIADOS EN NUESTRA CEDE SINDICAL DE 25 DE MAYO 325, TORNQUIST<br \/>\n-MARTES 4 DE ABRIL, A 10 A\u00d1OS DE SU ASESINATO RECORDAMOS AL COMPA\u00d1ERO CARLOS FUENTEALBA EN UN ACTO CONMEMORATIVO EN EL MASTIL DE LA PLAZA INVITAMOS A TODA LA COMUNIDAD.<br \/>\nCTERA CONVOCA A UN PARO NACIONAL Y<br \/>\nJORNADA DE PROTESTA EL MI\u00c9RCOLES 5 DE ABRIL.<br \/>\nEl Plenario de Secretarios Generales de CTERA reunido en el d\u00eda de la fecha<br \/>\nha decidido convocar a un Paro Nacional y Jornada de Protesta para el d\u00eda<br \/>\nmi\u00e9rcoles 5 de abril.<br \/>\nAnte la continuidad de los conflictos provinciales por el incumplimiento de<br \/>\nla Ley de Financiamiento Educativo &#8211; Paritaria Nacional Docente\u00a0 &#8211; y los<br \/>\ntechos salariales impuestos en las provincias,\u00a0 y la situaci\u00f3n planteada en<br \/>\nla reuni\u00f3n del Consejo Federal de Educaci\u00f3n el 29 de marzo en Salta, donde<br \/>\nlos representantes de educaci\u00f3n de Misiones, Entre R\u00edos, Chaco, Catamarca,<br \/>\nTucum\u00e1n, Santa Cruz, Tierra del Fuego, Salta, han reclamado al Ministro de<br \/>\nEducaci\u00f3n de la Naci\u00f3n Esteban Bullrich la convocatoria a la Paritaria<br \/>\nNacional Docente \u2013 reclamo efectuado tambi\u00e9n por San Juan, San Luis,<br \/>\nSantiago del Estero y La Pampa \u2013 ante la grave situaci\u00f3n en sus provincias.<br \/>\nEl pan de acci\u00f3n de CTERA para la semana que viene ser\u00e1:<br \/>\n&#8211;\u00a0 \u00a0 \u00a0 \u00a0 \u00a0 4 de abril Jornada Nacional contra la Impunidad a 10 a\u00f1os del<br \/>\nasesinato del maestro Carlos Fuentealba con acto central en Neuqu\u00e9n, con la<br \/>\npresencia de la Secretaria General Sonia Alesso y delegaciones de todo el<br \/>\npa\u00eds.<br \/>\n&#8211;\u00a0 \u00a0 \u00a0 \u00a0 \u00a0 5 de abril Paro Nacional y Jornada de Protesta Docente<br \/>\n&#8211;\u00a0 \u00a0 \u00a0 \u00a0 \u00a0 6 adhesi\u00f3n al Paro General de la CGT y la CTA<br \/>\n&#8211;\u00a0 \u00a0 \u00a0 \u00a0 \u00a0 7 de abril reuni\u00f3n de Secretarios Generales de CTERA<br \/>\nBuenos Aires, viernes 31 de marzo de 2017<br \/>\nPLENARIO DE SECRETARIOS GENERALES DE CTERA<\/p>\n","protected":false},"excerpt":{"rendered":"<p>Comunicado de SUTEBA UNAMOS LAS ESCUELAS En el d\u00eda de la fecha, se re\u00fane el Frente de Unidad Docente de la Provincia de\u00a0Buenos Aires (AMET, FEB, SADOP, SUTEBA, UDA, UDOCBA) para analizar el desarrollo\u00a0del conflicto educativo y de las acciones multitudinarias que los\u00a0docentes vienen realizando en todo el territorio provincial. Asimismo, se plantea seguir generando [&hellip;]<\/p>\n","protected":false},"author":3,"featured_media":0,"comment_status":"closed","ping_status":"open","sticky":false,"template":"","format":"standard","meta":{"footnotes":""},"categories":[34],"tags":[],"class_list":["post-8615","post","type-post","status-publish","format-standard","hentry","category-educacion"],"yoast_head":"<!-- This site is optimized with the Yoast SEO plugin v25.9 - https:\/\/yoast.com\/wordpress\/plugins\/seo\/ -->\n<title>Sigue la lucha docente. - Noticias Radio Reflejos<\/title>\n<meta name=\"robots\" content=\"index, follow, max-snippet:-1, max-image-preview:large, max-video-preview:-1\" \/>\n<link rel=\"canonical\" href=\"https:\/\/www.noticiasradioreflejos.com.ar\/2021\/sigue-la-lucha-docente\/\" \/>\n<meta property=\"og:locale\" content=\"es_ES\" \/>\n<meta property=\"og:type\" content=\"article\" \/>\n<meta property=\"og:title\" content=\"Sigue la lucha docente. - Noticias Radio Reflejos\" \/>\n<meta property=\"og:description\" content=\"Comunicado de SUTEBA UNAMOS LAS ESCUELAS En el d\u00eda de la fecha, se re\u00fane el Frente de Unidad Docente de la Provincia de\u00a0Buenos Aires (AMET, FEB, SADOP, SUTEBA, UDA, UDOCBA) para analizar el desarrollo\u00a0del conflicto educativo y de las acciones multitudinarias que los\u00a0docentes vienen realizando en todo el territorio provincial. Asimismo, se plantea seguir generando [&hellip;]\" \/>\n<meta property=\"og:url\" content=\"https:\/\/www.noticiasradioreflejos.com.ar\/2021\/sigue-la-lucha-docente\/\" \/>\n<meta property=\"og:site_name\" content=\"Noticias Radio Reflejos\" \/>\n<meta property=\"article:published_time\" content=\"2017-04-02T00:57:25+00:00\" \/>\n<meta property=\"og:image\" content=\"https:\/\/www.noticiasradioreflejos.com.ar\/2021\/wp-content\/uploads\/2021\/07\/logosol300x200.png\" \/>\n\t<meta property=\"og:image:width\" content=\"300\" \/>\n\t<meta property=\"og:image:height\" content=\"200\" \/>\n\t<meta property=\"og:image:type\" content=\"image\/png\" \/>\n<meta name=\"author\" content=\"Arnaldo Botto\" \/>\n<meta name=\"twitter:card\" content=\"summary_large_image\" \/>\n<script type=\"application\/ld+json\" class=\"yoast-schema-graph\">{\"@context\":\"https:\/\/schema.org\",\"@graph\":[{\"@type\":\"WebPage\",\"@id\":\"https:\/\/www.noticiasradioreflejos.com.ar\/2021\/sigue-la-lucha-docente\/\",\"url\":\"https:\/\/www.noticiasradioreflejos.com.ar\/2021\/sigue-la-lucha-docente\/\",\"name\":\"Sigue la lucha docente. - Noticias Radio Reflejos\",\"isPartOf\":{\"@id\":\"https:\/\/www.noticiasradioreflejos.com.ar\/2021\/#website\"},\"datePublished\":\"2017-04-02T00:57:25+00:00\",\"author\":{\"@id\":\"https:\/\/www.noticiasradioreflejos.com.ar\/2021\/#\/schema\/person\/ad82545263dcc5ec0996818884fd5fb1\"},\"breadcrumb\":{\"@id\":\"https:\/\/www.noticiasradioreflejos.com.ar\/2021\/sigue-la-lucha-docente\/#breadcrumb\"},\"inLanguage\":\"es\",\"potentialAction\":[{\"@type\":\"ReadAction\",\"target\":[\"https:\/\/www.noticiasradioreflejos.com.ar\/2021\/sigue-la-lucha-docente\/\"]}]},{\"@type\":\"BreadcrumbList\",\"@id\":\"https:\/\/www.noticiasradioreflejos.com.ar\/2021\/sigue-la-lucha-docente\/#breadcrumb\",\"itemListElement\":[{\"@type\":\"ListItem\",\"position\":1,\"name\":\"Portada\",\"item\":\"https:\/\/www.noticiasradioreflejos.com.ar\/2021\/\"},{\"@type\":\"ListItem\",\"position\":2,\"name\":\"Sigue la lucha docente.\"}]},{\"@type\":\"WebSite\",\"@id\":\"https:\/\/www.noticiasradioreflejos.com.ar\/2021\/#website\",\"url\":\"https:\/\/www.noticiasradioreflejos.com.ar\/2021\/\",\"name\":\"Noticias Radio Reflejos\",\"description\":\"Las noticias de mi comarca\",\"potentialAction\":[{\"@type\":\"SearchAction\",\"target\":{\"@type\":\"EntryPoint\",\"urlTemplate\":\"https:\/\/www.noticiasradioreflejos.com.ar\/2021\/?s={search_term_string}\"},\"query-input\":{\"@type\":\"PropertyValueSpecification\",\"valueRequired\":true,\"valueName\":\"search_term_string\"}}],\"inLanguage\":\"es\"},{\"@type\":\"Person\",\"@id\":\"https:\/\/www.noticiasradioreflejos.com.ar\/2021\/#\/schema\/person\/ad82545263dcc5ec0996818884fd5fb1\",\"name\":\"Arnaldo Botto\",\"image\":{\"@type\":\"ImageObject\",\"inLanguage\":\"es\",\"@id\":\"https:\/\/www.noticiasradioreflejos.com.ar\/2021\/#\/schema\/person\/image\/\",\"url\":\"https:\/\/secure.gravatar.com\/avatar\/55cb5e37c1efa326397366e6974cb338056df65cb50e7d64d1cf314e87504837?s=96&d=mm&r=g\",\"contentUrl\":\"https:\/\/secure.gravatar.com\/avatar\/55cb5e37c1efa326397366e6974cb338056df65cb50e7d64d1cf314e87504837?s=96&d=mm&r=g\",\"caption\":\"Arnaldo Botto\"},\"url\":\"https:\/\/www.noticiasradioreflejos.com.ar\/2021\/author\/arnaldo\/\"}]}<\/script>\n<!-- \/ Yoast SEO plugin. -->","yoast_head_json":{"title":"Sigue la lucha docente. - Noticias Radio Reflejos","robots":{"index":"index","follow":"follow","max-snippet":"max-snippet:-1","max-image-preview":"max-image-preview:large","max-video-preview":"max-video-preview:-1"},"canonical":"https:\/\/www.noticiasradioreflejos.com.ar\/2021\/sigue-la-lucha-docente\/","og_locale":"es_ES","og_type":"article","og_title":"Sigue la lucha docente. - Noticias Radio Reflejos","og_description":"Comunicado de SUTEBA UNAMOS LAS ESCUELAS En el d\u00eda de la fecha, se re\u00fane el Frente de Unidad Docente de la Provincia de\u00a0Buenos Aires (AMET, FEB, SADOP, SUTEBA, UDA, UDOCBA) para analizar el desarrollo\u00a0del conflicto educativo y de las acciones multitudinarias que los\u00a0docentes vienen realizando en todo el territorio provincial. Asimismo, se plantea seguir generando [&hellip;]","og_url":"https:\/\/www.noticiasradioreflejos.com.ar\/2021\/sigue-la-lucha-docente\/","og_site_name":"Noticias Radio Reflejos","article_published_time":"2017-04-02T00:57:25+00:00","og_image":[{"width":300,"height":200,"url":"https:\/\/www.noticiasradioreflejos.com.ar\/2021\/wp-content\/uploads\/2021\/07\/logosol300x200.png","type":"image\/png"}],"author":"Arnaldo Botto","twitter_card":"summary_large_image","schema":{"@context":"https:\/\/schema.org","@graph":[{"@type":"WebPage","@id":"https:\/\/www.noticiasradioreflejos.com.ar\/2021\/sigue-la-lucha-docente\/","url":"https:\/\/www.noticiasradioreflejos.com.ar\/2021\/sigue-la-lucha-docente\/","name":"Sigue la lucha docente. - Noticias Radio Reflejos","isPartOf":{"@id":"https:\/\/www.noticiasradioreflejos.com.ar\/2021\/#website"},"datePublished":"2017-04-02T00:57:25+00:00","author":{"@id":"https:\/\/www.noticiasradioreflejos.com.ar\/2021\/#\/schema\/person\/ad82545263dcc5ec0996818884fd5fb1"},"breadcrumb":{"@id":"https:\/\/www.noticiasradioreflejos.com.ar\/2021\/sigue-la-lucha-docente\/#breadcrumb"},"inLanguage":"es","potentialAction":[{"@type":"ReadAction","target":["https:\/\/www.noticiasradioreflejos.com.ar\/2021\/sigue-la-lucha-docente\/"]}]},{"@type":"BreadcrumbList","@id":"https:\/\/www.noticiasradioreflejos.com.ar\/2021\/sigue-la-lucha-docente\/#breadcrumb","itemListElement":[{"@type":"ListItem","position":1,"name":"Portada","item":"https:\/\/www.noticiasradioreflejos.com.ar\/2021\/"},{"@type":"ListItem","position":2,"name":"Sigue la lucha docente."}]},{"@type":"WebSite","@id":"https:\/\/www.noticiasradioreflejos.com.ar\/2021\/#website","url":"https:\/\/www.noticiasradioreflejos.com.ar\/2021\/","name":"Noticias Radio Reflejos","description":"Las noticias de mi comarca","potentialAction":[{"@type":"SearchAction","target":{"@type":"EntryPoint","urlTemplate":"https:\/\/www.noticiasradioreflejos.com.ar\/2021\/?s={search_term_string}"},"query-input":{"@type":"PropertyValueSpecification","valueRequired":true,"valueName":"search_term_string"}}],"inLanguage":"es"},{"@type":"Person","@id":"https:\/\/www.noticiasradioreflejos.com.ar\/2021\/#\/schema\/person\/ad82545263dcc5ec0996818884fd5fb1","name":"Arnaldo Botto","image":{"@type":"ImageObject","inLanguage":"es","@id":"https:\/\/www.noticiasradioreflejos.com.ar\/2021\/#\/schema\/person\/image\/","url":"https:\/\/secure.gravatar.com\/avatar\/55cb5e37c1efa326397366e6974cb338056df65cb50e7d64d1cf314e87504837?s=96&d=mm&r=g","contentUrl":"https:\/\/secure.gravatar.com\/avatar\/55cb5e37c1efa326397366e6974cb338056df65cb50e7d64d1cf314e87504837?s=96&d=mm&r=g","caption":"Arnaldo Botto"},"url":"https:\/\/www.noticiasradioreflejos.com.ar\/2021\/author\/arnaldo\/"}]}},"_links":{"self":[{"href":"https:\/\/www.noticiasradioreflejos.com.ar\/2021\/wp-json\/wp\/v2\/posts\/8615","targetHints":{"allow":["GET"]}}],"collection":[{"href":"https:\/\/www.noticiasradioreflejos.com.ar\/2021\/wp-json\/wp\/v2\/posts"}],"about":[{"href":"https:\/\/www.noticiasradioreflejos.com.ar\/2021\/wp-json\/wp\/v2\/types\/post"}],"author":[{"embeddable":true,"href":"https:\/\/www.noticiasradioreflejos.com.ar\/2021\/wp-json\/wp\/v2\/users\/3"}],"replies":[{"embeddable":true,"href":"https:\/\/www.noticiasradioreflejos.com.ar\/2021\/wp-json\/wp\/v2\/comments?post=8615"}],"version-history":[{"count":0,"href":"https:\/\/www.noticiasradioreflejos.com.ar\/2021\/wp-json\/wp\/v2\/posts\/8615\/revisions"}],"wp:attachment":[{"href":"https:\/\/www.noticiasradioreflejos.com.ar\/2021\/wp-json\/wp\/v2\/media?parent=8615"}],"wp:term":[{"taxonomy":"category","embeddable":true,"href":"https:\/\/www.noticiasradioreflejos.com.ar\/2021\/wp-json\/wp\/v2\/categories?post=8615"},{"taxonomy":"post_tag","embeddable":true,"href":"https:\/\/www.noticiasradioreflejos.com.ar\/2021\/wp-json\/wp\/v2\/tags?post=8615"}],"curies":[{"name":"wp","href":"https:\/\/api.w.org\/{rel}","templated":true}]}}