{"id":86146,"date":"2023-03-29T18:35:28","date_gmt":"2023-03-29T18:35:28","guid":{"rendered":"https:\/\/www.noticiasradioreflejos.com.ar\/2021\/?p=86146"},"modified":"2023-03-29T18:35:28","modified_gmt":"2023-03-29T18:35:28","slug":"massa-se-reunio-con-fmi-y-el-organismo-multilateral-se-encamina-a-aprobar-revision-del-acuerdo","status":"publish","type":"post","link":"https:\/\/www.noticiasradioreflejos.com.ar\/2021\/massa-se-reunio-con-fmi-y-el-organismo-multilateral-se-encamina-a-aprobar-revision-del-acuerdo\/","title":{"rendered":"Massa se reuni\u00f3 con FMI y el organismo multilateral se encamina a aprobar revisi\u00f3n del acuerdo"},"content":{"rendered":"<p>El ministro de Econom\u00eda, Sergio Massa, mantuvo este mediod\u00eda en Washington una reuni\u00f3n con la primera subdirectora gerente del Fondo Monetario Internacional (FMI), Gita Gopinath, con quien evalu\u00f3 la \u00faltima revisi\u00f3n del acuerdo que aprob\u00f3 hace dos semanas el staff t\u00e9cnico del organismo y que ahora deber\u00e1 ser tratado por el Directorio para que se pueda concretar el desembolso de alrededor de US$ 5.300 millones (unos 4.000 millones de DEG, la moneda del FMI).<!--more--><\/p>\n<p>Junto a Massa estuvieron el jefe de Asesores del Palacio de Hacienda, Leonardo Madcur; el titular de la Direcci\u00f3n General de Aduana, Guillermo Michel; y Santiago Garc\u00eda V\u00e1zquez, responsable de comunicaci\u00f3n de la cartera.<\/p>\n<p>La semana pasada, la nueva vocera del FMI y exjefa de misi\u00f3n del Fondo en el caso argentino, Julie Kozack, asegur\u00f3 que el directorio del organismo tratar\u00e1 \u00abmuy pronto\u00bb el caso argentino para aprobar los US$ 5.300 millones pautados, tras el visto bueno de la revisi\u00f3n t\u00e9cnica del staff,<\/p>\n<p>Al respecto, se\u00f1al\u00f3 que \u00abt\u00edpicamente hay un per\u00edodo de tiempo\u00bb que se toma el directorio de no menos de dos semanas desde la aprobaci\u00f3n de la revisi\u00f3n t\u00e9cnica, que en el caso argentino fue el \u00faltimo 13 de marzo, en la que se acord\u00f3 tambi\u00e9n la revisi\u00f3n de metas de las reservas para el per\u00edodo 2023.<\/p>\n<p>Kozack ponder\u00f3 el manejo prudente de las pol\u00edticas macroecon\u00f3micas verificadas en la segunda parte de 2022, en pos de \u00abla estabilidad\u00bb, y destac\u00f3 \u00abel cumplimiento del programa con cierto margen\u00bb sobre las metas previstas para el cierre del cuarto trimestre.<\/p>\n","protected":false},"excerpt":{"rendered":"<p>El ministro de Econom\u00eda, Sergio Massa, mantuvo este mediod\u00eda en Washington una reuni\u00f3n con la primera subdirectora gerente del Fondo Monetario Internacional (FMI), Gita Gopinath, con quien evalu\u00f3 la \u00faltima revisi\u00f3n del acuerdo que aprob\u00f3 hace dos semanas el staff t\u00e9cnico del organismo y que ahora deber\u00e1 ser tratado por el Directorio para que se [&hellip;]<\/p>\n","protected":false},"author":3,"featured_media":0,"comment_status":"closed","ping_status":"closed","sticky":false,"template":"","format":"standard","meta":{"footnotes":""},"categories":[36,58,24],"tags":[],"class_list":["post-86146","post","type-post","status-publish","format-standard","hentry","category-economia","category-gobierno","category-politica"],"yoast_head":"<!-- This site is optimized with the Yoast SEO plugin v25.9 - https:\/\/yoast.com\/wordpress\/plugins\/seo\/ -->\n<title>Massa se reuni\u00f3 con FMI y el organismo multilateral se encamina a aprobar revisi\u00f3n del acuerdo - Noticias Radio Reflejos<\/title>\n<meta name=\"robots\" content=\"index, follow, max-snippet:-1, max-image-preview:large, max-video-preview:-1\" \/>\n<link rel=\"canonical\" href=\"https:\/\/www.noticiasradioreflejos.com.ar\/2021\/massa-se-reunio-con-fmi-y-el-organismo-multilateral-se-encamina-a-aprobar-revision-del-acuerdo\/\" \/>\n<meta property=\"og:locale\" content=\"es_ES\" \/>\n<meta property=\"og:type\" content=\"article\" \/>\n<meta property=\"og:title\" content=\"Massa se reuni\u00f3 con FMI y el organismo multilateral se encamina a aprobar revisi\u00f3n del acuerdo - Noticias Radio Reflejos\" \/>\n<meta property=\"og:description\" content=\"El ministro de Econom\u00eda, Sergio Massa, mantuvo este mediod\u00eda en Washington una reuni\u00f3n con la primera subdirectora gerente del Fondo Monetario Internacional (FMI), Gita Gopinath, con quien evalu\u00f3 la \u00faltima revisi\u00f3n del acuerdo que aprob\u00f3 hace dos semanas el staff t\u00e9cnico del organismo y que ahora deber\u00e1 ser tratado por el Directorio para que se [&hellip;]\" \/>\n<meta property=\"og:url\" content=\"https:\/\/www.noticiasradioreflejos.com.ar\/2021\/massa-se-reunio-con-fmi-y-el-organismo-multilateral-se-encamina-a-aprobar-revision-del-acuerdo\/\" \/>\n<meta property=\"og:site_name\" content=\"Noticias Radio Reflejos\" \/>\n<meta property=\"article:published_time\" content=\"2023-03-29T18:35:28+00:00\" \/>\n<meta property=\"og:image\" content=\"https:\/\/www.noticiasradioreflejos.com.ar\/2021\/wp-content\/uploads\/2021\/07\/logosol300x200.png\" \/>\n\t<meta property=\"og:image:width\" content=\"300\" \/>\n\t<meta property=\"og:image:height\" content=\"200\" \/>\n\t<meta property=\"og:image:type\" content=\"image\/png\" \/>\n<meta name=\"author\" content=\"Arnaldo Botto\" \/>\n<meta name=\"twitter:card\" content=\"summary_large_image\" \/>\n<script type=\"application\/ld+json\" class=\"yoast-schema-graph\">{\"@context\":\"https:\/\/schema.org\",\"@graph\":[{\"@type\":\"WebPage\",\"@id\":\"https:\/\/www.noticiasradioreflejos.com.ar\/2021\/massa-se-reunio-con-fmi-y-el-organismo-multilateral-se-encamina-a-aprobar-revision-del-acuerdo\/\",\"url\":\"https:\/\/www.noticiasradioreflejos.com.ar\/2021\/massa-se-reunio-con-fmi-y-el-organismo-multilateral-se-encamina-a-aprobar-revision-del-acuerdo\/\",\"name\":\"Massa se reuni\u00f3 con FMI y el organismo multilateral se encamina a aprobar revisi\u00f3n del acuerdo - Noticias Radio Reflejos\",\"isPartOf\":{\"@id\":\"https:\/\/www.noticiasradioreflejos.com.ar\/2021\/#website\"},\"datePublished\":\"2023-03-29T18:35:28+00:00\",\"author\":{\"@id\":\"https:\/\/www.noticiasradioreflejos.com.ar\/2021\/#\/schema\/person\/ad82545263dcc5ec0996818884fd5fb1\"},\"breadcrumb\":{\"@id\":\"https:\/\/www.noticiasradioreflejos.com.ar\/2021\/massa-se-reunio-con-fmi-y-el-organismo-multilateral-se-encamina-a-aprobar-revision-del-acuerdo\/#breadcrumb\"},\"inLanguage\":\"es\",\"potentialAction\":[{\"@type\":\"ReadAction\",\"target\":[\"https:\/\/www.noticiasradioreflejos.com.ar\/2021\/massa-se-reunio-con-fmi-y-el-organismo-multilateral-se-encamina-a-aprobar-revision-del-acuerdo\/\"]}]},{\"@type\":\"BreadcrumbList\",\"@id\":\"https:\/\/www.noticiasradioreflejos.com.ar\/2021\/massa-se-reunio-con-fmi-y-el-organismo-multilateral-se-encamina-a-aprobar-revision-del-acuerdo\/#breadcrumb\",\"itemListElement\":[{\"@type\":\"ListItem\",\"position\":1,\"name\":\"Portada\",\"item\":\"https:\/\/www.noticiasradioreflejos.com.ar\/2021\/\"},{\"@type\":\"ListItem\",\"position\":2,\"name\":\"Massa se reuni\u00f3 con FMI y el organismo multilateral se encamina a aprobar revisi\u00f3n del acuerdo\"}]},{\"@type\":\"WebSite\",\"@id\":\"https:\/\/www.noticiasradioreflejos.com.ar\/2021\/#website\",\"url\":\"https:\/\/www.noticiasradioreflejos.com.ar\/2021\/\",\"name\":\"Noticias Radio Reflejos\",\"description\":\"Las noticias de mi comarca\",\"potentialAction\":[{\"@type\":\"SearchAction\",\"target\":{\"@type\":\"EntryPoint\",\"urlTemplate\":\"https:\/\/www.noticiasradioreflejos.com.ar\/2021\/?s={search_term_string}\"},\"query-input\":{\"@type\":\"PropertyValueSpecification\",\"valueRequired\":true,\"valueName\":\"search_term_string\"}}],\"inLanguage\":\"es\"},{\"@type\":\"Person\",\"@id\":\"https:\/\/www.noticiasradioreflejos.com.ar\/2021\/#\/schema\/person\/ad82545263dcc5ec0996818884fd5fb1\",\"name\":\"Arnaldo Botto\",\"image\":{\"@type\":\"ImageObject\",\"inLanguage\":\"es\",\"@id\":\"https:\/\/www.noticiasradioreflejos.com.ar\/2021\/#\/schema\/person\/image\/\",\"url\":\"https:\/\/secure.gravatar.com\/avatar\/55cb5e37c1efa326397366e6974cb338056df65cb50e7d64d1cf314e87504837?s=96&d=mm&r=g\",\"contentUrl\":\"https:\/\/secure.gravatar.com\/avatar\/55cb5e37c1efa326397366e6974cb338056df65cb50e7d64d1cf314e87504837?s=96&d=mm&r=g\",\"caption\":\"Arnaldo Botto\"},\"url\":\"https:\/\/www.noticiasradioreflejos.com.ar\/2021\/author\/arnaldo\/\"}]}<\/script>\n<!-- \/ Yoast SEO plugin. -->","yoast_head_json":{"title":"Massa se reuni\u00f3 con FMI y el organismo multilateral se encamina a aprobar revisi\u00f3n del acuerdo - Noticias Radio Reflejos","robots":{"index":"index","follow":"follow","max-snippet":"max-snippet:-1","max-image-preview":"max-image-preview:large","max-video-preview":"max-video-preview:-1"},"canonical":"https:\/\/www.noticiasradioreflejos.com.ar\/2021\/massa-se-reunio-con-fmi-y-el-organismo-multilateral-se-encamina-a-aprobar-revision-del-acuerdo\/","og_locale":"es_ES","og_type":"article","og_title":"Massa se reuni\u00f3 con FMI y el organismo multilateral se encamina a aprobar revisi\u00f3n del acuerdo - Noticias Radio Reflejos","og_description":"El ministro de Econom\u00eda, Sergio Massa, mantuvo este mediod\u00eda en Washington una reuni\u00f3n con la primera subdirectora gerente del Fondo Monetario Internacional (FMI), Gita Gopinath, con quien evalu\u00f3 la \u00faltima revisi\u00f3n del acuerdo que aprob\u00f3 hace dos semanas el staff t\u00e9cnico del organismo y que ahora deber\u00e1 ser tratado por el Directorio para que se [&hellip;]","og_url":"https:\/\/www.noticiasradioreflejos.com.ar\/2021\/massa-se-reunio-con-fmi-y-el-organismo-multilateral-se-encamina-a-aprobar-revision-del-acuerdo\/","og_site_name":"Noticias Radio Reflejos","article_published_time":"2023-03-29T18:35:28+00:00","og_image":[{"width":300,"height":200,"url":"https:\/\/www.noticiasradioreflejos.com.ar\/2021\/wp-content\/uploads\/2021\/07\/logosol300x200.png","type":"image\/png"}],"author":"Arnaldo Botto","twitter_card":"summary_large_image","schema":{"@context":"https:\/\/schema.org","@graph":[{"@type":"WebPage","@id":"https:\/\/www.noticiasradioreflejos.com.ar\/2021\/massa-se-reunio-con-fmi-y-el-organismo-multilateral-se-encamina-a-aprobar-revision-del-acuerdo\/","url":"https:\/\/www.noticiasradioreflejos.com.ar\/2021\/massa-se-reunio-con-fmi-y-el-organismo-multilateral-se-encamina-a-aprobar-revision-del-acuerdo\/","name":"Massa se reuni\u00f3 con FMI y el organismo multilateral se encamina a aprobar revisi\u00f3n del acuerdo - Noticias Radio Reflejos","isPartOf":{"@id":"https:\/\/www.noticiasradioreflejos.com.ar\/2021\/#website"},"datePublished":"2023-03-29T18:35:28+00:00","author":{"@id":"https:\/\/www.noticiasradioreflejos.com.ar\/2021\/#\/schema\/person\/ad82545263dcc5ec0996818884fd5fb1"},"breadcrumb":{"@id":"https:\/\/www.noticiasradioreflejos.com.ar\/2021\/massa-se-reunio-con-fmi-y-el-organismo-multilateral-se-encamina-a-aprobar-revision-del-acuerdo\/#breadcrumb"},"inLanguage":"es","potentialAction":[{"@type":"ReadAction","target":["https:\/\/www.noticiasradioreflejos.com.ar\/2021\/massa-se-reunio-con-fmi-y-el-organismo-multilateral-se-encamina-a-aprobar-revision-del-acuerdo\/"]}]},{"@type":"BreadcrumbList","@id":"https:\/\/www.noticiasradioreflejos.com.ar\/2021\/massa-se-reunio-con-fmi-y-el-organismo-multilateral-se-encamina-a-aprobar-revision-del-acuerdo\/#breadcrumb","itemListElement":[{"@type":"ListItem","position":1,"name":"Portada","item":"https:\/\/www.noticiasradioreflejos.com.ar\/2021\/"},{"@type":"ListItem","position":2,"name":"Massa se reuni\u00f3 con FMI y el organismo multilateral se encamina a aprobar revisi\u00f3n del acuerdo"}]},{"@type":"WebSite","@id":"https:\/\/www.noticiasradioreflejos.com.ar\/2021\/#website","url":"https:\/\/www.noticiasradioreflejos.com.ar\/2021\/","name":"Noticias Radio Reflejos","description":"Las noticias de mi comarca","potentialAction":[{"@type":"SearchAction","target":{"@type":"EntryPoint","urlTemplate":"https:\/\/www.noticiasradioreflejos.com.ar\/2021\/?s={search_term_string}"},"query-input":{"@type":"PropertyValueSpecification","valueRequired":true,"valueName":"search_term_string"}}],"inLanguage":"es"},{"@type":"Person","@id":"https:\/\/www.noticiasradioreflejos.com.ar\/2021\/#\/schema\/person\/ad82545263dcc5ec0996818884fd5fb1","name":"Arnaldo Botto","image":{"@type":"ImageObject","inLanguage":"es","@id":"https:\/\/www.noticiasradioreflejos.com.ar\/2021\/#\/schema\/person\/image\/","url":"https:\/\/secure.gravatar.com\/avatar\/55cb5e37c1efa326397366e6974cb338056df65cb50e7d64d1cf314e87504837?s=96&d=mm&r=g","contentUrl":"https:\/\/secure.gravatar.com\/avatar\/55cb5e37c1efa326397366e6974cb338056df65cb50e7d64d1cf314e87504837?s=96&d=mm&r=g","caption":"Arnaldo Botto"},"url":"https:\/\/www.noticiasradioreflejos.com.ar\/2021\/author\/arnaldo\/"}]}},"_links":{"self":[{"href":"https:\/\/www.noticiasradioreflejos.com.ar\/2021\/wp-json\/wp\/v2\/posts\/86146","targetHints":{"allow":["GET"]}}],"collection":[{"href":"https:\/\/www.noticiasradioreflejos.com.ar\/2021\/wp-json\/wp\/v2\/posts"}],"about":[{"href":"https:\/\/www.noticiasradioreflejos.com.ar\/2021\/wp-json\/wp\/v2\/types\/post"}],"author":[{"embeddable":true,"href":"https:\/\/www.noticiasradioreflejos.com.ar\/2021\/wp-json\/wp\/v2\/users\/3"}],"replies":[{"embeddable":true,"href":"https:\/\/www.noticiasradioreflejos.com.ar\/2021\/wp-json\/wp\/v2\/comments?post=86146"}],"version-history":[{"count":1,"href":"https:\/\/www.noticiasradioreflejos.com.ar\/2021\/wp-json\/wp\/v2\/posts\/86146\/revisions"}],"predecessor-version":[{"id":86148,"href":"https:\/\/www.noticiasradioreflejos.com.ar\/2021\/wp-json\/wp\/v2\/posts\/86146\/revisions\/86148"}],"wp:attachment":[{"href":"https:\/\/www.noticiasradioreflejos.com.ar\/2021\/wp-json\/wp\/v2\/media?parent=86146"}],"wp:term":[{"taxonomy":"category","embeddable":true,"href":"https:\/\/www.noticiasradioreflejos.com.ar\/2021\/wp-json\/wp\/v2\/categories?post=86146"},{"taxonomy":"post_tag","embeddable":true,"href":"https:\/\/www.noticiasradioreflejos.com.ar\/2021\/wp-json\/wp\/v2\/tags?post=86146"}],"curies":[{"name":"wp","href":"https:\/\/api.w.org\/{rel}","templated":true}]}}