{"id":86130,"date":"2023-03-29T18:14:21","date_gmt":"2023-03-29T18:14:21","guid":{"rendered":"https:\/\/www.noticiasradioreflejos.com.ar\/2021\/?p=86130"},"modified":"2023-03-29T18:14:21","modified_gmt":"2023-03-29T18:14:21","slug":"las-coberturas-y-el-derecho-del-consumidor","status":"publish","type":"post","link":"https:\/\/www.noticiasradioreflejos.com.ar\/2021\/las-coberturas-y-el-derecho-del-consumidor\/","title":{"rendered":"Las coberturas y el derecho del consumidor"},"content":{"rendered":"<p>El abogado Leandro Picardi se refiri\u00f3 a dos situaciones concretas: granizo y accidentes en autopistas. \u201cEn el 99% de los casos el consumidor sale ganando\u201d asegur\u00f3.<\/p>\n<p>El Dr. Leandro Picardi aprovech\u00f3 la situaci\u00f3n climatol\u00f3gica vivida anoche en la comarca para hablar sobre los seguros de granizo.<\/p>\n<p>Al respecto lo primero que remarc\u00f3 es que \u201chay cobertura contra granizo. Hay que contratarla y pagarla. Yo tengo gente conocida en Rosario, que tiene campos con soja, entonces tienen ese tipo de cobertura. Se ha especializado tanto la siembra, que mucha gente ha optado por tener ese servicio\u201d.<\/p>\n<p>De igual manera mencion\u00f3, en el caso de los autos, que \u201chay litigios m\u00e1s que nada porque en la mayor\u00eda de los casos el profesional del seguro ofrece como mucho una cuarta parte del da\u00f1o producido a un veh\u00edculo. Nosotros intermediamos. Buscamos previo a llegar a una demanda, que se aumente el monto, y si no, se inicia la demanda, el juicio y sobre todo contar con presupuestos certificados de profesionales en chapa y pintura\u201d.<\/p>\n<p>Como reflexi\u00f3n indic\u00f3 que \u201cse desvaloriza tanto el valor de la moneda que si tardan dos meses en pagarte ya en esa cantidad es una p\u00e9rdida important\u00edsima\u201d.<\/p>\n<p>En otro pasaje de charla, y continuando con los veh\u00edculos como eje, reconoci\u00f3 que \u201ccuando uno paga un peaje est\u00e1 siendo consumidor. La importancia del derecho del consumidor se da en todas las ramas del derecho. El consumidor tiene garant\u00edas plenas de seguridad. Todo lo que pase en las autopistas, tiene que ser responsable la concesionaria del servicio\u201d.<\/p>\n<p>En esa l\u00ednea enfatiz\u00f3 que \u201ctienen la obligaci\u00f3n de que el consumidor salga indemne desde que entre hasta que sale del tramo concesionado. En el 99% de los casos, siempre el consumidor sale ganando, porque est\u00e1n amparados por una ley integral. Ante la m\u00ednima duda la sentencia es a favor del consumidor\u201d.<\/p>\n<p>Por \u00faltimo afirm\u00f3 que \u201cla concesionaria debe probar la culpa de un tercero o la v\u00edctima para ganar un juicio. Sino siempre vence el consumidor\u201d.<\/p>\n<p><iframe loading=\"lazy\" width=\"100%\" height=\"166\" scrolling=\"no\" frameborder=\"no\" allow=\"autoplay\" src=\"https:\/\/w.soundcloud.com\/player\/?url=https%3A\/\/api.soundcloud.com\/tracks\/1480312330&#038;color=%23ff5500&#038;auto_play=false&#038;hide_related=false&#038;show_comments=true&#038;show_user=true&#038;show_reposts=false&#038;show_teaser=true\"><\/iframe><\/p>\n<div style=\"font-size: 10px; color: #cccccc;line-break: anywhere;word-break: normal;overflow: hidden;white-space: nowrap;text-overflow: ellipsis; font-family: Interstate,Lucida Grande,Lucida Sans Unicode,Lucida Sans,Garuda,Verdana,Tahoma,sans-serif;font-weight: 100;\"><a href=\"https:\/\/soundcloud.com\/fmreflejos-103-7\" title=\"fmreflejos 103.7\" target=\"_blank\" style=\"color: #cccccc; text-decoration: none;\" rel=\"noopener\">fmreflejos 103.7<\/a> \u00b7 <a href=\"https:\/\/soundcloud.com\/fmreflejos-103-7\/leandro-picardi-239714354\" title=\"Leandro Picardi\" target=\"_blank\" style=\"color: #cccccc; text-decoration: none;\" rel=\"noopener\">Leandro Picardi<\/a><\/div>\n","protected":false},"excerpt":{"rendered":"<p>El abogado Leandro Picardi se refiri\u00f3 a dos situaciones concretas: granizo y accidentes en autopistas. \u201cEn el 99% de los casos el consumidor sale ganando\u201d asegur\u00f3. El Dr. Leandro Picardi aprovech\u00f3 la situaci\u00f3n climatol\u00f3gica vivida anoche en la comarca para hablar sobre los seguros de granizo. Al respecto lo primero que remarc\u00f3 es que \u201chay [&hellip;]<\/p>\n","protected":false},"author":3,"featured_media":0,"comment_status":"closed","ping_status":"closed","sticky":false,"template":"","format":"standard","meta":{"footnotes":""},"categories":[57,24,26],"tags":[48],"class_list":["post-86130","post","type-post","status-publish","format-standard","hentry","category-judiciales","category-politica","category-sociedad","tag-destacada"],"yoast_head":"<!-- This site is optimized with the Yoast SEO plugin v25.9 - https:\/\/yoast.com\/wordpress\/plugins\/seo\/ -->\n<title>Las coberturas y el derecho del consumidor - Noticias Radio Reflejos<\/title>\n<meta name=\"robots\" content=\"index, follow, max-snippet:-1, max-image-preview:large, max-video-preview:-1\" \/>\n<link rel=\"canonical\" href=\"https:\/\/www.noticiasradioreflejos.com.ar\/2021\/las-coberturas-y-el-derecho-del-consumidor\/\" \/>\n<meta property=\"og:locale\" content=\"es_ES\" \/>\n<meta property=\"og:type\" content=\"article\" \/>\n<meta property=\"og:title\" content=\"Las coberturas y el derecho del consumidor - Noticias Radio Reflejos\" \/>\n<meta property=\"og:description\" content=\"El abogado Leandro Picardi se refiri\u00f3 a dos situaciones concretas: granizo y accidentes en autopistas. \u201cEn el 99% de los casos el consumidor sale ganando\u201d asegur\u00f3. El Dr. Leandro Picardi aprovech\u00f3 la situaci\u00f3n climatol\u00f3gica vivida anoche en la comarca para hablar sobre los seguros de granizo. Al respecto lo primero que remarc\u00f3 es que \u201chay [&hellip;]\" \/>\n<meta property=\"og:url\" content=\"https:\/\/www.noticiasradioreflejos.com.ar\/2021\/las-coberturas-y-el-derecho-del-consumidor\/\" \/>\n<meta property=\"og:site_name\" content=\"Noticias Radio Reflejos\" \/>\n<meta property=\"article:published_time\" content=\"2023-03-29T18:14:21+00:00\" \/>\n<meta property=\"og:image\" content=\"https:\/\/www.noticiasradioreflejos.com.ar\/2021\/wp-content\/uploads\/2021\/07\/logosol300x200.png\" \/>\n\t<meta property=\"og:image:width\" content=\"300\" \/>\n\t<meta property=\"og:image:height\" content=\"200\" \/>\n\t<meta property=\"og:image:type\" content=\"image\/png\" \/>\n<meta name=\"author\" content=\"Arnaldo Botto\" \/>\n<meta name=\"twitter:card\" content=\"summary_large_image\" \/>\n<script type=\"application\/ld+json\" class=\"yoast-schema-graph\">{\"@context\":\"https:\/\/schema.org\",\"@graph\":[{\"@type\":\"WebPage\",\"@id\":\"https:\/\/www.noticiasradioreflejos.com.ar\/2021\/las-coberturas-y-el-derecho-del-consumidor\/\",\"url\":\"https:\/\/www.noticiasradioreflejos.com.ar\/2021\/las-coberturas-y-el-derecho-del-consumidor\/\",\"name\":\"Las coberturas y el derecho del consumidor - Noticias Radio Reflejos\",\"isPartOf\":{\"@id\":\"https:\/\/www.noticiasradioreflejos.com.ar\/2021\/#website\"},\"datePublished\":\"2023-03-29T18:14:21+00:00\",\"author\":{\"@id\":\"https:\/\/www.noticiasradioreflejos.com.ar\/2021\/#\/schema\/person\/ad82545263dcc5ec0996818884fd5fb1\"},\"breadcrumb\":{\"@id\":\"https:\/\/www.noticiasradioreflejos.com.ar\/2021\/las-coberturas-y-el-derecho-del-consumidor\/#breadcrumb\"},\"inLanguage\":\"es\",\"potentialAction\":[{\"@type\":\"ReadAction\",\"target\":[\"https:\/\/www.noticiasradioreflejos.com.ar\/2021\/las-coberturas-y-el-derecho-del-consumidor\/\"]}]},{\"@type\":\"BreadcrumbList\",\"@id\":\"https:\/\/www.noticiasradioreflejos.com.ar\/2021\/las-coberturas-y-el-derecho-del-consumidor\/#breadcrumb\",\"itemListElement\":[{\"@type\":\"ListItem\",\"position\":1,\"name\":\"Portada\",\"item\":\"https:\/\/www.noticiasradioreflejos.com.ar\/2021\/\"},{\"@type\":\"ListItem\",\"position\":2,\"name\":\"Las coberturas y el derecho del consumidor\"}]},{\"@type\":\"WebSite\",\"@id\":\"https:\/\/www.noticiasradioreflejos.com.ar\/2021\/#website\",\"url\":\"https:\/\/www.noticiasradioreflejos.com.ar\/2021\/\",\"name\":\"Noticias Radio Reflejos\",\"description\":\"Las noticias de mi comarca\",\"potentialAction\":[{\"@type\":\"SearchAction\",\"target\":{\"@type\":\"EntryPoint\",\"urlTemplate\":\"https:\/\/www.noticiasradioreflejos.com.ar\/2021\/?s={search_term_string}\"},\"query-input\":{\"@type\":\"PropertyValueSpecification\",\"valueRequired\":true,\"valueName\":\"search_term_string\"}}],\"inLanguage\":\"es\"},{\"@type\":\"Person\",\"@id\":\"https:\/\/www.noticiasradioreflejos.com.ar\/2021\/#\/schema\/person\/ad82545263dcc5ec0996818884fd5fb1\",\"name\":\"Arnaldo Botto\",\"image\":{\"@type\":\"ImageObject\",\"inLanguage\":\"es\",\"@id\":\"https:\/\/www.noticiasradioreflejos.com.ar\/2021\/#\/schema\/person\/image\/\",\"url\":\"https:\/\/secure.gravatar.com\/avatar\/55cb5e37c1efa326397366e6974cb338056df65cb50e7d64d1cf314e87504837?s=96&d=mm&r=g\",\"contentUrl\":\"https:\/\/secure.gravatar.com\/avatar\/55cb5e37c1efa326397366e6974cb338056df65cb50e7d64d1cf314e87504837?s=96&d=mm&r=g\",\"caption\":\"Arnaldo Botto\"},\"url\":\"https:\/\/www.noticiasradioreflejos.com.ar\/2021\/author\/arnaldo\/\"}]}<\/script>\n<!-- \/ Yoast SEO plugin. -->","yoast_head_json":{"title":"Las coberturas y el derecho del consumidor - Noticias Radio Reflejos","robots":{"index":"index","follow":"follow","max-snippet":"max-snippet:-1","max-image-preview":"max-image-preview:large","max-video-preview":"max-video-preview:-1"},"canonical":"https:\/\/www.noticiasradioreflejos.com.ar\/2021\/las-coberturas-y-el-derecho-del-consumidor\/","og_locale":"es_ES","og_type":"article","og_title":"Las coberturas y el derecho del consumidor - Noticias Radio Reflejos","og_description":"El abogado Leandro Picardi se refiri\u00f3 a dos situaciones concretas: granizo y accidentes en autopistas. \u201cEn el 99% de los casos el consumidor sale ganando\u201d asegur\u00f3. El Dr. Leandro Picardi aprovech\u00f3 la situaci\u00f3n climatol\u00f3gica vivida anoche en la comarca para hablar sobre los seguros de granizo. Al respecto lo primero que remarc\u00f3 es que \u201chay [&hellip;]","og_url":"https:\/\/www.noticiasradioreflejos.com.ar\/2021\/las-coberturas-y-el-derecho-del-consumidor\/","og_site_name":"Noticias Radio Reflejos","article_published_time":"2023-03-29T18:14:21+00:00","og_image":[{"width":300,"height":200,"url":"https:\/\/www.noticiasradioreflejos.com.ar\/2021\/wp-content\/uploads\/2021\/07\/logosol300x200.png","type":"image\/png"}],"author":"Arnaldo Botto","twitter_card":"summary_large_image","schema":{"@context":"https:\/\/schema.org","@graph":[{"@type":"WebPage","@id":"https:\/\/www.noticiasradioreflejos.com.ar\/2021\/las-coberturas-y-el-derecho-del-consumidor\/","url":"https:\/\/www.noticiasradioreflejos.com.ar\/2021\/las-coberturas-y-el-derecho-del-consumidor\/","name":"Las coberturas y el derecho del consumidor - Noticias Radio Reflejos","isPartOf":{"@id":"https:\/\/www.noticiasradioreflejos.com.ar\/2021\/#website"},"datePublished":"2023-03-29T18:14:21+00:00","author":{"@id":"https:\/\/www.noticiasradioreflejos.com.ar\/2021\/#\/schema\/person\/ad82545263dcc5ec0996818884fd5fb1"},"breadcrumb":{"@id":"https:\/\/www.noticiasradioreflejos.com.ar\/2021\/las-coberturas-y-el-derecho-del-consumidor\/#breadcrumb"},"inLanguage":"es","potentialAction":[{"@type":"ReadAction","target":["https:\/\/www.noticiasradioreflejos.com.ar\/2021\/las-coberturas-y-el-derecho-del-consumidor\/"]}]},{"@type":"BreadcrumbList","@id":"https:\/\/www.noticiasradioreflejos.com.ar\/2021\/las-coberturas-y-el-derecho-del-consumidor\/#breadcrumb","itemListElement":[{"@type":"ListItem","position":1,"name":"Portada","item":"https:\/\/www.noticiasradioreflejos.com.ar\/2021\/"},{"@type":"ListItem","position":2,"name":"Las coberturas y el derecho del consumidor"}]},{"@type":"WebSite","@id":"https:\/\/www.noticiasradioreflejos.com.ar\/2021\/#website","url":"https:\/\/www.noticiasradioreflejos.com.ar\/2021\/","name":"Noticias Radio Reflejos","description":"Las noticias de mi comarca","potentialAction":[{"@type":"SearchAction","target":{"@type":"EntryPoint","urlTemplate":"https:\/\/www.noticiasradioreflejos.com.ar\/2021\/?s={search_term_string}"},"query-input":{"@type":"PropertyValueSpecification","valueRequired":true,"valueName":"search_term_string"}}],"inLanguage":"es"},{"@type":"Person","@id":"https:\/\/www.noticiasradioreflejos.com.ar\/2021\/#\/schema\/person\/ad82545263dcc5ec0996818884fd5fb1","name":"Arnaldo Botto","image":{"@type":"ImageObject","inLanguage":"es","@id":"https:\/\/www.noticiasradioreflejos.com.ar\/2021\/#\/schema\/person\/image\/","url":"https:\/\/secure.gravatar.com\/avatar\/55cb5e37c1efa326397366e6974cb338056df65cb50e7d64d1cf314e87504837?s=96&d=mm&r=g","contentUrl":"https:\/\/secure.gravatar.com\/avatar\/55cb5e37c1efa326397366e6974cb338056df65cb50e7d64d1cf314e87504837?s=96&d=mm&r=g","caption":"Arnaldo Botto"},"url":"https:\/\/www.noticiasradioreflejos.com.ar\/2021\/author\/arnaldo\/"}]}},"_links":{"self":[{"href":"https:\/\/www.noticiasradioreflejos.com.ar\/2021\/wp-json\/wp\/v2\/posts\/86130","targetHints":{"allow":["GET"]}}],"collection":[{"href":"https:\/\/www.noticiasradioreflejos.com.ar\/2021\/wp-json\/wp\/v2\/posts"}],"about":[{"href":"https:\/\/www.noticiasradioreflejos.com.ar\/2021\/wp-json\/wp\/v2\/types\/post"}],"author":[{"embeddable":true,"href":"https:\/\/www.noticiasradioreflejos.com.ar\/2021\/wp-json\/wp\/v2\/users\/3"}],"replies":[{"embeddable":true,"href":"https:\/\/www.noticiasradioreflejos.com.ar\/2021\/wp-json\/wp\/v2\/comments?post=86130"}],"version-history":[{"count":2,"href":"https:\/\/www.noticiasradioreflejos.com.ar\/2021\/wp-json\/wp\/v2\/posts\/86130\/revisions"}],"predecessor-version":[{"id":86145,"href":"https:\/\/www.noticiasradioreflejos.com.ar\/2021\/wp-json\/wp\/v2\/posts\/86130\/revisions\/86145"}],"wp:attachment":[{"href":"https:\/\/www.noticiasradioreflejos.com.ar\/2021\/wp-json\/wp\/v2\/media?parent=86130"}],"wp:term":[{"taxonomy":"category","embeddable":true,"href":"https:\/\/www.noticiasradioreflejos.com.ar\/2021\/wp-json\/wp\/v2\/categories?post=86130"},{"taxonomy":"post_tag","embeddable":true,"href":"https:\/\/www.noticiasradioreflejos.com.ar\/2021\/wp-json\/wp\/v2\/tags?post=86130"}],"curies":[{"name":"wp","href":"https:\/\/api.w.org\/{rel}","templated":true}]}}