{"id":86120,"date":"2023-03-29T11:30:24","date_gmt":"2023-03-29T11:30:24","guid":{"rendered":"https:\/\/www.noticiasradioreflejos.com.ar\/2021\/?p=86120"},"modified":"2023-03-29T11:30:24","modified_gmt":"2023-03-29T11:30:24","slug":"la-provincia-anuncio-la-continuidad-de-la-emergencia-agropecuaria","status":"publish","type":"post","link":"https:\/\/www.noticiasradioreflejos.com.ar\/2021\/la-provincia-anuncio-la-continuidad-de-la-emergencia-agropecuaria\/","title":{"rendered":"La Provincia anunci\u00f3 la continuidad de la emergencia agropecuaria"},"content":{"rendered":"<div class=\"field field-name-title field-type-ds field-label-hidden\">\n<div class=\"field-items\">\n<div class=\"field-item even\">\n<p><span style=\"color: #333333; font-size: 15px;\">Fue en una reuni\u00f3n encabezada por el gobernador Axel Kicillof y el ministro Javier Rodr\u00edguez.<\/span><\/p>\n<\/div>\n<\/div>\n<\/div>\n<p><!--more--><\/p>\n<div class=\"field field-name-field-fecha-coord field-type-datetime field-label-hidden\">\n<div class=\"field-items\">\n<div class=\"field-item even\"><\/div>\n<\/div>\n<\/div>\n<div class=\"field field-name-field-imagen-medios field-type-image field-label-hidden\">\n<div class=\"field-items\">\n<div class=\"field-item even\"><a class=\"lightbox-processed\" title=\"Fue en una reuni\u00f3n encabezada por el gobernador\u00a0Axel Kicillof y el ministro Javier Rodr\u00edguez.\" href=\"https:\/\/www.gba.gob.ar\/sites\/default\/files\/comunicacion_publica\/imagenes\/ak%20reuni%C3%B3n.JPG\" rel=\"lightbox[field_imagen_medios][Fue en una reuni\u00f3n encabezada por el gobernador\u00a0Axel Kicillof y el ministro Javier Rodr\u00edguez.]\"><img loading=\"lazy\" decoding=\"async\" title=\"Fue en una reuni\u00f3n encabezada por el gobernador\u00a0Axel Kicillof y el ministro Javier Rodr\u00edguez.\" src=\"https:\/\/www.gba.gob.ar\/sites\/default\/files\/styles\/niticias_principal\/public\/comunicacion_publica\/imagenes\/ak%20reuni%C3%B3n.JPG?itok=OkkqvpEa\" alt=\"La Plata\" width=\"743\" height=\"530\" \/><\/a><\/div>\n<\/div>\n<\/div>\n<div class=\"field field-name-field-epigrafe-img-noticia field-type-text field-label-hidden\">\n<div class=\"field-items\">\n<div class=\"field-item even\"><em>Del encuentro participaron representantes de entidades rurales.<\/em><\/div>\n<\/div>\n<\/div>\n<div class=\"field field-name-body field-type-text-with-summary field-label-hidden\">\n<div class=\"field-items\">\n<div class=\"field-item even\">\n<p>&nbsp;<\/p>\n<p>El gobernador de la provincia de Buenos Aires, Axel Kicillof, encabez\u00f3 este martes junto al ministro de Desarrollo Agrario, Javier Rodr\u00edguez, una reuni\u00f3n de trabajo con representantes de entidades rurales. All\u00ed comunic\u00f3 la pr\u00f3rroga de la declaraci\u00f3n de emergencia y desastre agropecuario hasta octubre y anunci\u00f3 nuevas medidas de acompa\u00f1amiento para las y los productores afectados por las condiciones clim\u00e1ticas.<\/p>\n<p>El encuentro se llev\u00f3 a cabo en la Casa de Gobierno y cont\u00f3 con la participaci\u00f3n de autoridades de Mujeres Rurales Argentinas, Agricultura Familiar, FEBAPRI, CONINAGRO, Sociedad Rural Argentina, CARBAP, Federaci\u00f3n Agraria, FECOF\u00c9 y UATRE.<\/p>\n<p>\u201cEn funci\u00f3n del di\u00e1logo con el sector y del an\u00e1lisis de las perspectivas del sector, decidimos prorrogar la situaci\u00f3n de emergencia en los distritos afectados y avanzar con una l\u00ednea de financiamiento espec\u00edfica para pasturas, tanto de ganader\u00eda como de tambos, con tasa bonificada\u201d, sostuvo Rodr\u00edguez.<\/p>\n<p>Adem\u00e1s, el Ministro se\u00f1al\u00f3 que \u201chemos planteado una l\u00ednea de trabajo vinculada a aquellos productores de peque\u00f1a y mediana escala, que arriendan predios para poder producir, con el objeto de equiparar los beneficios respecto de los propietarios\u201d. \u201cEsta pol\u00edtica da cuenta de la realidad del sector agropecuario bonaerense para contribuir a mitigar el impacto de la sequ\u00eda\u201d, a\u00f1adi\u00f3.<\/p>\n<p>\u201cEn medio de una situaci\u00f3n econ\u00f3mica y financiera muy complicada a nivel internacional, y de una sequ\u00eda que ha afectado al sector agropecuario, avanzamos con una bater\u00eda de pol\u00edticas destinadas a apuntalar a la provincia productiva\u201d, expres\u00f3 Kicillof y agreg\u00f3: \u201cEstamos ante una sequ\u00eda que afect\u00f3 transversalmente a toda la actividad agropecuaria pero que necesita medidas espec\u00edficas que se adec\u00faen a las necesidades de cada sector. Para eso, llevamos adelante un monitoreo permanente que nos va a permitir ir adecuando las pol\u00edticas de acuerdo a c\u00f3mo evolucione la situaci\u00f3n durante los pr\u00f3ximos meses.\u201d<\/p>\n<p>Desde la declaraci\u00f3n de emergencia en noviembre pasado, se ejecutaron pr\u00f3rrogas y exenciones en el pago del Impuesto Inmobiliario Rural. Adem\u00e1s, el Banco Provincia puso en marcha la l\u00ednea de cr\u00e9dito por Emergencia por Sequ\u00eda y el Financiamiento para Afectados por Fen\u00f3menos Naturales para solventar el costo de reparaci\u00f3n de los da\u00f1os materiales en inmuebles y veh\u00edculos. Por otro lado, el Ministerio de Desarrollo Agrario dispuso aportes no reintegrables para la recomposici\u00f3n de infraestructura, la adquisici\u00f3n de insumos y la reposici\u00f3n de animales; y l\u00edneas de financiamiento con tasas especiales para facilitar el reinicio del ciclo productivo.<\/p>\n<p>Estuvieron presentes la subsecretaria de Agricultura, Ganader\u00eda y Pesca, Carla Seain; y el subsecretario de Desarrollo Agrario y Calidad Agroalimentaria, Cristian Amarilla.<\/p>\n<\/div>\n<\/div>\n<\/div>\n","protected":false},"excerpt":{"rendered":"<p>Fue en una reuni\u00f3n encabezada por el gobernador Axel Kicillof y el ministro Javier Rodr\u00edguez.<\/p>\n","protected":false},"author":3,"featured_media":0,"comment_status":"closed","ping_status":"closed","sticky":false,"template":"","format":"standard","meta":{"footnotes":""},"categories":[36,58],"tags":[],"class_list":["post-86120","post","type-post","status-publish","format-standard","hentry","category-economia","category-gobierno"],"yoast_head":"<!-- This site is optimized with the Yoast SEO plugin v25.9 - https:\/\/yoast.com\/wordpress\/plugins\/seo\/ -->\n<title>La Provincia anunci\u00f3 la continuidad de la emergencia agropecuaria - Noticias Radio Reflejos<\/title>\n<meta name=\"robots\" content=\"index, follow, max-snippet:-1, max-image-preview:large, max-video-preview:-1\" \/>\n<link rel=\"canonical\" href=\"https:\/\/www.noticiasradioreflejos.com.ar\/2021\/la-provincia-anuncio-la-continuidad-de-la-emergencia-agropecuaria\/\" \/>\n<meta property=\"og:locale\" content=\"es_ES\" \/>\n<meta property=\"og:type\" content=\"article\" \/>\n<meta property=\"og:title\" content=\"La Provincia anunci\u00f3 la continuidad de la emergencia agropecuaria - Noticias Radio Reflejos\" \/>\n<meta property=\"og:description\" content=\"Fue en una reuni\u00f3n encabezada por el gobernador Axel Kicillof y el ministro Javier Rodr\u00edguez.\" \/>\n<meta property=\"og:url\" content=\"https:\/\/www.noticiasradioreflejos.com.ar\/2021\/la-provincia-anuncio-la-continuidad-de-la-emergencia-agropecuaria\/\" \/>\n<meta property=\"og:site_name\" content=\"Noticias Radio Reflejos\" \/>\n<meta property=\"article:published_time\" content=\"2023-03-29T11:30:24+00:00\" \/>\n<meta property=\"og:image\" content=\"https:\/\/www.gba.gob.ar\/sites\/default\/files\/styles\/niticias_principal\/public\/comunicacion_publica\/imagenes\/ak%20reuni%C3%B3n.JPG?itok=OkkqvpEa\" \/>\n<meta name=\"author\" content=\"Arnaldo Botto\" \/>\n<meta name=\"twitter:card\" content=\"summary_large_image\" \/>\n<script type=\"application\/ld+json\" class=\"yoast-schema-graph\">{\"@context\":\"https:\/\/schema.org\",\"@graph\":[{\"@type\":\"WebPage\",\"@id\":\"https:\/\/www.noticiasradioreflejos.com.ar\/2021\/la-provincia-anuncio-la-continuidad-de-la-emergencia-agropecuaria\/\",\"url\":\"https:\/\/www.noticiasradioreflejos.com.ar\/2021\/la-provincia-anuncio-la-continuidad-de-la-emergencia-agropecuaria\/\",\"name\":\"La Provincia anunci\u00f3 la continuidad de la emergencia agropecuaria - Noticias Radio Reflejos\",\"isPartOf\":{\"@id\":\"https:\/\/www.noticiasradioreflejos.com.ar\/2021\/#website\"},\"primaryImageOfPage\":{\"@id\":\"https:\/\/www.noticiasradioreflejos.com.ar\/2021\/la-provincia-anuncio-la-continuidad-de-la-emergencia-agropecuaria\/#primaryimage\"},\"image\":{\"@id\":\"https:\/\/www.noticiasradioreflejos.com.ar\/2021\/la-provincia-anuncio-la-continuidad-de-la-emergencia-agropecuaria\/#primaryimage\"},\"thumbnailUrl\":\"https:\/\/www.gba.gob.ar\/sites\/default\/files\/styles\/niticias_principal\/public\/comunicacion_publica\/imagenes\/ak%20reuni%C3%B3n.JPG?itok=OkkqvpEa\",\"datePublished\":\"2023-03-29T11:30:24+00:00\",\"author\":{\"@id\":\"https:\/\/www.noticiasradioreflejos.com.ar\/2021\/#\/schema\/person\/ad82545263dcc5ec0996818884fd5fb1\"},\"breadcrumb\":{\"@id\":\"https:\/\/www.noticiasradioreflejos.com.ar\/2021\/la-provincia-anuncio-la-continuidad-de-la-emergencia-agropecuaria\/#breadcrumb\"},\"inLanguage\":\"es\",\"potentialAction\":[{\"@type\":\"ReadAction\",\"target\":[\"https:\/\/www.noticiasradioreflejos.com.ar\/2021\/la-provincia-anuncio-la-continuidad-de-la-emergencia-agropecuaria\/\"]}]},{\"@type\":\"ImageObject\",\"inLanguage\":\"es\",\"@id\":\"https:\/\/www.noticiasradioreflejos.com.ar\/2021\/la-provincia-anuncio-la-continuidad-de-la-emergencia-agropecuaria\/#primaryimage\",\"url\":\"https:\/\/www.gba.gob.ar\/sites\/default\/files\/styles\/niticias_principal\/public\/comunicacion_publica\/imagenes\/ak%20reuni%C3%B3n.JPG?itok=OkkqvpEa\",\"contentUrl\":\"https:\/\/www.gba.gob.ar\/sites\/default\/files\/styles\/niticias_principal\/public\/comunicacion_publica\/imagenes\/ak%20reuni%C3%B3n.JPG?itok=OkkqvpEa\"},{\"@type\":\"BreadcrumbList\",\"@id\":\"https:\/\/www.noticiasradioreflejos.com.ar\/2021\/la-provincia-anuncio-la-continuidad-de-la-emergencia-agropecuaria\/#breadcrumb\",\"itemListElement\":[{\"@type\":\"ListItem\",\"position\":1,\"name\":\"Portada\",\"item\":\"https:\/\/www.noticiasradioreflejos.com.ar\/2021\/\"},{\"@type\":\"ListItem\",\"position\":2,\"name\":\"La Provincia anunci\u00f3 la continuidad de la emergencia agropecuaria\"}]},{\"@type\":\"WebSite\",\"@id\":\"https:\/\/www.noticiasradioreflejos.com.ar\/2021\/#website\",\"url\":\"https:\/\/www.noticiasradioreflejos.com.ar\/2021\/\",\"name\":\"Noticias Radio Reflejos\",\"description\":\"Las noticias de mi comarca\",\"potentialAction\":[{\"@type\":\"SearchAction\",\"target\":{\"@type\":\"EntryPoint\",\"urlTemplate\":\"https:\/\/www.noticiasradioreflejos.com.ar\/2021\/?s={search_term_string}\"},\"query-input\":{\"@type\":\"PropertyValueSpecification\",\"valueRequired\":true,\"valueName\":\"search_term_string\"}}],\"inLanguage\":\"es\"},{\"@type\":\"Person\",\"@id\":\"https:\/\/www.noticiasradioreflejos.com.ar\/2021\/#\/schema\/person\/ad82545263dcc5ec0996818884fd5fb1\",\"name\":\"Arnaldo Botto\",\"image\":{\"@type\":\"ImageObject\",\"inLanguage\":\"es\",\"@id\":\"https:\/\/www.noticiasradioreflejos.com.ar\/2021\/#\/schema\/person\/image\/\",\"url\":\"https:\/\/secure.gravatar.com\/avatar\/55cb5e37c1efa326397366e6974cb338056df65cb50e7d64d1cf314e87504837?s=96&d=mm&r=g\",\"contentUrl\":\"https:\/\/secure.gravatar.com\/avatar\/55cb5e37c1efa326397366e6974cb338056df65cb50e7d64d1cf314e87504837?s=96&d=mm&r=g\",\"caption\":\"Arnaldo Botto\"},\"url\":\"https:\/\/www.noticiasradioreflejos.com.ar\/2021\/author\/arnaldo\/\"}]}<\/script>\n<!-- \/ Yoast SEO plugin. -->","yoast_head_json":{"title":"La Provincia anunci\u00f3 la continuidad de la emergencia agropecuaria - Noticias Radio Reflejos","robots":{"index":"index","follow":"follow","max-snippet":"max-snippet:-1","max-image-preview":"max-image-preview:large","max-video-preview":"max-video-preview:-1"},"canonical":"https:\/\/www.noticiasradioreflejos.com.ar\/2021\/la-provincia-anuncio-la-continuidad-de-la-emergencia-agropecuaria\/","og_locale":"es_ES","og_type":"article","og_title":"La Provincia anunci\u00f3 la continuidad de la emergencia agropecuaria - Noticias Radio Reflejos","og_description":"Fue en una reuni\u00f3n encabezada por el gobernador Axel Kicillof y el ministro Javier Rodr\u00edguez.","og_url":"https:\/\/www.noticiasradioreflejos.com.ar\/2021\/la-provincia-anuncio-la-continuidad-de-la-emergencia-agropecuaria\/","og_site_name":"Noticias Radio Reflejos","article_published_time":"2023-03-29T11:30:24+00:00","og_image":[{"url":"https:\/\/www.gba.gob.ar\/sites\/default\/files\/styles\/niticias_principal\/public\/comunicacion_publica\/imagenes\/ak%20reuni%C3%B3n.JPG?itok=OkkqvpEa","type":"","width":"","height":""}],"author":"Arnaldo Botto","twitter_card":"summary_large_image","schema":{"@context":"https:\/\/schema.org","@graph":[{"@type":"WebPage","@id":"https:\/\/www.noticiasradioreflejos.com.ar\/2021\/la-provincia-anuncio-la-continuidad-de-la-emergencia-agropecuaria\/","url":"https:\/\/www.noticiasradioreflejos.com.ar\/2021\/la-provincia-anuncio-la-continuidad-de-la-emergencia-agropecuaria\/","name":"La Provincia anunci\u00f3 la continuidad de la emergencia agropecuaria - Noticias Radio Reflejos","isPartOf":{"@id":"https:\/\/www.noticiasradioreflejos.com.ar\/2021\/#website"},"primaryImageOfPage":{"@id":"https:\/\/www.noticiasradioreflejos.com.ar\/2021\/la-provincia-anuncio-la-continuidad-de-la-emergencia-agropecuaria\/#primaryimage"},"image":{"@id":"https:\/\/www.noticiasradioreflejos.com.ar\/2021\/la-provincia-anuncio-la-continuidad-de-la-emergencia-agropecuaria\/#primaryimage"},"thumbnailUrl":"https:\/\/www.gba.gob.ar\/sites\/default\/files\/styles\/niticias_principal\/public\/comunicacion_publica\/imagenes\/ak%20reuni%C3%B3n.JPG?itok=OkkqvpEa","datePublished":"2023-03-29T11:30:24+00:00","author":{"@id":"https:\/\/www.noticiasradioreflejos.com.ar\/2021\/#\/schema\/person\/ad82545263dcc5ec0996818884fd5fb1"},"breadcrumb":{"@id":"https:\/\/www.noticiasradioreflejos.com.ar\/2021\/la-provincia-anuncio-la-continuidad-de-la-emergencia-agropecuaria\/#breadcrumb"},"inLanguage":"es","potentialAction":[{"@type":"ReadAction","target":["https:\/\/www.noticiasradioreflejos.com.ar\/2021\/la-provincia-anuncio-la-continuidad-de-la-emergencia-agropecuaria\/"]}]},{"@type":"ImageObject","inLanguage":"es","@id":"https:\/\/www.noticiasradioreflejos.com.ar\/2021\/la-provincia-anuncio-la-continuidad-de-la-emergencia-agropecuaria\/#primaryimage","url":"https:\/\/www.gba.gob.ar\/sites\/default\/files\/styles\/niticias_principal\/public\/comunicacion_publica\/imagenes\/ak%20reuni%C3%B3n.JPG?itok=OkkqvpEa","contentUrl":"https:\/\/www.gba.gob.ar\/sites\/default\/files\/styles\/niticias_principal\/public\/comunicacion_publica\/imagenes\/ak%20reuni%C3%B3n.JPG?itok=OkkqvpEa"},{"@type":"BreadcrumbList","@id":"https:\/\/www.noticiasradioreflejos.com.ar\/2021\/la-provincia-anuncio-la-continuidad-de-la-emergencia-agropecuaria\/#breadcrumb","itemListElement":[{"@type":"ListItem","position":1,"name":"Portada","item":"https:\/\/www.noticiasradioreflejos.com.ar\/2021\/"},{"@type":"ListItem","position":2,"name":"La Provincia anunci\u00f3 la continuidad de la emergencia agropecuaria"}]},{"@type":"WebSite","@id":"https:\/\/www.noticiasradioreflejos.com.ar\/2021\/#website","url":"https:\/\/www.noticiasradioreflejos.com.ar\/2021\/","name":"Noticias Radio Reflejos","description":"Las noticias de mi comarca","potentialAction":[{"@type":"SearchAction","target":{"@type":"EntryPoint","urlTemplate":"https:\/\/www.noticiasradioreflejos.com.ar\/2021\/?s={search_term_string}"},"query-input":{"@type":"PropertyValueSpecification","valueRequired":true,"valueName":"search_term_string"}}],"inLanguage":"es"},{"@type":"Person","@id":"https:\/\/www.noticiasradioreflejos.com.ar\/2021\/#\/schema\/person\/ad82545263dcc5ec0996818884fd5fb1","name":"Arnaldo Botto","image":{"@type":"ImageObject","inLanguage":"es","@id":"https:\/\/www.noticiasradioreflejos.com.ar\/2021\/#\/schema\/person\/image\/","url":"https:\/\/secure.gravatar.com\/avatar\/55cb5e37c1efa326397366e6974cb338056df65cb50e7d64d1cf314e87504837?s=96&d=mm&r=g","contentUrl":"https:\/\/secure.gravatar.com\/avatar\/55cb5e37c1efa326397366e6974cb338056df65cb50e7d64d1cf314e87504837?s=96&d=mm&r=g","caption":"Arnaldo Botto"},"url":"https:\/\/www.noticiasradioreflejos.com.ar\/2021\/author\/arnaldo\/"}]}},"_links":{"self":[{"href":"https:\/\/www.noticiasradioreflejos.com.ar\/2021\/wp-json\/wp\/v2\/posts\/86120","targetHints":{"allow":["GET"]}}],"collection":[{"href":"https:\/\/www.noticiasradioreflejos.com.ar\/2021\/wp-json\/wp\/v2\/posts"}],"about":[{"href":"https:\/\/www.noticiasradioreflejos.com.ar\/2021\/wp-json\/wp\/v2\/types\/post"}],"author":[{"embeddable":true,"href":"https:\/\/www.noticiasradioreflejos.com.ar\/2021\/wp-json\/wp\/v2\/users\/3"}],"replies":[{"embeddable":true,"href":"https:\/\/www.noticiasradioreflejos.com.ar\/2021\/wp-json\/wp\/v2\/comments?post=86120"}],"version-history":[{"count":1,"href":"https:\/\/www.noticiasradioreflejos.com.ar\/2021\/wp-json\/wp\/v2\/posts\/86120\/revisions"}],"predecessor-version":[{"id":86121,"href":"https:\/\/www.noticiasradioreflejos.com.ar\/2021\/wp-json\/wp\/v2\/posts\/86120\/revisions\/86121"}],"wp:attachment":[{"href":"https:\/\/www.noticiasradioreflejos.com.ar\/2021\/wp-json\/wp\/v2\/media?parent=86120"}],"wp:term":[{"taxonomy":"category","embeddable":true,"href":"https:\/\/www.noticiasradioreflejos.com.ar\/2021\/wp-json\/wp\/v2\/categories?post=86120"},{"taxonomy":"post_tag","embeddable":true,"href":"https:\/\/www.noticiasradioreflejos.com.ar\/2021\/wp-json\/wp\/v2\/tags?post=86120"}],"curies":[{"name":"wp","href":"https:\/\/api.w.org\/{rel}","templated":true}]}}