{"id":86117,"date":"2023-03-29T11:24:43","date_gmt":"2023-03-29T11:24:43","guid":{"rendered":"https:\/\/www.noticiasradioreflejos.com.ar\/2021\/?p=86117"},"modified":"2023-03-29T11:24:43","modified_gmt":"2023-03-29T11:24:43","slug":"definen-nuevas-pautas-para-el-funcionamiento-de-las-escuelas-de-educacion-artistica-bonaerenses","status":"publish","type":"post","link":"https:\/\/www.noticiasradioreflejos.com.ar\/2021\/definen-nuevas-pautas-para-el-funcionamiento-de-las-escuelas-de-educacion-artistica-bonaerenses\/","title":{"rendered":"Definen nuevas pautas para el funcionamiento de las escuelas de educaci\u00f3n art\u00edstica bonaerenses"},"content":{"rendered":"<p>El gobierno bonaerense oficializ\u00f3 hoy la decisi\u00f3n de llamar a las Escuelas de Educaci\u00f3n Est\u00e9tica con la denominaci\u00f3n de \u00abEscuelas de Educaci\u00f3n Art\u00edstica\u00bb, para definir las pautas de funcionamiento y la organizaci\u00f3n institucional de ese tipo de establecimientos que existen en territorio bonaerense desde hace 50 a\u00f1os.<!--more--><\/p>\n<p>Lo hizo a trav\u00e9s de la resoluci\u00f3n 771 de la Direcci\u00f3n General de Cultura y Educaci\u00f3n publicada en el Bolet\u00edn Oficial del distrito, donde se record\u00f3 que \u00abla Educaci\u00f3n Art\u00edstica como la modalidad que comprende la formaci\u00f3n en los distintos lenguajes y disciplinas del arte, entre ellos danza, artes visuales, teatro, m\u00fasica, multimedia, audiovisual y otras que pudieran conformarse con distintas especializaciones\u00bb.<\/p>\n<p>\u00abEl nombre de Escuelas de Educaci\u00f3n Est\u00e9tica no se corresponde a los paradigmas contempor\u00e1neos del arte sino, por el contrario, responden a un paradigma ligado a la &#8216;est\u00e9tica del iluminismo&#8217; y al &#8216;criterio de belleza&#8217;, como as\u00ed tambi\u00e9n, al concepto de &#8216;Bellas Artes&#8217; (un\u00edvoco y universal) de los siglos XVIII-XIX y como consecuencia, reductible a la esfera de lo sensible y al expresionismo y que por lo mismo, resulta imperioso su cambio de nombre\u00bb, se indic\u00f3.<\/p>\n<p>Adem\u00e1s, se recalc\u00f3 que \u00aben el arte intervienen procesos cognitivos, de planificaci\u00f3n, racionalizaci\u00f3n e interpretaci\u00f3n\u00bb y se a\u00f1adi\u00f3 que \u00abcomo ocurre con otros campos del conocimiento y el desarrollo profesional, la producci\u00f3n art\u00edstica est\u00e1 atravesada por aspectos sociales, \u00e9ticos, pol\u00edticos y econ\u00f3micos\u201d.<\/p>\n<p>Recientemente, el Director General de Cultura y Educaci\u00f3n, Alberto Sileoni, anunci\u00f3 la transferencia de 82 millones de pesos a los Consejos Escolares para la adquisici\u00f3n de materiales destinados a todas las Escuelas de Educaci\u00f3n de Art\u00edstica.<\/p>\n<p>En aquel momento, desde la cartera se indic\u00f3 que la nueva denominaci\u00f3n votada el 7 de marzo pasado por el Consejo General, as\u00ed como la nueva propuesta curricular \u00abest\u00e1n acordes a los lineamientos de la pol\u00edtica educativa provincial enmarcada en la Ley de Educaci\u00f3n Provincial\u00bb.<\/p>\n<p>Estas escuelas de arte son espacios que posibilitan la experimentaci\u00f3n y el aprendizaje a trav\u00e9s de diferentes lenguajes, que se estructuran para que los estudiantes asistan a contra turno de la primaria y secundaria.<\/p>\n<p>La Educaci\u00f3n Art\u00edstica es la modalidad del sistema educativo provincial que aborda varias disciplinas del arte, entre ellas, la danza, las artes visuales, el teatro, la m\u00fasica y otras.<\/p>\n<p>Los distritos que cuentan con Escuelas de Educaci\u00f3n de Art\u00edstica son: La Plata, Brandsen, Magdalena, Berisso, Ensenada, Lomas de Zamora, Lan\u00fas, la Matanza, Berazategui, Almirante Brown, San Vicente, Vicente L\u00f3pez, General San Mart\u00edn, Tres de Febrero, Hurlingham, Merlo, Mor\u00f3n, Ituzaing\u00f3, Jos\u00e9 C. Paz, Malvinas Argentinas, Moreno, Mercedes, San Andr\u00e9s de Giles, Suipacha, Z\u00e1rate, Pergamino, Rojas, General Arenales, Chacabuco, General Pinto, General Viamonte, Jun\u00edn, Lincoln y Albert\u00ed.<\/p>\n<p>Tambi\u00e9n Bragado, Carlos Casares, Chivilcoy, 9 de Julio, Pehuaj\u00f3, H. Irigoyen, Trenque Lauquen, Carlos Tejedor, General Paz, Pila, Rauch, Ayacucho, Balcarce, Lober\u00eda, Pringles, Chav\u00e9s, Tres Arroyo, Bah\u00eda Blanca, Patagones, Coronel Rosales, Monte Hermoso, Daireaux, Coronel Su\u00e1rez, Saavedra, Pigu\u00e9, General Alvear, Las Flores, Lobos, Roque P\u00e9rez, Saladillo, 25 de Mayo, Azul, Bol\u00edvar, Olavarr\u00eda, Tapalqu\u00e9, Esteban Echeverr\u00eda, San Isidro, General Pueyrred\u00f3n, Tandil y Tres Arroyos, son las restantes jurisdicciones.<\/p>\n","protected":false},"excerpt":{"rendered":"<p>El gobierno bonaerense oficializ\u00f3 hoy la decisi\u00f3n de llamar a las Escuelas de Educaci\u00f3n Est\u00e9tica con la denominaci\u00f3n de \u00abEscuelas de Educaci\u00f3n Art\u00edstica\u00bb, para definir las pautas de funcionamiento y la organizaci\u00f3n institucional de ese tipo de establecimientos que existen en territorio bonaerense desde hace 50 a\u00f1os.<\/p>\n","protected":false},"author":3,"featured_media":0,"comment_status":"closed","ping_status":"closed","sticky":false,"template":"","format":"standard","meta":{"footnotes":""},"categories":[34],"tags":[],"class_list":["post-86117","post","type-post","status-publish","format-standard","hentry","category-educacion"],"yoast_head":"<!-- This site is optimized with the Yoast SEO plugin v25.9 - https:\/\/yoast.com\/wordpress\/plugins\/seo\/ -->\n<title>Definen nuevas pautas para el funcionamiento de las escuelas de educaci\u00f3n art\u00edstica bonaerenses - Noticias Radio Reflejos<\/title>\n<meta name=\"robots\" content=\"index, follow, max-snippet:-1, max-image-preview:large, max-video-preview:-1\" \/>\n<link rel=\"canonical\" href=\"https:\/\/www.noticiasradioreflejos.com.ar\/2021\/definen-nuevas-pautas-para-el-funcionamiento-de-las-escuelas-de-educacion-artistica-bonaerenses\/\" \/>\n<meta property=\"og:locale\" content=\"es_ES\" \/>\n<meta property=\"og:type\" content=\"article\" \/>\n<meta property=\"og:title\" content=\"Definen nuevas pautas para el funcionamiento de las escuelas de educaci\u00f3n art\u00edstica bonaerenses - Noticias Radio Reflejos\" \/>\n<meta property=\"og:description\" content=\"El gobierno bonaerense oficializ\u00f3 hoy la decisi\u00f3n de llamar a las Escuelas de Educaci\u00f3n Est\u00e9tica con la denominaci\u00f3n de \u00abEscuelas de Educaci\u00f3n Art\u00edstica\u00bb, para definir las pautas de funcionamiento y la organizaci\u00f3n institucional de ese tipo de establecimientos que existen en territorio bonaerense desde hace 50 a\u00f1os.\" \/>\n<meta property=\"og:url\" content=\"https:\/\/www.noticiasradioreflejos.com.ar\/2021\/definen-nuevas-pautas-para-el-funcionamiento-de-las-escuelas-de-educacion-artistica-bonaerenses\/\" \/>\n<meta property=\"og:site_name\" content=\"Noticias Radio Reflejos\" \/>\n<meta property=\"article:published_time\" content=\"2023-03-29T11:24:43+00:00\" \/>\n<meta property=\"og:image\" content=\"https:\/\/www.noticiasradioreflejos.com.ar\/2021\/wp-content\/uploads\/2021\/07\/logosol300x200.png\" \/>\n\t<meta property=\"og:image:width\" content=\"300\" \/>\n\t<meta property=\"og:image:height\" content=\"200\" \/>\n\t<meta property=\"og:image:type\" content=\"image\/png\" \/>\n<meta name=\"author\" content=\"Arnaldo Botto\" \/>\n<meta name=\"twitter:card\" content=\"summary_large_image\" \/>\n<script type=\"application\/ld+json\" class=\"yoast-schema-graph\">{\"@context\":\"https:\/\/schema.org\",\"@graph\":[{\"@type\":\"WebPage\",\"@id\":\"https:\/\/www.noticiasradioreflejos.com.ar\/2021\/definen-nuevas-pautas-para-el-funcionamiento-de-las-escuelas-de-educacion-artistica-bonaerenses\/\",\"url\":\"https:\/\/www.noticiasradioreflejos.com.ar\/2021\/definen-nuevas-pautas-para-el-funcionamiento-de-las-escuelas-de-educacion-artistica-bonaerenses\/\",\"name\":\"Definen nuevas pautas para el funcionamiento de las escuelas de educaci\u00f3n art\u00edstica bonaerenses - Noticias Radio Reflejos\",\"isPartOf\":{\"@id\":\"https:\/\/www.noticiasradioreflejos.com.ar\/2021\/#website\"},\"datePublished\":\"2023-03-29T11:24:43+00:00\",\"author\":{\"@id\":\"https:\/\/www.noticiasradioreflejos.com.ar\/2021\/#\/schema\/person\/ad82545263dcc5ec0996818884fd5fb1\"},\"breadcrumb\":{\"@id\":\"https:\/\/www.noticiasradioreflejos.com.ar\/2021\/definen-nuevas-pautas-para-el-funcionamiento-de-las-escuelas-de-educacion-artistica-bonaerenses\/#breadcrumb\"},\"inLanguage\":\"es\",\"potentialAction\":[{\"@type\":\"ReadAction\",\"target\":[\"https:\/\/www.noticiasradioreflejos.com.ar\/2021\/definen-nuevas-pautas-para-el-funcionamiento-de-las-escuelas-de-educacion-artistica-bonaerenses\/\"]}]},{\"@type\":\"BreadcrumbList\",\"@id\":\"https:\/\/www.noticiasradioreflejos.com.ar\/2021\/definen-nuevas-pautas-para-el-funcionamiento-de-las-escuelas-de-educacion-artistica-bonaerenses\/#breadcrumb\",\"itemListElement\":[{\"@type\":\"ListItem\",\"position\":1,\"name\":\"Portada\",\"item\":\"https:\/\/www.noticiasradioreflejos.com.ar\/2021\/\"},{\"@type\":\"ListItem\",\"position\":2,\"name\":\"Definen nuevas pautas para el funcionamiento de las escuelas de educaci\u00f3n art\u00edstica bonaerenses\"}]},{\"@type\":\"WebSite\",\"@id\":\"https:\/\/www.noticiasradioreflejos.com.ar\/2021\/#website\",\"url\":\"https:\/\/www.noticiasradioreflejos.com.ar\/2021\/\",\"name\":\"Noticias Radio Reflejos\",\"description\":\"Las noticias de mi comarca\",\"potentialAction\":[{\"@type\":\"SearchAction\",\"target\":{\"@type\":\"EntryPoint\",\"urlTemplate\":\"https:\/\/www.noticiasradioreflejos.com.ar\/2021\/?s={search_term_string}\"},\"query-input\":{\"@type\":\"PropertyValueSpecification\",\"valueRequired\":true,\"valueName\":\"search_term_string\"}}],\"inLanguage\":\"es\"},{\"@type\":\"Person\",\"@id\":\"https:\/\/www.noticiasradioreflejos.com.ar\/2021\/#\/schema\/person\/ad82545263dcc5ec0996818884fd5fb1\",\"name\":\"Arnaldo Botto\",\"image\":{\"@type\":\"ImageObject\",\"inLanguage\":\"es\",\"@id\":\"https:\/\/www.noticiasradioreflejos.com.ar\/2021\/#\/schema\/person\/image\/\",\"url\":\"https:\/\/secure.gravatar.com\/avatar\/55cb5e37c1efa326397366e6974cb338056df65cb50e7d64d1cf314e87504837?s=96&d=mm&r=g\",\"contentUrl\":\"https:\/\/secure.gravatar.com\/avatar\/55cb5e37c1efa326397366e6974cb338056df65cb50e7d64d1cf314e87504837?s=96&d=mm&r=g\",\"caption\":\"Arnaldo Botto\"},\"url\":\"https:\/\/www.noticiasradioreflejos.com.ar\/2021\/author\/arnaldo\/\"}]}<\/script>\n<!-- \/ Yoast SEO plugin. -->","yoast_head_json":{"title":"Definen nuevas pautas para el funcionamiento de las escuelas de educaci\u00f3n art\u00edstica bonaerenses - Noticias Radio Reflejos","robots":{"index":"index","follow":"follow","max-snippet":"max-snippet:-1","max-image-preview":"max-image-preview:large","max-video-preview":"max-video-preview:-1"},"canonical":"https:\/\/www.noticiasradioreflejos.com.ar\/2021\/definen-nuevas-pautas-para-el-funcionamiento-de-las-escuelas-de-educacion-artistica-bonaerenses\/","og_locale":"es_ES","og_type":"article","og_title":"Definen nuevas pautas para el funcionamiento de las escuelas de educaci\u00f3n art\u00edstica bonaerenses - Noticias Radio Reflejos","og_description":"El gobierno bonaerense oficializ\u00f3 hoy la decisi\u00f3n de llamar a las Escuelas de Educaci\u00f3n Est\u00e9tica con la denominaci\u00f3n de \u00abEscuelas de Educaci\u00f3n Art\u00edstica\u00bb, para definir las pautas de funcionamiento y la organizaci\u00f3n institucional de ese tipo de establecimientos que existen en territorio bonaerense desde hace 50 a\u00f1os.","og_url":"https:\/\/www.noticiasradioreflejos.com.ar\/2021\/definen-nuevas-pautas-para-el-funcionamiento-de-las-escuelas-de-educacion-artistica-bonaerenses\/","og_site_name":"Noticias Radio Reflejos","article_published_time":"2023-03-29T11:24:43+00:00","og_image":[{"width":300,"height":200,"url":"https:\/\/www.noticiasradioreflejos.com.ar\/2021\/wp-content\/uploads\/2021\/07\/logosol300x200.png","type":"image\/png"}],"author":"Arnaldo Botto","twitter_card":"summary_large_image","schema":{"@context":"https:\/\/schema.org","@graph":[{"@type":"WebPage","@id":"https:\/\/www.noticiasradioreflejos.com.ar\/2021\/definen-nuevas-pautas-para-el-funcionamiento-de-las-escuelas-de-educacion-artistica-bonaerenses\/","url":"https:\/\/www.noticiasradioreflejos.com.ar\/2021\/definen-nuevas-pautas-para-el-funcionamiento-de-las-escuelas-de-educacion-artistica-bonaerenses\/","name":"Definen nuevas pautas para el funcionamiento de las escuelas de educaci\u00f3n art\u00edstica bonaerenses - Noticias Radio Reflejos","isPartOf":{"@id":"https:\/\/www.noticiasradioreflejos.com.ar\/2021\/#website"},"datePublished":"2023-03-29T11:24:43+00:00","author":{"@id":"https:\/\/www.noticiasradioreflejos.com.ar\/2021\/#\/schema\/person\/ad82545263dcc5ec0996818884fd5fb1"},"breadcrumb":{"@id":"https:\/\/www.noticiasradioreflejos.com.ar\/2021\/definen-nuevas-pautas-para-el-funcionamiento-de-las-escuelas-de-educacion-artistica-bonaerenses\/#breadcrumb"},"inLanguage":"es","potentialAction":[{"@type":"ReadAction","target":["https:\/\/www.noticiasradioreflejos.com.ar\/2021\/definen-nuevas-pautas-para-el-funcionamiento-de-las-escuelas-de-educacion-artistica-bonaerenses\/"]}]},{"@type":"BreadcrumbList","@id":"https:\/\/www.noticiasradioreflejos.com.ar\/2021\/definen-nuevas-pautas-para-el-funcionamiento-de-las-escuelas-de-educacion-artistica-bonaerenses\/#breadcrumb","itemListElement":[{"@type":"ListItem","position":1,"name":"Portada","item":"https:\/\/www.noticiasradioreflejos.com.ar\/2021\/"},{"@type":"ListItem","position":2,"name":"Definen nuevas pautas para el funcionamiento de las escuelas de educaci\u00f3n art\u00edstica bonaerenses"}]},{"@type":"WebSite","@id":"https:\/\/www.noticiasradioreflejos.com.ar\/2021\/#website","url":"https:\/\/www.noticiasradioreflejos.com.ar\/2021\/","name":"Noticias Radio Reflejos","description":"Las noticias de mi comarca","potentialAction":[{"@type":"SearchAction","target":{"@type":"EntryPoint","urlTemplate":"https:\/\/www.noticiasradioreflejos.com.ar\/2021\/?s={search_term_string}"},"query-input":{"@type":"PropertyValueSpecification","valueRequired":true,"valueName":"search_term_string"}}],"inLanguage":"es"},{"@type":"Person","@id":"https:\/\/www.noticiasradioreflejos.com.ar\/2021\/#\/schema\/person\/ad82545263dcc5ec0996818884fd5fb1","name":"Arnaldo Botto","image":{"@type":"ImageObject","inLanguage":"es","@id":"https:\/\/www.noticiasradioreflejos.com.ar\/2021\/#\/schema\/person\/image\/","url":"https:\/\/secure.gravatar.com\/avatar\/55cb5e37c1efa326397366e6974cb338056df65cb50e7d64d1cf314e87504837?s=96&d=mm&r=g","contentUrl":"https:\/\/secure.gravatar.com\/avatar\/55cb5e37c1efa326397366e6974cb338056df65cb50e7d64d1cf314e87504837?s=96&d=mm&r=g","caption":"Arnaldo Botto"},"url":"https:\/\/www.noticiasradioreflejos.com.ar\/2021\/author\/arnaldo\/"}]}},"_links":{"self":[{"href":"https:\/\/www.noticiasradioreflejos.com.ar\/2021\/wp-json\/wp\/v2\/posts\/86117","targetHints":{"allow":["GET"]}}],"collection":[{"href":"https:\/\/www.noticiasradioreflejos.com.ar\/2021\/wp-json\/wp\/v2\/posts"}],"about":[{"href":"https:\/\/www.noticiasradioreflejos.com.ar\/2021\/wp-json\/wp\/v2\/types\/post"}],"author":[{"embeddable":true,"href":"https:\/\/www.noticiasradioreflejos.com.ar\/2021\/wp-json\/wp\/v2\/users\/3"}],"replies":[{"embeddable":true,"href":"https:\/\/www.noticiasradioreflejos.com.ar\/2021\/wp-json\/wp\/v2\/comments?post=86117"}],"version-history":[{"count":1,"href":"https:\/\/www.noticiasradioreflejos.com.ar\/2021\/wp-json\/wp\/v2\/posts\/86117\/revisions"}],"predecessor-version":[{"id":86119,"href":"https:\/\/www.noticiasradioreflejos.com.ar\/2021\/wp-json\/wp\/v2\/posts\/86117\/revisions\/86119"}],"wp:attachment":[{"href":"https:\/\/www.noticiasradioreflejos.com.ar\/2021\/wp-json\/wp\/v2\/media?parent=86117"}],"wp:term":[{"taxonomy":"category","embeddable":true,"href":"https:\/\/www.noticiasradioreflejos.com.ar\/2021\/wp-json\/wp\/v2\/categories?post=86117"},{"taxonomy":"post_tag","embeddable":true,"href":"https:\/\/www.noticiasradioreflejos.com.ar\/2021\/wp-json\/wp\/v2\/tags?post=86117"}],"curies":[{"name":"wp","href":"https:\/\/api.w.org\/{rel}","templated":true}]}}