{"id":86114,"date":"2023-03-29T11:18:52","date_gmt":"2023-03-29T11:18:52","guid":{"rendered":"https:\/\/www.noticiasradioreflejos.com.ar\/2021\/?p=86114"},"modified":"2023-03-29T11:18:52","modified_gmt":"2023-03-29T11:18:52","slug":"avanza-la-instalacion-de-nuevos-radares-meteorologicos-para-vigilar-tormentas-en-el-pais","status":"publish","type":"post","link":"https:\/\/www.noticiasradioreflejos.com.ar\/2021\/avanza-la-instalacion-de-nuevos-radares-meteorologicos-para-vigilar-tormentas-en-el-pais\/","title":{"rendered":"Avanza la instalaci\u00f3n de nuevos radares meteorol\u00f3gicos para vigilar tormentas en el pa\u00eds"},"content":{"rendered":"<p>Inicia la tercera etapa del SINARAME, que instalar\u00e1 10 nuevos radares y m\u00e1s equipamiento. El proyecto, que inici\u00f3 en 2011, ya es un modelo de \u00e9xito en Sudam\u00e9rica.<!--more--><br \/>\nEl Sistema Nacional de Radares Meteorol\u00f3gico SINARAME inicia su tercera etapa que prev\u00e9 la ampliaci\u00f3n de las capacidades del Centro de Operaciones (COP) y la instalaci\u00f3n de <strong>10 nuevos radares meteorol\u00f3gicos\u00a0<\/strong>(RMA) para alcanzar as\u00ed una cobertura<strong>\u00a0del 70% del territorio del pa\u00eds<\/strong>.<\/p>\n<div class=\"row\">\n<div class=\"col-12 col-md-10 fparrafo ctext fz16 lh28 mb20\">\n<div class=\"wysiwyg mb15\">\n<p><img loading=\"lazy\" decoding=\"async\" class=\"CToWUd a6T alignleft\" tabindex=\"0\" src=\"https:\/\/ci5.googleusercontent.com\/proxy\/JIFvAV_wckkq-r8HmSn_M0BPCuInSs-vuvs-cpX_0OfUnqMI6eC8cxjp9XVDzOt15e5_JNznpofgYpB-m28AuIOcGEActEjH5a5MVjeVFZhHfnCzsE2dXSjw6Ghl46CuODLMlux7cjAvkclfuYXb4ttZjzG92Q=s0-d-e1-ft#https:\/\/mcusercontent.com\/19802890429e09840b9142661\/images\/9c5c4d35-ad16-92dc-d152-1c712ad973bd.jpg\" width=\"366\" height=\"275\" data-bit=\"iit\" \/>\u00a0<img loading=\"lazy\" decoding=\"async\" class=\"CToWUd a6T\" tabindex=\"0\" src=\"https:\/\/ci6.googleusercontent.com\/proxy\/4FKAHtgkf6uxdoPV_n5bPu4SHa1Ui2P6gQCzAY85jnl-TRTlqEgyYptAu1j0IAjIsw404KxwZANyGEaiUacIBMgRXzkMhNKkofjRQ7hK4s344O7y90qNsijj7pOGP-JNOKn8NoohwhjE-ZfZ1z19KQiJvDkTYA=s0-d-e1-ft#https:\/\/mcusercontent.com\/19802890429e09840b9142661\/images\/a4d08883-2640-5fea-731e-db4ff5151e2e.jpg\" width=\"320\" height=\"282\" data-bit=\"iit\" \/><\/p>\n<p>El proyecto, que se inici\u00f3 en 2011 y ya instal\u00f3 1 prototipo (RMA0) y 11 radares en el territorio nacional, es financiado desde su inicio por el\u00a0<strong>Ministerio de Obras P\u00fablicas<\/strong>. La construcci\u00f3n e instalaci\u00f3n est\u00e1 a cargo de la empresa\u00a0<strong>INVAP<\/strong>; y el\u00a0<strong>Servicio Meteorol\u00f3gico Nacional<\/strong>\u00a0(SMN) es el principal usuario del Sistema, para la elaboraci\u00f3n de alertas inmediatas basadas en informaci\u00f3n de radar.<br \/>\nCarlos Lacunza, Coordinador del Proyecto, afirm\u00f3 que \u201cel sistema es un\u00a0<strong>ejemplo a nivel sudamericano<\/strong>. Argentina es el \u00fanico pa\u00eds que tiene un sistema integrado, que se maneja desde un solo lugar. Funciona muy bien y es conocido en el mundo. As\u00ed que empezamos la tercera etapa con muy buen pron\u00f3stico\u201d.<br \/>\nEsta etapa comenz\u00f3 con la instalaci\u00f3n de nuevo equipamiento para procesar, visualizar y administrar los datos en el COP del SMN.\u00a0<strong>Veinte nuevas pantallas de alta resoluci\u00f3n<\/strong>\u00a0que permiten una visualizaci\u00f3n m\u00e1s completa de la informaci\u00f3n que proveen los radares ya existentes y de los radares que se instalar\u00e1n durante 2023.<\/p>\n<p><img loading=\"lazy\" decoding=\"async\" class=\"CToWUd a6T aligncenter\" tabindex=\"0\" src=\"https:\/\/ci4.googleusercontent.com\/proxy\/lQN2OIkNO4U4qSm7qZQJxAlv2Ivb_0kJZc9MUjwcKo7w0IjqW0PqepNJYfQrKO6D-P3cgQgKRMCjftTS-jOhfdDdPbjKzQdQlcATp6c00dXXM-bgpfCT6SjapuQ2KY8BaT2O69V_5ukULITexWqfZagTkmDsiw=s0-d-e1-ft#https:\/\/mcusercontent.com\/19802890429e09840b9142661\/images\/10367b11-1074-aa3e-a3f2-673388131516.jpg\" width=\"813\" height=\"610\" data-bit=\"iit\" \/><\/p>\n<p>Adem\u00e1s, desde la Etapa 1 funciona en el predio del SMN el coraz\u00f3n del SINARAME: un datacenter donde se albergan los servidores, el almacenamiento con todos los datos, las im\u00e1genes producidas y las bater\u00edas que alimentan los equipos de los pronosticadores. La actual Etapa 3 prev\u00e9 renovar y ampliar todos estos equipos dado el crecimiento del sistema.<br \/>\nEn esta fase del proyecto tambi\u00e9n se ampliar\u00e1 el sistema de comunicaciones, se instalar\u00e1n 18 oficinas locales de vigilancia e interpretaci\u00f3n (Nodos Locales), y 9 oficinas de Vigilancia y estudio. Se trata de oficinas en las cercan\u00edas del radar, que se proveer\u00e1n a las autoridades jurisdiccionales que facilitan el sitio, la energ\u00eda y el servicio de comunicaciones. As\u00ed, las jurisdicciones que lo soliciten tendr\u00e1n acceso directo a la informaci\u00f3n que produce el Sistema. En estas oficinas se podr\u00e1 recepcionar la informaci\u00f3n producida por las estaciones meteorol\u00f3gicas autom\u00e1ticas.<br \/>\nAdem\u00e1s, est\u00e1 en desarrollo una aplicaci\u00f3n para tel\u00e9fonos m\u00f3viles abierta a toda la ciudadan\u00eda, desde la que se podr\u00e1 acceder a todo el sistema de radares en tiempo real.<\/p>\n<h3>2023: Diez nuevos radares en el pa\u00eds para mejorar la alerta temprana<\/h3>\n<p>\u201cCon el radar podemos ver dentro de las tormentas, ver si hay lluvia, granizo y de qu\u00e9 tama\u00f1o. Es una herramienta fundamental. Pero cada radar tiene una cobertura de 240 km a su alrededor, por\u00a0<strong>eso es importante tener muchos radares. La superposici\u00f3n de esas coberturas es lo que se conoce como mosaico<\/strong>\u201d, explica Pedro Lohigorry, Coordinador de Pron\u00f3sticos Inmediatos del SMN.<br \/>\nAs\u00ed, para ampliar la cobertura, entre los a\u00f1os 2023 y 2024 se sumar\u00e1n 10 nuevos radares a la red, que se ubicar\u00e1n en lugares estrat\u00e9gicos:<\/p>\n<p>1.\u00a0\u00a0 \u00a0Villa Reynolds, San Luis (RMA12)<br \/>\n2.\u00a0\u00a0 \u00a0Las Lajitas, Salta (RMA13)<br \/>\n3.\u00a0\u00a0 \u00a0Las Catitas, Mendoza (RMA14)<br \/>\n4.\u00a0\u00a0 \u00a0Bol\u00edvar, Buenos Aires (RMA15)<br \/>\n5.\u00a0\u00a0 \u00a0Tostado, Santa Fe (RMA16)<br \/>\n6.\u00a0\u00a0 \u00a0Chamical, La Rioja (RMA17)<br \/>\n7.\u00a0\u00a0 \u00a0Alejandro Roca, C\u00f3rdoba (RMA18)<br \/>\n8.\u00a0\u00a0 \u00a0Ituzaing\u00f3, Corrientes (RMA19)<br \/>\n9.\u00a0\u00a0 \u00a0Las Grutas, R\u00edo Negro (RMA20)<br \/>\n10.\u00a0\u00a0 \u00a0Santa Isabel, La Pampa (RMA21)<\/p>\n<p><img loading=\"lazy\" decoding=\"async\" class=\"CToWUd a6T\" tabindex=\"0\" src=\"https:\/\/ci6.googleusercontent.com\/proxy\/4tjUz5iB7d4uIXJ7-yPA_AF44W664gkWFkSY_1ycP3NvDmhBTKu97R9lrK587CbNr0Yw4D9M47KSSKYaPscNvLl6Zk9dORmRDjBWJ_m2AInYRhRoCfGZ_G1I7KxQCeBFrdRUUarT2fBb617mP_z6K1eWQVWXuQ=s0-d-e1-ft#https:\/\/mcusercontent.com\/19802890429e09840b9142661\/images\/5c7dcaf4-baae-eab1-eaff-9ea95be59573.jpg\" width=\"250\" height=\"353\" data-bit=\"iit\" \/><img loading=\"lazy\" decoding=\"async\" class=\"CToWUd a6T\" tabindex=\"0\" src=\"https:\/\/ci5.googleusercontent.com\/proxy\/ROD0AfoPfKzPIlmBL9fh1AIM-xJBkEO5xRTzuVTc4tOSZGcMP-5GQB0Oam6lUVBX9uVvnd4xB8jBxUgWo83sTwWZDT0ueBLoXSYZk-G_WEJC8isS9Yi7qHeQZ5qE-gsBKvtmddukq1FtgM46zPF8ndPHs8AfQg=s0-d-e1-ft#https:\/\/mcusercontent.com\/19802890429e09840b9142661\/images\/8d266f47-05ce-4869-0fec-a462803b4e44.jpg\" width=\"250\" height=\"353\" data-bit=\"iit\" \/><\/p>\n<p>Habr\u00e1 en total\u00a0<strong>21 radares del SINARAME y la cobertura alcanzar\u00e1 el 70%<\/strong>\u00a0del territorio continental americano de Argentina. Con esto, una mayor cantidad de habitantes recibir\u00e1 alertas inmediatas por tormentas severas, entre otros fen\u00f3menos.<\/p>\n<h3>SINARAME: historia de un caso de \u00e9xito<\/h3>\n<p>\u201cLa idea de radarizar el pa\u00eds nace a partir de la demanda de varios organismos. En los primeros a\u00f1os del 2000 hubo algunos intentos fallidos de importar radares. Hasta que en el 2008 se tom\u00f3 una decisi\u00f3n pol\u00edtica trascendental. Fabricarlos en el pa\u00eds. En INVAP\u201d, repasa Lacunza.<\/p>\n<p>El 6 de junio de 2011 se firm\u00f3 el contrato por la Etapa 1 entre la Secretar\u00eda de Recursos H\u00eddricos e INVAP. La empresa, con sede en Bariloche, ser\u00eda la responsable de desarrollar y construir radares meteorol\u00f3gicos cuyo principal usuario ser\u00eda el Servicio Meteorol\u00f3gico Nacional, en donde se ubicar\u00eda, adem\u00e1s, el Centro de Operaciones de todos esos radares.<\/p>\n<p>La experiencia previa de INVAP en \u00e1reas de sistemas complejos y de radares en particular facilitaron la inserci\u00f3n en radares meteorol\u00f3gicos. No obstante, la empresa requiri\u00f3 del asesoramiento y de la transferencia de conocimiento de expertos en meteorolog\u00eda y eventos extremos \u201cSe form\u00f3 un equipo que permiti\u00f3 desarrollar y \u00a0entender los requerimientos y comenzar a<strong>\u00a0hablar un idioma en com\u00fan con los especialistas en uso de radares meteorol\u00f3gicos<\/strong>\u201d, explic\u00f3 Gustavo Cabrera, asesor de la gerencia general de la empresa.<\/p>\n<p><img loading=\"lazy\" decoding=\"async\" class=\"CToWUd a6T aligncenter\" tabindex=\"0\" src=\"https:\/\/ci4.googleusercontent.com\/proxy\/iij91PYKa_JpqLmweOcneWEkXrf2muh_nzweepZp3JlxNH9R4T-O7aDkTbrVkU0kRhlCdmn2XGvyrbZX5v9uwaUvzStAYepeOWMvZGcjUOuTrVXJ_zgTsLo0dVxV8CpVcIX0cO8wBw7d3CG3ySxckHsrTwDgaw=s0-d-e1-ft#https:\/\/mcusercontent.com\/19802890429e09840b9142661\/images\/92677b1f-23b8-3521-6f59-b87ae444112d.jpg\" width=\"727\" height=\"545\" data-bit=\"iit\" \/><\/p>\n<p>La<strong>\u00a0primera etapa<\/strong>\u00a0incluy\u00f3 el desarrollo de un prototipo (el RMA 0) ubicado en Bariloche, y del primer radar de la serie, el RMA 1, que se ubic\u00f3 en el centro del pa\u00eds, en la ciudad de C\u00f3rdoba.<br \/>\nEl contrato para la segunda etapa se firm\u00f3 el 9 de octubre de 2014 y se extendi\u00f3 hasta el \u00a02021. Se sumaron\u00a0<strong>10 radares m\u00e1s<\/strong>, ubicados en R\u00edo Grande (Tierra del Fuego), Neuqu\u00e9n (Neuqu\u00e9n), Mercedes (Corrientes), Resistencia (Chaco), Las Lomitas (Formosa), Termas de R\u00edo Hondo (Santiago del Estero), Bernardo de Irigoyen (Misiones), Bah\u00eda Blanca, Mar del Plata y Ezeiza (en Buenos Aires).\u00a0<strong>Un total de 11 radares operativos<\/strong>\u00a0que, sumados a otros 3 radares que posee el Instituto Nacional de Tecnolog\u00eda Agropecuaria (INTA), alcanzaron a cubrir el 40% del territorio del pa\u00eds. El RMA0, en Bariloche, es utilizado por INVAP para ensayar mejoras que luego se pueden aplicar al resto de la red.<br \/>\nDesde el 2019 el Ministerio de Obras P\u00fablicas tambi\u00e9n contrat\u00f3 a INVAP para que realice la operaci\u00f3n y el mantenimiento de los radares del SINARAME y de los equipos inform\u00e1ticos. En total, el proyecto ha demandado una inversi\u00f3n de 6400 millones de pesos.<\/p>\n<h3>Ciencia y tecnolog\u00eda para la adaptaci\u00f3n al cambio clim\u00e1tico<\/h3>\n<p>La informaci\u00f3n del SINARAME no es exclusiva para el SMN, aunque este organismo es su usuario principal, con lo cual recibe las im\u00e1genes con mayor velocidad y resoluci\u00f3n. Esto tambi\u00e9n representa desaf\u00edos. \u201cEs muy positivo contar con cada vez mejor tecnolog\u00eda, pero es indispensable\u00a0<strong>sumar meteor\u00f3logos que interpreten las im\u00e1genes<\/strong>, realicen la vigilancia del territorio y la emisi\u00f3n de los alertas\u201d, puntualiza Lohigorry.<br \/>\nLos radares, junto con los sat\u00e9lites, los modelos num\u00e9ricos de pron\u00f3stico y las observaciones meteorol\u00f3gicas son las tecnolog\u00edas que sustentan los Sistemas de Alerta Temprana, cuyo objetivo es brindar informaci\u00f3n para que las comunidades puedan tomar medidas de adaptaci\u00f3n o respuesta frente al riesgo. Son sistemas y tecnolog\u00edas cada vez m\u00e1s necesarios, a medida que aumenta la intensidad y la frecuencia de los fen\u00f3menos extremos, como consecuencia del cambio clim\u00e1tico.<\/p>\n<\/div>\n<\/div>\n<\/div>\n<p>&nbsp;<\/p>\n<p>Por: <b class=\"cprincipal\">Prensa SMN<\/b><\/p>\n","protected":false},"excerpt":{"rendered":"<p>Inicia la tercera etapa del SINARAME, que instalar\u00e1 10 nuevos radares y m\u00e1s equipamiento. El proyecto, que inici\u00f3 en 2011, ya es un modelo de \u00e9xito en Sudam\u00e9rica.<\/p>\n","protected":false},"author":3,"featured_media":0,"comment_status":"closed","ping_status":"closed","sticky":false,"template":"","format":"standard","meta":{"footnotes":""},"categories":[46],"tags":[48],"class_list":["post-86114","post","type-post","status-publish","format-standard","hentry","category-ciencia-y-tecnologia","tag-destacada"],"yoast_head":"<!-- This site is optimized with the Yoast SEO plugin v25.9 - https:\/\/yoast.com\/wordpress\/plugins\/seo\/ -->\n<title>Avanza la instalaci\u00f3n de nuevos radares meteorol\u00f3gicos para vigilar tormentas en el pa\u00eds - Noticias Radio Reflejos<\/title>\n<meta name=\"robots\" content=\"index, follow, max-snippet:-1, max-image-preview:large, max-video-preview:-1\" \/>\n<link rel=\"canonical\" href=\"https:\/\/www.noticiasradioreflejos.com.ar\/2021\/avanza-la-instalacion-de-nuevos-radares-meteorologicos-para-vigilar-tormentas-en-el-pais\/\" \/>\n<meta property=\"og:locale\" content=\"es_ES\" \/>\n<meta property=\"og:type\" content=\"article\" \/>\n<meta property=\"og:title\" content=\"Avanza la instalaci\u00f3n de nuevos radares meteorol\u00f3gicos para vigilar tormentas en el pa\u00eds - Noticias Radio Reflejos\" \/>\n<meta property=\"og:description\" content=\"Inicia la tercera etapa del SINARAME, que instalar\u00e1 10 nuevos radares y m\u00e1s equipamiento. El proyecto, que inici\u00f3 en 2011, ya es un modelo de \u00e9xito en Sudam\u00e9rica.\" \/>\n<meta property=\"og:url\" content=\"https:\/\/www.noticiasradioreflejos.com.ar\/2021\/avanza-la-instalacion-de-nuevos-radares-meteorologicos-para-vigilar-tormentas-en-el-pais\/\" \/>\n<meta property=\"og:site_name\" content=\"Noticias Radio Reflejos\" \/>\n<meta property=\"article:published_time\" content=\"2023-03-29T11:18:52+00:00\" \/>\n<meta property=\"og:image\" content=\"https:\/\/ci5.googleusercontent.com\/proxy\/JIFvAV_wckkq-r8HmSn_M0BPCuInSs-vuvs-cpX_0OfUnqMI6eC8cxjp9XVDzOt15e5_JNznpofgYpB-m28AuIOcGEActEjH5a5MVjeVFZhHfnCzsE2dXSjw6Ghl46CuODLMlux7cjAvkclfuYXb4ttZjzG92Q=s0-d-e1-ft#https:\/\/mcusercontent.com\/19802890429e09840b9142661\/images\/9c5c4d35-ad16-92dc-d152-1c712ad973bd.jpg\" \/>\n<meta name=\"author\" content=\"Arnaldo Botto\" \/>\n<meta name=\"twitter:card\" content=\"summary_large_image\" \/>\n<script type=\"application\/ld+json\" class=\"yoast-schema-graph\">{\"@context\":\"https:\/\/schema.org\",\"@graph\":[{\"@type\":\"WebPage\",\"@id\":\"https:\/\/www.noticiasradioreflejos.com.ar\/2021\/avanza-la-instalacion-de-nuevos-radares-meteorologicos-para-vigilar-tormentas-en-el-pais\/\",\"url\":\"https:\/\/www.noticiasradioreflejos.com.ar\/2021\/avanza-la-instalacion-de-nuevos-radares-meteorologicos-para-vigilar-tormentas-en-el-pais\/\",\"name\":\"Avanza la instalaci\u00f3n de nuevos radares meteorol\u00f3gicos para vigilar tormentas en el pa\u00eds - Noticias Radio Reflejos\",\"isPartOf\":{\"@id\":\"https:\/\/www.noticiasradioreflejos.com.ar\/2021\/#website\"},\"primaryImageOfPage\":{\"@id\":\"https:\/\/www.noticiasradioreflejos.com.ar\/2021\/avanza-la-instalacion-de-nuevos-radares-meteorologicos-para-vigilar-tormentas-en-el-pais\/#primaryimage\"},\"image\":{\"@id\":\"https:\/\/www.noticiasradioreflejos.com.ar\/2021\/avanza-la-instalacion-de-nuevos-radares-meteorologicos-para-vigilar-tormentas-en-el-pais\/#primaryimage\"},\"thumbnailUrl\":\"https:\/\/ci5.googleusercontent.com\/proxy\/JIFvAV_wckkq-r8HmSn_M0BPCuInSs-vuvs-cpX_0OfUnqMI6eC8cxjp9XVDzOt15e5_JNznpofgYpB-m28AuIOcGEActEjH5a5MVjeVFZhHfnCzsE2dXSjw6Ghl46CuODLMlux7cjAvkclfuYXb4ttZjzG92Q=s0-d-e1-ft#https:\/\/mcusercontent.com\/19802890429e09840b9142661\/images\/9c5c4d35-ad16-92dc-d152-1c712ad973bd.jpg\",\"datePublished\":\"2023-03-29T11:18:52+00:00\",\"author\":{\"@id\":\"https:\/\/www.noticiasradioreflejos.com.ar\/2021\/#\/schema\/person\/ad82545263dcc5ec0996818884fd5fb1\"},\"breadcrumb\":{\"@id\":\"https:\/\/www.noticiasradioreflejos.com.ar\/2021\/avanza-la-instalacion-de-nuevos-radares-meteorologicos-para-vigilar-tormentas-en-el-pais\/#breadcrumb\"},\"inLanguage\":\"es\",\"potentialAction\":[{\"@type\":\"ReadAction\",\"target\":[\"https:\/\/www.noticiasradioreflejos.com.ar\/2021\/avanza-la-instalacion-de-nuevos-radares-meteorologicos-para-vigilar-tormentas-en-el-pais\/\"]}]},{\"@type\":\"ImageObject\",\"inLanguage\":\"es\",\"@id\":\"https:\/\/www.noticiasradioreflejos.com.ar\/2021\/avanza-la-instalacion-de-nuevos-radares-meteorologicos-para-vigilar-tormentas-en-el-pais\/#primaryimage\",\"url\":\"https:\/\/ci5.googleusercontent.com\/proxy\/JIFvAV_wckkq-r8HmSn_M0BPCuInSs-vuvs-cpX_0OfUnqMI6eC8cxjp9XVDzOt15e5_JNznpofgYpB-m28AuIOcGEActEjH5a5MVjeVFZhHfnCzsE2dXSjw6Ghl46CuODLMlux7cjAvkclfuYXb4ttZjzG92Q=s0-d-e1-ft#https:\/\/mcusercontent.com\/19802890429e09840b9142661\/images\/9c5c4d35-ad16-92dc-d152-1c712ad973bd.jpg\",\"contentUrl\":\"https:\/\/ci5.googleusercontent.com\/proxy\/JIFvAV_wckkq-r8HmSn_M0BPCuInSs-vuvs-cpX_0OfUnqMI6eC8cxjp9XVDzOt15e5_JNznpofgYpB-m28AuIOcGEActEjH5a5MVjeVFZhHfnCzsE2dXSjw6Ghl46CuODLMlux7cjAvkclfuYXb4ttZjzG92Q=s0-d-e1-ft#https:\/\/mcusercontent.com\/19802890429e09840b9142661\/images\/9c5c4d35-ad16-92dc-d152-1c712ad973bd.jpg\"},{\"@type\":\"BreadcrumbList\",\"@id\":\"https:\/\/www.noticiasradioreflejos.com.ar\/2021\/avanza-la-instalacion-de-nuevos-radares-meteorologicos-para-vigilar-tormentas-en-el-pais\/#breadcrumb\",\"itemListElement\":[{\"@type\":\"ListItem\",\"position\":1,\"name\":\"Portada\",\"item\":\"https:\/\/www.noticiasradioreflejos.com.ar\/2021\/\"},{\"@type\":\"ListItem\",\"position\":2,\"name\":\"Avanza la instalaci\u00f3n de nuevos radares meteorol\u00f3gicos para vigilar tormentas en el pa\u00eds\"}]},{\"@type\":\"WebSite\",\"@id\":\"https:\/\/www.noticiasradioreflejos.com.ar\/2021\/#website\",\"url\":\"https:\/\/www.noticiasradioreflejos.com.ar\/2021\/\",\"name\":\"Noticias Radio Reflejos\",\"description\":\"Las noticias de mi comarca\",\"potentialAction\":[{\"@type\":\"SearchAction\",\"target\":{\"@type\":\"EntryPoint\",\"urlTemplate\":\"https:\/\/www.noticiasradioreflejos.com.ar\/2021\/?s={search_term_string}\"},\"query-input\":{\"@type\":\"PropertyValueSpecification\",\"valueRequired\":true,\"valueName\":\"search_term_string\"}}],\"inLanguage\":\"es\"},{\"@type\":\"Person\",\"@id\":\"https:\/\/www.noticiasradioreflejos.com.ar\/2021\/#\/schema\/person\/ad82545263dcc5ec0996818884fd5fb1\",\"name\":\"Arnaldo Botto\",\"image\":{\"@type\":\"ImageObject\",\"inLanguage\":\"es\",\"@id\":\"https:\/\/www.noticiasradioreflejos.com.ar\/2021\/#\/schema\/person\/image\/\",\"url\":\"https:\/\/secure.gravatar.com\/avatar\/55cb5e37c1efa326397366e6974cb338056df65cb50e7d64d1cf314e87504837?s=96&d=mm&r=g\",\"contentUrl\":\"https:\/\/secure.gravatar.com\/avatar\/55cb5e37c1efa326397366e6974cb338056df65cb50e7d64d1cf314e87504837?s=96&d=mm&r=g\",\"caption\":\"Arnaldo Botto\"},\"url\":\"https:\/\/www.noticiasradioreflejos.com.ar\/2021\/author\/arnaldo\/\"}]}<\/script>\n<!-- \/ Yoast SEO plugin. -->","yoast_head_json":{"title":"Avanza la instalaci\u00f3n de nuevos radares meteorol\u00f3gicos para vigilar tormentas en el pa\u00eds - Noticias Radio Reflejos","robots":{"index":"index","follow":"follow","max-snippet":"max-snippet:-1","max-image-preview":"max-image-preview:large","max-video-preview":"max-video-preview:-1"},"canonical":"https:\/\/www.noticiasradioreflejos.com.ar\/2021\/avanza-la-instalacion-de-nuevos-radares-meteorologicos-para-vigilar-tormentas-en-el-pais\/","og_locale":"es_ES","og_type":"article","og_title":"Avanza la instalaci\u00f3n de nuevos radares meteorol\u00f3gicos para vigilar tormentas en el pa\u00eds - Noticias Radio Reflejos","og_description":"Inicia la tercera etapa del SINARAME, que instalar\u00e1 10 nuevos radares y m\u00e1s equipamiento. El proyecto, que inici\u00f3 en 2011, ya es un modelo de \u00e9xito en Sudam\u00e9rica.","og_url":"https:\/\/www.noticiasradioreflejos.com.ar\/2021\/avanza-la-instalacion-de-nuevos-radares-meteorologicos-para-vigilar-tormentas-en-el-pais\/","og_site_name":"Noticias Radio Reflejos","article_published_time":"2023-03-29T11:18:52+00:00","og_image":[{"url":"https:\/\/ci5.googleusercontent.com\/proxy\/JIFvAV_wckkq-r8HmSn_M0BPCuInSs-vuvs-cpX_0OfUnqMI6eC8cxjp9XVDzOt15e5_JNznpofgYpB-m28AuIOcGEActEjH5a5MVjeVFZhHfnCzsE2dXSjw6Ghl46CuODLMlux7cjAvkclfuYXb4ttZjzG92Q=s0-d-e1-ft#https:\/\/mcusercontent.com\/19802890429e09840b9142661\/images\/9c5c4d35-ad16-92dc-d152-1c712ad973bd.jpg","type":"","width":"","height":""}],"author":"Arnaldo Botto","twitter_card":"summary_large_image","schema":{"@context":"https:\/\/schema.org","@graph":[{"@type":"WebPage","@id":"https:\/\/www.noticiasradioreflejos.com.ar\/2021\/avanza-la-instalacion-de-nuevos-radares-meteorologicos-para-vigilar-tormentas-en-el-pais\/","url":"https:\/\/www.noticiasradioreflejos.com.ar\/2021\/avanza-la-instalacion-de-nuevos-radares-meteorologicos-para-vigilar-tormentas-en-el-pais\/","name":"Avanza la instalaci\u00f3n de nuevos radares meteorol\u00f3gicos para vigilar tormentas en el pa\u00eds - Noticias Radio Reflejos","isPartOf":{"@id":"https:\/\/www.noticiasradioreflejos.com.ar\/2021\/#website"},"primaryImageOfPage":{"@id":"https:\/\/www.noticiasradioreflejos.com.ar\/2021\/avanza-la-instalacion-de-nuevos-radares-meteorologicos-para-vigilar-tormentas-en-el-pais\/#primaryimage"},"image":{"@id":"https:\/\/www.noticiasradioreflejos.com.ar\/2021\/avanza-la-instalacion-de-nuevos-radares-meteorologicos-para-vigilar-tormentas-en-el-pais\/#primaryimage"},"thumbnailUrl":"https:\/\/ci5.googleusercontent.com\/proxy\/JIFvAV_wckkq-r8HmSn_M0BPCuInSs-vuvs-cpX_0OfUnqMI6eC8cxjp9XVDzOt15e5_JNznpofgYpB-m28AuIOcGEActEjH5a5MVjeVFZhHfnCzsE2dXSjw6Ghl46CuODLMlux7cjAvkclfuYXb4ttZjzG92Q=s0-d-e1-ft#https:\/\/mcusercontent.com\/19802890429e09840b9142661\/images\/9c5c4d35-ad16-92dc-d152-1c712ad973bd.jpg","datePublished":"2023-03-29T11:18:52+00:00","author":{"@id":"https:\/\/www.noticiasradioreflejos.com.ar\/2021\/#\/schema\/person\/ad82545263dcc5ec0996818884fd5fb1"},"breadcrumb":{"@id":"https:\/\/www.noticiasradioreflejos.com.ar\/2021\/avanza-la-instalacion-de-nuevos-radares-meteorologicos-para-vigilar-tormentas-en-el-pais\/#breadcrumb"},"inLanguage":"es","potentialAction":[{"@type":"ReadAction","target":["https:\/\/www.noticiasradioreflejos.com.ar\/2021\/avanza-la-instalacion-de-nuevos-radares-meteorologicos-para-vigilar-tormentas-en-el-pais\/"]}]},{"@type":"ImageObject","inLanguage":"es","@id":"https:\/\/www.noticiasradioreflejos.com.ar\/2021\/avanza-la-instalacion-de-nuevos-radares-meteorologicos-para-vigilar-tormentas-en-el-pais\/#primaryimage","url":"https:\/\/ci5.googleusercontent.com\/proxy\/JIFvAV_wckkq-r8HmSn_M0BPCuInSs-vuvs-cpX_0OfUnqMI6eC8cxjp9XVDzOt15e5_JNznpofgYpB-m28AuIOcGEActEjH5a5MVjeVFZhHfnCzsE2dXSjw6Ghl46CuODLMlux7cjAvkclfuYXb4ttZjzG92Q=s0-d-e1-ft#https:\/\/mcusercontent.com\/19802890429e09840b9142661\/images\/9c5c4d35-ad16-92dc-d152-1c712ad973bd.jpg","contentUrl":"https:\/\/ci5.googleusercontent.com\/proxy\/JIFvAV_wckkq-r8HmSn_M0BPCuInSs-vuvs-cpX_0OfUnqMI6eC8cxjp9XVDzOt15e5_JNznpofgYpB-m28AuIOcGEActEjH5a5MVjeVFZhHfnCzsE2dXSjw6Ghl46CuODLMlux7cjAvkclfuYXb4ttZjzG92Q=s0-d-e1-ft#https:\/\/mcusercontent.com\/19802890429e09840b9142661\/images\/9c5c4d35-ad16-92dc-d152-1c712ad973bd.jpg"},{"@type":"BreadcrumbList","@id":"https:\/\/www.noticiasradioreflejos.com.ar\/2021\/avanza-la-instalacion-de-nuevos-radares-meteorologicos-para-vigilar-tormentas-en-el-pais\/#breadcrumb","itemListElement":[{"@type":"ListItem","position":1,"name":"Portada","item":"https:\/\/www.noticiasradioreflejos.com.ar\/2021\/"},{"@type":"ListItem","position":2,"name":"Avanza la instalaci\u00f3n de nuevos radares meteorol\u00f3gicos para vigilar tormentas en el pa\u00eds"}]},{"@type":"WebSite","@id":"https:\/\/www.noticiasradioreflejos.com.ar\/2021\/#website","url":"https:\/\/www.noticiasradioreflejos.com.ar\/2021\/","name":"Noticias Radio Reflejos","description":"Las noticias de mi comarca","potentialAction":[{"@type":"SearchAction","target":{"@type":"EntryPoint","urlTemplate":"https:\/\/www.noticiasradioreflejos.com.ar\/2021\/?s={search_term_string}"},"query-input":{"@type":"PropertyValueSpecification","valueRequired":true,"valueName":"search_term_string"}}],"inLanguage":"es"},{"@type":"Person","@id":"https:\/\/www.noticiasradioreflejos.com.ar\/2021\/#\/schema\/person\/ad82545263dcc5ec0996818884fd5fb1","name":"Arnaldo Botto","image":{"@type":"ImageObject","inLanguage":"es","@id":"https:\/\/www.noticiasradioreflejos.com.ar\/2021\/#\/schema\/person\/image\/","url":"https:\/\/secure.gravatar.com\/avatar\/55cb5e37c1efa326397366e6974cb338056df65cb50e7d64d1cf314e87504837?s=96&d=mm&r=g","contentUrl":"https:\/\/secure.gravatar.com\/avatar\/55cb5e37c1efa326397366e6974cb338056df65cb50e7d64d1cf314e87504837?s=96&d=mm&r=g","caption":"Arnaldo Botto"},"url":"https:\/\/www.noticiasradioreflejos.com.ar\/2021\/author\/arnaldo\/"}]}},"_links":{"self":[{"href":"https:\/\/www.noticiasradioreflejos.com.ar\/2021\/wp-json\/wp\/v2\/posts\/86114","targetHints":{"allow":["GET"]}}],"collection":[{"href":"https:\/\/www.noticiasradioreflejos.com.ar\/2021\/wp-json\/wp\/v2\/posts"}],"about":[{"href":"https:\/\/www.noticiasradioreflejos.com.ar\/2021\/wp-json\/wp\/v2\/types\/post"}],"author":[{"embeddable":true,"href":"https:\/\/www.noticiasradioreflejos.com.ar\/2021\/wp-json\/wp\/v2\/users\/3"}],"replies":[{"embeddable":true,"href":"https:\/\/www.noticiasradioreflejos.com.ar\/2021\/wp-json\/wp\/v2\/comments?post=86114"}],"version-history":[{"count":1,"href":"https:\/\/www.noticiasradioreflejos.com.ar\/2021\/wp-json\/wp\/v2\/posts\/86114\/revisions"}],"predecessor-version":[{"id":86116,"href":"https:\/\/www.noticiasradioreflejos.com.ar\/2021\/wp-json\/wp\/v2\/posts\/86114\/revisions\/86116"}],"wp:attachment":[{"href":"https:\/\/www.noticiasradioreflejos.com.ar\/2021\/wp-json\/wp\/v2\/media?parent=86114"}],"wp:term":[{"taxonomy":"category","embeddable":true,"href":"https:\/\/www.noticiasradioreflejos.com.ar\/2021\/wp-json\/wp\/v2\/categories?post=86114"},{"taxonomy":"post_tag","embeddable":true,"href":"https:\/\/www.noticiasradioreflejos.com.ar\/2021\/wp-json\/wp\/v2\/tags?post=86114"}],"curies":[{"name":"wp","href":"https:\/\/api.w.org\/{rel}","templated":true}]}}