{"id":86110,"date":"2023-03-29T11:10:11","date_gmt":"2023-03-29T11:10:11","guid":{"rendered":"https:\/\/www.noticiasradioreflejos.com.ar\/2021\/?p=86110"},"modified":"2023-03-29T12:49:53","modified_gmt":"2023-03-29T12:49:53","slug":"fuerte-temporal-de-lluvia-y-granizo-azoto-la-zona-serrana","status":"publish","type":"post","link":"https:\/\/www.noticiasradioreflejos.com.ar\/2021\/fuerte-temporal-de-lluvia-y-granizo-azoto-la-zona-serrana\/","title":{"rendered":"Fuerte temporal de lluvia y granizo azot\u00f3 la zona serrana."},"content":{"rendered":"<p>Toda la regi\u00f3n sudoeste de la provincia vivi\u00f3 un temporal que ocasion\u00f3 da\u00f1os en veh\u00edculos, viviendas.<!--more--><br \/>\n<a title=\"Granizada en Villa Ventana (5)\" href=\"https:\/\/www.flickr.com\/photos\/182279889@N02\/52779313485\/in\/dateposted-public\/\" data-flickr-embed=\"true\"><img loading=\"lazy\" decoding=\"async\" class=\"alignleft\" src=\"https:\/\/live.staticflickr.com\/65535\/52779313485_553ae85682.jpg\" alt=\"Granizada en Villa Ventana (5)\" width=\"375\" height=\"500\" \/><\/a>Durante la noche de este martes se produjo un fuerte temporal con descargas el\u00e9ctricas, viento, lluvia y granizo alcanzando a toda la zona serrana y gran parte del sudoeste bonaerense.<\/p>\n<p>El SMN anticipaba la llegada del fen\u00f3meno con alerta amarilla,\u00a0 y para la hora 20,40 comenz\u00f3 en Sierra de la Ventana una lluvia que se extendi\u00f3 hasta pasada la medianoche acumulando 41 mm. Una hora antes, el cielo amenazante y rel\u00e1mpagos en el horizonte anunciaban la llegada de meteoro.<\/p>\n<p><iframe loading=\"lazy\" style=\"border: none; overflow: hidden;\" src=\"https:\/\/www.facebook.com\/plugins\/post.php?href=https%3A%2F%2Fwww.facebook.com%2FNoticiasRadioReflejos%2Fposts%2F738482271219294&amp;show_text=true&amp;width=500\" width=\"500\" height=\"563\" frameborder=\"0\" scrolling=\"no\" allowfullscreen=\"allowfullscreen\"><\/iframe><\/p>\n<p>Sierra tuvo en pocos minutos\u00a0 lluvias torrenciales que acumularon casi 30 mm en la zona urbana, entretanto, en Villa Ventana, zona rural de Sierra, Saldungaray y Frapal el temporal estuvo acompa\u00f1ado por granizo de diversos tama\u00f1os.<\/p>\n<p>Veh\u00edculos, ventanas, plantas sufrieron en Villa Ventana la granizada como vemos en las im\u00e1genes que vecinos de la localidad enviaron a nuestra redacci\u00f3n. Fotos de Norma Oxaran.<\/p>\n<p>&nbsp;<\/p>\n<p><strong>Totales de lluvia<\/strong><\/p>\n<p>41 mm en Sierra de la Ventana<br \/>\n40 mm en Calqu\u00edn<br \/>\n53 mm en Villa Ventana<br \/>\n32 mm en Saldungaray<br \/>\n27.5 mm en la Base del Cerro Bah\u00eda Blanca<br \/>\n24 mm en Frapal<br \/>\n30 mm en Tornquist<br \/>\n25 mm en Tres Picos<br \/>\n28 mm en Est. Sauce Chico camino a Chasic\u00f3<br \/>\n22 mm en Chasic\u00f3<br \/>\n25 mm en Club de Pesca de Tornquist<br \/>\n10.7 mm en Funke<br \/>\n13 mm en el Pantanoso<br \/>\n20 mm en Peralta<br \/>\n65 mm en Cerro de la Cruz<br \/>\n20 mm en San Carlos<br \/>\n34 mm en El Perdido<br \/>\n16 mm en La Serrana<br \/>\n20 mm en La Susana.<br \/>\n18 mm en San Eloy<br \/>\n48mm en Julianas<br \/>\n13 mm en Pasman<br \/>\n7.5 mm en Cura Malal<br \/>\n12.5 mm en Pig\u00fce<br \/>\n20 mm en Huanguelen<br \/>\n12.5 mm en Cnel Suarez<br \/>\n13 mm en Dufaur<br \/>\n13 mm en Saavedra<br \/>\n22 mm en Cnel Pringles<br \/>\n22 mm en <strong>\u00abLa Paloma\u00bb<\/strong> &#8211; Cnel Pringles<br \/>\n12.5 mm en Puan<br \/>\n8 mm en Carhu\u00e9<br \/>\n37 mm en El Zorro &#8211; Cnel Dorrego<br \/>\n1.5 mm en Monte Hermoso<\/p>\n<p><a title=\"Granizada en Villa Ventana (3)\" href=\"https:\/\/www.flickr.com\/photos\/182279889@N02\/52778367387\/in\/dateposted-public\/\" data-flickr-embed=\"true\"><img loading=\"lazy\" decoding=\"async\" class=\"aligncenter\" src=\"https:\/\/live.staticflickr.com\/65535\/52778367387_efb5d9d592.jpg\" alt=\"Granizada en Villa Ventana (3)\" width=\"375\" height=\"500\" \/><\/a><\/p>\n","protected":false},"excerpt":{"rendered":"<p>Toda la regi\u00f3n sudoeste de la provincia vivi\u00f3 un temporal que ocasion\u00f3 da\u00f1os en veh\u00edculos, viviendas.<\/p>\n","protected":false},"author":3,"featured_media":0,"comment_status":"closed","ping_status":"closed","sticky":false,"template":"","format":"standard","meta":{"footnotes":""},"categories":[46],"tags":[48],"class_list":["post-86110","post","type-post","status-publish","format-standard","hentry","category-ciencia-y-tecnologia","tag-destacada"],"yoast_head":"<!-- This site is optimized with the Yoast SEO plugin v25.9 - https:\/\/yoast.com\/wordpress\/plugins\/seo\/ -->\n<title>Fuerte temporal de lluvia y granizo azot\u00f3 la zona serrana. - Noticias Radio Reflejos<\/title>\n<meta name=\"robots\" content=\"index, follow, max-snippet:-1, max-image-preview:large, max-video-preview:-1\" \/>\n<link rel=\"canonical\" href=\"https:\/\/www.noticiasradioreflejos.com.ar\/2021\/fuerte-temporal-de-lluvia-y-granizo-azoto-la-zona-serrana\/\" \/>\n<meta property=\"og:locale\" content=\"es_ES\" \/>\n<meta property=\"og:type\" content=\"article\" \/>\n<meta property=\"og:title\" content=\"Fuerte temporal de lluvia y granizo azot\u00f3 la zona serrana. - Noticias Radio Reflejos\" \/>\n<meta property=\"og:description\" content=\"Toda la regi\u00f3n sudoeste de la provincia vivi\u00f3 un temporal que ocasion\u00f3 da\u00f1os en veh\u00edculos, viviendas.\" \/>\n<meta property=\"og:url\" content=\"https:\/\/www.noticiasradioreflejos.com.ar\/2021\/fuerte-temporal-de-lluvia-y-granizo-azoto-la-zona-serrana\/\" \/>\n<meta property=\"og:site_name\" content=\"Noticias Radio Reflejos\" \/>\n<meta property=\"article:published_time\" content=\"2023-03-29T11:10:11+00:00\" \/>\n<meta property=\"article:modified_time\" content=\"2023-03-29T12:49:53+00:00\" \/>\n<meta property=\"og:image\" content=\"https:\/\/live.staticflickr.com\/65535\/52779313485_553ae85682.jpg\" \/>\n<meta name=\"author\" content=\"Arnaldo Botto\" \/>\n<meta name=\"twitter:card\" content=\"summary_large_image\" \/>\n<script type=\"application\/ld+json\" class=\"yoast-schema-graph\">{\"@context\":\"https:\/\/schema.org\",\"@graph\":[{\"@type\":\"WebPage\",\"@id\":\"https:\/\/www.noticiasradioreflejos.com.ar\/2021\/fuerte-temporal-de-lluvia-y-granizo-azoto-la-zona-serrana\/\",\"url\":\"https:\/\/www.noticiasradioreflejos.com.ar\/2021\/fuerte-temporal-de-lluvia-y-granizo-azoto-la-zona-serrana\/\",\"name\":\"Fuerte temporal de lluvia y granizo azot\u00f3 la zona serrana. - Noticias Radio Reflejos\",\"isPartOf\":{\"@id\":\"https:\/\/www.noticiasradioreflejos.com.ar\/2021\/#website\"},\"primaryImageOfPage\":{\"@id\":\"https:\/\/www.noticiasradioreflejos.com.ar\/2021\/fuerte-temporal-de-lluvia-y-granizo-azoto-la-zona-serrana\/#primaryimage\"},\"image\":{\"@id\":\"https:\/\/www.noticiasradioreflejos.com.ar\/2021\/fuerte-temporal-de-lluvia-y-granizo-azoto-la-zona-serrana\/#primaryimage\"},\"thumbnailUrl\":\"https:\/\/live.staticflickr.com\/65535\/52779313485_553ae85682.jpg\",\"datePublished\":\"2023-03-29T11:10:11+00:00\",\"dateModified\":\"2023-03-29T12:49:53+00:00\",\"author\":{\"@id\":\"https:\/\/www.noticiasradioreflejos.com.ar\/2021\/#\/schema\/person\/ad82545263dcc5ec0996818884fd5fb1\"},\"breadcrumb\":{\"@id\":\"https:\/\/www.noticiasradioreflejos.com.ar\/2021\/fuerte-temporal-de-lluvia-y-granizo-azoto-la-zona-serrana\/#breadcrumb\"},\"inLanguage\":\"es\",\"potentialAction\":[{\"@type\":\"ReadAction\",\"target\":[\"https:\/\/www.noticiasradioreflejos.com.ar\/2021\/fuerte-temporal-de-lluvia-y-granizo-azoto-la-zona-serrana\/\"]}]},{\"@type\":\"ImageObject\",\"inLanguage\":\"es\",\"@id\":\"https:\/\/www.noticiasradioreflejos.com.ar\/2021\/fuerte-temporal-de-lluvia-y-granizo-azoto-la-zona-serrana\/#primaryimage\",\"url\":\"https:\/\/live.staticflickr.com\/65535\/52779313485_553ae85682.jpg\",\"contentUrl\":\"https:\/\/live.staticflickr.com\/65535\/52779313485_553ae85682.jpg\"},{\"@type\":\"BreadcrumbList\",\"@id\":\"https:\/\/www.noticiasradioreflejos.com.ar\/2021\/fuerte-temporal-de-lluvia-y-granizo-azoto-la-zona-serrana\/#breadcrumb\",\"itemListElement\":[{\"@type\":\"ListItem\",\"position\":1,\"name\":\"Portada\",\"item\":\"https:\/\/www.noticiasradioreflejos.com.ar\/2021\/\"},{\"@type\":\"ListItem\",\"position\":2,\"name\":\"Fuerte temporal de lluvia y granizo azot\u00f3 la zona serrana.\"}]},{\"@type\":\"WebSite\",\"@id\":\"https:\/\/www.noticiasradioreflejos.com.ar\/2021\/#website\",\"url\":\"https:\/\/www.noticiasradioreflejos.com.ar\/2021\/\",\"name\":\"Noticias Radio Reflejos\",\"description\":\"Las noticias de mi comarca\",\"potentialAction\":[{\"@type\":\"SearchAction\",\"target\":{\"@type\":\"EntryPoint\",\"urlTemplate\":\"https:\/\/www.noticiasradioreflejos.com.ar\/2021\/?s={search_term_string}\"},\"query-input\":{\"@type\":\"PropertyValueSpecification\",\"valueRequired\":true,\"valueName\":\"search_term_string\"}}],\"inLanguage\":\"es\"},{\"@type\":\"Person\",\"@id\":\"https:\/\/www.noticiasradioreflejos.com.ar\/2021\/#\/schema\/person\/ad82545263dcc5ec0996818884fd5fb1\",\"name\":\"Arnaldo Botto\",\"image\":{\"@type\":\"ImageObject\",\"inLanguage\":\"es\",\"@id\":\"https:\/\/www.noticiasradioreflejos.com.ar\/2021\/#\/schema\/person\/image\/\",\"url\":\"https:\/\/secure.gravatar.com\/avatar\/55cb5e37c1efa326397366e6974cb338056df65cb50e7d64d1cf314e87504837?s=96&d=mm&r=g\",\"contentUrl\":\"https:\/\/secure.gravatar.com\/avatar\/55cb5e37c1efa326397366e6974cb338056df65cb50e7d64d1cf314e87504837?s=96&d=mm&r=g\",\"caption\":\"Arnaldo Botto\"},\"url\":\"https:\/\/www.noticiasradioreflejos.com.ar\/2021\/author\/arnaldo\/\"}]}<\/script>\n<!-- \/ Yoast SEO plugin. -->","yoast_head_json":{"title":"Fuerte temporal de lluvia y granizo azot\u00f3 la zona serrana. - Noticias Radio Reflejos","robots":{"index":"index","follow":"follow","max-snippet":"max-snippet:-1","max-image-preview":"max-image-preview:large","max-video-preview":"max-video-preview:-1"},"canonical":"https:\/\/www.noticiasradioreflejos.com.ar\/2021\/fuerte-temporal-de-lluvia-y-granizo-azoto-la-zona-serrana\/","og_locale":"es_ES","og_type":"article","og_title":"Fuerte temporal de lluvia y granizo azot\u00f3 la zona serrana. - Noticias Radio Reflejos","og_description":"Toda la regi\u00f3n sudoeste de la provincia vivi\u00f3 un temporal que ocasion\u00f3 da\u00f1os en veh\u00edculos, viviendas.","og_url":"https:\/\/www.noticiasradioreflejos.com.ar\/2021\/fuerte-temporal-de-lluvia-y-granizo-azoto-la-zona-serrana\/","og_site_name":"Noticias Radio Reflejos","article_published_time":"2023-03-29T11:10:11+00:00","article_modified_time":"2023-03-29T12:49:53+00:00","og_image":[{"url":"https:\/\/live.staticflickr.com\/65535\/52779313485_553ae85682.jpg","type":"","width":"","height":""}],"author":"Arnaldo Botto","twitter_card":"summary_large_image","schema":{"@context":"https:\/\/schema.org","@graph":[{"@type":"WebPage","@id":"https:\/\/www.noticiasradioreflejos.com.ar\/2021\/fuerte-temporal-de-lluvia-y-granizo-azoto-la-zona-serrana\/","url":"https:\/\/www.noticiasradioreflejos.com.ar\/2021\/fuerte-temporal-de-lluvia-y-granizo-azoto-la-zona-serrana\/","name":"Fuerte temporal de lluvia y granizo azot\u00f3 la zona serrana. - Noticias Radio Reflejos","isPartOf":{"@id":"https:\/\/www.noticiasradioreflejos.com.ar\/2021\/#website"},"primaryImageOfPage":{"@id":"https:\/\/www.noticiasradioreflejos.com.ar\/2021\/fuerte-temporal-de-lluvia-y-granizo-azoto-la-zona-serrana\/#primaryimage"},"image":{"@id":"https:\/\/www.noticiasradioreflejos.com.ar\/2021\/fuerte-temporal-de-lluvia-y-granizo-azoto-la-zona-serrana\/#primaryimage"},"thumbnailUrl":"https:\/\/live.staticflickr.com\/65535\/52779313485_553ae85682.jpg","datePublished":"2023-03-29T11:10:11+00:00","dateModified":"2023-03-29T12:49:53+00:00","author":{"@id":"https:\/\/www.noticiasradioreflejos.com.ar\/2021\/#\/schema\/person\/ad82545263dcc5ec0996818884fd5fb1"},"breadcrumb":{"@id":"https:\/\/www.noticiasradioreflejos.com.ar\/2021\/fuerte-temporal-de-lluvia-y-granizo-azoto-la-zona-serrana\/#breadcrumb"},"inLanguage":"es","potentialAction":[{"@type":"ReadAction","target":["https:\/\/www.noticiasradioreflejos.com.ar\/2021\/fuerte-temporal-de-lluvia-y-granizo-azoto-la-zona-serrana\/"]}]},{"@type":"ImageObject","inLanguage":"es","@id":"https:\/\/www.noticiasradioreflejos.com.ar\/2021\/fuerte-temporal-de-lluvia-y-granizo-azoto-la-zona-serrana\/#primaryimage","url":"https:\/\/live.staticflickr.com\/65535\/52779313485_553ae85682.jpg","contentUrl":"https:\/\/live.staticflickr.com\/65535\/52779313485_553ae85682.jpg"},{"@type":"BreadcrumbList","@id":"https:\/\/www.noticiasradioreflejos.com.ar\/2021\/fuerte-temporal-de-lluvia-y-granizo-azoto-la-zona-serrana\/#breadcrumb","itemListElement":[{"@type":"ListItem","position":1,"name":"Portada","item":"https:\/\/www.noticiasradioreflejos.com.ar\/2021\/"},{"@type":"ListItem","position":2,"name":"Fuerte temporal de lluvia y granizo azot\u00f3 la zona serrana."}]},{"@type":"WebSite","@id":"https:\/\/www.noticiasradioreflejos.com.ar\/2021\/#website","url":"https:\/\/www.noticiasradioreflejos.com.ar\/2021\/","name":"Noticias Radio Reflejos","description":"Las noticias de mi comarca","potentialAction":[{"@type":"SearchAction","target":{"@type":"EntryPoint","urlTemplate":"https:\/\/www.noticiasradioreflejos.com.ar\/2021\/?s={search_term_string}"},"query-input":{"@type":"PropertyValueSpecification","valueRequired":true,"valueName":"search_term_string"}}],"inLanguage":"es"},{"@type":"Person","@id":"https:\/\/www.noticiasradioreflejos.com.ar\/2021\/#\/schema\/person\/ad82545263dcc5ec0996818884fd5fb1","name":"Arnaldo Botto","image":{"@type":"ImageObject","inLanguage":"es","@id":"https:\/\/www.noticiasradioreflejos.com.ar\/2021\/#\/schema\/person\/image\/","url":"https:\/\/secure.gravatar.com\/avatar\/55cb5e37c1efa326397366e6974cb338056df65cb50e7d64d1cf314e87504837?s=96&d=mm&r=g","contentUrl":"https:\/\/secure.gravatar.com\/avatar\/55cb5e37c1efa326397366e6974cb338056df65cb50e7d64d1cf314e87504837?s=96&d=mm&r=g","caption":"Arnaldo Botto"},"url":"https:\/\/www.noticiasradioreflejos.com.ar\/2021\/author\/arnaldo\/"}]}},"_links":{"self":[{"href":"https:\/\/www.noticiasradioreflejos.com.ar\/2021\/wp-json\/wp\/v2\/posts\/86110","targetHints":{"allow":["GET"]}}],"collection":[{"href":"https:\/\/www.noticiasradioreflejos.com.ar\/2021\/wp-json\/wp\/v2\/posts"}],"about":[{"href":"https:\/\/www.noticiasradioreflejos.com.ar\/2021\/wp-json\/wp\/v2\/types\/post"}],"author":[{"embeddable":true,"href":"https:\/\/www.noticiasradioreflejos.com.ar\/2021\/wp-json\/wp\/v2\/users\/3"}],"replies":[{"embeddable":true,"href":"https:\/\/www.noticiasradioreflejos.com.ar\/2021\/wp-json\/wp\/v2\/comments?post=86110"}],"version-history":[{"count":6,"href":"https:\/\/www.noticiasradioreflejos.com.ar\/2021\/wp-json\/wp\/v2\/posts\/86110\/revisions"}],"predecessor-version":[{"id":86125,"href":"https:\/\/www.noticiasradioreflejos.com.ar\/2021\/wp-json\/wp\/v2\/posts\/86110\/revisions\/86125"}],"wp:attachment":[{"href":"https:\/\/www.noticiasradioreflejos.com.ar\/2021\/wp-json\/wp\/v2\/media?parent=86110"}],"wp:term":[{"taxonomy":"category","embeddable":true,"href":"https:\/\/www.noticiasradioreflejos.com.ar\/2021\/wp-json\/wp\/v2\/categories?post=86110"},{"taxonomy":"post_tag","embeddable":true,"href":"https:\/\/www.noticiasradioreflejos.com.ar\/2021\/wp-json\/wp\/v2\/tags?post=86110"}],"curies":[{"name":"wp","href":"https:\/\/api.w.org\/{rel}","templated":true}]}}