{"id":86106,"date":"2023-03-28T20:10:59","date_gmt":"2023-03-28T20:10:59","guid":{"rendered":"https:\/\/www.noticiasradioreflejos.com.ar\/2021\/?p=86106"},"modified":"2023-03-28T20:12:39","modified_gmt":"2023-03-28T20:12:39","slug":"despues-de-40-anos-renace-en-una-isla-de-chile-el-petrel-buceador-un-ave-en-peligro-de-extincion","status":"publish","type":"post","link":"https:\/\/www.noticiasradioreflejos.com.ar\/2021\/despues-de-40-anos-renace-en-una-isla-de-chile-el-petrel-buceador-un-ave-en-peligro-de-extincion\/","title":{"rendered":"Despu\u00e9s de 40 a\u00f1os renace en una isla de Chile el petrel buceador, un ave en peligro de extinci\u00f3n"},"content":{"rendered":"<p>El petrel buceador o yunco, una peque\u00f1a ave marina en peligro de extinci\u00f3n, volvi\u00f3 a reproducirse despu\u00e9s de 40 a\u00f1os en la Isla Cha\u00f1aral, al norte de Chile, su mayor h\u00e1bitat en el mundo, informaron autoridades ambientales de ese pa\u00eds.<!--more--><\/p>\n<p>Seg\u00fan la Corporaci\u00f3n Nacional Forestal (Conaf): \u00aba finales de noviembre, los guardaparques observaron al primer polluelo en al menos 40 a\u00f1os, pero solo hasta ahora termin\u00f3 el proceso de documentaci\u00f3n\u00bb.<\/p>\n<p>Esta peque\u00f1a ave marina de 20 a 24 cent\u00edmetros de longitud, alas anchas, dorso negro, cuello corto y cola casi imperceptible, alcanz\u00f3 a habitar hasta 60.000 parejas en la Isla Cha\u00f1aral.<\/p>\n<p>Sin embargo, a\u00f1os atr\u00e1s se introdujeron conejos que invadieron sus nidos.<\/p>\n<p>En 2013 comenz\u00f3 el proceso de \u00aberradicaci\u00f3n\u00bb de los mam\u00edferos invasores y en 2019 se instalaron nidos artificiales con el objetivo de atraer a estas aves, indic\u00f3 la agencia de noticias AFP.<\/p>\n<p>\u00abTambi\u00e9n se instalaron parlantes alimentados con energ\u00eda solar para propagar el sonido de los petreles\u00bb, se\u00f1al\u00f3 Cristi\u00e1n Rivera, guardaparques de la Conaf.<\/p>\n<p>\u00abS\u00f3lo unos d\u00edas despu\u00e9s de que se instalaran los dos sistemas de sonido, los yuncos o petreles comenzaron a llegar a la isla para explorar los alrededores\u00bb, apunt\u00f3.<\/p>\n<p>Cha\u00f1aral y la Isla de Choros forman parte de la Reserva Nacional Ping\u00fcino de Humboldt, una de las zonas m\u00e1s ricas de biodiversidad marina de Chile, que acoge al 80 % de la poblaci\u00f3n mundial de ping\u00fcinos de Humboldt, tambi\u00e9n en peligro de extinci\u00f3n.<\/p>\n<p>\u00abLa primera es un refugio para las aves que est\u00e1n en problemas de conservaci\u00f3n. El petrel o yunco reestructura el suelo con las madrigueras que construye, y con eso aporta nutrientes, a trav\u00e9s de su defecaci\u00f3n, al suelo terrestre\u00bb, explic\u00f3 Rivera.<\/p>\n<p>El archipi\u00e9lago de Humboldt acoge, adem\u00e1s, a chungungos, la nutria m\u00e1s peque\u00f1a del mundo, lobos de mar y delfines nariz de botella, que nadan entre las algas y card\u00famenes de peces. &#8211; T\u00e9lam<\/p>\n","protected":false},"excerpt":{"rendered":"<p>El petrel buceador o yunco, una peque\u00f1a ave marina en peligro de extinci\u00f3n, volvi\u00f3 a reproducirse despu\u00e9s de 40 a\u00f1os en la Isla Cha\u00f1aral, al norte de Chile, su mayor h\u00e1bitat en el mundo, informaron autoridades ambientales de ese pa\u00eds.<\/p>\n","protected":false},"author":3,"featured_media":0,"comment_status":"closed","ping_status":"closed","sticky":false,"template":"","format":"standard","meta":{"footnotes":""},"categories":[46],"tags":[],"class_list":["post-86106","post","type-post","status-publish","format-standard","hentry","category-ciencia-y-tecnologia"],"yoast_head":"<!-- This site is optimized with the Yoast SEO plugin v25.9 - https:\/\/yoast.com\/wordpress\/plugins\/seo\/ -->\n<title>Despu\u00e9s de 40 a\u00f1os renace en una isla de Chile el petrel buceador, un ave en peligro de extinci\u00f3n - Noticias Radio Reflejos<\/title>\n<meta name=\"robots\" content=\"index, follow, max-snippet:-1, max-image-preview:large, max-video-preview:-1\" \/>\n<link rel=\"canonical\" href=\"https:\/\/www.noticiasradioreflejos.com.ar\/2021\/despues-de-40-anos-renace-en-una-isla-de-chile-el-petrel-buceador-un-ave-en-peligro-de-extincion\/\" \/>\n<meta property=\"og:locale\" content=\"es_ES\" \/>\n<meta property=\"og:type\" content=\"article\" \/>\n<meta property=\"og:title\" content=\"Despu\u00e9s de 40 a\u00f1os renace en una isla de Chile el petrel buceador, un ave en peligro de extinci\u00f3n - Noticias Radio Reflejos\" \/>\n<meta property=\"og:description\" content=\"El petrel buceador o yunco, una peque\u00f1a ave marina en peligro de extinci\u00f3n, volvi\u00f3 a reproducirse despu\u00e9s de 40 a\u00f1os en la Isla Cha\u00f1aral, al norte de Chile, su mayor h\u00e1bitat en el mundo, informaron autoridades ambientales de ese pa\u00eds.\" \/>\n<meta property=\"og:url\" content=\"https:\/\/www.noticiasradioreflejos.com.ar\/2021\/despues-de-40-anos-renace-en-una-isla-de-chile-el-petrel-buceador-un-ave-en-peligro-de-extincion\/\" \/>\n<meta property=\"og:site_name\" content=\"Noticias Radio Reflejos\" \/>\n<meta property=\"article:published_time\" content=\"2023-03-28T20:10:59+00:00\" \/>\n<meta property=\"article:modified_time\" content=\"2023-03-28T20:12:39+00:00\" \/>\n<meta property=\"og:image\" content=\"https:\/\/www.noticiasradioreflejos.com.ar\/2021\/wp-content\/uploads\/2021\/07\/logosol300x200.png\" \/>\n\t<meta property=\"og:image:width\" content=\"300\" \/>\n\t<meta property=\"og:image:height\" content=\"200\" \/>\n\t<meta property=\"og:image:type\" content=\"image\/png\" \/>\n<meta name=\"author\" content=\"Arnaldo Botto\" \/>\n<meta name=\"twitter:card\" content=\"summary_large_image\" \/>\n<script type=\"application\/ld+json\" class=\"yoast-schema-graph\">{\"@context\":\"https:\/\/schema.org\",\"@graph\":[{\"@type\":\"WebPage\",\"@id\":\"https:\/\/www.noticiasradioreflejos.com.ar\/2021\/despues-de-40-anos-renace-en-una-isla-de-chile-el-petrel-buceador-un-ave-en-peligro-de-extincion\/\",\"url\":\"https:\/\/www.noticiasradioreflejos.com.ar\/2021\/despues-de-40-anos-renace-en-una-isla-de-chile-el-petrel-buceador-un-ave-en-peligro-de-extincion\/\",\"name\":\"Despu\u00e9s de 40 a\u00f1os renace en una isla de Chile el petrel buceador, un ave en peligro de extinci\u00f3n - Noticias Radio Reflejos\",\"isPartOf\":{\"@id\":\"https:\/\/www.noticiasradioreflejos.com.ar\/2021\/#website\"},\"datePublished\":\"2023-03-28T20:10:59+00:00\",\"dateModified\":\"2023-03-28T20:12:39+00:00\",\"author\":{\"@id\":\"https:\/\/www.noticiasradioreflejos.com.ar\/2021\/#\/schema\/person\/ad82545263dcc5ec0996818884fd5fb1\"},\"breadcrumb\":{\"@id\":\"https:\/\/www.noticiasradioreflejos.com.ar\/2021\/despues-de-40-anos-renace-en-una-isla-de-chile-el-petrel-buceador-un-ave-en-peligro-de-extincion\/#breadcrumb\"},\"inLanguage\":\"es\",\"potentialAction\":[{\"@type\":\"ReadAction\",\"target\":[\"https:\/\/www.noticiasradioreflejos.com.ar\/2021\/despues-de-40-anos-renace-en-una-isla-de-chile-el-petrel-buceador-un-ave-en-peligro-de-extincion\/\"]}]},{\"@type\":\"BreadcrumbList\",\"@id\":\"https:\/\/www.noticiasradioreflejos.com.ar\/2021\/despues-de-40-anos-renace-en-una-isla-de-chile-el-petrel-buceador-un-ave-en-peligro-de-extincion\/#breadcrumb\",\"itemListElement\":[{\"@type\":\"ListItem\",\"position\":1,\"name\":\"Portada\",\"item\":\"https:\/\/www.noticiasradioreflejos.com.ar\/2021\/\"},{\"@type\":\"ListItem\",\"position\":2,\"name\":\"Despu\u00e9s de 40 a\u00f1os renace en una isla de Chile el petrel buceador, un ave en peligro de extinci\u00f3n\"}]},{\"@type\":\"WebSite\",\"@id\":\"https:\/\/www.noticiasradioreflejos.com.ar\/2021\/#website\",\"url\":\"https:\/\/www.noticiasradioreflejos.com.ar\/2021\/\",\"name\":\"Noticias Radio Reflejos\",\"description\":\"Las noticias de mi comarca\",\"potentialAction\":[{\"@type\":\"SearchAction\",\"target\":{\"@type\":\"EntryPoint\",\"urlTemplate\":\"https:\/\/www.noticiasradioreflejos.com.ar\/2021\/?s={search_term_string}\"},\"query-input\":{\"@type\":\"PropertyValueSpecification\",\"valueRequired\":true,\"valueName\":\"search_term_string\"}}],\"inLanguage\":\"es\"},{\"@type\":\"Person\",\"@id\":\"https:\/\/www.noticiasradioreflejos.com.ar\/2021\/#\/schema\/person\/ad82545263dcc5ec0996818884fd5fb1\",\"name\":\"Arnaldo Botto\",\"image\":{\"@type\":\"ImageObject\",\"inLanguage\":\"es\",\"@id\":\"https:\/\/www.noticiasradioreflejos.com.ar\/2021\/#\/schema\/person\/image\/\",\"url\":\"https:\/\/secure.gravatar.com\/avatar\/55cb5e37c1efa326397366e6974cb338056df65cb50e7d64d1cf314e87504837?s=96&d=mm&r=g\",\"contentUrl\":\"https:\/\/secure.gravatar.com\/avatar\/55cb5e37c1efa326397366e6974cb338056df65cb50e7d64d1cf314e87504837?s=96&d=mm&r=g\",\"caption\":\"Arnaldo Botto\"},\"url\":\"https:\/\/www.noticiasradioreflejos.com.ar\/2021\/author\/arnaldo\/\"}]}<\/script>\n<!-- \/ Yoast SEO plugin. -->","yoast_head_json":{"title":"Despu\u00e9s de 40 a\u00f1os renace en una isla de Chile el petrel buceador, un ave en peligro de extinci\u00f3n - Noticias Radio Reflejos","robots":{"index":"index","follow":"follow","max-snippet":"max-snippet:-1","max-image-preview":"max-image-preview:large","max-video-preview":"max-video-preview:-1"},"canonical":"https:\/\/www.noticiasradioreflejos.com.ar\/2021\/despues-de-40-anos-renace-en-una-isla-de-chile-el-petrel-buceador-un-ave-en-peligro-de-extincion\/","og_locale":"es_ES","og_type":"article","og_title":"Despu\u00e9s de 40 a\u00f1os renace en una isla de Chile el petrel buceador, un ave en peligro de extinci\u00f3n - Noticias Radio Reflejos","og_description":"El petrel buceador o yunco, una peque\u00f1a ave marina en peligro de extinci\u00f3n, volvi\u00f3 a reproducirse despu\u00e9s de 40 a\u00f1os en la Isla Cha\u00f1aral, al norte de Chile, su mayor h\u00e1bitat en el mundo, informaron autoridades ambientales de ese pa\u00eds.","og_url":"https:\/\/www.noticiasradioreflejos.com.ar\/2021\/despues-de-40-anos-renace-en-una-isla-de-chile-el-petrel-buceador-un-ave-en-peligro-de-extincion\/","og_site_name":"Noticias Radio Reflejos","article_published_time":"2023-03-28T20:10:59+00:00","article_modified_time":"2023-03-28T20:12:39+00:00","og_image":[{"width":300,"height":200,"url":"https:\/\/www.noticiasradioreflejos.com.ar\/2021\/wp-content\/uploads\/2021\/07\/logosol300x200.png","type":"image\/png"}],"author":"Arnaldo Botto","twitter_card":"summary_large_image","schema":{"@context":"https:\/\/schema.org","@graph":[{"@type":"WebPage","@id":"https:\/\/www.noticiasradioreflejos.com.ar\/2021\/despues-de-40-anos-renace-en-una-isla-de-chile-el-petrel-buceador-un-ave-en-peligro-de-extincion\/","url":"https:\/\/www.noticiasradioreflejos.com.ar\/2021\/despues-de-40-anos-renace-en-una-isla-de-chile-el-petrel-buceador-un-ave-en-peligro-de-extincion\/","name":"Despu\u00e9s de 40 a\u00f1os renace en una isla de Chile el petrel buceador, un ave en peligro de extinci\u00f3n - Noticias Radio Reflejos","isPartOf":{"@id":"https:\/\/www.noticiasradioreflejos.com.ar\/2021\/#website"},"datePublished":"2023-03-28T20:10:59+00:00","dateModified":"2023-03-28T20:12:39+00:00","author":{"@id":"https:\/\/www.noticiasradioreflejos.com.ar\/2021\/#\/schema\/person\/ad82545263dcc5ec0996818884fd5fb1"},"breadcrumb":{"@id":"https:\/\/www.noticiasradioreflejos.com.ar\/2021\/despues-de-40-anos-renace-en-una-isla-de-chile-el-petrel-buceador-un-ave-en-peligro-de-extincion\/#breadcrumb"},"inLanguage":"es","potentialAction":[{"@type":"ReadAction","target":["https:\/\/www.noticiasradioreflejos.com.ar\/2021\/despues-de-40-anos-renace-en-una-isla-de-chile-el-petrel-buceador-un-ave-en-peligro-de-extincion\/"]}]},{"@type":"BreadcrumbList","@id":"https:\/\/www.noticiasradioreflejos.com.ar\/2021\/despues-de-40-anos-renace-en-una-isla-de-chile-el-petrel-buceador-un-ave-en-peligro-de-extincion\/#breadcrumb","itemListElement":[{"@type":"ListItem","position":1,"name":"Portada","item":"https:\/\/www.noticiasradioreflejos.com.ar\/2021\/"},{"@type":"ListItem","position":2,"name":"Despu\u00e9s de 40 a\u00f1os renace en una isla de Chile el petrel buceador, un ave en peligro de extinci\u00f3n"}]},{"@type":"WebSite","@id":"https:\/\/www.noticiasradioreflejos.com.ar\/2021\/#website","url":"https:\/\/www.noticiasradioreflejos.com.ar\/2021\/","name":"Noticias Radio Reflejos","description":"Las noticias de mi comarca","potentialAction":[{"@type":"SearchAction","target":{"@type":"EntryPoint","urlTemplate":"https:\/\/www.noticiasradioreflejos.com.ar\/2021\/?s={search_term_string}"},"query-input":{"@type":"PropertyValueSpecification","valueRequired":true,"valueName":"search_term_string"}}],"inLanguage":"es"},{"@type":"Person","@id":"https:\/\/www.noticiasradioreflejos.com.ar\/2021\/#\/schema\/person\/ad82545263dcc5ec0996818884fd5fb1","name":"Arnaldo Botto","image":{"@type":"ImageObject","inLanguage":"es","@id":"https:\/\/www.noticiasradioreflejos.com.ar\/2021\/#\/schema\/person\/image\/","url":"https:\/\/secure.gravatar.com\/avatar\/55cb5e37c1efa326397366e6974cb338056df65cb50e7d64d1cf314e87504837?s=96&d=mm&r=g","contentUrl":"https:\/\/secure.gravatar.com\/avatar\/55cb5e37c1efa326397366e6974cb338056df65cb50e7d64d1cf314e87504837?s=96&d=mm&r=g","caption":"Arnaldo Botto"},"url":"https:\/\/www.noticiasradioreflejos.com.ar\/2021\/author\/arnaldo\/"}]}},"_links":{"self":[{"href":"https:\/\/www.noticiasradioreflejos.com.ar\/2021\/wp-json\/wp\/v2\/posts\/86106","targetHints":{"allow":["GET"]}}],"collection":[{"href":"https:\/\/www.noticiasradioreflejos.com.ar\/2021\/wp-json\/wp\/v2\/posts"}],"about":[{"href":"https:\/\/www.noticiasradioreflejos.com.ar\/2021\/wp-json\/wp\/v2\/types\/post"}],"author":[{"embeddable":true,"href":"https:\/\/www.noticiasradioreflejos.com.ar\/2021\/wp-json\/wp\/v2\/users\/3"}],"replies":[{"embeddable":true,"href":"https:\/\/www.noticiasradioreflejos.com.ar\/2021\/wp-json\/wp\/v2\/comments?post=86106"}],"version-history":[{"count":2,"href":"https:\/\/www.noticiasradioreflejos.com.ar\/2021\/wp-json\/wp\/v2\/posts\/86106\/revisions"}],"predecessor-version":[{"id":86109,"href":"https:\/\/www.noticiasradioreflejos.com.ar\/2021\/wp-json\/wp\/v2\/posts\/86106\/revisions\/86109"}],"wp:attachment":[{"href":"https:\/\/www.noticiasradioreflejos.com.ar\/2021\/wp-json\/wp\/v2\/media?parent=86106"}],"wp:term":[{"taxonomy":"category","embeddable":true,"href":"https:\/\/www.noticiasradioreflejos.com.ar\/2021\/wp-json\/wp\/v2\/categories?post=86106"},{"taxonomy":"post_tag","embeddable":true,"href":"https:\/\/www.noticiasradioreflejos.com.ar\/2021\/wp-json\/wp\/v2\/tags?post=86106"}],"curies":[{"name":"wp","href":"https:\/\/api.w.org\/{rel}","templated":true}]}}