{"id":86058,"date":"2023-03-28T10:42:27","date_gmt":"2023-03-28T10:42:27","guid":{"rendered":"https:\/\/www.noticiasradioreflejos.com.ar\/2021\/?p=86058"},"modified":"2023-03-28T10:42:27","modified_gmt":"2023-03-28T10:42:27","slug":"la-scaloneta-se-presenta-en-santiago-del-estero-ante-el-seleccionado-de-curazao","status":"publish","type":"post","link":"https:\/\/www.noticiasradioreflejos.com.ar\/2021\/la-scaloneta-se-presenta-en-santiago-del-estero-ante-el-seleccionado-de-curazao\/","title":{"rendered":"\u00abLa Scaloneta\u00bb se presenta en Santiago del Estero ante el seleccionado de Curazao"},"content":{"rendered":"<p>El seleccionado de f\u00fatbol de la Argentina se presentar\u00e1 hoy por primera vez en el interior del pa\u00eds desde que se coron\u00f3 campe\u00f3n del mundo en Qatar, para jugar un partido amistoso celebratorio ante Curazao, en Santiago del Estero.<!--more--><\/p>\n<p>Despu\u00e9s de la gran fiesta ante Panam\u00e1 en el Monumental, que reuni\u00f3 cerca de 83.000 personas, la \u00b4Scaloneta\u00b4 tendr\u00e1 su fiesta en el Estadio \u00danico Madre de Ciudades, un joven escenario de poca historia con la Selecci\u00f3n pero con un antecedente simb\u00f3lico.<\/p>\n<p>El partido comenzar\u00e1 a las 20.30 con transmisi\u00f3n de la Televisi\u00f3n P\u00fablica y TyC Sports, pero los festejos se extender\u00e1n a lo largo del d\u00eda con un Fan Zone y shows musicales en la explanada del F\u00f3rum de la ciudad.<\/p>\n<p>En Santiago del Estero, el equipo de Lionel Scaloni hizo su primera presentaci\u00f3n con la estructura de la formaci\u00f3n que un mes despu\u00e9s sali\u00f3 campe\u00f3n de Am\u00e9rica y cort\u00f3 la racha de 28 a\u00f1os sin t\u00edtulos.<\/p>\n<p>All\u00ed debutaron cuatro de los actuales campeones del mundo: Emiliano \u00abDibu\u00bb Mart\u00ednez, Cristian \u00abCuti\u00bb Romero, Nahuel Molina y Juli\u00e1n \u00c1lvarez. Adem\u00e1s, Lisandro Mart\u00ednez sum\u00f3 sus primeros minutos oficiales en ese empate con Chile (1-1) por las Eliminatorias, que se jug\u00f3 sin p\u00fablico en plena pandemia (3 de junio de 2021).<\/p>\n<p>La \u00b4Scaloneta\u00b4 regresa al Madre de Ciudades, que a diferencia de aquella vez, presentar\u00e1 un marco espectacular. Las autoridades provinciales decidieron ampliar la capacidad a 42.000 localidades con el desmonte de las butacas en diferentes sectores de las gradas.<\/p>\n<p>El partido tiene como condimento que el astro Lionel Messi, capit\u00e1n del equipo campe\u00f3n del mundo, est\u00e1 a s\u00f3lo un gol de alcanzar los 100 tantos con la camiseta argentina, una marca que ning\u00fan otro futbolista consigui\u00f3 en la historia.<\/p>\n<p>Messi, excluyente atracci\u00f3n del fen\u00f3meno popular de la \u00b4Scaloneta\u00b4, ser\u00e1 uno de los futbolista que repita su presencia en la formaci\u00f3n titular en relaci\u00f3n al triunfo del jueves ante Panam\u00e1.<\/p>\n<p>= Probables formaciones =<\/p>\n<p>Argentina: Emiliano Mart\u00ednez; Gonzalo Montiel, Germ\u00e1n Pezzella o Nicol\u00e1s Otamendi, Lisandro Mart\u00ednez y Marcos Acu\u00f1a; Rodrigo De Paul o Exequiel Palacios, Leandro Paredes y Giovani Lo Celso; Lionel Messi, Lautaro Mart\u00ednez y \u00c1ngel Di Mar\u00eda o Paulo Dybala. DT: Lionel Scaloni.<\/p>\n<p>Curazao: Eloy Room; Jurien Gaari, Cuco Martina, Roshon van Eijma y Sherel Floranus; Vurnon Anita y Leandro Bacuna; Brandley Kuwas, Juninho Bacuna y Richairo Zivkovic; Rangelo Janga. DT: Remko Bicentini.<\/p>\n<p>Estadio: Madre de Ciudades, de Santiago del Estero.<\/p>\n<p>Hora de inicio: 20.30.<\/p>\n<p>TV: TV P\u00fablica y TyC Sports.<\/p>\n","protected":false},"excerpt":{"rendered":"<p>El seleccionado de f\u00fatbol de la Argentina se presentar\u00e1 hoy por primera vez en el interior del pa\u00eds desde que se coron\u00f3 campe\u00f3n del mundo en Qatar, para jugar un partido amistoso celebratorio ante Curazao, en Santiago del Estero.<\/p>\n","protected":false},"author":3,"featured_media":0,"comment_status":"closed","ping_status":"closed","sticky":false,"template":"","format":"standard","meta":{"footnotes":""},"categories":[27],"tags":[],"class_list":["post-86058","post","type-post","status-publish","format-standard","hentry","category-deportes"],"yoast_head":"<!-- This site is optimized with the Yoast SEO plugin v25.9 - https:\/\/yoast.com\/wordpress\/plugins\/seo\/ -->\n<title>&quot;La Scaloneta&quot; se presenta en Santiago del Estero ante el seleccionado de Curazao - Noticias Radio Reflejos<\/title>\n<meta name=\"robots\" content=\"index, follow, max-snippet:-1, max-image-preview:large, max-video-preview:-1\" \/>\n<link rel=\"canonical\" href=\"https:\/\/www.noticiasradioreflejos.com.ar\/2021\/la-scaloneta-se-presenta-en-santiago-del-estero-ante-el-seleccionado-de-curazao\/\" \/>\n<meta property=\"og:locale\" content=\"es_ES\" \/>\n<meta property=\"og:type\" content=\"article\" \/>\n<meta property=\"og:title\" content=\"&quot;La Scaloneta&quot; se presenta en Santiago del Estero ante el seleccionado de Curazao - Noticias Radio Reflejos\" \/>\n<meta property=\"og:description\" content=\"El seleccionado de f\u00fatbol de la Argentina se presentar\u00e1 hoy por primera vez en el interior del pa\u00eds desde que se coron\u00f3 campe\u00f3n del mundo en Qatar, para jugar un partido amistoso celebratorio ante Curazao, en Santiago del Estero.\" \/>\n<meta property=\"og:url\" content=\"https:\/\/www.noticiasradioreflejos.com.ar\/2021\/la-scaloneta-se-presenta-en-santiago-del-estero-ante-el-seleccionado-de-curazao\/\" \/>\n<meta property=\"og:site_name\" content=\"Noticias Radio Reflejos\" \/>\n<meta property=\"article:published_time\" content=\"2023-03-28T10:42:27+00:00\" \/>\n<meta property=\"og:image\" content=\"https:\/\/www.noticiasradioreflejos.com.ar\/2021\/wp-content\/uploads\/2021\/07\/logosol300x200.png\" \/>\n\t<meta property=\"og:image:width\" content=\"300\" \/>\n\t<meta property=\"og:image:height\" content=\"200\" \/>\n\t<meta property=\"og:image:type\" content=\"image\/png\" \/>\n<meta name=\"author\" content=\"Arnaldo Botto\" \/>\n<meta name=\"twitter:card\" content=\"summary_large_image\" \/>\n<script type=\"application\/ld+json\" class=\"yoast-schema-graph\">{\"@context\":\"https:\/\/schema.org\",\"@graph\":[{\"@type\":\"WebPage\",\"@id\":\"https:\/\/www.noticiasradioreflejos.com.ar\/2021\/la-scaloneta-se-presenta-en-santiago-del-estero-ante-el-seleccionado-de-curazao\/\",\"url\":\"https:\/\/www.noticiasradioreflejos.com.ar\/2021\/la-scaloneta-se-presenta-en-santiago-del-estero-ante-el-seleccionado-de-curazao\/\",\"name\":\"\\\"La Scaloneta\\\" se presenta en Santiago del Estero ante el seleccionado de Curazao - Noticias Radio Reflejos\",\"isPartOf\":{\"@id\":\"https:\/\/www.noticiasradioreflejos.com.ar\/2021\/#website\"},\"datePublished\":\"2023-03-28T10:42:27+00:00\",\"author\":{\"@id\":\"https:\/\/www.noticiasradioreflejos.com.ar\/2021\/#\/schema\/person\/ad82545263dcc5ec0996818884fd5fb1\"},\"breadcrumb\":{\"@id\":\"https:\/\/www.noticiasradioreflejos.com.ar\/2021\/la-scaloneta-se-presenta-en-santiago-del-estero-ante-el-seleccionado-de-curazao\/#breadcrumb\"},\"inLanguage\":\"es\",\"potentialAction\":[{\"@type\":\"ReadAction\",\"target\":[\"https:\/\/www.noticiasradioreflejos.com.ar\/2021\/la-scaloneta-se-presenta-en-santiago-del-estero-ante-el-seleccionado-de-curazao\/\"]}]},{\"@type\":\"BreadcrumbList\",\"@id\":\"https:\/\/www.noticiasradioreflejos.com.ar\/2021\/la-scaloneta-se-presenta-en-santiago-del-estero-ante-el-seleccionado-de-curazao\/#breadcrumb\",\"itemListElement\":[{\"@type\":\"ListItem\",\"position\":1,\"name\":\"Portada\",\"item\":\"https:\/\/www.noticiasradioreflejos.com.ar\/2021\/\"},{\"@type\":\"ListItem\",\"position\":2,\"name\":\"\u00abLa Scaloneta\u00bb se presenta en Santiago del Estero ante el seleccionado de Curazao\"}]},{\"@type\":\"WebSite\",\"@id\":\"https:\/\/www.noticiasradioreflejos.com.ar\/2021\/#website\",\"url\":\"https:\/\/www.noticiasradioreflejos.com.ar\/2021\/\",\"name\":\"Noticias Radio Reflejos\",\"description\":\"Las noticias de mi comarca\",\"potentialAction\":[{\"@type\":\"SearchAction\",\"target\":{\"@type\":\"EntryPoint\",\"urlTemplate\":\"https:\/\/www.noticiasradioreflejos.com.ar\/2021\/?s={search_term_string}\"},\"query-input\":{\"@type\":\"PropertyValueSpecification\",\"valueRequired\":true,\"valueName\":\"search_term_string\"}}],\"inLanguage\":\"es\"},{\"@type\":\"Person\",\"@id\":\"https:\/\/www.noticiasradioreflejos.com.ar\/2021\/#\/schema\/person\/ad82545263dcc5ec0996818884fd5fb1\",\"name\":\"Arnaldo Botto\",\"image\":{\"@type\":\"ImageObject\",\"inLanguage\":\"es\",\"@id\":\"https:\/\/www.noticiasradioreflejos.com.ar\/2021\/#\/schema\/person\/image\/\",\"url\":\"https:\/\/secure.gravatar.com\/avatar\/55cb5e37c1efa326397366e6974cb338056df65cb50e7d64d1cf314e87504837?s=96&d=mm&r=g\",\"contentUrl\":\"https:\/\/secure.gravatar.com\/avatar\/55cb5e37c1efa326397366e6974cb338056df65cb50e7d64d1cf314e87504837?s=96&d=mm&r=g\",\"caption\":\"Arnaldo Botto\"},\"url\":\"https:\/\/www.noticiasradioreflejos.com.ar\/2021\/author\/arnaldo\/\"}]}<\/script>\n<!-- \/ Yoast SEO plugin. -->","yoast_head_json":{"title":"\"La Scaloneta\" se presenta en Santiago del Estero ante el seleccionado de Curazao - Noticias Radio Reflejos","robots":{"index":"index","follow":"follow","max-snippet":"max-snippet:-1","max-image-preview":"max-image-preview:large","max-video-preview":"max-video-preview:-1"},"canonical":"https:\/\/www.noticiasradioreflejos.com.ar\/2021\/la-scaloneta-se-presenta-en-santiago-del-estero-ante-el-seleccionado-de-curazao\/","og_locale":"es_ES","og_type":"article","og_title":"\"La Scaloneta\" se presenta en Santiago del Estero ante el seleccionado de Curazao - Noticias Radio Reflejos","og_description":"El seleccionado de f\u00fatbol de la Argentina se presentar\u00e1 hoy por primera vez en el interior del pa\u00eds desde que se coron\u00f3 campe\u00f3n del mundo en Qatar, para jugar un partido amistoso celebratorio ante Curazao, en Santiago del Estero.","og_url":"https:\/\/www.noticiasradioreflejos.com.ar\/2021\/la-scaloneta-se-presenta-en-santiago-del-estero-ante-el-seleccionado-de-curazao\/","og_site_name":"Noticias Radio Reflejos","article_published_time":"2023-03-28T10:42:27+00:00","og_image":[{"width":300,"height":200,"url":"https:\/\/www.noticiasradioreflejos.com.ar\/2021\/wp-content\/uploads\/2021\/07\/logosol300x200.png","type":"image\/png"}],"author":"Arnaldo Botto","twitter_card":"summary_large_image","schema":{"@context":"https:\/\/schema.org","@graph":[{"@type":"WebPage","@id":"https:\/\/www.noticiasradioreflejos.com.ar\/2021\/la-scaloneta-se-presenta-en-santiago-del-estero-ante-el-seleccionado-de-curazao\/","url":"https:\/\/www.noticiasradioreflejos.com.ar\/2021\/la-scaloneta-se-presenta-en-santiago-del-estero-ante-el-seleccionado-de-curazao\/","name":"\"La Scaloneta\" se presenta en Santiago del Estero ante el seleccionado de Curazao - Noticias Radio Reflejos","isPartOf":{"@id":"https:\/\/www.noticiasradioreflejos.com.ar\/2021\/#website"},"datePublished":"2023-03-28T10:42:27+00:00","author":{"@id":"https:\/\/www.noticiasradioreflejos.com.ar\/2021\/#\/schema\/person\/ad82545263dcc5ec0996818884fd5fb1"},"breadcrumb":{"@id":"https:\/\/www.noticiasradioreflejos.com.ar\/2021\/la-scaloneta-se-presenta-en-santiago-del-estero-ante-el-seleccionado-de-curazao\/#breadcrumb"},"inLanguage":"es","potentialAction":[{"@type":"ReadAction","target":["https:\/\/www.noticiasradioreflejos.com.ar\/2021\/la-scaloneta-se-presenta-en-santiago-del-estero-ante-el-seleccionado-de-curazao\/"]}]},{"@type":"BreadcrumbList","@id":"https:\/\/www.noticiasradioreflejos.com.ar\/2021\/la-scaloneta-se-presenta-en-santiago-del-estero-ante-el-seleccionado-de-curazao\/#breadcrumb","itemListElement":[{"@type":"ListItem","position":1,"name":"Portada","item":"https:\/\/www.noticiasradioreflejos.com.ar\/2021\/"},{"@type":"ListItem","position":2,"name":"\u00abLa Scaloneta\u00bb se presenta en Santiago del Estero ante el seleccionado de Curazao"}]},{"@type":"WebSite","@id":"https:\/\/www.noticiasradioreflejos.com.ar\/2021\/#website","url":"https:\/\/www.noticiasradioreflejos.com.ar\/2021\/","name":"Noticias Radio Reflejos","description":"Las noticias de mi comarca","potentialAction":[{"@type":"SearchAction","target":{"@type":"EntryPoint","urlTemplate":"https:\/\/www.noticiasradioreflejos.com.ar\/2021\/?s={search_term_string}"},"query-input":{"@type":"PropertyValueSpecification","valueRequired":true,"valueName":"search_term_string"}}],"inLanguage":"es"},{"@type":"Person","@id":"https:\/\/www.noticiasradioreflejos.com.ar\/2021\/#\/schema\/person\/ad82545263dcc5ec0996818884fd5fb1","name":"Arnaldo Botto","image":{"@type":"ImageObject","inLanguage":"es","@id":"https:\/\/www.noticiasradioreflejos.com.ar\/2021\/#\/schema\/person\/image\/","url":"https:\/\/secure.gravatar.com\/avatar\/55cb5e37c1efa326397366e6974cb338056df65cb50e7d64d1cf314e87504837?s=96&d=mm&r=g","contentUrl":"https:\/\/secure.gravatar.com\/avatar\/55cb5e37c1efa326397366e6974cb338056df65cb50e7d64d1cf314e87504837?s=96&d=mm&r=g","caption":"Arnaldo Botto"},"url":"https:\/\/www.noticiasradioreflejos.com.ar\/2021\/author\/arnaldo\/"}]}},"_links":{"self":[{"href":"https:\/\/www.noticiasradioreflejos.com.ar\/2021\/wp-json\/wp\/v2\/posts\/86058","targetHints":{"allow":["GET"]}}],"collection":[{"href":"https:\/\/www.noticiasradioreflejos.com.ar\/2021\/wp-json\/wp\/v2\/posts"}],"about":[{"href":"https:\/\/www.noticiasradioreflejos.com.ar\/2021\/wp-json\/wp\/v2\/types\/post"}],"author":[{"embeddable":true,"href":"https:\/\/www.noticiasradioreflejos.com.ar\/2021\/wp-json\/wp\/v2\/users\/3"}],"replies":[{"embeddable":true,"href":"https:\/\/www.noticiasradioreflejos.com.ar\/2021\/wp-json\/wp\/v2\/comments?post=86058"}],"version-history":[{"count":1,"href":"https:\/\/www.noticiasradioreflejos.com.ar\/2021\/wp-json\/wp\/v2\/posts\/86058\/revisions"}],"predecessor-version":[{"id":86060,"href":"https:\/\/www.noticiasradioreflejos.com.ar\/2021\/wp-json\/wp\/v2\/posts\/86058\/revisions\/86060"}],"wp:attachment":[{"href":"https:\/\/www.noticiasradioreflejos.com.ar\/2021\/wp-json\/wp\/v2\/media?parent=86058"}],"wp:term":[{"taxonomy":"category","embeddable":true,"href":"https:\/\/www.noticiasradioreflejos.com.ar\/2021\/wp-json\/wp\/v2\/categories?post=86058"},{"taxonomy":"post_tag","embeddable":true,"href":"https:\/\/www.noticiasradioreflejos.com.ar\/2021\/wp-json\/wp\/v2\/tags?post=86058"}],"curies":[{"name":"wp","href":"https:\/\/api.w.org\/{rel}","templated":true}]}}