{"id":86027,"date":"2023-03-27T18:20:11","date_gmt":"2023-03-27T18:20:11","guid":{"rendered":"https:\/\/www.noticiasradioreflejos.com.ar\/2021\/?p=86027"},"modified":"2023-03-27T18:20:11","modified_gmt":"2023-03-27T18:20:11","slug":"mirta-monteoliva-para-la-municipalidad-de-suarez-no-existimos-o-somos-ciudadanos-de-segunda","status":"publish","type":"post","link":"https:\/\/www.noticiasradioreflejos.com.ar\/2021\/mirta-monteoliva-para-la-municipalidad-de-suarez-no-existimos-o-somos-ciudadanos-de-segunda\/","title":{"rendered":"Mirta Monteoliva: \u201cPara la municipalidad de Su\u00e1rez no existimos o somos ciudadanos de segunda\u201d"},"content":{"rendered":"<p>La vecina del barrio Cerro Ceferino reclam\u00f3 por la profundizaci\u00f3n de una cantera pre existente que ahora volvieron a utilizar para mejorar las calles. \u201cEl delegado me respondi\u00f3, \u00bfDe d\u00f3nde quiere que saquemos material?\u201d afirm\u00f3.<!--more--><\/p>\n<p><a title=\"verro eferino (1)\" href=\"https:\/\/www.flickr.com\/photos\/182279889@N02\/52775655600\/in\/dateposted-public\/\" data-flickr-embed=\"true\"><img loading=\"lazy\" decoding=\"async\" class=\"alignleft\" src=\"https:\/\/live.staticflickr.com\/31337\/52775655600_723ec179ea_w.jpg\" alt=\"verro eferino (1)\" width=\"273\" height=\"477\" \/><\/a><script async src=\"\/\/embedr.flickr.com\/assets\/client-code.js\" charset=\"utf-8\"><\/script>Los vecinos del barrio Cerro Ceferino van de reclamo en reclamo. A las gestiones para que dejen de ser catalogados como macizo, y luego, para que no les loteen un \u00e1rea protegida, ahora se le sum\u00f3 la reactivaci\u00f3n de la explotaci\u00f3n de la cantera.<\/p>\n<p>Al respecto, y muy enojada, Mirta Monteoliva sostuvo que \u201cpara la municipalidad de Su\u00e1rez no existimos o somos ciudadanos de segunda\u201d.<\/p>\n<p>Comenzando su relato afirm\u00f3 que \u201cdespu\u00e9s de mendigar que nos arreglen las calles post lluvias, nos enviaron las motoniveladoras, y para hacerlo, ampliaron lo que denominan la cantera, que es una zona protegida, al lado del r\u00edo, y generaron dos pozos inmensos, llenos de agua. Los moquitos a full. Adem\u00e1s de lo peligroso, porque est\u00e1 a 100 metros de donde salimos a caminar\u201d.<\/p>\n<p>Y en esa l\u00ednea enfatiz\u00f3 que \u201cla misma municipalidad est\u00e1 rompiendo el \u00e1rea protegida. Sacaron \u00e1rboles, lastimaron otros. Es una zona donde van muchos turistas. Su\u00e1rez promocionan el turismo y hacen esto en su zona protegida\u201d.<\/p>\n<p>&nbsp;<br \/>\n<a data-flickr-embed=\"true\" href=\"https:\/\/www.flickr.com\/photos\/182279889@N02\/52775724873\/in\/dateposted-public\/\" title=\"verro eferino (2)\"><img loading=\"lazy\" decoding=\"async\" src=\"https:\/\/live.staticflickr.com\/65535\/52775724873_1c998f7592_w.jpg\" width=\"400\" height=\"300\" alt=\"verro eferino (2)\"\/><\/a><script async src=\"\/\/embedr.flickr.com\/assets\/client-code.js\" charset=\"utf-8\"><\/script><br \/>\n&nbsp;<\/p>\n<p>Seg\u00fan pudo corroborar, \u201centre el jueves y el s\u00e1bado hicieron ese trabajo. Dan ganas de llorar. Hicimos todos los reclamos habidos y por haber. Al delegado, a la oficina de turismo. A Su\u00e1rez. Al Secretario de Gobierno, que me dijo que eso no est\u00e1 en el medio del barrio. Cuando le dije que era un \u00e1rea protegida no me puso m\u00e1s nada. Primero me pregunt\u00f3 qui\u00e9n lo hizo, y cuando le respond\u00ed que hab\u00edan sido ellos no me puso m\u00e1s nada. No podemos tener una cantera en una zona urbana\u201d.<\/p>\n<p>Por \u00faltimo confirm\u00f3 que \u201cel delegado respondi\u00f3; \u00bfQu\u00e9 quieren que haga? Despu\u00e9s se quejan cuando no arreglamos las calles. \u00bfDe d\u00f3nde quiere que saquemos el material? Si sabe de otro lugar, d\u00edgalo\u201d.<\/p>\n<p><iframe loading=\"lazy\" src=\"https:\/\/w.soundcloud.com\/player\/?url=https%3A\/\/api.soundcloud.com\/tracks\/1478630809&amp;color=%23ff5500&amp;auto_play=false&amp;hide_related=false&amp;show_comments=true&amp;show_user=true&amp;show_reposts=false&amp;show_teaser=true\" width=\"100%\" height=\"166\" frameborder=\"no\" scrolling=\"no\"><\/iframe><\/p>\n<div style=\"font-size: 10px; color: #cccccc; line-break: anywhere; word-break: normal; overflow: hidden; white-space: nowrap; text-overflow: ellipsis; font-family: Interstate,Lucida Grande,Lucida Sans Unicode,Lucida Sans,Garuda,Verdana,Tahoma,sans-serif; font-weight: 100;\"><a style=\"color: #cccccc; text-decoration: none;\" title=\"fmreflejos 103.7\" href=\"https:\/\/soundcloud.com\/fmreflejos-103-7\" target=\"_blank\" rel=\"noopener\">fmreflejos 103.7<\/a> \u00b7 <a style=\"color: #cccccc; text-decoration: none;\" title=\"Mirta Monteoliva\" href=\"https:\/\/soundcloud.com\/fmreflejos-103-7\/mirta-monteoliva\" target=\"_blank\" rel=\"noopener\">Mirta Monteoliva<\/a><\/div>\n","protected":false},"excerpt":{"rendered":"<p>La vecina del barrio Cerro Ceferino reclam\u00f3 por la profundizaci\u00f3n de una cantera pre existente que ahora volvieron a utilizar para mejorar las calles. \u201cEl delegado me respondi\u00f3, \u00bfDe d\u00f3nde quiere que saquemos material?\u201d afirm\u00f3.<\/p>\n","protected":false},"author":3,"featured_media":0,"comment_status":"closed","ping_status":"closed","sticky":false,"template":"","format":"standard","meta":{"footnotes":""},"categories":[24,26],"tags":[48],"class_list":["post-86027","post","type-post","status-publish","format-standard","hentry","category-politica","category-sociedad","tag-destacada"],"yoast_head":"<!-- This site is optimized with the Yoast SEO plugin v25.9 - https:\/\/yoast.com\/wordpress\/plugins\/seo\/ -->\n<title>Mirta Monteoliva: \u201cPara la municipalidad de Su\u00e1rez no existimos o somos ciudadanos de segunda\u201d - Noticias Radio Reflejos<\/title>\n<meta name=\"robots\" content=\"index, follow, max-snippet:-1, max-image-preview:large, max-video-preview:-1\" \/>\n<link rel=\"canonical\" href=\"https:\/\/www.noticiasradioreflejos.com.ar\/2021\/mirta-monteoliva-para-la-municipalidad-de-suarez-no-existimos-o-somos-ciudadanos-de-segunda\/\" \/>\n<meta property=\"og:locale\" content=\"es_ES\" \/>\n<meta property=\"og:type\" content=\"article\" \/>\n<meta property=\"og:title\" content=\"Mirta Monteoliva: \u201cPara la municipalidad de Su\u00e1rez no existimos o somos ciudadanos de segunda\u201d - Noticias Radio Reflejos\" \/>\n<meta property=\"og:description\" content=\"La vecina del barrio Cerro Ceferino reclam\u00f3 por la profundizaci\u00f3n de una cantera pre existente que ahora volvieron a utilizar para mejorar las calles. \u201cEl delegado me respondi\u00f3, \u00bfDe d\u00f3nde quiere que saquemos material?\u201d afirm\u00f3.\" \/>\n<meta property=\"og:url\" content=\"https:\/\/www.noticiasradioreflejos.com.ar\/2021\/mirta-monteoliva-para-la-municipalidad-de-suarez-no-existimos-o-somos-ciudadanos-de-segunda\/\" \/>\n<meta property=\"og:site_name\" content=\"Noticias Radio Reflejos\" \/>\n<meta property=\"article:published_time\" content=\"2023-03-27T18:20:11+00:00\" \/>\n<meta property=\"og:image\" content=\"https:\/\/live.staticflickr.com\/31337\/52775655600_723ec179ea_w.jpg\" \/>\n<meta name=\"author\" content=\"Arnaldo Botto\" \/>\n<meta name=\"twitter:card\" content=\"summary_large_image\" \/>\n<script type=\"application\/ld+json\" class=\"yoast-schema-graph\">{\"@context\":\"https:\/\/schema.org\",\"@graph\":[{\"@type\":\"WebPage\",\"@id\":\"https:\/\/www.noticiasradioreflejos.com.ar\/2021\/mirta-monteoliva-para-la-municipalidad-de-suarez-no-existimos-o-somos-ciudadanos-de-segunda\/\",\"url\":\"https:\/\/www.noticiasradioreflejos.com.ar\/2021\/mirta-monteoliva-para-la-municipalidad-de-suarez-no-existimos-o-somos-ciudadanos-de-segunda\/\",\"name\":\"Mirta Monteoliva: \u201cPara la municipalidad de Su\u00e1rez no existimos o somos ciudadanos de segunda\u201d - Noticias Radio Reflejos\",\"isPartOf\":{\"@id\":\"https:\/\/www.noticiasradioreflejos.com.ar\/2021\/#website\"},\"primaryImageOfPage\":{\"@id\":\"https:\/\/www.noticiasradioreflejos.com.ar\/2021\/mirta-monteoliva-para-la-municipalidad-de-suarez-no-existimos-o-somos-ciudadanos-de-segunda\/#primaryimage\"},\"image\":{\"@id\":\"https:\/\/www.noticiasradioreflejos.com.ar\/2021\/mirta-monteoliva-para-la-municipalidad-de-suarez-no-existimos-o-somos-ciudadanos-de-segunda\/#primaryimage\"},\"thumbnailUrl\":\"https:\/\/live.staticflickr.com\/31337\/52775655600_723ec179ea_w.jpg\",\"datePublished\":\"2023-03-27T18:20:11+00:00\",\"author\":{\"@id\":\"https:\/\/www.noticiasradioreflejos.com.ar\/2021\/#\/schema\/person\/ad82545263dcc5ec0996818884fd5fb1\"},\"breadcrumb\":{\"@id\":\"https:\/\/www.noticiasradioreflejos.com.ar\/2021\/mirta-monteoliva-para-la-municipalidad-de-suarez-no-existimos-o-somos-ciudadanos-de-segunda\/#breadcrumb\"},\"inLanguage\":\"es\",\"potentialAction\":[{\"@type\":\"ReadAction\",\"target\":[\"https:\/\/www.noticiasradioreflejos.com.ar\/2021\/mirta-monteoliva-para-la-municipalidad-de-suarez-no-existimos-o-somos-ciudadanos-de-segunda\/\"]}]},{\"@type\":\"ImageObject\",\"inLanguage\":\"es\",\"@id\":\"https:\/\/www.noticiasradioreflejos.com.ar\/2021\/mirta-monteoliva-para-la-municipalidad-de-suarez-no-existimos-o-somos-ciudadanos-de-segunda\/#primaryimage\",\"url\":\"https:\/\/live.staticflickr.com\/31337\/52775655600_723ec179ea_w.jpg\",\"contentUrl\":\"https:\/\/live.staticflickr.com\/31337\/52775655600_723ec179ea_w.jpg\"},{\"@type\":\"BreadcrumbList\",\"@id\":\"https:\/\/www.noticiasradioreflejos.com.ar\/2021\/mirta-monteoliva-para-la-municipalidad-de-suarez-no-existimos-o-somos-ciudadanos-de-segunda\/#breadcrumb\",\"itemListElement\":[{\"@type\":\"ListItem\",\"position\":1,\"name\":\"Portada\",\"item\":\"https:\/\/www.noticiasradioreflejos.com.ar\/2021\/\"},{\"@type\":\"ListItem\",\"position\":2,\"name\":\"Mirta Monteoliva: \u201cPara la municipalidad de Su\u00e1rez no existimos o somos ciudadanos de segunda\u201d\"}]},{\"@type\":\"WebSite\",\"@id\":\"https:\/\/www.noticiasradioreflejos.com.ar\/2021\/#website\",\"url\":\"https:\/\/www.noticiasradioreflejos.com.ar\/2021\/\",\"name\":\"Noticias Radio Reflejos\",\"description\":\"Las noticias de mi comarca\",\"potentialAction\":[{\"@type\":\"SearchAction\",\"target\":{\"@type\":\"EntryPoint\",\"urlTemplate\":\"https:\/\/www.noticiasradioreflejos.com.ar\/2021\/?s={search_term_string}\"},\"query-input\":{\"@type\":\"PropertyValueSpecification\",\"valueRequired\":true,\"valueName\":\"search_term_string\"}}],\"inLanguage\":\"es\"},{\"@type\":\"Person\",\"@id\":\"https:\/\/www.noticiasradioreflejos.com.ar\/2021\/#\/schema\/person\/ad82545263dcc5ec0996818884fd5fb1\",\"name\":\"Arnaldo Botto\",\"image\":{\"@type\":\"ImageObject\",\"inLanguage\":\"es\",\"@id\":\"https:\/\/www.noticiasradioreflejos.com.ar\/2021\/#\/schema\/person\/image\/\",\"url\":\"https:\/\/secure.gravatar.com\/avatar\/55cb5e37c1efa326397366e6974cb338056df65cb50e7d64d1cf314e87504837?s=96&d=mm&r=g\",\"contentUrl\":\"https:\/\/secure.gravatar.com\/avatar\/55cb5e37c1efa326397366e6974cb338056df65cb50e7d64d1cf314e87504837?s=96&d=mm&r=g\",\"caption\":\"Arnaldo Botto\"},\"url\":\"https:\/\/www.noticiasradioreflejos.com.ar\/2021\/author\/arnaldo\/\"}]}<\/script>\n<!-- \/ Yoast SEO plugin. -->","yoast_head_json":{"title":"Mirta Monteoliva: \u201cPara la municipalidad de Su\u00e1rez no existimos o somos ciudadanos de segunda\u201d - Noticias Radio Reflejos","robots":{"index":"index","follow":"follow","max-snippet":"max-snippet:-1","max-image-preview":"max-image-preview:large","max-video-preview":"max-video-preview:-1"},"canonical":"https:\/\/www.noticiasradioreflejos.com.ar\/2021\/mirta-monteoliva-para-la-municipalidad-de-suarez-no-existimos-o-somos-ciudadanos-de-segunda\/","og_locale":"es_ES","og_type":"article","og_title":"Mirta Monteoliva: \u201cPara la municipalidad de Su\u00e1rez no existimos o somos ciudadanos de segunda\u201d - Noticias Radio Reflejos","og_description":"La vecina del barrio Cerro Ceferino reclam\u00f3 por la profundizaci\u00f3n de una cantera pre existente que ahora volvieron a utilizar para mejorar las calles. \u201cEl delegado me respondi\u00f3, \u00bfDe d\u00f3nde quiere que saquemos material?\u201d afirm\u00f3.","og_url":"https:\/\/www.noticiasradioreflejos.com.ar\/2021\/mirta-monteoliva-para-la-municipalidad-de-suarez-no-existimos-o-somos-ciudadanos-de-segunda\/","og_site_name":"Noticias Radio Reflejos","article_published_time":"2023-03-27T18:20:11+00:00","og_image":[{"url":"https:\/\/live.staticflickr.com\/31337\/52775655600_723ec179ea_w.jpg","type":"","width":"","height":""}],"author":"Arnaldo Botto","twitter_card":"summary_large_image","schema":{"@context":"https:\/\/schema.org","@graph":[{"@type":"WebPage","@id":"https:\/\/www.noticiasradioreflejos.com.ar\/2021\/mirta-monteoliva-para-la-municipalidad-de-suarez-no-existimos-o-somos-ciudadanos-de-segunda\/","url":"https:\/\/www.noticiasradioreflejos.com.ar\/2021\/mirta-monteoliva-para-la-municipalidad-de-suarez-no-existimos-o-somos-ciudadanos-de-segunda\/","name":"Mirta Monteoliva: \u201cPara la municipalidad de Su\u00e1rez no existimos o somos ciudadanos de segunda\u201d - Noticias Radio Reflejos","isPartOf":{"@id":"https:\/\/www.noticiasradioreflejos.com.ar\/2021\/#website"},"primaryImageOfPage":{"@id":"https:\/\/www.noticiasradioreflejos.com.ar\/2021\/mirta-monteoliva-para-la-municipalidad-de-suarez-no-existimos-o-somos-ciudadanos-de-segunda\/#primaryimage"},"image":{"@id":"https:\/\/www.noticiasradioreflejos.com.ar\/2021\/mirta-monteoliva-para-la-municipalidad-de-suarez-no-existimos-o-somos-ciudadanos-de-segunda\/#primaryimage"},"thumbnailUrl":"https:\/\/live.staticflickr.com\/31337\/52775655600_723ec179ea_w.jpg","datePublished":"2023-03-27T18:20:11+00:00","author":{"@id":"https:\/\/www.noticiasradioreflejos.com.ar\/2021\/#\/schema\/person\/ad82545263dcc5ec0996818884fd5fb1"},"breadcrumb":{"@id":"https:\/\/www.noticiasradioreflejos.com.ar\/2021\/mirta-monteoliva-para-la-municipalidad-de-suarez-no-existimos-o-somos-ciudadanos-de-segunda\/#breadcrumb"},"inLanguage":"es","potentialAction":[{"@type":"ReadAction","target":["https:\/\/www.noticiasradioreflejos.com.ar\/2021\/mirta-monteoliva-para-la-municipalidad-de-suarez-no-existimos-o-somos-ciudadanos-de-segunda\/"]}]},{"@type":"ImageObject","inLanguage":"es","@id":"https:\/\/www.noticiasradioreflejos.com.ar\/2021\/mirta-monteoliva-para-la-municipalidad-de-suarez-no-existimos-o-somos-ciudadanos-de-segunda\/#primaryimage","url":"https:\/\/live.staticflickr.com\/31337\/52775655600_723ec179ea_w.jpg","contentUrl":"https:\/\/live.staticflickr.com\/31337\/52775655600_723ec179ea_w.jpg"},{"@type":"BreadcrumbList","@id":"https:\/\/www.noticiasradioreflejos.com.ar\/2021\/mirta-monteoliva-para-la-municipalidad-de-suarez-no-existimos-o-somos-ciudadanos-de-segunda\/#breadcrumb","itemListElement":[{"@type":"ListItem","position":1,"name":"Portada","item":"https:\/\/www.noticiasradioreflejos.com.ar\/2021\/"},{"@type":"ListItem","position":2,"name":"Mirta Monteoliva: \u201cPara la municipalidad de Su\u00e1rez no existimos o somos ciudadanos de segunda\u201d"}]},{"@type":"WebSite","@id":"https:\/\/www.noticiasradioreflejos.com.ar\/2021\/#website","url":"https:\/\/www.noticiasradioreflejos.com.ar\/2021\/","name":"Noticias Radio Reflejos","description":"Las noticias de mi comarca","potentialAction":[{"@type":"SearchAction","target":{"@type":"EntryPoint","urlTemplate":"https:\/\/www.noticiasradioreflejos.com.ar\/2021\/?s={search_term_string}"},"query-input":{"@type":"PropertyValueSpecification","valueRequired":true,"valueName":"search_term_string"}}],"inLanguage":"es"},{"@type":"Person","@id":"https:\/\/www.noticiasradioreflejos.com.ar\/2021\/#\/schema\/person\/ad82545263dcc5ec0996818884fd5fb1","name":"Arnaldo Botto","image":{"@type":"ImageObject","inLanguage":"es","@id":"https:\/\/www.noticiasradioreflejos.com.ar\/2021\/#\/schema\/person\/image\/","url":"https:\/\/secure.gravatar.com\/avatar\/55cb5e37c1efa326397366e6974cb338056df65cb50e7d64d1cf314e87504837?s=96&d=mm&r=g","contentUrl":"https:\/\/secure.gravatar.com\/avatar\/55cb5e37c1efa326397366e6974cb338056df65cb50e7d64d1cf314e87504837?s=96&d=mm&r=g","caption":"Arnaldo Botto"},"url":"https:\/\/www.noticiasradioreflejos.com.ar\/2021\/author\/arnaldo\/"}]}},"_links":{"self":[{"href":"https:\/\/www.noticiasradioreflejos.com.ar\/2021\/wp-json\/wp\/v2\/posts\/86027","targetHints":{"allow":["GET"]}}],"collection":[{"href":"https:\/\/www.noticiasradioreflejos.com.ar\/2021\/wp-json\/wp\/v2\/posts"}],"about":[{"href":"https:\/\/www.noticiasradioreflejos.com.ar\/2021\/wp-json\/wp\/v2\/types\/post"}],"author":[{"embeddable":true,"href":"https:\/\/www.noticiasradioreflejos.com.ar\/2021\/wp-json\/wp\/v2\/users\/3"}],"replies":[{"embeddable":true,"href":"https:\/\/www.noticiasradioreflejos.com.ar\/2021\/wp-json\/wp\/v2\/comments?post=86027"}],"version-history":[{"count":2,"href":"https:\/\/www.noticiasradioreflejos.com.ar\/2021\/wp-json\/wp\/v2\/posts\/86027\/revisions"}],"predecessor-version":[{"id":86036,"href":"https:\/\/www.noticiasradioreflejos.com.ar\/2021\/wp-json\/wp\/v2\/posts\/86027\/revisions\/86036"}],"wp:attachment":[{"href":"https:\/\/www.noticiasradioreflejos.com.ar\/2021\/wp-json\/wp\/v2\/media?parent=86027"}],"wp:term":[{"taxonomy":"category","embeddable":true,"href":"https:\/\/www.noticiasradioreflejos.com.ar\/2021\/wp-json\/wp\/v2\/categories?post=86027"},{"taxonomy":"post_tag","embeddable":true,"href":"https:\/\/www.noticiasradioreflejos.com.ar\/2021\/wp-json\/wp\/v2\/tags?post=86027"}],"curies":[{"name":"wp","href":"https:\/\/api.w.org\/{rel}","templated":true}]}}