{"id":86025,"date":"2023-03-27T18:29:45","date_gmt":"2023-03-27T18:29:45","guid":{"rendered":"https:\/\/www.noticiasradioreflejos.com.ar\/2021\/?p=86025"},"modified":"2023-03-28T13:58:09","modified_gmt":"2023-03-28T13:58:09","slug":"emanuel-picado-habra-mediciones-para-determinar-el-candidato","status":"publish","type":"post","link":"https:\/\/www.noticiasradioreflejos.com.ar\/2021\/emanuel-picado-habra-mediciones-para-determinar-el-candidato\/","title":{"rendered":"Manuel Picado: \u201cHabr\u00e1 mediciones para determinar el candidato\u201d"},"content":{"rendered":"<p>Uno de los tres radicales que pujar\u00e1n por la intendencia confirm\u00f3 que usar\u00e1n las encuestas como uno de los m\u00e9todos de elecci\u00f3n. \u201cEstamos esperando que se terminen de definir las listas\u201d a nivel provincial agreg\u00f3.<!--more--><\/p>\n<p>Uno de los pre candidatos a intendentes por el radicalismo,<strong> Manuel Picado<\/strong>, coment\u00f3 esta ma\u00f1ana los pasos que se est\u00e1n dando dentro de la l\u00ednea de Evoluci\u00f3n, de cara a las pr\u00f3ximas PASO.<\/p>\n<p>Al respecto, asegur\u00f3 que a nivel provincial \u201cnosotros estamos esperando que se terminen de definir las listas. A ver si se hacen listas cruzadas. Hay gente del Pro que tiene muy buena llegada dentro de la provincia. Estamos viendo c\u00f3mo va ese escenario. Nosotros tenemos a Maxi Abad, que no es de la l\u00ednea de Evoluci\u00f3n, pero ha manifestado su intenci\u00f3n de ser gobernador\u201d.<\/p>\n<p>De igual forma explic\u00f3 que dentro de su partido \u201cel oficialismo no se ha decidido. Hoy nos visitar\u00e1 Facundo Manes desde las 17. Si bien no lo ha manifestado, creo que en algunos d\u00edas lanzar\u00e1 su candidatura a presidente. Ir\u00e1 por la lista oficialista. Y por el otro lado est\u00e1 Gerardo Morales\u201d.<\/p>\n<p>Bajando todo esto al plano dom\u00e9stico, Picado sostuvo que \u201ca nivel local, los de Evoluci\u00f3n, o sea Sandra Kifer y yo, estamos detr\u00e1s de Morales; y el oficialismo ir\u00eda con Abad-Manes. Todo esto se resolver\u00e1 en los pr\u00f3ximos d\u00edas. Claramente hay mucha responsabilidad de todos en hacer un an\u00e1lisis, ver las posibilidades reales, e incluso declinar postulaciones\u201d.<\/p>\n<p>Profundizando sobre el tema, remarc\u00f3 que \u201cde parte de Evoluci\u00f3n, del radicalismo, tenemos claramente informado que habr\u00e1 mediciones. Las encuestas ser\u00e1n una de las herramientas para ver los candidatos con mayores posibilidades. Se busca con esto ordenar, que llegue qui\u00e9n tenga posibilidades y tambi\u00e9n por respeto al electorado\u201d.<\/p>\n<p>En otro pasaje de la charla, y sobre su accionar si fuese elegido intendente, enfatiz\u00f3 en que \u201ccomo principio b\u00e1sico, viendo el ordenamiento, el desarrollo, el crecimiento, vienen de la mano de un trabajo permanente y horizontal en relaci\u00f3n a las otras fuerzas. Es un concepto que lo tengo m\u00e1s que claro. No hay salvadores. No hay due\u00f1os de la verdad absoluta\u201d.<\/p>\n<p>Y en esa l\u00ednea indic\u00f3 que \u201clos servicios b\u00e1sicos como provisi\u00f3n de agua, cloacas, electricidad\u2026 todos tienen los mismos inconvenientes y deficiencias a futuro. Est\u00e1 claro que la energ\u00eda el\u00e9ctrica est\u00e1 siempre al borde del colapso. Se requiere gesti\u00f3n, trabajo, planificaci\u00f3n y obras multi millonarias. Pero sin estas cuestiones no se puede pensar en el desarrollo de la comarca\u201d.<\/p>\n<p><iframe loading=\"lazy\" src=\"https:\/\/w.soundcloud.com\/player\/?url=https%3A\/\/api.soundcloud.com\/tracks\/1478647867&amp;color=%23ff5500&amp;auto_play=false&amp;hide_related=false&amp;show_comments=true&amp;show_user=true&amp;show_reposts=false&amp;show_teaser=true\" width=\"100%\" height=\"166\" frameborder=\"no\" scrolling=\"no\"><\/iframe><\/p>\n<div style=\"font-size: 10px; color: #cccccc; line-break: anywhere; word-break: normal; overflow: hidden; white-space: nowrap; text-overflow: ellipsis; font-family: Interstate,Lucida Grande,Lucida Sans Unicode,Lucida Sans,Garuda,Verdana,Tahoma,sans-serif; font-weight: 100;\"><a style=\"color: #cccccc; text-decoration: none;\" title=\"fmreflejos 103.7\" href=\"https:\/\/soundcloud.com\/fmreflejos-103-7\" target=\"_blank\" rel=\"noopener\">fmreflejos 103.7<\/a> \u00b7 <a style=\"color: #cccccc; text-decoration: none;\" title=\"Manuel Picado\" href=\"https:\/\/soundcloud.com\/fmreflejos-103-7\/emanuel-picado\" target=\"_blank\" rel=\"noopener\">Manuel Picado<\/a><\/div>\n","protected":false},"excerpt":{"rendered":"<p>Uno de los tres radicales que pujar\u00e1n por la intendencia confirm\u00f3 que usar\u00e1n las encuestas como uno de los m\u00e9todos de elecci\u00f3n. \u201cEstamos esperando que se terminen de definir las listas\u201d a nivel provincial agreg\u00f3.<\/p>\n","protected":false},"author":3,"featured_media":0,"comment_status":"closed","ping_status":"closed","sticky":false,"template":"","format":"standard","meta":{"footnotes":""},"categories":[24],"tags":[48],"class_list":["post-86025","post","type-post","status-publish","format-standard","hentry","category-politica","tag-destacada"],"yoast_head":"<!-- This site is optimized with the Yoast SEO plugin v25.9 - https:\/\/yoast.com\/wordpress\/plugins\/seo\/ -->\n<title>Manuel Picado: \u201cHabr\u00e1 mediciones para determinar el candidato\u201d - Noticias Radio Reflejos<\/title>\n<meta name=\"robots\" content=\"index, follow, max-snippet:-1, max-image-preview:large, max-video-preview:-1\" \/>\n<link rel=\"canonical\" href=\"https:\/\/www.noticiasradioreflejos.com.ar\/2021\/emanuel-picado-habra-mediciones-para-determinar-el-candidato\/\" \/>\n<meta property=\"og:locale\" content=\"es_ES\" \/>\n<meta property=\"og:type\" content=\"article\" \/>\n<meta property=\"og:title\" content=\"Manuel Picado: \u201cHabr\u00e1 mediciones para determinar el candidato\u201d - Noticias Radio Reflejos\" \/>\n<meta property=\"og:description\" content=\"Uno de los tres radicales que pujar\u00e1n por la intendencia confirm\u00f3 que usar\u00e1n las encuestas como uno de los m\u00e9todos de elecci\u00f3n. \u201cEstamos esperando que se terminen de definir las listas\u201d a nivel provincial agreg\u00f3.\" \/>\n<meta property=\"og:url\" content=\"https:\/\/www.noticiasradioreflejos.com.ar\/2021\/emanuel-picado-habra-mediciones-para-determinar-el-candidato\/\" \/>\n<meta property=\"og:site_name\" content=\"Noticias Radio Reflejos\" \/>\n<meta property=\"article:published_time\" content=\"2023-03-27T18:29:45+00:00\" \/>\n<meta property=\"article:modified_time\" content=\"2023-03-28T13:58:09+00:00\" \/>\n<meta property=\"og:image\" content=\"https:\/\/www.noticiasradioreflejos.com.ar\/2021\/wp-content\/uploads\/2021\/07\/logosol300x200.png\" \/>\n\t<meta property=\"og:image:width\" content=\"300\" \/>\n\t<meta property=\"og:image:height\" content=\"200\" \/>\n\t<meta property=\"og:image:type\" content=\"image\/png\" \/>\n<meta name=\"author\" content=\"Arnaldo Botto\" \/>\n<meta name=\"twitter:card\" content=\"summary_large_image\" \/>\n<script type=\"application\/ld+json\" class=\"yoast-schema-graph\">{\"@context\":\"https:\/\/schema.org\",\"@graph\":[{\"@type\":\"WebPage\",\"@id\":\"https:\/\/www.noticiasradioreflejos.com.ar\/2021\/emanuel-picado-habra-mediciones-para-determinar-el-candidato\/\",\"url\":\"https:\/\/www.noticiasradioreflejos.com.ar\/2021\/emanuel-picado-habra-mediciones-para-determinar-el-candidato\/\",\"name\":\"Manuel Picado: \u201cHabr\u00e1 mediciones para determinar el candidato\u201d - Noticias Radio Reflejos\",\"isPartOf\":{\"@id\":\"https:\/\/www.noticiasradioreflejos.com.ar\/2021\/#website\"},\"datePublished\":\"2023-03-27T18:29:45+00:00\",\"dateModified\":\"2023-03-28T13:58:09+00:00\",\"author\":{\"@id\":\"https:\/\/www.noticiasradioreflejos.com.ar\/2021\/#\/schema\/person\/ad82545263dcc5ec0996818884fd5fb1\"},\"breadcrumb\":{\"@id\":\"https:\/\/www.noticiasradioreflejos.com.ar\/2021\/emanuel-picado-habra-mediciones-para-determinar-el-candidato\/#breadcrumb\"},\"inLanguage\":\"es\",\"potentialAction\":[{\"@type\":\"ReadAction\",\"target\":[\"https:\/\/www.noticiasradioreflejos.com.ar\/2021\/emanuel-picado-habra-mediciones-para-determinar-el-candidato\/\"]}]},{\"@type\":\"BreadcrumbList\",\"@id\":\"https:\/\/www.noticiasradioreflejos.com.ar\/2021\/emanuel-picado-habra-mediciones-para-determinar-el-candidato\/#breadcrumb\",\"itemListElement\":[{\"@type\":\"ListItem\",\"position\":1,\"name\":\"Portada\",\"item\":\"https:\/\/www.noticiasradioreflejos.com.ar\/2021\/\"},{\"@type\":\"ListItem\",\"position\":2,\"name\":\"Manuel Picado: \u201cHabr\u00e1 mediciones para determinar el candidato\u201d\"}]},{\"@type\":\"WebSite\",\"@id\":\"https:\/\/www.noticiasradioreflejos.com.ar\/2021\/#website\",\"url\":\"https:\/\/www.noticiasradioreflejos.com.ar\/2021\/\",\"name\":\"Noticias Radio Reflejos\",\"description\":\"Las noticias de mi comarca\",\"potentialAction\":[{\"@type\":\"SearchAction\",\"target\":{\"@type\":\"EntryPoint\",\"urlTemplate\":\"https:\/\/www.noticiasradioreflejos.com.ar\/2021\/?s={search_term_string}\"},\"query-input\":{\"@type\":\"PropertyValueSpecification\",\"valueRequired\":true,\"valueName\":\"search_term_string\"}}],\"inLanguage\":\"es\"},{\"@type\":\"Person\",\"@id\":\"https:\/\/www.noticiasradioreflejos.com.ar\/2021\/#\/schema\/person\/ad82545263dcc5ec0996818884fd5fb1\",\"name\":\"Arnaldo Botto\",\"image\":{\"@type\":\"ImageObject\",\"inLanguage\":\"es\",\"@id\":\"https:\/\/www.noticiasradioreflejos.com.ar\/2021\/#\/schema\/person\/image\/\",\"url\":\"https:\/\/secure.gravatar.com\/avatar\/55cb5e37c1efa326397366e6974cb338056df65cb50e7d64d1cf314e87504837?s=96&d=mm&r=g\",\"contentUrl\":\"https:\/\/secure.gravatar.com\/avatar\/55cb5e37c1efa326397366e6974cb338056df65cb50e7d64d1cf314e87504837?s=96&d=mm&r=g\",\"caption\":\"Arnaldo Botto\"},\"url\":\"https:\/\/www.noticiasradioreflejos.com.ar\/2021\/author\/arnaldo\/\"}]}<\/script>\n<!-- \/ Yoast SEO plugin. -->","yoast_head_json":{"title":"Manuel Picado: \u201cHabr\u00e1 mediciones para determinar el candidato\u201d - Noticias Radio Reflejos","robots":{"index":"index","follow":"follow","max-snippet":"max-snippet:-1","max-image-preview":"max-image-preview:large","max-video-preview":"max-video-preview:-1"},"canonical":"https:\/\/www.noticiasradioreflejos.com.ar\/2021\/emanuel-picado-habra-mediciones-para-determinar-el-candidato\/","og_locale":"es_ES","og_type":"article","og_title":"Manuel Picado: \u201cHabr\u00e1 mediciones para determinar el candidato\u201d - Noticias Radio Reflejos","og_description":"Uno de los tres radicales que pujar\u00e1n por la intendencia confirm\u00f3 que usar\u00e1n las encuestas como uno de los m\u00e9todos de elecci\u00f3n. \u201cEstamos esperando que se terminen de definir las listas\u201d a nivel provincial agreg\u00f3.","og_url":"https:\/\/www.noticiasradioreflejos.com.ar\/2021\/emanuel-picado-habra-mediciones-para-determinar-el-candidato\/","og_site_name":"Noticias Radio Reflejos","article_published_time":"2023-03-27T18:29:45+00:00","article_modified_time":"2023-03-28T13:58:09+00:00","og_image":[{"width":300,"height":200,"url":"https:\/\/www.noticiasradioreflejos.com.ar\/2021\/wp-content\/uploads\/2021\/07\/logosol300x200.png","type":"image\/png"}],"author":"Arnaldo Botto","twitter_card":"summary_large_image","schema":{"@context":"https:\/\/schema.org","@graph":[{"@type":"WebPage","@id":"https:\/\/www.noticiasradioreflejos.com.ar\/2021\/emanuel-picado-habra-mediciones-para-determinar-el-candidato\/","url":"https:\/\/www.noticiasradioreflejos.com.ar\/2021\/emanuel-picado-habra-mediciones-para-determinar-el-candidato\/","name":"Manuel Picado: \u201cHabr\u00e1 mediciones para determinar el candidato\u201d - Noticias Radio Reflejos","isPartOf":{"@id":"https:\/\/www.noticiasradioreflejos.com.ar\/2021\/#website"},"datePublished":"2023-03-27T18:29:45+00:00","dateModified":"2023-03-28T13:58:09+00:00","author":{"@id":"https:\/\/www.noticiasradioreflejos.com.ar\/2021\/#\/schema\/person\/ad82545263dcc5ec0996818884fd5fb1"},"breadcrumb":{"@id":"https:\/\/www.noticiasradioreflejos.com.ar\/2021\/emanuel-picado-habra-mediciones-para-determinar-el-candidato\/#breadcrumb"},"inLanguage":"es","potentialAction":[{"@type":"ReadAction","target":["https:\/\/www.noticiasradioreflejos.com.ar\/2021\/emanuel-picado-habra-mediciones-para-determinar-el-candidato\/"]}]},{"@type":"BreadcrumbList","@id":"https:\/\/www.noticiasradioreflejos.com.ar\/2021\/emanuel-picado-habra-mediciones-para-determinar-el-candidato\/#breadcrumb","itemListElement":[{"@type":"ListItem","position":1,"name":"Portada","item":"https:\/\/www.noticiasradioreflejos.com.ar\/2021\/"},{"@type":"ListItem","position":2,"name":"Manuel Picado: \u201cHabr\u00e1 mediciones para determinar el candidato\u201d"}]},{"@type":"WebSite","@id":"https:\/\/www.noticiasradioreflejos.com.ar\/2021\/#website","url":"https:\/\/www.noticiasradioreflejos.com.ar\/2021\/","name":"Noticias Radio Reflejos","description":"Las noticias de mi comarca","potentialAction":[{"@type":"SearchAction","target":{"@type":"EntryPoint","urlTemplate":"https:\/\/www.noticiasradioreflejos.com.ar\/2021\/?s={search_term_string}"},"query-input":{"@type":"PropertyValueSpecification","valueRequired":true,"valueName":"search_term_string"}}],"inLanguage":"es"},{"@type":"Person","@id":"https:\/\/www.noticiasradioreflejos.com.ar\/2021\/#\/schema\/person\/ad82545263dcc5ec0996818884fd5fb1","name":"Arnaldo Botto","image":{"@type":"ImageObject","inLanguage":"es","@id":"https:\/\/www.noticiasradioreflejos.com.ar\/2021\/#\/schema\/person\/image\/","url":"https:\/\/secure.gravatar.com\/avatar\/55cb5e37c1efa326397366e6974cb338056df65cb50e7d64d1cf314e87504837?s=96&d=mm&r=g","contentUrl":"https:\/\/secure.gravatar.com\/avatar\/55cb5e37c1efa326397366e6974cb338056df65cb50e7d64d1cf314e87504837?s=96&d=mm&r=g","caption":"Arnaldo Botto"},"url":"https:\/\/www.noticiasradioreflejos.com.ar\/2021\/author\/arnaldo\/"}]}},"_links":{"self":[{"href":"https:\/\/www.noticiasradioreflejos.com.ar\/2021\/wp-json\/wp\/v2\/posts\/86025","targetHints":{"allow":["GET"]}}],"collection":[{"href":"https:\/\/www.noticiasradioreflejos.com.ar\/2021\/wp-json\/wp\/v2\/posts"}],"about":[{"href":"https:\/\/www.noticiasradioreflejos.com.ar\/2021\/wp-json\/wp\/v2\/types\/post"}],"author":[{"embeddable":true,"href":"https:\/\/www.noticiasradioreflejos.com.ar\/2021\/wp-json\/wp\/v2\/users\/3"}],"replies":[{"embeddable":true,"href":"https:\/\/www.noticiasradioreflejos.com.ar\/2021\/wp-json\/wp\/v2\/comments?post=86025"}],"version-history":[{"count":6,"href":"https:\/\/www.noticiasradioreflejos.com.ar\/2021\/wp-json\/wp\/v2\/posts\/86025\/revisions"}],"predecessor-version":[{"id":86082,"href":"https:\/\/www.noticiasradioreflejos.com.ar\/2021\/wp-json\/wp\/v2\/posts\/86025\/revisions\/86082"}],"wp:attachment":[{"href":"https:\/\/www.noticiasradioreflejos.com.ar\/2021\/wp-json\/wp\/v2\/media?parent=86025"}],"wp:term":[{"taxonomy":"category","embeddable":true,"href":"https:\/\/www.noticiasradioreflejos.com.ar\/2021\/wp-json\/wp\/v2\/categories?post=86025"},{"taxonomy":"post_tag","embeddable":true,"href":"https:\/\/www.noticiasradioreflejos.com.ar\/2021\/wp-json\/wp\/v2\/tags?post=86025"}],"curies":[{"name":"wp","href":"https:\/\/api.w.org\/{rel}","templated":true}]}}