{"id":85910,"date":"2023-03-23T12:14:15","date_gmt":"2023-03-23T12:14:15","guid":{"rendered":"https:\/\/www.noticiasradioreflejos.com.ar\/2021\/?p=85910"},"modified":"2023-03-23T13:53:20","modified_gmt":"2023-03-23T13:53:20","slug":"bomberos-de-sierra-de-la-ventana-viajaron-al-chaco-colaborar-en-la-busqueda-de-un-joven-desaparecido-haca-mas-de-un-mes","status":"publish","type":"post","link":"https:\/\/www.noticiasradioreflejos.com.ar\/2021\/bomberos-de-sierra-de-la-ventana-viajaron-al-chaco-colaborar-en-la-busqueda-de-un-joven-desaparecido-haca-mas-de-un-mes\/","title":{"rendered":"Bomberos de Sierra de la Ventana viajaron al Chaco colaborar en la b\u00fasqueda de un joven desaparecido hace m\u00e1s de un mes.."},"content":{"rendered":"<div dir=\"auto\">\n<p>Se trata de la brigada K9 de la instituci\u00f3n y fueron convocados por la Federaci\u00f3n a la que pertenecen para colaborar en la b\u00fasqueda de un joven Wichi desaparecido hace mas de un mes <strong><strong>en Misi\u00f3n Nueva Pompeya de esa provincia.<!--more--><\/strong><\/strong><\/p>\n<p><a title=\"57ba40d5831d7e6d35100bcb224408a6\" href=\"https:\/\/www.flickr.com\/photos\/182279889@N02\/52766359188\/in\/dateposted-public\/\" data-flickr-embed=\"true\"><img loading=\"lazy\" decoding=\"async\" class=\"aligncenter\" src=\"https:\/\/live.staticflickr.com\/65535\/52766359188_d0e60abb3a_z.jpg\" alt=\"57ba40d5831d7e6d35100bcb224408a6\" width=\"837\" height=\"543\" \/><\/a><\/p>\n<\/div>\n<p>&nbsp;<\/p>\n<div dir=\"auto\">Los efectivos\u00a0 <strong>Omar, Castillo y Micaela Alc\u00e1ntara<\/strong>, integrantes de la Brigada K9 de la instituci\u00f3n serrana viajan \u00a0con destino a la provincia de el Chaco para sumarse en la b\u00fasqueda de <strong>Salustiano Gim\u00e9nez<\/strong>,\u00a0 el joven Wichi de 17 a\u00f1os que se encuentra desaparecido desde el 12 de febrero de este a\u00f1o.<\/div>\n<div dir=\"auto\"><\/div>\n<div dir=\"auto\"><\/div>\n<div dir=\"auto\">La Brigada K9 de bomberos de Sierra de la Ventana cuenta con un perro adiestrado para b\u00fasqueda de personas que se llama <strong>\u00abAres\u00bb<\/strong>, pero en esta oportunidad el can no viaj\u00f3.<\/div>\n<div dir=\"auto\"><\/div>\n<div dir=\"auto\"><\/div>\n<div dir=\"auto\"><\/div>\n<div dir=\"auto\"><a title=\"Brigada K9 Sierra\" href=\"https:\/\/www.flickr.com\/photos\/182279889@N02\/52765973451\/in\/dateposted-public\/\" data-flickr-embed=\"true\"><img loading=\"lazy\" decoding=\"async\" src=\"https:\/\/live.staticflickr.com\/65535\/52765973451_892440645b_c.jpg\" alt=\"Brigada K9 Sierra\" width=\"800\" height=\"600\" \/><\/a><\/div>\n<div dir=\"auto\"><span style=\"color: #ff0000;\"><strong><em>Brigada K9 de Sierra de la Ventana<\/em><\/strong><\/span><\/div>\n<p>&nbsp;<\/p>\n<p>&nbsp;<\/p>\n<p>La Polic\u00eda chaque\u00f1a inform\u00f3 que \u00aben esta oportunidad se desplegaron operativos de b\u00fasquedas por distintos puntos de la localidad, contando con efectivos del Departamento Canes, Divisiones Rurales de las ciudades de General San Martin, La Leonesa y las comisar\u00edas de Tres Isletas, Castelli y Fuerte Esperanza, adem\u00e1s del personal de Misi\u00f3n Nueva Pompeya\u00bb.<\/p>\n<div dir=\"auto\"><\/div>\n<div dir=\"auto\"><\/div>\n<div dir=\"auto\">\n<p><a title=\"1f776de9cdd921876631a0d4f7bc3727\" href=\"https:\/\/www.flickr.com\/photos\/182279889@N02\/52765333887\/in\/dateposted-public\/\" data-flickr-embed=\"true\"><img loading=\"lazy\" decoding=\"async\" src=\"https:\/\/live.staticflickr.com\/65535\/52765333887_a4372bf79e_c.jpg\" alt=\"1f776de9cdd921876631a0d4f7bc3727\" width=\"800\" height=\"518\" \/><\/a><\/p>\n<section class=\"destacada\">\n<div class=\"container\">\n<div class=\"desarrollo\">\n<div class=\"post\">\n<div class=\"contenido\">\n<p>&nbsp;<\/p>\n<p>La semana pasada, el Gobierno de la provincia solicit\u00f3 la intervenci\u00f3n del SIFEBU ( Sistema Provincial de B\u00fasqueda de Personas Desaparecidas y Extraviadas) para aunar esfuerzos, y en este momento la b\u00fasqueda contin\u00faa con rastrillajes con m\u00e1s canes especializados de la Superintendencia Federal de la Polic\u00eda Federal Argentina, junto a un grupo t\u00e1ctico UTIF (Unidad T\u00e1ctica de Intervenci\u00f3n Federal), un organismo \u00e1gil y vers\u00e1til, desplegado estrat\u00e9gicamente para reforzar la seguridad en el interior del pa\u00eds y cooperar con otras divisiones.<\/p>\n<\/div>\n<\/div>\n<\/div>\n<\/div>\n<\/section>\n<\/div>\n<div dir=\"auto\"><\/div>\n","protected":false},"excerpt":{"rendered":"<p>Se trata de la brigada K9 de la instituci\u00f3n y fueron convocados por la Federaci\u00f3n a la que pertenecen para colaborar en la b\u00fasqueda de un joven Wichi desaparecido hace mas de un mes en Misi\u00f3n Nueva Pompeya de esa provincia.<\/p>\n","protected":false},"author":3,"featured_media":0,"comment_status":"closed","ping_status":"closed","sticky":false,"template":"","format":"standard","meta":{"footnotes":""},"categories":[26],"tags":[48],"class_list":["post-85910","post","type-post","status-publish","format-standard","hentry","category-sociedad","tag-destacada"],"yoast_head":"<!-- This site is optimized with the Yoast SEO plugin v25.9 - https:\/\/yoast.com\/wordpress\/plugins\/seo\/ -->\n<title>Bomberos de Sierra de la Ventana viajaron al Chaco colaborar en la b\u00fasqueda de un joven desaparecido hace m\u00e1s de un mes.. - Noticias Radio Reflejos<\/title>\n<meta name=\"robots\" content=\"index, follow, max-snippet:-1, max-image-preview:large, max-video-preview:-1\" \/>\n<link rel=\"canonical\" href=\"https:\/\/www.noticiasradioreflejos.com.ar\/2021\/bomberos-de-sierra-de-la-ventana-viajaron-al-chaco-colaborar-en-la-busqueda-de-un-joven-desaparecido-haca-mas-de-un-mes\/\" \/>\n<meta property=\"og:locale\" content=\"es_ES\" \/>\n<meta property=\"og:type\" content=\"article\" \/>\n<meta property=\"og:title\" content=\"Bomberos de Sierra de la Ventana viajaron al Chaco colaborar en la b\u00fasqueda de un joven desaparecido hace m\u00e1s de un mes.. - Noticias Radio Reflejos\" \/>\n<meta property=\"og:description\" content=\"Se trata de la brigada K9 de la instituci\u00f3n y fueron convocados por la Federaci\u00f3n a la que pertenecen para colaborar en la b\u00fasqueda de un joven Wichi desaparecido hace mas de un mes en Misi\u00f3n Nueva Pompeya de esa provincia.\" \/>\n<meta property=\"og:url\" content=\"https:\/\/www.noticiasradioreflejos.com.ar\/2021\/bomberos-de-sierra-de-la-ventana-viajaron-al-chaco-colaborar-en-la-busqueda-de-un-joven-desaparecido-haca-mas-de-un-mes\/\" \/>\n<meta property=\"og:site_name\" content=\"Noticias Radio Reflejos\" \/>\n<meta property=\"article:published_time\" content=\"2023-03-23T12:14:15+00:00\" \/>\n<meta property=\"article:modified_time\" content=\"2023-03-23T13:53:20+00:00\" \/>\n<meta property=\"og:image\" content=\"https:\/\/live.staticflickr.com\/65535\/52766359188_d0e60abb3a_z.jpg\" \/>\n<meta name=\"author\" content=\"Arnaldo Botto\" \/>\n<meta name=\"twitter:card\" content=\"summary_large_image\" \/>\n<script type=\"application\/ld+json\" class=\"yoast-schema-graph\">{\"@context\":\"https:\/\/schema.org\",\"@graph\":[{\"@type\":\"WebPage\",\"@id\":\"https:\/\/www.noticiasradioreflejos.com.ar\/2021\/bomberos-de-sierra-de-la-ventana-viajaron-al-chaco-colaborar-en-la-busqueda-de-un-joven-desaparecido-haca-mas-de-un-mes\/\",\"url\":\"https:\/\/www.noticiasradioreflejos.com.ar\/2021\/bomberos-de-sierra-de-la-ventana-viajaron-al-chaco-colaborar-en-la-busqueda-de-un-joven-desaparecido-haca-mas-de-un-mes\/\",\"name\":\"Bomberos de Sierra de la Ventana viajaron al Chaco colaborar en la b\u00fasqueda de un joven desaparecido hace m\u00e1s de un mes.. - Noticias Radio Reflejos\",\"isPartOf\":{\"@id\":\"https:\/\/www.noticiasradioreflejos.com.ar\/2021\/#website\"},\"primaryImageOfPage\":{\"@id\":\"https:\/\/www.noticiasradioreflejos.com.ar\/2021\/bomberos-de-sierra-de-la-ventana-viajaron-al-chaco-colaborar-en-la-busqueda-de-un-joven-desaparecido-haca-mas-de-un-mes\/#primaryimage\"},\"image\":{\"@id\":\"https:\/\/www.noticiasradioreflejos.com.ar\/2021\/bomberos-de-sierra-de-la-ventana-viajaron-al-chaco-colaborar-en-la-busqueda-de-un-joven-desaparecido-haca-mas-de-un-mes\/#primaryimage\"},\"thumbnailUrl\":\"https:\/\/live.staticflickr.com\/65535\/52766359188_d0e60abb3a_z.jpg\",\"datePublished\":\"2023-03-23T12:14:15+00:00\",\"dateModified\":\"2023-03-23T13:53:20+00:00\",\"author\":{\"@id\":\"https:\/\/www.noticiasradioreflejos.com.ar\/2021\/#\/schema\/person\/ad82545263dcc5ec0996818884fd5fb1\"},\"breadcrumb\":{\"@id\":\"https:\/\/www.noticiasradioreflejos.com.ar\/2021\/bomberos-de-sierra-de-la-ventana-viajaron-al-chaco-colaborar-en-la-busqueda-de-un-joven-desaparecido-haca-mas-de-un-mes\/#breadcrumb\"},\"inLanguage\":\"es\",\"potentialAction\":[{\"@type\":\"ReadAction\",\"target\":[\"https:\/\/www.noticiasradioreflejos.com.ar\/2021\/bomberos-de-sierra-de-la-ventana-viajaron-al-chaco-colaborar-en-la-busqueda-de-un-joven-desaparecido-haca-mas-de-un-mes\/\"]}]},{\"@type\":\"ImageObject\",\"inLanguage\":\"es\",\"@id\":\"https:\/\/www.noticiasradioreflejos.com.ar\/2021\/bomberos-de-sierra-de-la-ventana-viajaron-al-chaco-colaborar-en-la-busqueda-de-un-joven-desaparecido-haca-mas-de-un-mes\/#primaryimage\",\"url\":\"https:\/\/live.staticflickr.com\/65535\/52766359188_d0e60abb3a_z.jpg\",\"contentUrl\":\"https:\/\/live.staticflickr.com\/65535\/52766359188_d0e60abb3a_z.jpg\"},{\"@type\":\"BreadcrumbList\",\"@id\":\"https:\/\/www.noticiasradioreflejos.com.ar\/2021\/bomberos-de-sierra-de-la-ventana-viajaron-al-chaco-colaborar-en-la-busqueda-de-un-joven-desaparecido-haca-mas-de-un-mes\/#breadcrumb\",\"itemListElement\":[{\"@type\":\"ListItem\",\"position\":1,\"name\":\"Portada\",\"item\":\"https:\/\/www.noticiasradioreflejos.com.ar\/2021\/\"},{\"@type\":\"ListItem\",\"position\":2,\"name\":\"Bomberos de Sierra de la Ventana viajaron al Chaco colaborar en la b\u00fasqueda de un joven desaparecido hace m\u00e1s de un mes..\"}]},{\"@type\":\"WebSite\",\"@id\":\"https:\/\/www.noticiasradioreflejos.com.ar\/2021\/#website\",\"url\":\"https:\/\/www.noticiasradioreflejos.com.ar\/2021\/\",\"name\":\"Noticias Radio Reflejos\",\"description\":\"Las noticias de mi comarca\",\"potentialAction\":[{\"@type\":\"SearchAction\",\"target\":{\"@type\":\"EntryPoint\",\"urlTemplate\":\"https:\/\/www.noticiasradioreflejos.com.ar\/2021\/?s={search_term_string}\"},\"query-input\":{\"@type\":\"PropertyValueSpecification\",\"valueRequired\":true,\"valueName\":\"search_term_string\"}}],\"inLanguage\":\"es\"},{\"@type\":\"Person\",\"@id\":\"https:\/\/www.noticiasradioreflejos.com.ar\/2021\/#\/schema\/person\/ad82545263dcc5ec0996818884fd5fb1\",\"name\":\"Arnaldo Botto\",\"image\":{\"@type\":\"ImageObject\",\"inLanguage\":\"es\",\"@id\":\"https:\/\/www.noticiasradioreflejos.com.ar\/2021\/#\/schema\/person\/image\/\",\"url\":\"https:\/\/secure.gravatar.com\/avatar\/55cb5e37c1efa326397366e6974cb338056df65cb50e7d64d1cf314e87504837?s=96&d=mm&r=g\",\"contentUrl\":\"https:\/\/secure.gravatar.com\/avatar\/55cb5e37c1efa326397366e6974cb338056df65cb50e7d64d1cf314e87504837?s=96&d=mm&r=g\",\"caption\":\"Arnaldo Botto\"},\"url\":\"https:\/\/www.noticiasradioreflejos.com.ar\/2021\/author\/arnaldo\/\"}]}<\/script>\n<!-- \/ Yoast SEO plugin. -->","yoast_head_json":{"title":"Bomberos de Sierra de la Ventana viajaron al Chaco colaborar en la b\u00fasqueda de un joven desaparecido hace m\u00e1s de un mes.. - Noticias Radio Reflejos","robots":{"index":"index","follow":"follow","max-snippet":"max-snippet:-1","max-image-preview":"max-image-preview:large","max-video-preview":"max-video-preview:-1"},"canonical":"https:\/\/www.noticiasradioreflejos.com.ar\/2021\/bomberos-de-sierra-de-la-ventana-viajaron-al-chaco-colaborar-en-la-busqueda-de-un-joven-desaparecido-haca-mas-de-un-mes\/","og_locale":"es_ES","og_type":"article","og_title":"Bomberos de Sierra de la Ventana viajaron al Chaco colaborar en la b\u00fasqueda de un joven desaparecido hace m\u00e1s de un mes.. - Noticias Radio Reflejos","og_description":"Se trata de la brigada K9 de la instituci\u00f3n y fueron convocados por la Federaci\u00f3n a la que pertenecen para colaborar en la b\u00fasqueda de un joven Wichi desaparecido hace mas de un mes en Misi\u00f3n Nueva Pompeya de esa provincia.","og_url":"https:\/\/www.noticiasradioreflejos.com.ar\/2021\/bomberos-de-sierra-de-la-ventana-viajaron-al-chaco-colaborar-en-la-busqueda-de-un-joven-desaparecido-haca-mas-de-un-mes\/","og_site_name":"Noticias Radio Reflejos","article_published_time":"2023-03-23T12:14:15+00:00","article_modified_time":"2023-03-23T13:53:20+00:00","og_image":[{"url":"https:\/\/live.staticflickr.com\/65535\/52766359188_d0e60abb3a_z.jpg","type":"","width":"","height":""}],"author":"Arnaldo Botto","twitter_card":"summary_large_image","schema":{"@context":"https:\/\/schema.org","@graph":[{"@type":"WebPage","@id":"https:\/\/www.noticiasradioreflejos.com.ar\/2021\/bomberos-de-sierra-de-la-ventana-viajaron-al-chaco-colaborar-en-la-busqueda-de-un-joven-desaparecido-haca-mas-de-un-mes\/","url":"https:\/\/www.noticiasradioreflejos.com.ar\/2021\/bomberos-de-sierra-de-la-ventana-viajaron-al-chaco-colaborar-en-la-busqueda-de-un-joven-desaparecido-haca-mas-de-un-mes\/","name":"Bomberos de Sierra de la Ventana viajaron al Chaco colaborar en la b\u00fasqueda de un joven desaparecido hace m\u00e1s de un mes.. - Noticias Radio Reflejos","isPartOf":{"@id":"https:\/\/www.noticiasradioreflejos.com.ar\/2021\/#website"},"primaryImageOfPage":{"@id":"https:\/\/www.noticiasradioreflejos.com.ar\/2021\/bomberos-de-sierra-de-la-ventana-viajaron-al-chaco-colaborar-en-la-busqueda-de-un-joven-desaparecido-haca-mas-de-un-mes\/#primaryimage"},"image":{"@id":"https:\/\/www.noticiasradioreflejos.com.ar\/2021\/bomberos-de-sierra-de-la-ventana-viajaron-al-chaco-colaborar-en-la-busqueda-de-un-joven-desaparecido-haca-mas-de-un-mes\/#primaryimage"},"thumbnailUrl":"https:\/\/live.staticflickr.com\/65535\/52766359188_d0e60abb3a_z.jpg","datePublished":"2023-03-23T12:14:15+00:00","dateModified":"2023-03-23T13:53:20+00:00","author":{"@id":"https:\/\/www.noticiasradioreflejos.com.ar\/2021\/#\/schema\/person\/ad82545263dcc5ec0996818884fd5fb1"},"breadcrumb":{"@id":"https:\/\/www.noticiasradioreflejos.com.ar\/2021\/bomberos-de-sierra-de-la-ventana-viajaron-al-chaco-colaborar-en-la-busqueda-de-un-joven-desaparecido-haca-mas-de-un-mes\/#breadcrumb"},"inLanguage":"es","potentialAction":[{"@type":"ReadAction","target":["https:\/\/www.noticiasradioreflejos.com.ar\/2021\/bomberos-de-sierra-de-la-ventana-viajaron-al-chaco-colaborar-en-la-busqueda-de-un-joven-desaparecido-haca-mas-de-un-mes\/"]}]},{"@type":"ImageObject","inLanguage":"es","@id":"https:\/\/www.noticiasradioreflejos.com.ar\/2021\/bomberos-de-sierra-de-la-ventana-viajaron-al-chaco-colaborar-en-la-busqueda-de-un-joven-desaparecido-haca-mas-de-un-mes\/#primaryimage","url":"https:\/\/live.staticflickr.com\/65535\/52766359188_d0e60abb3a_z.jpg","contentUrl":"https:\/\/live.staticflickr.com\/65535\/52766359188_d0e60abb3a_z.jpg"},{"@type":"BreadcrumbList","@id":"https:\/\/www.noticiasradioreflejos.com.ar\/2021\/bomberos-de-sierra-de-la-ventana-viajaron-al-chaco-colaborar-en-la-busqueda-de-un-joven-desaparecido-haca-mas-de-un-mes\/#breadcrumb","itemListElement":[{"@type":"ListItem","position":1,"name":"Portada","item":"https:\/\/www.noticiasradioreflejos.com.ar\/2021\/"},{"@type":"ListItem","position":2,"name":"Bomberos de Sierra de la Ventana viajaron al Chaco colaborar en la b\u00fasqueda de un joven desaparecido hace m\u00e1s de un mes.."}]},{"@type":"WebSite","@id":"https:\/\/www.noticiasradioreflejos.com.ar\/2021\/#website","url":"https:\/\/www.noticiasradioreflejos.com.ar\/2021\/","name":"Noticias Radio Reflejos","description":"Las noticias de mi comarca","potentialAction":[{"@type":"SearchAction","target":{"@type":"EntryPoint","urlTemplate":"https:\/\/www.noticiasradioreflejos.com.ar\/2021\/?s={search_term_string}"},"query-input":{"@type":"PropertyValueSpecification","valueRequired":true,"valueName":"search_term_string"}}],"inLanguage":"es"},{"@type":"Person","@id":"https:\/\/www.noticiasradioreflejos.com.ar\/2021\/#\/schema\/person\/ad82545263dcc5ec0996818884fd5fb1","name":"Arnaldo Botto","image":{"@type":"ImageObject","inLanguage":"es","@id":"https:\/\/www.noticiasradioreflejos.com.ar\/2021\/#\/schema\/person\/image\/","url":"https:\/\/secure.gravatar.com\/avatar\/55cb5e37c1efa326397366e6974cb338056df65cb50e7d64d1cf314e87504837?s=96&d=mm&r=g","contentUrl":"https:\/\/secure.gravatar.com\/avatar\/55cb5e37c1efa326397366e6974cb338056df65cb50e7d64d1cf314e87504837?s=96&d=mm&r=g","caption":"Arnaldo Botto"},"url":"https:\/\/www.noticiasradioreflejos.com.ar\/2021\/author\/arnaldo\/"}]}},"_links":{"self":[{"href":"https:\/\/www.noticiasradioreflejos.com.ar\/2021\/wp-json\/wp\/v2\/posts\/85910","targetHints":{"allow":["GET"]}}],"collection":[{"href":"https:\/\/www.noticiasradioreflejos.com.ar\/2021\/wp-json\/wp\/v2\/posts"}],"about":[{"href":"https:\/\/www.noticiasradioreflejos.com.ar\/2021\/wp-json\/wp\/v2\/types\/post"}],"author":[{"embeddable":true,"href":"https:\/\/www.noticiasradioreflejos.com.ar\/2021\/wp-json\/wp\/v2\/users\/3"}],"replies":[{"embeddable":true,"href":"https:\/\/www.noticiasradioreflejos.com.ar\/2021\/wp-json\/wp\/v2\/comments?post=85910"}],"version-history":[{"count":9,"href":"https:\/\/www.noticiasradioreflejos.com.ar\/2021\/wp-json\/wp\/v2\/posts\/85910\/revisions"}],"predecessor-version":[{"id":85926,"href":"https:\/\/www.noticiasradioreflejos.com.ar\/2021\/wp-json\/wp\/v2\/posts\/85910\/revisions\/85926"}],"wp:attachment":[{"href":"https:\/\/www.noticiasradioreflejos.com.ar\/2021\/wp-json\/wp\/v2\/media?parent=85910"}],"wp:term":[{"taxonomy":"category","embeddable":true,"href":"https:\/\/www.noticiasradioreflejos.com.ar\/2021\/wp-json\/wp\/v2\/categories?post=85910"},{"taxonomy":"post_tag","embeddable":true,"href":"https:\/\/www.noticiasradioreflejos.com.ar\/2021\/wp-json\/wp\/v2\/tags?post=85910"}],"curies":[{"name":"wp","href":"https:\/\/api.w.org\/{rel}","templated":true}]}}