{"id":85868,"date":"2023-03-22T11:18:41","date_gmt":"2023-03-22T11:18:41","guid":{"rendered":"https:\/\/www.noticiasradioreflejos.com.ar\/2021\/?p=85868"},"modified":"2023-03-22T11:18:41","modified_gmt":"2023-03-22T11:18:41","slug":"indagan-a-los-dos-restantes-acusados-en-causa-por-corrupcion-de-menores","status":"publish","type":"post","link":"https:\/\/www.noticiasradioreflejos.com.ar\/2021\/indagan-a-los-dos-restantes-acusados-en-causa-por-corrupcion-de-menores\/","title":{"rendered":"Indagan a los dos restantes acusados en causa por corrupci\u00f3n de menores."},"content":{"rendered":"<p>Dos de los acusados de integrar una organizaci\u00f3n dedicada a la explotaci\u00f3n sexual y la corrupci\u00f3n de menores, causa por la que tambi\u00e9n se encuentra detenido Marcelo Corazza, el ganador de la primera edici\u00f3n del reality <strong>Gran Hermano realizada en 2001 y actual productor del mismo programa<\/strong>, declarar\u00e1n hoy ante el juez y el fiscal de la causa.<!--more--><\/p>\n<p>Se trata del misionero Francisco Rolando Angelotti -sindicado como l\u00edder de la organizaci\u00f3n-, y Ra\u00fal Ignacio Mermet, quienes arribaron cerca de las 7 de la ma\u00f1ana a los tribunales de la calle Lavalle 1170 para ser indagados por el juez Javier S\u00e1nchez Sarmiento, y el fiscal Patricio Lugones.<\/p>\n<p>Exactamente a las 7.12 el primero en descender de uno de los veh\u00edculos de la Unidad de Traslado de la Polic\u00eda de la Ciudad fue Mermet, con su rostro tapado con un buzo naranja.<\/p>\n<p>Minutos m\u00e1s tarde fue Angelotti quien ingres\u00f3 a los tribunales tambi\u00e9n tapando su rostro con una campera con capucha negra, con una gran custodia policial.<\/p>\n<p>Ambos acusados ser\u00e1n indagados por los delitos de \u00abasociaci\u00f3n il\u00edcita, trata de personas y corrupci\u00f3n de menores\u00bb.<\/p>\n<p>En la misma causa ayer fue indagado Corazza, quien neg\u00f3 la acusaci\u00f3n, pero no quiso contestar preguntas ante el juez y el fiscal de la causa.<\/p>\n<p>\u00abHizo una breve exposici\u00f3n donde neg\u00f3 el hecho que se le imputa y luego se neg\u00f3 a continuar con la declaraci\u00f3n y a contestar preguntas del juez y el fiscal\u00bb, dijo a T\u00e9lam una fuente judicial vinculada al expediente.<\/p>\n<p>La misma fuente inform\u00f3 que otro de los imputados, identificado como Andr\u00e9s Fernando Charomet, se neg\u00f3 a declarar en su indagatoria del d\u00eda de ayer.<\/p>\n<p>\u201cSoy inocente\u201d, lleg\u00f3 a decir Corazza a los medios de prensa al momento de que era bajado por la polic\u00eda para ir a declarar.<\/p>\n<p>Las cuatro detenciones fueron realizadas el lunes por efectivos de la Divisi\u00f3n Trata de Personas, de la Superintendencia de Investigaciones de la Polic\u00eda de la Ciudad luego de seis allanamientos realizados en la ciudad misionera de Ober\u00e1 y en las localidades bonaerenses de General Pacheco, Tigre y General Rodr\u00edguez.<\/p>\n<p>Si bien por el momento se ordenaron solo cuatro detenciones, la investigaci\u00f3n judicial contin\u00faa, ya que los investigadores est\u00e1n convencidos que la organizaci\u00f3n est\u00e1 integrada por m\u00e1s involucrados a\u00fan no individualizados.<\/p>\n<p>&nbsp;<\/p>\n<p><a title=\"22-03-2023_indagan_a_los_dos_restantes\" href=\"https:\/\/www.flickr.com\/photos\/182279889@N02\/52764327003\/in\/dateposted-public\/\" data-flickr-embed=\"true\"><img loading=\"lazy\" decoding=\"async\" class=\"aligncenter\" src=\"https:\/\/live.staticflickr.com\/65535\/52764327003_255edc9f4c.jpg\" alt=\"22-03-2023_indagan_a_los_dos_restantes\" width=\"793\" height=\"568\" \/><\/a><\/p>\n<p>Seg\u00fan la iputaci\u00f3n del juez S\u00e1nchez Sarmiento y del fiscal Lugones, a los cuatro se les acusa de \u00abhaber conformado una organizaci\u00f3n destinada a reclutar menores y mayores de edad en situaci\u00f3n de vulnerabilidad, con el fin de someterlos a la pr\u00e1ctica de relaciones sexuales y la explotaci\u00f3n sexual sin su consentimiento, ya fuere por intercambio de dinero o por satisfacci\u00f3n personal o de terceros\u00bb.<\/p>\n<p>De acuerdo a la investigaci\u00f3n, ello ocurri\u00f3 con al menos 11 v\u00edctimas en el \u00e1mbito de la Ciudad Aut\u00f3noma de Buenos Aires y de las provincias de Buenos Aires y Misiones desde al menos 1999 a la fecha.<\/p>\n<p>Al respecto, las v\u00edctimas declararon en el expediente que los abusos ocurr\u00edan en autos particulares, domicilios y albergues transitorios y algunos de los lugares mencionados fueron Caballito, Parque Centenario, Plaza Miserere, Costanera Sur, Castelar y General Rodr\u00edguez.<\/p>\n<p>Seg\u00fan los investigadores, el imputado Angelotti captaba a j\u00f3venes y ni\u00f1os de la provincia de Misiones, de donde es oriundo, para llevarlos a vivir con \u00e9l a un domicilio de un familiar en General Rodr\u00edguez.<\/p>\n<p>De hecho, fuentes judiciales de la provincia de Misiones confirmaron a T\u00e9lam que Angelotti tiene un antecedente judicial por el delito de \u00ababuso sexual con acceso carnal y corrupci\u00f3n de menores, en concurso ideal\u00bb del a\u00f1o 2009.<\/p>\n<p>La investigaci\u00f3n comenz\u00f3 el 24 de octubre del a\u00f1o pasado -a una semana de iniciado el actual ciclo de Gran Hermano-, luego de que un testigo de identidad reservada denunci\u00f3 que hab\u00eda abusado sexualmente cuando \u00e9l ten\u00eda entre 11 y 13 a\u00f1os, entre 1999 y 2002, por uno de los ahora detenidos, a quien solo pod\u00eda individualizar por su nombre de pila y que luego lo hizo tener relaciones sexuales con otros de los acusados.<\/p>\n<p>Los imputados, como parte de su plan para lograr la confianza y la captaci\u00f3n de la voluntad de sus v\u00edctimas, los invitaban a viajes, les compraban ropa o les consegu\u00edan trabajos, detallaron las fuentes.<\/p>\n<p>Algunas de las v\u00edctimas eran captadas en plazas, otras en sitios de chateos en internet y hasta hay mencionada una escuela de teatro en un centro cultural del barrio de Almagro.<\/p>\n<p>En la causa, Corazza est\u00e1 mencionado en un solo hecho ocurrido, seg\u00fan la v\u00edctima que lo denuncia, \u00abluego de 2001\u00bb, cuando ya hab\u00eda ganado el reality y lo llev\u00f3 en su auto particular hasta la Costanera Sur, donde se dio una situaci\u00f3n de abuso.<\/p>\n<p>*Atenci\u00f3n especializada sobre los derechos de ni\u00f1as, ni\u00f1os y adolescentes: L\u00ednea 102 (llamada gratuita y confidencial). Si sos v\u00edctima de violencia familiar o sexual, llam\u00e1 a la L\u00ednea 137. Por provincias: https:\/\/www.argentina.gob.ar\/desarrollosocial\/linea102\/areasninez<\/p>\n","protected":false},"excerpt":{"rendered":"<p>Dos de los acusados de integrar una organizaci\u00f3n dedicada a la explotaci\u00f3n sexual y la corrupci\u00f3n de menores, causa por la que tambi\u00e9n se encuentra detenido Marcelo Corazza, el ganador de la primera edici\u00f3n del reality Gran Hermano realizada en 2001 y actual productor del mismo programa, declarar\u00e1n hoy ante el juez y el fiscal [&hellip;]<\/p>\n","protected":false},"author":3,"featured_media":0,"comment_status":"closed","ping_status":"closed","sticky":false,"template":"","format":"standard","meta":{"footnotes":""},"categories":[57],"tags":[],"class_list":["post-85868","post","type-post","status-publish","format-standard","hentry","category-judiciales"],"yoast_head":"<!-- This site is optimized with the Yoast SEO plugin v25.9 - https:\/\/yoast.com\/wordpress\/plugins\/seo\/ -->\n<title>Indagan a los dos restantes acusados en causa por corrupci\u00f3n de menores. - Noticias Radio Reflejos<\/title>\n<meta name=\"robots\" content=\"index, follow, max-snippet:-1, max-image-preview:large, max-video-preview:-1\" \/>\n<link rel=\"canonical\" href=\"https:\/\/www.noticiasradioreflejos.com.ar\/2021\/indagan-a-los-dos-restantes-acusados-en-causa-por-corrupcion-de-menores\/\" \/>\n<meta property=\"og:locale\" content=\"es_ES\" \/>\n<meta property=\"og:type\" content=\"article\" \/>\n<meta property=\"og:title\" content=\"Indagan a los dos restantes acusados en causa por corrupci\u00f3n de menores. - Noticias Radio Reflejos\" \/>\n<meta property=\"og:description\" content=\"Dos de los acusados de integrar una organizaci\u00f3n dedicada a la explotaci\u00f3n sexual y la corrupci\u00f3n de menores, causa por la que tambi\u00e9n se encuentra detenido Marcelo Corazza, el ganador de la primera edici\u00f3n del reality Gran Hermano realizada en 2001 y actual productor del mismo programa, declarar\u00e1n hoy ante el juez y el fiscal [&hellip;]\" \/>\n<meta property=\"og:url\" content=\"https:\/\/www.noticiasradioreflejos.com.ar\/2021\/indagan-a-los-dos-restantes-acusados-en-causa-por-corrupcion-de-menores\/\" \/>\n<meta property=\"og:site_name\" content=\"Noticias Radio Reflejos\" \/>\n<meta property=\"article:published_time\" content=\"2023-03-22T11:18:41+00:00\" \/>\n<meta property=\"og:image\" content=\"https:\/\/live.staticflickr.com\/65535\/52764327003_255edc9f4c.jpg\" \/>\n<meta name=\"author\" content=\"Arnaldo Botto\" \/>\n<meta name=\"twitter:card\" content=\"summary_large_image\" \/>\n<script type=\"application\/ld+json\" class=\"yoast-schema-graph\">{\"@context\":\"https:\/\/schema.org\",\"@graph\":[{\"@type\":\"WebPage\",\"@id\":\"https:\/\/www.noticiasradioreflejos.com.ar\/2021\/indagan-a-los-dos-restantes-acusados-en-causa-por-corrupcion-de-menores\/\",\"url\":\"https:\/\/www.noticiasradioreflejos.com.ar\/2021\/indagan-a-los-dos-restantes-acusados-en-causa-por-corrupcion-de-menores\/\",\"name\":\"Indagan a los dos restantes acusados en causa por corrupci\u00f3n de menores. - Noticias Radio Reflejos\",\"isPartOf\":{\"@id\":\"https:\/\/www.noticiasradioreflejos.com.ar\/2021\/#website\"},\"primaryImageOfPage\":{\"@id\":\"https:\/\/www.noticiasradioreflejos.com.ar\/2021\/indagan-a-los-dos-restantes-acusados-en-causa-por-corrupcion-de-menores\/#primaryimage\"},\"image\":{\"@id\":\"https:\/\/www.noticiasradioreflejos.com.ar\/2021\/indagan-a-los-dos-restantes-acusados-en-causa-por-corrupcion-de-menores\/#primaryimage\"},\"thumbnailUrl\":\"https:\/\/live.staticflickr.com\/65535\/52764327003_255edc9f4c.jpg\",\"datePublished\":\"2023-03-22T11:18:41+00:00\",\"author\":{\"@id\":\"https:\/\/www.noticiasradioreflejos.com.ar\/2021\/#\/schema\/person\/ad82545263dcc5ec0996818884fd5fb1\"},\"breadcrumb\":{\"@id\":\"https:\/\/www.noticiasradioreflejos.com.ar\/2021\/indagan-a-los-dos-restantes-acusados-en-causa-por-corrupcion-de-menores\/#breadcrumb\"},\"inLanguage\":\"es\",\"potentialAction\":[{\"@type\":\"ReadAction\",\"target\":[\"https:\/\/www.noticiasradioreflejos.com.ar\/2021\/indagan-a-los-dos-restantes-acusados-en-causa-por-corrupcion-de-menores\/\"]}]},{\"@type\":\"ImageObject\",\"inLanguage\":\"es\",\"@id\":\"https:\/\/www.noticiasradioreflejos.com.ar\/2021\/indagan-a-los-dos-restantes-acusados-en-causa-por-corrupcion-de-menores\/#primaryimage\",\"url\":\"https:\/\/live.staticflickr.com\/65535\/52764327003_255edc9f4c.jpg\",\"contentUrl\":\"https:\/\/live.staticflickr.com\/65535\/52764327003_255edc9f4c.jpg\"},{\"@type\":\"BreadcrumbList\",\"@id\":\"https:\/\/www.noticiasradioreflejos.com.ar\/2021\/indagan-a-los-dos-restantes-acusados-en-causa-por-corrupcion-de-menores\/#breadcrumb\",\"itemListElement\":[{\"@type\":\"ListItem\",\"position\":1,\"name\":\"Portada\",\"item\":\"https:\/\/www.noticiasradioreflejos.com.ar\/2021\/\"},{\"@type\":\"ListItem\",\"position\":2,\"name\":\"Indagan a los dos restantes acusados en causa por corrupci\u00f3n de menores.\"}]},{\"@type\":\"WebSite\",\"@id\":\"https:\/\/www.noticiasradioreflejos.com.ar\/2021\/#website\",\"url\":\"https:\/\/www.noticiasradioreflejos.com.ar\/2021\/\",\"name\":\"Noticias Radio Reflejos\",\"description\":\"Las noticias de mi comarca\",\"potentialAction\":[{\"@type\":\"SearchAction\",\"target\":{\"@type\":\"EntryPoint\",\"urlTemplate\":\"https:\/\/www.noticiasradioreflejos.com.ar\/2021\/?s={search_term_string}\"},\"query-input\":{\"@type\":\"PropertyValueSpecification\",\"valueRequired\":true,\"valueName\":\"search_term_string\"}}],\"inLanguage\":\"es\"},{\"@type\":\"Person\",\"@id\":\"https:\/\/www.noticiasradioreflejos.com.ar\/2021\/#\/schema\/person\/ad82545263dcc5ec0996818884fd5fb1\",\"name\":\"Arnaldo Botto\",\"image\":{\"@type\":\"ImageObject\",\"inLanguage\":\"es\",\"@id\":\"https:\/\/www.noticiasradioreflejos.com.ar\/2021\/#\/schema\/person\/image\/\",\"url\":\"https:\/\/secure.gravatar.com\/avatar\/55cb5e37c1efa326397366e6974cb338056df65cb50e7d64d1cf314e87504837?s=96&d=mm&r=g\",\"contentUrl\":\"https:\/\/secure.gravatar.com\/avatar\/55cb5e37c1efa326397366e6974cb338056df65cb50e7d64d1cf314e87504837?s=96&d=mm&r=g\",\"caption\":\"Arnaldo Botto\"},\"url\":\"https:\/\/www.noticiasradioreflejos.com.ar\/2021\/author\/arnaldo\/\"}]}<\/script>\n<!-- \/ Yoast SEO plugin. -->","yoast_head_json":{"title":"Indagan a los dos restantes acusados en causa por corrupci\u00f3n de menores. - Noticias Radio Reflejos","robots":{"index":"index","follow":"follow","max-snippet":"max-snippet:-1","max-image-preview":"max-image-preview:large","max-video-preview":"max-video-preview:-1"},"canonical":"https:\/\/www.noticiasradioreflejos.com.ar\/2021\/indagan-a-los-dos-restantes-acusados-en-causa-por-corrupcion-de-menores\/","og_locale":"es_ES","og_type":"article","og_title":"Indagan a los dos restantes acusados en causa por corrupci\u00f3n de menores. - Noticias Radio Reflejos","og_description":"Dos de los acusados de integrar una organizaci\u00f3n dedicada a la explotaci\u00f3n sexual y la corrupci\u00f3n de menores, causa por la que tambi\u00e9n se encuentra detenido Marcelo Corazza, el ganador de la primera edici\u00f3n del reality Gran Hermano realizada en 2001 y actual productor del mismo programa, declarar\u00e1n hoy ante el juez y el fiscal [&hellip;]","og_url":"https:\/\/www.noticiasradioreflejos.com.ar\/2021\/indagan-a-los-dos-restantes-acusados-en-causa-por-corrupcion-de-menores\/","og_site_name":"Noticias Radio Reflejos","article_published_time":"2023-03-22T11:18:41+00:00","og_image":[{"url":"https:\/\/live.staticflickr.com\/65535\/52764327003_255edc9f4c.jpg","type":"","width":"","height":""}],"author":"Arnaldo Botto","twitter_card":"summary_large_image","schema":{"@context":"https:\/\/schema.org","@graph":[{"@type":"WebPage","@id":"https:\/\/www.noticiasradioreflejos.com.ar\/2021\/indagan-a-los-dos-restantes-acusados-en-causa-por-corrupcion-de-menores\/","url":"https:\/\/www.noticiasradioreflejos.com.ar\/2021\/indagan-a-los-dos-restantes-acusados-en-causa-por-corrupcion-de-menores\/","name":"Indagan a los dos restantes acusados en causa por corrupci\u00f3n de menores. - Noticias Radio Reflejos","isPartOf":{"@id":"https:\/\/www.noticiasradioreflejos.com.ar\/2021\/#website"},"primaryImageOfPage":{"@id":"https:\/\/www.noticiasradioreflejos.com.ar\/2021\/indagan-a-los-dos-restantes-acusados-en-causa-por-corrupcion-de-menores\/#primaryimage"},"image":{"@id":"https:\/\/www.noticiasradioreflejos.com.ar\/2021\/indagan-a-los-dos-restantes-acusados-en-causa-por-corrupcion-de-menores\/#primaryimage"},"thumbnailUrl":"https:\/\/live.staticflickr.com\/65535\/52764327003_255edc9f4c.jpg","datePublished":"2023-03-22T11:18:41+00:00","author":{"@id":"https:\/\/www.noticiasradioreflejos.com.ar\/2021\/#\/schema\/person\/ad82545263dcc5ec0996818884fd5fb1"},"breadcrumb":{"@id":"https:\/\/www.noticiasradioreflejos.com.ar\/2021\/indagan-a-los-dos-restantes-acusados-en-causa-por-corrupcion-de-menores\/#breadcrumb"},"inLanguage":"es","potentialAction":[{"@type":"ReadAction","target":["https:\/\/www.noticiasradioreflejos.com.ar\/2021\/indagan-a-los-dos-restantes-acusados-en-causa-por-corrupcion-de-menores\/"]}]},{"@type":"ImageObject","inLanguage":"es","@id":"https:\/\/www.noticiasradioreflejos.com.ar\/2021\/indagan-a-los-dos-restantes-acusados-en-causa-por-corrupcion-de-menores\/#primaryimage","url":"https:\/\/live.staticflickr.com\/65535\/52764327003_255edc9f4c.jpg","contentUrl":"https:\/\/live.staticflickr.com\/65535\/52764327003_255edc9f4c.jpg"},{"@type":"BreadcrumbList","@id":"https:\/\/www.noticiasradioreflejos.com.ar\/2021\/indagan-a-los-dos-restantes-acusados-en-causa-por-corrupcion-de-menores\/#breadcrumb","itemListElement":[{"@type":"ListItem","position":1,"name":"Portada","item":"https:\/\/www.noticiasradioreflejos.com.ar\/2021\/"},{"@type":"ListItem","position":2,"name":"Indagan a los dos restantes acusados en causa por corrupci\u00f3n de menores."}]},{"@type":"WebSite","@id":"https:\/\/www.noticiasradioreflejos.com.ar\/2021\/#website","url":"https:\/\/www.noticiasradioreflejos.com.ar\/2021\/","name":"Noticias Radio Reflejos","description":"Las noticias de mi comarca","potentialAction":[{"@type":"SearchAction","target":{"@type":"EntryPoint","urlTemplate":"https:\/\/www.noticiasradioreflejos.com.ar\/2021\/?s={search_term_string}"},"query-input":{"@type":"PropertyValueSpecification","valueRequired":true,"valueName":"search_term_string"}}],"inLanguage":"es"},{"@type":"Person","@id":"https:\/\/www.noticiasradioreflejos.com.ar\/2021\/#\/schema\/person\/ad82545263dcc5ec0996818884fd5fb1","name":"Arnaldo Botto","image":{"@type":"ImageObject","inLanguage":"es","@id":"https:\/\/www.noticiasradioreflejos.com.ar\/2021\/#\/schema\/person\/image\/","url":"https:\/\/secure.gravatar.com\/avatar\/55cb5e37c1efa326397366e6974cb338056df65cb50e7d64d1cf314e87504837?s=96&d=mm&r=g","contentUrl":"https:\/\/secure.gravatar.com\/avatar\/55cb5e37c1efa326397366e6974cb338056df65cb50e7d64d1cf314e87504837?s=96&d=mm&r=g","caption":"Arnaldo Botto"},"url":"https:\/\/www.noticiasradioreflejos.com.ar\/2021\/author\/arnaldo\/"}]}},"_links":{"self":[{"href":"https:\/\/www.noticiasradioreflejos.com.ar\/2021\/wp-json\/wp\/v2\/posts\/85868","targetHints":{"allow":["GET"]}}],"collection":[{"href":"https:\/\/www.noticiasradioreflejos.com.ar\/2021\/wp-json\/wp\/v2\/posts"}],"about":[{"href":"https:\/\/www.noticiasradioreflejos.com.ar\/2021\/wp-json\/wp\/v2\/types\/post"}],"author":[{"embeddable":true,"href":"https:\/\/www.noticiasradioreflejos.com.ar\/2021\/wp-json\/wp\/v2\/users\/3"}],"replies":[{"embeddable":true,"href":"https:\/\/www.noticiasradioreflejos.com.ar\/2021\/wp-json\/wp\/v2\/comments?post=85868"}],"version-history":[{"count":1,"href":"https:\/\/www.noticiasradioreflejos.com.ar\/2021\/wp-json\/wp\/v2\/posts\/85868\/revisions"}],"predecessor-version":[{"id":85870,"href":"https:\/\/www.noticiasradioreflejos.com.ar\/2021\/wp-json\/wp\/v2\/posts\/85868\/revisions\/85870"}],"wp:attachment":[{"href":"https:\/\/www.noticiasradioreflejos.com.ar\/2021\/wp-json\/wp\/v2\/media?parent=85868"}],"wp:term":[{"taxonomy":"category","embeddable":true,"href":"https:\/\/www.noticiasradioreflejos.com.ar\/2021\/wp-json\/wp\/v2\/categories?post=85868"},{"taxonomy":"post_tag","embeddable":true,"href":"https:\/\/www.noticiasradioreflejos.com.ar\/2021\/wp-json\/wp\/v2\/tags?post=85868"}],"curies":[{"name":"wp","href":"https:\/\/api.w.org\/{rel}","templated":true}]}}