{"id":85862,"date":"2023-03-22T10:57:17","date_gmt":"2023-03-22T10:57:17","guid":{"rendered":"https:\/\/www.noticiasradioreflejos.com.ar\/2021\/?p=85862"},"modified":"2023-03-22T11:49:54","modified_gmt":"2023-03-22T11:49:54","slug":"descarrillo-en-olavarria-el-tren-de-pasajeros-que-iba-a-bahia-blanca","status":"publish","type":"post","link":"https:\/\/www.noticiasradioreflejos.com.ar\/2021\/descarrillo-en-olavarria-el-tren-de-pasajeros-que-iba-a-bahia-blanca\/","title":{"rendered":"Descarrill\u00f3 en Olavarr\u00eda el tren de pasajeros que iba a Bah\u00eda Blanca"},"content":{"rendered":"<p>Fue durante la noche del martes. Llevaba 311 pasajeros que resultaron ilesos. Se investigan las causas del descalce.<!--more--><\/p>\n<p>En la noche de este martes, el tren de pasajeros que realiza el servicio que une\u00a0<strong>Constituci\u00f3n con Bah\u00eda Blanca descarril\u00f3 en Olavarr\u00eda, en la zona del Salto de Piedra.<\/strong>\u00a0La formaci\u00f3n 333 hab\u00eda partido a las 13.09 desde Constituci\u00f3n y hacia Bah\u00eda Blanca con<b>\u00a0311 pasajeros, incluida la tripulaci\u00f3n.\u00a0<\/b><\/p>\n<p><strong>Las causas se encuentran en investigaci\u00f3n.<\/strong>\u00a0Seg\u00fan se inform\u00f3 desde Trenes Argentinos,\u00a0<strong>cerca de las 23:50 del martes se produjo el descalce \u2013 sin vuelco- de la locomotora, el furg\u00f3n y dos coches pulman.\u00a0<\/strong><\/p>\n<p>Personal de la\u00a0<strong>Comisar\u00eda Primera en conjunto con efectivos del Comando de Patrulla y Comando de Prevenci\u00f3n Rural<\/strong>\u00a0se hicieron presentes en el lugar para asistir a los pasajeros. Registraron \u00fanicamente la\u00a0<strong>descompensaci\u00f3n de una mujer que fue asistida en el lugar.<\/strong><\/p>\n<p>Este incidente se produce a m\u00e1s de un a\u00f1o del\u00a0<a href=\"https:\/\/www.centraldenoticias.com.ar\/index.php\/2022\/03\/08\/pourtale-descarrilo-el-tren-de-pasajeros-y-hay-al-menos-ocho-heridos\/\" target=\"_blank\" rel=\"noopener\">descarrilamiento en la zona de Pourtal\u00e9<\/a>, que implic\u00f3 durante meses la\u00a0<strong>suspensi\u00f3n del ramal que une la Capital Federal con Bah\u00eda Blanca.<\/strong><\/p>\n<p>&nbsp;<\/p>\n<div class=\"twitter-tweet twitter-tweet-rendered\"><iframe id=\"twitter-widget-0\" class=\"\" title=\"Twitter Tweet\" src=\"https:\/\/platform.twitter.com\/embed\/Tweet.html?dnt=true&amp;embedId=twitter-widget-0&amp;features=eyJ0ZndfdGltZWxpbmVfbGlzdCI6eyJidWNrZXQiOltdLCJ2ZXJzaW9uIjpudWxsfSwidGZ3X2ZvbGxvd2VyX2NvdW50X3N1bnNldCI6eyJidWNrZXQiOnRydWUsInZlcnNpb24iOm51bGx9LCJ0ZndfdHdlZXRfZWRpdF9iYWNrZW5kIjp7ImJ1Y2tldCI6Im9uIiwidmVyc2lvbiI6bnVsbH0sInRmd19yZWZzcmNfc2Vzc2lvbiI6eyJidWNrZXQiOiJvbiIsInZlcnNpb24iOm51bGx9LCJ0ZndfbWl4ZWRfbWVkaWFfMTU4OTciOnsiYnVja2V0IjoidHJlYXRtZW50IiwidmVyc2lvbiI6bnVsbH0sInRmd19leHBlcmltZW50c19jb29raWVfZXhwaXJhdGlvbiI6eyJidWNrZXQiOjEyMDk2MDAsInZlcnNpb24iOm51bGx9LCJ0ZndfZHVwbGljYXRlX3NjcmliZXNfdG9fc2V0dGluZ3MiOnsiYnVja2V0Ijoib24iLCJ2ZXJzaW9uIjpudWxsfSwidGZ3X3ZpZGVvX2hsc19keW5hbWljX21hbmlmZXN0c18xNTA4MiI6eyJidWNrZXQiOiJ0cnVlX2JpdHJhdGUiLCJ2ZXJzaW9uIjpudWxsfSwidGZ3X2xlZ2FjeV90aW1lbGluZV9zdW5zZXQiOnsiYnVja2V0Ijp0cnVlLCJ2ZXJzaW9uIjpudWxsfSwidGZ3X3R3ZWV0X2VkaXRfZnJvbnRlbmQiOnsiYnVja2V0Ijoib24iLCJ2ZXJzaW9uIjpudWxsfX0%3D&amp;frame=false&amp;hideCard=false&amp;hideThread=false&amp;id=1638467759460712448&amp;lang=es&amp;origin=https%3A%2F%2Fwww.centraldenoticias.com.ar%2Findex.php%2F2023%2F03%2F22%2Fdescarrillo-en-olavarria-el-tren-de-pasajeros-que-iba-a-bahia-blanca%2F&amp;sessionId=1fb353339ebd6a87af83871a1f1d75f4fedd39cf&amp;theme=light&amp;widgetsVersion=aaf4084522e3a%3A1674595607486&amp;width=550px\" frameborder=\"0\" scrolling=\"no\" allowfullscreen=\"allowfullscreen\" data-tweet-id=\"1638467759460712448\" data-mce-fragment=\"1\"><\/iframe><\/div>\n<p>&nbsp;<\/p>\n<p>&nbsp;<\/p>\n<p><strong>Trenes Argentinos<\/strong>\u00a0emiti\u00f3 una comunicaci\u00f3n oficial en el que dieron cuenta que<strong>\u00a0\u201ctodos los pasajeros se encuentran sin lesiones y ya son trasladados a sus destinos en micros dispuestos por la empresa\u201d.<\/strong><\/p>\n<p>&nbsp;<\/p>\n<p>Asimismo, indicaron que \u201cse est\u00e1n investigando las causas\u201d y que \u201clas y los pasajeros fueron asistidos y permanecieron en la formaci\u00f3n por seguridad hasta ser evacuados. La operaci\u00f3n y mantenimiento de las v\u00edas est\u00e1 a cargo de\u00a0<strong>Ferro Expreso Pampeano<\/strong>\u201d.<\/p>\n<p>&nbsp;<br \/>\n<iframe loading=\"lazy\" width=\"853\" height=\"480\" src=\"https:\/\/www.youtube.com\/embed\/t0CN1Ox4KN4\" title=\"Descarrilamiento  en Olavarria\" frameborder=\"0\" allow=\"accelerometer; autoplay; clipboard-write; encrypted-media; gyroscope; picture-in-picture; web-share\" allowfullscreen><\/iframe><br \/>\n&nbsp;<br \/>\n<a data-flickr-embed=\"true\" href=\"https:\/\/www.flickr.com\/photos\/182279889@N02\/52764276555\/in\/dateposted-public\/\" title=\"Descarrilamiento (2)\"><img loading=\"lazy\" decoding=\"async\" src=\"https:\/\/live.staticflickr.com\/65535\/52764276555_30905f9d83_c.jpg\" width=\"379\" height=\"800\" alt=\"Descarrilamiento (2)\"\/><\/a><script async src=\"\/\/embedr.flickr.com\/assets\/client-code.js\" charset=\"utf-8\"><\/script><br \/>\n&nbsp;<\/p>\n<p><em>Foto de portada: Marcelo Mascarini \u2013 La Nueva Provincia<\/em><\/p>\n","protected":false},"excerpt":{"rendered":"<p>Fue durante la noche del martes. Llevaba 311 pasajeros que resultaron ilesos. Se investigan las causas del descalce.<\/p>\n","protected":false},"author":3,"featured_media":0,"comment_status":"closed","ping_status":"closed","sticky":false,"template":"","format":"standard","meta":{"footnotes":""},"categories":[26],"tags":[],"class_list":["post-85862","post","type-post","status-publish","format-standard","hentry","category-sociedad"],"yoast_head":"<!-- This site is optimized with the Yoast SEO plugin v25.9 - https:\/\/yoast.com\/wordpress\/plugins\/seo\/ -->\n<title>Descarrill\u00f3 en Olavarr\u00eda el tren de pasajeros que iba a Bah\u00eda Blanca - Noticias Radio Reflejos<\/title>\n<meta name=\"robots\" content=\"index, follow, max-snippet:-1, max-image-preview:large, max-video-preview:-1\" \/>\n<link rel=\"canonical\" href=\"https:\/\/www.noticiasradioreflejos.com.ar\/2021\/descarrillo-en-olavarria-el-tren-de-pasajeros-que-iba-a-bahia-blanca\/\" \/>\n<meta property=\"og:locale\" content=\"es_ES\" \/>\n<meta property=\"og:type\" content=\"article\" \/>\n<meta property=\"og:title\" content=\"Descarrill\u00f3 en Olavarr\u00eda el tren de pasajeros que iba a Bah\u00eda Blanca - Noticias Radio Reflejos\" \/>\n<meta property=\"og:description\" content=\"Fue durante la noche del martes. Llevaba 311 pasajeros que resultaron ilesos. Se investigan las causas del descalce.\" \/>\n<meta property=\"og:url\" content=\"https:\/\/www.noticiasradioreflejos.com.ar\/2021\/descarrillo-en-olavarria-el-tren-de-pasajeros-que-iba-a-bahia-blanca\/\" \/>\n<meta property=\"og:site_name\" content=\"Noticias Radio Reflejos\" \/>\n<meta property=\"article:published_time\" content=\"2023-03-22T10:57:17+00:00\" \/>\n<meta property=\"article:modified_time\" content=\"2023-03-22T11:49:54+00:00\" \/>\n<meta property=\"og:image\" content=\"https:\/\/live.staticflickr.com\/65535\/52764276555_30905f9d83_c.jpg\" \/>\n<meta name=\"author\" content=\"Arnaldo Botto\" \/>\n<meta name=\"twitter:card\" content=\"summary_large_image\" \/>\n<script type=\"application\/ld+json\" class=\"yoast-schema-graph\">{\"@context\":\"https:\/\/schema.org\",\"@graph\":[{\"@type\":\"WebPage\",\"@id\":\"https:\/\/www.noticiasradioreflejos.com.ar\/2021\/descarrillo-en-olavarria-el-tren-de-pasajeros-que-iba-a-bahia-blanca\/\",\"url\":\"https:\/\/www.noticiasradioreflejos.com.ar\/2021\/descarrillo-en-olavarria-el-tren-de-pasajeros-que-iba-a-bahia-blanca\/\",\"name\":\"Descarrill\u00f3 en Olavarr\u00eda el tren de pasajeros que iba a Bah\u00eda Blanca - Noticias Radio Reflejos\",\"isPartOf\":{\"@id\":\"https:\/\/www.noticiasradioreflejos.com.ar\/2021\/#website\"},\"primaryImageOfPage\":{\"@id\":\"https:\/\/www.noticiasradioreflejos.com.ar\/2021\/descarrillo-en-olavarria-el-tren-de-pasajeros-que-iba-a-bahia-blanca\/#primaryimage\"},\"image\":{\"@id\":\"https:\/\/www.noticiasradioreflejos.com.ar\/2021\/descarrillo-en-olavarria-el-tren-de-pasajeros-que-iba-a-bahia-blanca\/#primaryimage\"},\"thumbnailUrl\":\"https:\/\/live.staticflickr.com\/65535\/52764276555_30905f9d83_c.jpg\",\"datePublished\":\"2023-03-22T10:57:17+00:00\",\"dateModified\":\"2023-03-22T11:49:54+00:00\",\"author\":{\"@id\":\"https:\/\/www.noticiasradioreflejos.com.ar\/2021\/#\/schema\/person\/ad82545263dcc5ec0996818884fd5fb1\"},\"breadcrumb\":{\"@id\":\"https:\/\/www.noticiasradioreflejos.com.ar\/2021\/descarrillo-en-olavarria-el-tren-de-pasajeros-que-iba-a-bahia-blanca\/#breadcrumb\"},\"inLanguage\":\"es\",\"potentialAction\":[{\"@type\":\"ReadAction\",\"target\":[\"https:\/\/www.noticiasradioreflejos.com.ar\/2021\/descarrillo-en-olavarria-el-tren-de-pasajeros-que-iba-a-bahia-blanca\/\"]}]},{\"@type\":\"ImageObject\",\"inLanguage\":\"es\",\"@id\":\"https:\/\/www.noticiasradioreflejos.com.ar\/2021\/descarrillo-en-olavarria-el-tren-de-pasajeros-que-iba-a-bahia-blanca\/#primaryimage\",\"url\":\"https:\/\/live.staticflickr.com\/65535\/52764276555_30905f9d83_c.jpg\",\"contentUrl\":\"https:\/\/live.staticflickr.com\/65535\/52764276555_30905f9d83_c.jpg\"},{\"@type\":\"BreadcrumbList\",\"@id\":\"https:\/\/www.noticiasradioreflejos.com.ar\/2021\/descarrillo-en-olavarria-el-tren-de-pasajeros-que-iba-a-bahia-blanca\/#breadcrumb\",\"itemListElement\":[{\"@type\":\"ListItem\",\"position\":1,\"name\":\"Portada\",\"item\":\"https:\/\/www.noticiasradioreflejos.com.ar\/2021\/\"},{\"@type\":\"ListItem\",\"position\":2,\"name\":\"Descarrill\u00f3 en Olavarr\u00eda el tren de pasajeros que iba a Bah\u00eda Blanca\"}]},{\"@type\":\"WebSite\",\"@id\":\"https:\/\/www.noticiasradioreflejos.com.ar\/2021\/#website\",\"url\":\"https:\/\/www.noticiasradioreflejos.com.ar\/2021\/\",\"name\":\"Noticias Radio Reflejos\",\"description\":\"Las noticias de mi comarca\",\"potentialAction\":[{\"@type\":\"SearchAction\",\"target\":{\"@type\":\"EntryPoint\",\"urlTemplate\":\"https:\/\/www.noticiasradioreflejos.com.ar\/2021\/?s={search_term_string}\"},\"query-input\":{\"@type\":\"PropertyValueSpecification\",\"valueRequired\":true,\"valueName\":\"search_term_string\"}}],\"inLanguage\":\"es\"},{\"@type\":\"Person\",\"@id\":\"https:\/\/www.noticiasradioreflejos.com.ar\/2021\/#\/schema\/person\/ad82545263dcc5ec0996818884fd5fb1\",\"name\":\"Arnaldo Botto\",\"image\":{\"@type\":\"ImageObject\",\"inLanguage\":\"es\",\"@id\":\"https:\/\/www.noticiasradioreflejos.com.ar\/2021\/#\/schema\/person\/image\/\",\"url\":\"https:\/\/secure.gravatar.com\/avatar\/55cb5e37c1efa326397366e6974cb338056df65cb50e7d64d1cf314e87504837?s=96&d=mm&r=g\",\"contentUrl\":\"https:\/\/secure.gravatar.com\/avatar\/55cb5e37c1efa326397366e6974cb338056df65cb50e7d64d1cf314e87504837?s=96&d=mm&r=g\",\"caption\":\"Arnaldo Botto\"},\"url\":\"https:\/\/www.noticiasradioreflejos.com.ar\/2021\/author\/arnaldo\/\"}]}<\/script>\n<!-- \/ Yoast SEO plugin. -->","yoast_head_json":{"title":"Descarrill\u00f3 en Olavarr\u00eda el tren de pasajeros que iba a Bah\u00eda Blanca - Noticias Radio Reflejos","robots":{"index":"index","follow":"follow","max-snippet":"max-snippet:-1","max-image-preview":"max-image-preview:large","max-video-preview":"max-video-preview:-1"},"canonical":"https:\/\/www.noticiasradioreflejos.com.ar\/2021\/descarrillo-en-olavarria-el-tren-de-pasajeros-que-iba-a-bahia-blanca\/","og_locale":"es_ES","og_type":"article","og_title":"Descarrill\u00f3 en Olavarr\u00eda el tren de pasajeros que iba a Bah\u00eda Blanca - Noticias Radio Reflejos","og_description":"Fue durante la noche del martes. Llevaba 311 pasajeros que resultaron ilesos. Se investigan las causas del descalce.","og_url":"https:\/\/www.noticiasradioreflejos.com.ar\/2021\/descarrillo-en-olavarria-el-tren-de-pasajeros-que-iba-a-bahia-blanca\/","og_site_name":"Noticias Radio Reflejos","article_published_time":"2023-03-22T10:57:17+00:00","article_modified_time":"2023-03-22T11:49:54+00:00","og_image":[{"url":"https:\/\/live.staticflickr.com\/65535\/52764276555_30905f9d83_c.jpg","type":"","width":"","height":""}],"author":"Arnaldo Botto","twitter_card":"summary_large_image","schema":{"@context":"https:\/\/schema.org","@graph":[{"@type":"WebPage","@id":"https:\/\/www.noticiasradioreflejos.com.ar\/2021\/descarrillo-en-olavarria-el-tren-de-pasajeros-que-iba-a-bahia-blanca\/","url":"https:\/\/www.noticiasradioreflejos.com.ar\/2021\/descarrillo-en-olavarria-el-tren-de-pasajeros-que-iba-a-bahia-blanca\/","name":"Descarrill\u00f3 en Olavarr\u00eda el tren de pasajeros que iba a Bah\u00eda Blanca - Noticias Radio Reflejos","isPartOf":{"@id":"https:\/\/www.noticiasradioreflejos.com.ar\/2021\/#website"},"primaryImageOfPage":{"@id":"https:\/\/www.noticiasradioreflejos.com.ar\/2021\/descarrillo-en-olavarria-el-tren-de-pasajeros-que-iba-a-bahia-blanca\/#primaryimage"},"image":{"@id":"https:\/\/www.noticiasradioreflejos.com.ar\/2021\/descarrillo-en-olavarria-el-tren-de-pasajeros-que-iba-a-bahia-blanca\/#primaryimage"},"thumbnailUrl":"https:\/\/live.staticflickr.com\/65535\/52764276555_30905f9d83_c.jpg","datePublished":"2023-03-22T10:57:17+00:00","dateModified":"2023-03-22T11:49:54+00:00","author":{"@id":"https:\/\/www.noticiasradioreflejos.com.ar\/2021\/#\/schema\/person\/ad82545263dcc5ec0996818884fd5fb1"},"breadcrumb":{"@id":"https:\/\/www.noticiasradioreflejos.com.ar\/2021\/descarrillo-en-olavarria-el-tren-de-pasajeros-que-iba-a-bahia-blanca\/#breadcrumb"},"inLanguage":"es","potentialAction":[{"@type":"ReadAction","target":["https:\/\/www.noticiasradioreflejos.com.ar\/2021\/descarrillo-en-olavarria-el-tren-de-pasajeros-que-iba-a-bahia-blanca\/"]}]},{"@type":"ImageObject","inLanguage":"es","@id":"https:\/\/www.noticiasradioreflejos.com.ar\/2021\/descarrillo-en-olavarria-el-tren-de-pasajeros-que-iba-a-bahia-blanca\/#primaryimage","url":"https:\/\/live.staticflickr.com\/65535\/52764276555_30905f9d83_c.jpg","contentUrl":"https:\/\/live.staticflickr.com\/65535\/52764276555_30905f9d83_c.jpg"},{"@type":"BreadcrumbList","@id":"https:\/\/www.noticiasradioreflejos.com.ar\/2021\/descarrillo-en-olavarria-el-tren-de-pasajeros-que-iba-a-bahia-blanca\/#breadcrumb","itemListElement":[{"@type":"ListItem","position":1,"name":"Portada","item":"https:\/\/www.noticiasradioreflejos.com.ar\/2021\/"},{"@type":"ListItem","position":2,"name":"Descarrill\u00f3 en Olavarr\u00eda el tren de pasajeros que iba a Bah\u00eda Blanca"}]},{"@type":"WebSite","@id":"https:\/\/www.noticiasradioreflejos.com.ar\/2021\/#website","url":"https:\/\/www.noticiasradioreflejos.com.ar\/2021\/","name":"Noticias Radio Reflejos","description":"Las noticias de mi comarca","potentialAction":[{"@type":"SearchAction","target":{"@type":"EntryPoint","urlTemplate":"https:\/\/www.noticiasradioreflejos.com.ar\/2021\/?s={search_term_string}"},"query-input":{"@type":"PropertyValueSpecification","valueRequired":true,"valueName":"search_term_string"}}],"inLanguage":"es"},{"@type":"Person","@id":"https:\/\/www.noticiasradioreflejos.com.ar\/2021\/#\/schema\/person\/ad82545263dcc5ec0996818884fd5fb1","name":"Arnaldo Botto","image":{"@type":"ImageObject","inLanguage":"es","@id":"https:\/\/www.noticiasradioreflejos.com.ar\/2021\/#\/schema\/person\/image\/","url":"https:\/\/secure.gravatar.com\/avatar\/55cb5e37c1efa326397366e6974cb338056df65cb50e7d64d1cf314e87504837?s=96&d=mm&r=g","contentUrl":"https:\/\/secure.gravatar.com\/avatar\/55cb5e37c1efa326397366e6974cb338056df65cb50e7d64d1cf314e87504837?s=96&d=mm&r=g","caption":"Arnaldo Botto"},"url":"https:\/\/www.noticiasradioreflejos.com.ar\/2021\/author\/arnaldo\/"}]}},"_links":{"self":[{"href":"https:\/\/www.noticiasradioreflejos.com.ar\/2021\/wp-json\/wp\/v2\/posts\/85862","targetHints":{"allow":["GET"]}}],"collection":[{"href":"https:\/\/www.noticiasradioreflejos.com.ar\/2021\/wp-json\/wp\/v2\/posts"}],"about":[{"href":"https:\/\/www.noticiasradioreflejos.com.ar\/2021\/wp-json\/wp\/v2\/types\/post"}],"author":[{"embeddable":true,"href":"https:\/\/www.noticiasradioreflejos.com.ar\/2021\/wp-json\/wp\/v2\/users\/3"}],"replies":[{"embeddable":true,"href":"https:\/\/www.noticiasradioreflejos.com.ar\/2021\/wp-json\/wp\/v2\/comments?post=85862"}],"version-history":[{"count":3,"href":"https:\/\/www.noticiasradioreflejos.com.ar\/2021\/wp-json\/wp\/v2\/posts\/85862\/revisions"}],"predecessor-version":[{"id":85872,"href":"https:\/\/www.noticiasradioreflejos.com.ar\/2021\/wp-json\/wp\/v2\/posts\/85862\/revisions\/85872"}],"wp:attachment":[{"href":"https:\/\/www.noticiasradioreflejos.com.ar\/2021\/wp-json\/wp\/v2\/media?parent=85862"}],"wp:term":[{"taxonomy":"category","embeddable":true,"href":"https:\/\/www.noticiasradioreflejos.com.ar\/2021\/wp-json\/wp\/v2\/categories?post=85862"},{"taxonomy":"post_tag","embeddable":true,"href":"https:\/\/www.noticiasradioreflejos.com.ar\/2021\/wp-json\/wp\/v2\/tags?post=85862"}],"curies":[{"name":"wp","href":"https:\/\/api.w.org\/{rel}","templated":true}]}}