{"id":85839,"date":"2023-03-21T13:37:13","date_gmt":"2023-03-21T13:37:13","guid":{"rendered":"https:\/\/www.noticiasradioreflejos.com.ar\/2021\/?p=85839"},"modified":"2023-03-21T15:04:49","modified_gmt":"2023-03-21T15:04:49","slug":"estamos-trabajando-fuertemente-en-ampliar-la-frecuencia-horaria-del-transporte-publico","status":"publish","type":"post","link":"https:\/\/www.noticiasradioreflejos.com.ar\/2021\/estamos-trabajando-fuertemente-en-ampliar-la-frecuencia-horaria-del-transporte-publico\/","title":{"rendered":"\u00abEstamos trabajando fuertemente en ampliar la frecuencia horaria del transporte p\u00fablico\u00bb"},"content":{"rendered":"<p>\u00abLa prioridad del Intendente es que este contemplado en el pliego de licitaci\u00f3n, para que se adapte a las reales necesidades de horarios de la gente\u00bb<!--more--><\/p>\n<p><a title=\"Adobe_Express_20230320_2327000_1\" href=\"https:\/\/www.flickr.com\/photos\/182279889@N02\/52762220445\/in\/dateposted-public\/\" data-flickr-embed=\"true\"><img loading=\"lazy\" decoding=\"async\" src=\"https:\/\/live.staticflickr.com\/65535\/52762220445_288b45503a_c.jpg\" alt=\"Adobe_Express_20230320_2327000_1\" width=\"800\" height=\"450\" \/><\/a><script async src=\"\/\/embedr.flickr.com\/assets\/client-code.js\" charset=\"utf-8\"><\/script><\/p>\n<p>Ezequiel Gabella Secretario de Gobierno y Seguridad de Tornquist Municipio fue entrevistado en exclusiva para el programa Se Nos Viene La Noche de FM Reflejos y dio la primicia de la inminente publicaci\u00f3n del pliego del transporte, \u00abEl nuevo pliego de licitaci\u00f3n va a salir en los pr\u00f3ximos d\u00edas, y la empresa elegida comenzar\u00e1 a operar el 1 de Mayo.\u00bb<\/p>\n<p>\u00abSe requer\u00eda de contundencia y unanimidad para quitarle la consecion a la empresa anterior y declarar la emergencia del transporte p\u00fablico con el apoyo del HCD, que fue lo que nos permiti\u00f3 de manera directa contratar a la empresa Via 51, que va a operar en este marco de emergencia hasta el 30 de Abril.<\/p>\n<p>Con respecto a lo sucedido con la trunca licitaci\u00f3n del parador Los Angelitos manifest\u00f3 \u00abSe mezclaron cuestiones legales con cuestiones sentimentales. A mi criterio tambi\u00e9n se hizo un uso pol\u00edtico de la situaci\u00f3n, nosotros fuimos por el camino de lo correcto\u00bb<\/p>\n<p>Tambi\u00e9n el 1 de Mayo tiene que estar designado un nuevo consecionario del lugar.<\/p>\n<p>Pasando al parador del San Bernardo aclar\u00f3 que las instalaciones no pertenecen al municipio, \u00abhace a\u00f1os el Concejo Deliberante decidi\u00f3 ceder a la sociedad de fomento del barrio San Bernardo toda la propiedad del lugar y a su vez \u00e9sta eligi\u00f3 a la persona que hoy explota el lugar. La Municipalidad s\u00f3lo puede intimar al propietario a mantener el lugar en condiciones pero s\u00f3lo llega hasta ahi porque es un lugar privado.\u00bb<\/p>\n<p>Entrevista completa \ud83d\udc47\ud83c\udffb<br \/>\n<iframe loading=\"lazy\" title=\"&quot;Estamos trabajando fuertemente en ampliar la frecuencia horaria del transporte&quot;. Ezequiel Gabella\" src=\"https:\/\/www.youtube.com\/embed\/7UcGiYA1B9c\" width=\"881\" height=\"493\" frameborder=\"0\" allowfullscreen=\"allowfullscreen\"><\/iframe><br \/>\nPor Mat\u00edas Ercoli.<\/p>\n","protected":false},"excerpt":{"rendered":"<p>\u00abLa prioridad del Intendente es que este contemplado en el pliego de licitaci\u00f3n, para que se adapte a las reales necesidades de horarios de la gente\u00bb<\/p>\n","protected":false},"author":3,"featured_media":0,"comment_status":"closed","ping_status":"closed","sticky":false,"template":"","format":"standard","meta":{"footnotes":""},"categories":[24,60,26],"tags":[48],"class_list":["post-85839","post","type-post","status-publish","format-standard","hentry","category-politica","category-programas-radiales","category-sociedad","tag-destacada"],"yoast_head":"<!-- This site is optimized with the Yoast SEO plugin v25.9 - https:\/\/yoast.com\/wordpress\/plugins\/seo\/ -->\n<title>&quot;Estamos trabajando fuertemente en ampliar la frecuencia horaria del transporte p\u00fablico&quot; - Noticias Radio Reflejos<\/title>\n<meta name=\"robots\" content=\"index, follow, max-snippet:-1, max-image-preview:large, max-video-preview:-1\" \/>\n<link rel=\"canonical\" href=\"https:\/\/www.noticiasradioreflejos.com.ar\/2021\/estamos-trabajando-fuertemente-en-ampliar-la-frecuencia-horaria-del-transporte-publico\/\" \/>\n<meta property=\"og:locale\" content=\"es_ES\" \/>\n<meta property=\"og:type\" content=\"article\" \/>\n<meta property=\"og:title\" content=\"&quot;Estamos trabajando fuertemente en ampliar la frecuencia horaria del transporte p\u00fablico&quot; - Noticias Radio Reflejos\" \/>\n<meta property=\"og:description\" content=\"\u00abLa prioridad del Intendente es que este contemplado en el pliego de licitaci\u00f3n, para que se adapte a las reales necesidades de horarios de la gente\u00bb\" \/>\n<meta property=\"og:url\" content=\"https:\/\/www.noticiasradioreflejos.com.ar\/2021\/estamos-trabajando-fuertemente-en-ampliar-la-frecuencia-horaria-del-transporte-publico\/\" \/>\n<meta property=\"og:site_name\" content=\"Noticias Radio Reflejos\" \/>\n<meta property=\"article:published_time\" content=\"2023-03-21T13:37:13+00:00\" \/>\n<meta property=\"article:modified_time\" content=\"2023-03-21T15:04:49+00:00\" \/>\n<meta property=\"og:image\" content=\"https:\/\/www.noticiasradioreflejos.com.ar\/2021\/wp-content\/uploads\/2023\/03\/Ezequiel-Gabella.jpeg\" \/>\n\t<meta property=\"og:image:width\" content=\"960\" \/>\n\t<meta property=\"og:image:height\" content=\"960\" \/>\n\t<meta property=\"og:image:type\" content=\"image\/jpeg\" \/>\n<meta name=\"author\" content=\"Arnaldo Botto\" \/>\n<meta name=\"twitter:card\" content=\"summary_large_image\" \/>\n<script type=\"application\/ld+json\" class=\"yoast-schema-graph\">{\"@context\":\"https:\/\/schema.org\",\"@graph\":[{\"@type\":\"WebPage\",\"@id\":\"https:\/\/www.noticiasradioreflejos.com.ar\/2021\/estamos-trabajando-fuertemente-en-ampliar-la-frecuencia-horaria-del-transporte-publico\/\",\"url\":\"https:\/\/www.noticiasradioreflejos.com.ar\/2021\/estamos-trabajando-fuertemente-en-ampliar-la-frecuencia-horaria-del-transporte-publico\/\",\"name\":\"\\\"Estamos trabajando fuertemente en ampliar la frecuencia horaria del transporte p\u00fablico\\\" - Noticias Radio Reflejos\",\"isPartOf\":{\"@id\":\"https:\/\/www.noticiasradioreflejos.com.ar\/2021\/#website\"},\"primaryImageOfPage\":{\"@id\":\"https:\/\/www.noticiasradioreflejos.com.ar\/2021\/estamos-trabajando-fuertemente-en-ampliar-la-frecuencia-horaria-del-transporte-publico\/#primaryimage\"},\"image\":{\"@id\":\"https:\/\/www.noticiasradioreflejos.com.ar\/2021\/estamos-trabajando-fuertemente-en-ampliar-la-frecuencia-horaria-del-transporte-publico\/#primaryimage\"},\"thumbnailUrl\":\"https:\/\/live.staticflickr.com\/65535\/52762220445_288b45503a_c.jpg\",\"datePublished\":\"2023-03-21T13:37:13+00:00\",\"dateModified\":\"2023-03-21T15:04:49+00:00\",\"author\":{\"@id\":\"https:\/\/www.noticiasradioreflejos.com.ar\/2021\/#\/schema\/person\/ad82545263dcc5ec0996818884fd5fb1\"},\"breadcrumb\":{\"@id\":\"https:\/\/www.noticiasradioreflejos.com.ar\/2021\/estamos-trabajando-fuertemente-en-ampliar-la-frecuencia-horaria-del-transporte-publico\/#breadcrumb\"},\"inLanguage\":\"es\",\"potentialAction\":[{\"@type\":\"ReadAction\",\"target\":[\"https:\/\/www.noticiasradioreflejos.com.ar\/2021\/estamos-trabajando-fuertemente-en-ampliar-la-frecuencia-horaria-del-transporte-publico\/\"]}]},{\"@type\":\"ImageObject\",\"inLanguage\":\"es\",\"@id\":\"https:\/\/www.noticiasradioreflejos.com.ar\/2021\/estamos-trabajando-fuertemente-en-ampliar-la-frecuencia-horaria-del-transporte-publico\/#primaryimage\",\"url\":\"https:\/\/live.staticflickr.com\/65535\/52762220445_288b45503a_c.jpg\",\"contentUrl\":\"https:\/\/live.staticflickr.com\/65535\/52762220445_288b45503a_c.jpg\"},{\"@type\":\"BreadcrumbList\",\"@id\":\"https:\/\/www.noticiasradioreflejos.com.ar\/2021\/estamos-trabajando-fuertemente-en-ampliar-la-frecuencia-horaria-del-transporte-publico\/#breadcrumb\",\"itemListElement\":[{\"@type\":\"ListItem\",\"position\":1,\"name\":\"Portada\",\"item\":\"https:\/\/www.noticiasradioreflejos.com.ar\/2021\/\"},{\"@type\":\"ListItem\",\"position\":2,\"name\":\"\u00abEstamos trabajando fuertemente en ampliar la frecuencia horaria del transporte p\u00fablico\u00bb\"}]},{\"@type\":\"WebSite\",\"@id\":\"https:\/\/www.noticiasradioreflejos.com.ar\/2021\/#website\",\"url\":\"https:\/\/www.noticiasradioreflejos.com.ar\/2021\/\",\"name\":\"Noticias Radio Reflejos\",\"description\":\"Las noticias de mi comarca\",\"potentialAction\":[{\"@type\":\"SearchAction\",\"target\":{\"@type\":\"EntryPoint\",\"urlTemplate\":\"https:\/\/www.noticiasradioreflejos.com.ar\/2021\/?s={search_term_string}\"},\"query-input\":{\"@type\":\"PropertyValueSpecification\",\"valueRequired\":true,\"valueName\":\"search_term_string\"}}],\"inLanguage\":\"es\"},{\"@type\":\"Person\",\"@id\":\"https:\/\/www.noticiasradioreflejos.com.ar\/2021\/#\/schema\/person\/ad82545263dcc5ec0996818884fd5fb1\",\"name\":\"Arnaldo Botto\",\"image\":{\"@type\":\"ImageObject\",\"inLanguage\":\"es\",\"@id\":\"https:\/\/www.noticiasradioreflejos.com.ar\/2021\/#\/schema\/person\/image\/\",\"url\":\"https:\/\/secure.gravatar.com\/avatar\/55cb5e37c1efa326397366e6974cb338056df65cb50e7d64d1cf314e87504837?s=96&d=mm&r=g\",\"contentUrl\":\"https:\/\/secure.gravatar.com\/avatar\/55cb5e37c1efa326397366e6974cb338056df65cb50e7d64d1cf314e87504837?s=96&d=mm&r=g\",\"caption\":\"Arnaldo Botto\"},\"url\":\"https:\/\/www.noticiasradioreflejos.com.ar\/2021\/author\/arnaldo\/\"}]}<\/script>\n<!-- \/ Yoast SEO plugin. -->","yoast_head_json":{"title":"\"Estamos trabajando fuertemente en ampliar la frecuencia horaria del transporte p\u00fablico\" - Noticias Radio Reflejos","robots":{"index":"index","follow":"follow","max-snippet":"max-snippet:-1","max-image-preview":"max-image-preview:large","max-video-preview":"max-video-preview:-1"},"canonical":"https:\/\/www.noticiasradioreflejos.com.ar\/2021\/estamos-trabajando-fuertemente-en-ampliar-la-frecuencia-horaria-del-transporte-publico\/","og_locale":"es_ES","og_type":"article","og_title":"\"Estamos trabajando fuertemente en ampliar la frecuencia horaria del transporte p\u00fablico\" - Noticias Radio Reflejos","og_description":"\u00abLa prioridad del Intendente es que este contemplado en el pliego de licitaci\u00f3n, para que se adapte a las reales necesidades de horarios de la gente\u00bb","og_url":"https:\/\/www.noticiasradioreflejos.com.ar\/2021\/estamos-trabajando-fuertemente-en-ampliar-la-frecuencia-horaria-del-transporte-publico\/","og_site_name":"Noticias Radio Reflejos","article_published_time":"2023-03-21T13:37:13+00:00","article_modified_time":"2023-03-21T15:04:49+00:00","og_image":[{"width":960,"height":960,"url":"https:\/\/www.noticiasradioreflejos.com.ar\/2021\/wp-content\/uploads\/2023\/03\/Ezequiel-Gabella.jpeg","type":"image\/jpeg"}],"author":"Arnaldo Botto","twitter_card":"summary_large_image","schema":{"@context":"https:\/\/schema.org","@graph":[{"@type":"WebPage","@id":"https:\/\/www.noticiasradioreflejos.com.ar\/2021\/estamos-trabajando-fuertemente-en-ampliar-la-frecuencia-horaria-del-transporte-publico\/","url":"https:\/\/www.noticiasradioreflejos.com.ar\/2021\/estamos-trabajando-fuertemente-en-ampliar-la-frecuencia-horaria-del-transporte-publico\/","name":"\"Estamos trabajando fuertemente en ampliar la frecuencia horaria del transporte p\u00fablico\" - Noticias Radio Reflejos","isPartOf":{"@id":"https:\/\/www.noticiasradioreflejos.com.ar\/2021\/#website"},"primaryImageOfPage":{"@id":"https:\/\/www.noticiasradioreflejos.com.ar\/2021\/estamos-trabajando-fuertemente-en-ampliar-la-frecuencia-horaria-del-transporte-publico\/#primaryimage"},"image":{"@id":"https:\/\/www.noticiasradioreflejos.com.ar\/2021\/estamos-trabajando-fuertemente-en-ampliar-la-frecuencia-horaria-del-transporte-publico\/#primaryimage"},"thumbnailUrl":"https:\/\/live.staticflickr.com\/65535\/52762220445_288b45503a_c.jpg","datePublished":"2023-03-21T13:37:13+00:00","dateModified":"2023-03-21T15:04:49+00:00","author":{"@id":"https:\/\/www.noticiasradioreflejos.com.ar\/2021\/#\/schema\/person\/ad82545263dcc5ec0996818884fd5fb1"},"breadcrumb":{"@id":"https:\/\/www.noticiasradioreflejos.com.ar\/2021\/estamos-trabajando-fuertemente-en-ampliar-la-frecuencia-horaria-del-transporte-publico\/#breadcrumb"},"inLanguage":"es","potentialAction":[{"@type":"ReadAction","target":["https:\/\/www.noticiasradioreflejos.com.ar\/2021\/estamos-trabajando-fuertemente-en-ampliar-la-frecuencia-horaria-del-transporte-publico\/"]}]},{"@type":"ImageObject","inLanguage":"es","@id":"https:\/\/www.noticiasradioreflejos.com.ar\/2021\/estamos-trabajando-fuertemente-en-ampliar-la-frecuencia-horaria-del-transporte-publico\/#primaryimage","url":"https:\/\/live.staticflickr.com\/65535\/52762220445_288b45503a_c.jpg","contentUrl":"https:\/\/live.staticflickr.com\/65535\/52762220445_288b45503a_c.jpg"},{"@type":"BreadcrumbList","@id":"https:\/\/www.noticiasradioreflejos.com.ar\/2021\/estamos-trabajando-fuertemente-en-ampliar-la-frecuencia-horaria-del-transporte-publico\/#breadcrumb","itemListElement":[{"@type":"ListItem","position":1,"name":"Portada","item":"https:\/\/www.noticiasradioreflejos.com.ar\/2021\/"},{"@type":"ListItem","position":2,"name":"\u00abEstamos trabajando fuertemente en ampliar la frecuencia horaria del transporte p\u00fablico\u00bb"}]},{"@type":"WebSite","@id":"https:\/\/www.noticiasradioreflejos.com.ar\/2021\/#website","url":"https:\/\/www.noticiasradioreflejos.com.ar\/2021\/","name":"Noticias Radio Reflejos","description":"Las noticias de mi comarca","potentialAction":[{"@type":"SearchAction","target":{"@type":"EntryPoint","urlTemplate":"https:\/\/www.noticiasradioreflejos.com.ar\/2021\/?s={search_term_string}"},"query-input":{"@type":"PropertyValueSpecification","valueRequired":true,"valueName":"search_term_string"}}],"inLanguage":"es"},{"@type":"Person","@id":"https:\/\/www.noticiasradioreflejos.com.ar\/2021\/#\/schema\/person\/ad82545263dcc5ec0996818884fd5fb1","name":"Arnaldo Botto","image":{"@type":"ImageObject","inLanguage":"es","@id":"https:\/\/www.noticiasradioreflejos.com.ar\/2021\/#\/schema\/person\/image\/","url":"https:\/\/secure.gravatar.com\/avatar\/55cb5e37c1efa326397366e6974cb338056df65cb50e7d64d1cf314e87504837?s=96&d=mm&r=g","contentUrl":"https:\/\/secure.gravatar.com\/avatar\/55cb5e37c1efa326397366e6974cb338056df65cb50e7d64d1cf314e87504837?s=96&d=mm&r=g","caption":"Arnaldo Botto"},"url":"https:\/\/www.noticiasradioreflejos.com.ar\/2021\/author\/arnaldo\/"}]}},"_links":{"self":[{"href":"https:\/\/www.noticiasradioreflejos.com.ar\/2021\/wp-json\/wp\/v2\/posts\/85839","targetHints":{"allow":["GET"]}}],"collection":[{"href":"https:\/\/www.noticiasradioreflejos.com.ar\/2021\/wp-json\/wp\/v2\/posts"}],"about":[{"href":"https:\/\/www.noticiasradioreflejos.com.ar\/2021\/wp-json\/wp\/v2\/types\/post"}],"author":[{"embeddable":true,"href":"https:\/\/www.noticiasradioreflejos.com.ar\/2021\/wp-json\/wp\/v2\/users\/3"}],"replies":[{"embeddable":true,"href":"https:\/\/www.noticiasradioreflejos.com.ar\/2021\/wp-json\/wp\/v2\/comments?post=85839"}],"version-history":[{"count":1,"href":"https:\/\/www.noticiasradioreflejos.com.ar\/2021\/wp-json\/wp\/v2\/posts\/85839\/revisions"}],"predecessor-version":[{"id":85841,"href":"https:\/\/www.noticiasradioreflejos.com.ar\/2021\/wp-json\/wp\/v2\/posts\/85839\/revisions\/85841"}],"wp:attachment":[{"href":"https:\/\/www.noticiasradioreflejos.com.ar\/2021\/wp-json\/wp\/v2\/media?parent=85839"}],"wp:term":[{"taxonomy":"category","embeddable":true,"href":"https:\/\/www.noticiasradioreflejos.com.ar\/2021\/wp-json\/wp\/v2\/categories?post=85839"},{"taxonomy":"post_tag","embeddable":true,"href":"https:\/\/www.noticiasradioreflejos.com.ar\/2021\/wp-json\/wp\/v2\/tags?post=85839"}],"curies":[{"name":"wp","href":"https:\/\/api.w.org\/{rel}","templated":true}]}}