{"id":85831,"date":"2023-03-21T11:04:30","date_gmt":"2023-03-21T11:04:30","guid":{"rendered":"https:\/\/www.noticiasradioreflejos.com.ar\/2021\/?p=85831"},"modified":"2023-03-21T11:04:30","modified_gmt":"2023-03-21T11:04:30","slug":"oficializan-intervencion-de-edesur-y-ferraresi-dice-que-la-desidia-de-la-empresa-no-es-tolerable","status":"publish","type":"post","link":"https:\/\/www.noticiasradioreflejos.com.ar\/2021\/oficializan-intervencion-de-edesur-y-ferraresi-dice-que-la-desidia-de-la-empresa-no-es-tolerable\/","title":{"rendered":"Oficializan intervenci\u00f3n de Edesur y Ferraresi dice que la \u00abdesidia\u00bb de la empresa \u00abno es tolerable\u00bb"},"content":{"rendered":"<p>El designado interventor administrativo de Edesur, Jorge Ferraresi, dijo que el ministro de Econom\u00eda, Sergio Massa, le pidi\u00f3 \u00abfiscalizar, controlar y monitorear las obras para la mejora del servicio\u00bb de la empresa privada de energ\u00eda el\u00e9ctrica, al tiempo que advirti\u00f3 que \u00absituaciones como las que tuvieron que vivir los vecinos y vecinas debido a la desidia\u00bb de la compa\u00f1\u00eda \u00abya no son tolerables\u00bb.<!--more--><\/p>\n<p>En tanto, el Gobierno nacional formaliz\u00f3 hoy la medida adelantada anoche por el ministro de Econom\u00eda, Sergio Massa, a trav\u00e9s de una resoluci\u00f3n del Ente Nacional de Regulaci\u00f3n de la Electricidad (ENRE) publicada en el Bolet\u00edn Oficial.<\/p>\n<p>En un hilo de tuits publicados anoche tras su designaci\u00f3n, el exministro de Desarrollo Territorial y H\u00e1bitat de Naci\u00f3n, quien asumir\u00e1 la intervenci\u00f3n administrativa de Edesur en las pr\u00f3ximas horas, remarc\u00f3 que \u00abla decisi\u00f3n pol\u00edtica del presidente @alferdez y la vicepresidenta, @CFKArgentina nos hacen abordar este tema de forma urgente, por su impacto directo en millones de personas\u00bb.<\/p>\n<p>\u00abTrabajando unidos y sin pausa estoy convencido que vamos a transformar esta prestaci\u00f3n esencial\u00bb, subray\u00f3 en uno de sus posteos.<\/p>\n<p>Tambi\u00e9n, Ferraresi remarc\u00f3 que \u00abla medida de intervenci\u00f3n administrativa ser\u00e1 por 180 d\u00edas y reviste un car\u00e1cter transitorio y excepcional\u00bb.<\/p>\n<p>\u00abAsumir\u00e9 este compromiso con mucha responsabilidad y trabajar\u00e9 junto al ENRE para beneficio de las y los ciudadanos. Al mismo tiempo seguir\u00e9 ejerciendo mis funciones como intendente de Avellaneda\u00bb, destac\u00f3 el jefe comunal.<\/p>\n<p>Adem\u00e1s, el designado interventor administrativo advirti\u00f3 que \u00absituaciones como las que tuvieron que vivir los vecinos y vecinas debido a la desidia de @OficialEdesur ya no son tolerables\u00bb, y afirm\u00f3 que el ministro Massa le \u00abpidi\u00f3 fiscalizar, controlar y monitorear las obras para la mejora del servicio\u00bb.<\/p>\n<p>En tanto, el Gobierno nacional formaliz\u00f3 hoy la medida adelantada anoche a trav\u00e9s de una resoluci\u00f3n del ENRE publicada en el Bolet\u00edn Oficial<\/p>\n<p>\u00abDisp\u00f3ngase la intervenci\u00f3n de control y fiscalizaci\u00f3n de la Empresa Distribuidora Sur Sociedad An\u00f3nima (Edesur S.A.) por el plazo de ciento ochenta (180) d\u00edas a partir de la notificaci\u00f3n del presente acto\u00bb, ordena la resoluci\u00f3n 307\/2023.<\/p>\n<p>Y a\u00f1ade: \u00abEl interventor designado fiscalizar\u00e1 y controlar\u00e1 todos los actos de administraci\u00f3n habitual y de disposici\u00f3n vinculados a la normal prestaci\u00f3n del servicio p\u00fablico de distribuci\u00f3n de energ\u00eda el\u00e9ctrica a cargo de la citada concesionaria, a cuyos efectos contar\u00e1 con las facultades para asignar los recursos humanos necesarios a fin de que lo asistan en la funci\u00f3n encomendada\u00bb.<\/p>\n<p>Asimismo, se\u00f1ala que \u00abel interventor designado deber\u00e1 elevar al Ente Nacional de Regulaci\u00f3n de la Electricidad (ENRE) Informes parciales con una periodicidad no mayor a diez (10) d\u00edas y un Informe Final dentro de los diez (10) d\u00edas contados a partir de que se disponga la finalizaci\u00f3n de su funci\u00f3n de fiscalizaci\u00f3n y control\u00bb.<\/p>\n<p>Finalmente, se invita al \u00abGobierno de la Ciudad Aut\u00f3noma de Buenos Aires y al Gobierno de la Provincia de Buenos Aires para que designen, respectivamente, representantes a fin de que se integren a la intervenci\u00f3n dispuesta\u00bb.<\/p>\n<p>En los considerandos, la medida se\u00f1ala que \u00abresulta imprescindible reforzar las medidas de control sobre la gesti\u00f3n de la distribuidora en orden a reconducir la prestaci\u00f3n, a favor de la defensa de los derechos de los usuarios, tutelados por la Constituci\u00f3n Nacional, los marcos regulatorios y dem\u00e1s normativa\u00bb.<\/p><\/div>\n<p><!--more--><\/p>\n","protected":false},"excerpt":{"rendered":"<p>El designado interventor administrativo de Edesur, Jorge Ferraresi, dijo que el ministro de Econom\u00eda, Sergio Massa, le pidi\u00f3 \u00abfiscalizar, controlar y monitorear las obras para la mejora del servicio\u00bb de la empresa privada de energ\u00eda el\u00e9ctrica, al tiempo que advirti\u00f3 que \u00absituaciones como las que tuvieron que vivir los vecinos y vecinas debido a la [&hellip;]<\/p>\n","protected":false},"author":3,"featured_media":0,"comment_status":"closed","ping_status":"closed","sticky":false,"template":"","format":"standard","meta":{"footnotes":""},"categories":[36,58],"tags":[],"class_list":["post-85831","post","type-post","status-publish","format-standard","hentry","category-economia","category-gobierno"],"yoast_head":"<!-- This site is optimized with the Yoast SEO plugin v25.9 - https:\/\/yoast.com\/wordpress\/plugins\/seo\/ -->\n<title>Oficializan intervenci\u00f3n de Edesur y Ferraresi dice que la &quot;desidia&quot; de la empresa &quot;no es tolerable&quot; - Noticias Radio Reflejos<\/title>\n<meta name=\"robots\" content=\"index, follow, max-snippet:-1, max-image-preview:large, max-video-preview:-1\" \/>\n<link rel=\"canonical\" href=\"https:\/\/www.noticiasradioreflejos.com.ar\/2021\/oficializan-intervencion-de-edesur-y-ferraresi-dice-que-la-desidia-de-la-empresa-no-es-tolerable\/\" \/>\n<meta property=\"og:locale\" content=\"es_ES\" \/>\n<meta property=\"og:type\" content=\"article\" \/>\n<meta property=\"og:title\" content=\"Oficializan intervenci\u00f3n de Edesur y Ferraresi dice que la &quot;desidia&quot; de la empresa &quot;no es tolerable&quot; - Noticias Radio Reflejos\" \/>\n<meta property=\"og:description\" content=\"El designado interventor administrativo de Edesur, Jorge Ferraresi, dijo que el ministro de Econom\u00eda, Sergio Massa, le pidi\u00f3 \u00abfiscalizar, controlar y monitorear las obras para la mejora del servicio\u00bb de la empresa privada de energ\u00eda el\u00e9ctrica, al tiempo que advirti\u00f3 que \u00absituaciones como las que tuvieron que vivir los vecinos y vecinas debido a la [&hellip;]\" \/>\n<meta property=\"og:url\" content=\"https:\/\/www.noticiasradioreflejos.com.ar\/2021\/oficializan-intervencion-de-edesur-y-ferraresi-dice-que-la-desidia-de-la-empresa-no-es-tolerable\/\" \/>\n<meta property=\"og:site_name\" content=\"Noticias Radio Reflejos\" \/>\n<meta property=\"article:published_time\" content=\"2023-03-21T11:04:30+00:00\" \/>\n<meta property=\"og:image\" content=\"https:\/\/www.noticiasradioreflejos.com.ar\/2021\/wp-content\/uploads\/2021\/07\/logosol300x200.png\" \/>\n\t<meta property=\"og:image:width\" content=\"300\" \/>\n\t<meta property=\"og:image:height\" content=\"200\" \/>\n\t<meta property=\"og:image:type\" content=\"image\/png\" \/>\n<meta name=\"author\" content=\"Arnaldo Botto\" \/>\n<meta name=\"twitter:card\" content=\"summary_large_image\" \/>\n<script type=\"application\/ld+json\" class=\"yoast-schema-graph\">{\"@context\":\"https:\/\/schema.org\",\"@graph\":[{\"@type\":\"WebPage\",\"@id\":\"https:\/\/www.noticiasradioreflejos.com.ar\/2021\/oficializan-intervencion-de-edesur-y-ferraresi-dice-que-la-desidia-de-la-empresa-no-es-tolerable\/\",\"url\":\"https:\/\/www.noticiasradioreflejos.com.ar\/2021\/oficializan-intervencion-de-edesur-y-ferraresi-dice-que-la-desidia-de-la-empresa-no-es-tolerable\/\",\"name\":\"Oficializan intervenci\u00f3n de Edesur y Ferraresi dice que la \\\"desidia\\\" de la empresa \\\"no es tolerable\\\" - Noticias Radio Reflejos\",\"isPartOf\":{\"@id\":\"https:\/\/www.noticiasradioreflejos.com.ar\/2021\/#website\"},\"datePublished\":\"2023-03-21T11:04:30+00:00\",\"author\":{\"@id\":\"https:\/\/www.noticiasradioreflejos.com.ar\/2021\/#\/schema\/person\/ad82545263dcc5ec0996818884fd5fb1\"},\"breadcrumb\":{\"@id\":\"https:\/\/www.noticiasradioreflejos.com.ar\/2021\/oficializan-intervencion-de-edesur-y-ferraresi-dice-que-la-desidia-de-la-empresa-no-es-tolerable\/#breadcrumb\"},\"inLanguage\":\"es\",\"potentialAction\":[{\"@type\":\"ReadAction\",\"target\":[\"https:\/\/www.noticiasradioreflejos.com.ar\/2021\/oficializan-intervencion-de-edesur-y-ferraresi-dice-que-la-desidia-de-la-empresa-no-es-tolerable\/\"]}]},{\"@type\":\"BreadcrumbList\",\"@id\":\"https:\/\/www.noticiasradioreflejos.com.ar\/2021\/oficializan-intervencion-de-edesur-y-ferraresi-dice-que-la-desidia-de-la-empresa-no-es-tolerable\/#breadcrumb\",\"itemListElement\":[{\"@type\":\"ListItem\",\"position\":1,\"name\":\"Portada\",\"item\":\"https:\/\/www.noticiasradioreflejos.com.ar\/2021\/\"},{\"@type\":\"ListItem\",\"position\":2,\"name\":\"Oficializan intervenci\u00f3n de Edesur y Ferraresi dice que la \u00abdesidia\u00bb de la empresa \u00abno es tolerable\u00bb\"}]},{\"@type\":\"WebSite\",\"@id\":\"https:\/\/www.noticiasradioreflejos.com.ar\/2021\/#website\",\"url\":\"https:\/\/www.noticiasradioreflejos.com.ar\/2021\/\",\"name\":\"Noticias Radio Reflejos\",\"description\":\"Las noticias de mi comarca\",\"potentialAction\":[{\"@type\":\"SearchAction\",\"target\":{\"@type\":\"EntryPoint\",\"urlTemplate\":\"https:\/\/www.noticiasradioreflejos.com.ar\/2021\/?s={search_term_string}\"},\"query-input\":{\"@type\":\"PropertyValueSpecification\",\"valueRequired\":true,\"valueName\":\"search_term_string\"}}],\"inLanguage\":\"es\"},{\"@type\":\"Person\",\"@id\":\"https:\/\/www.noticiasradioreflejos.com.ar\/2021\/#\/schema\/person\/ad82545263dcc5ec0996818884fd5fb1\",\"name\":\"Arnaldo Botto\",\"image\":{\"@type\":\"ImageObject\",\"inLanguage\":\"es\",\"@id\":\"https:\/\/www.noticiasradioreflejos.com.ar\/2021\/#\/schema\/person\/image\/\",\"url\":\"https:\/\/secure.gravatar.com\/avatar\/55cb5e37c1efa326397366e6974cb338056df65cb50e7d64d1cf314e87504837?s=96&d=mm&r=g\",\"contentUrl\":\"https:\/\/secure.gravatar.com\/avatar\/55cb5e37c1efa326397366e6974cb338056df65cb50e7d64d1cf314e87504837?s=96&d=mm&r=g\",\"caption\":\"Arnaldo Botto\"},\"url\":\"https:\/\/www.noticiasradioreflejos.com.ar\/2021\/author\/arnaldo\/\"}]}<\/script>\n<!-- \/ Yoast SEO plugin. -->","yoast_head_json":{"title":"Oficializan intervenci\u00f3n de Edesur y Ferraresi dice que la \"desidia\" de la empresa \"no es tolerable\" - Noticias Radio Reflejos","robots":{"index":"index","follow":"follow","max-snippet":"max-snippet:-1","max-image-preview":"max-image-preview:large","max-video-preview":"max-video-preview:-1"},"canonical":"https:\/\/www.noticiasradioreflejos.com.ar\/2021\/oficializan-intervencion-de-edesur-y-ferraresi-dice-que-la-desidia-de-la-empresa-no-es-tolerable\/","og_locale":"es_ES","og_type":"article","og_title":"Oficializan intervenci\u00f3n de Edesur y Ferraresi dice que la \"desidia\" de la empresa \"no es tolerable\" - Noticias Radio Reflejos","og_description":"El designado interventor administrativo de Edesur, Jorge Ferraresi, dijo que el ministro de Econom\u00eda, Sergio Massa, le pidi\u00f3 \u00abfiscalizar, controlar y monitorear las obras para la mejora del servicio\u00bb de la empresa privada de energ\u00eda el\u00e9ctrica, al tiempo que advirti\u00f3 que \u00absituaciones como las que tuvieron que vivir los vecinos y vecinas debido a la [&hellip;]","og_url":"https:\/\/www.noticiasradioreflejos.com.ar\/2021\/oficializan-intervencion-de-edesur-y-ferraresi-dice-que-la-desidia-de-la-empresa-no-es-tolerable\/","og_site_name":"Noticias Radio Reflejos","article_published_time":"2023-03-21T11:04:30+00:00","og_image":[{"width":300,"height":200,"url":"https:\/\/www.noticiasradioreflejos.com.ar\/2021\/wp-content\/uploads\/2021\/07\/logosol300x200.png","type":"image\/png"}],"author":"Arnaldo Botto","twitter_card":"summary_large_image","schema":{"@context":"https:\/\/schema.org","@graph":[{"@type":"WebPage","@id":"https:\/\/www.noticiasradioreflejos.com.ar\/2021\/oficializan-intervencion-de-edesur-y-ferraresi-dice-que-la-desidia-de-la-empresa-no-es-tolerable\/","url":"https:\/\/www.noticiasradioreflejos.com.ar\/2021\/oficializan-intervencion-de-edesur-y-ferraresi-dice-que-la-desidia-de-la-empresa-no-es-tolerable\/","name":"Oficializan intervenci\u00f3n de Edesur y Ferraresi dice que la \"desidia\" de la empresa \"no es tolerable\" - Noticias Radio Reflejos","isPartOf":{"@id":"https:\/\/www.noticiasradioreflejos.com.ar\/2021\/#website"},"datePublished":"2023-03-21T11:04:30+00:00","author":{"@id":"https:\/\/www.noticiasradioreflejos.com.ar\/2021\/#\/schema\/person\/ad82545263dcc5ec0996818884fd5fb1"},"breadcrumb":{"@id":"https:\/\/www.noticiasradioreflejos.com.ar\/2021\/oficializan-intervencion-de-edesur-y-ferraresi-dice-que-la-desidia-de-la-empresa-no-es-tolerable\/#breadcrumb"},"inLanguage":"es","potentialAction":[{"@type":"ReadAction","target":["https:\/\/www.noticiasradioreflejos.com.ar\/2021\/oficializan-intervencion-de-edesur-y-ferraresi-dice-que-la-desidia-de-la-empresa-no-es-tolerable\/"]}]},{"@type":"BreadcrumbList","@id":"https:\/\/www.noticiasradioreflejos.com.ar\/2021\/oficializan-intervencion-de-edesur-y-ferraresi-dice-que-la-desidia-de-la-empresa-no-es-tolerable\/#breadcrumb","itemListElement":[{"@type":"ListItem","position":1,"name":"Portada","item":"https:\/\/www.noticiasradioreflejos.com.ar\/2021\/"},{"@type":"ListItem","position":2,"name":"Oficializan intervenci\u00f3n de Edesur y Ferraresi dice que la \u00abdesidia\u00bb de la empresa \u00abno es tolerable\u00bb"}]},{"@type":"WebSite","@id":"https:\/\/www.noticiasradioreflejos.com.ar\/2021\/#website","url":"https:\/\/www.noticiasradioreflejos.com.ar\/2021\/","name":"Noticias Radio Reflejos","description":"Las noticias de mi comarca","potentialAction":[{"@type":"SearchAction","target":{"@type":"EntryPoint","urlTemplate":"https:\/\/www.noticiasradioreflejos.com.ar\/2021\/?s={search_term_string}"},"query-input":{"@type":"PropertyValueSpecification","valueRequired":true,"valueName":"search_term_string"}}],"inLanguage":"es"},{"@type":"Person","@id":"https:\/\/www.noticiasradioreflejos.com.ar\/2021\/#\/schema\/person\/ad82545263dcc5ec0996818884fd5fb1","name":"Arnaldo Botto","image":{"@type":"ImageObject","inLanguage":"es","@id":"https:\/\/www.noticiasradioreflejos.com.ar\/2021\/#\/schema\/person\/image\/","url":"https:\/\/secure.gravatar.com\/avatar\/55cb5e37c1efa326397366e6974cb338056df65cb50e7d64d1cf314e87504837?s=96&d=mm&r=g","contentUrl":"https:\/\/secure.gravatar.com\/avatar\/55cb5e37c1efa326397366e6974cb338056df65cb50e7d64d1cf314e87504837?s=96&d=mm&r=g","caption":"Arnaldo Botto"},"url":"https:\/\/www.noticiasradioreflejos.com.ar\/2021\/author\/arnaldo\/"}]}},"_links":{"self":[{"href":"https:\/\/www.noticiasradioreflejos.com.ar\/2021\/wp-json\/wp\/v2\/posts\/85831","targetHints":{"allow":["GET"]}}],"collection":[{"href":"https:\/\/www.noticiasradioreflejos.com.ar\/2021\/wp-json\/wp\/v2\/posts"}],"about":[{"href":"https:\/\/www.noticiasradioreflejos.com.ar\/2021\/wp-json\/wp\/v2\/types\/post"}],"author":[{"embeddable":true,"href":"https:\/\/www.noticiasradioreflejos.com.ar\/2021\/wp-json\/wp\/v2\/users\/3"}],"replies":[{"embeddable":true,"href":"https:\/\/www.noticiasradioreflejos.com.ar\/2021\/wp-json\/wp\/v2\/comments?post=85831"}],"version-history":[{"count":1,"href":"https:\/\/www.noticiasradioreflejos.com.ar\/2021\/wp-json\/wp\/v2\/posts\/85831\/revisions"}],"predecessor-version":[{"id":85833,"href":"https:\/\/www.noticiasradioreflejos.com.ar\/2021\/wp-json\/wp\/v2\/posts\/85831\/revisions\/85833"}],"wp:attachment":[{"href":"https:\/\/www.noticiasradioreflejos.com.ar\/2021\/wp-json\/wp\/v2\/media?parent=85831"}],"wp:term":[{"taxonomy":"category","embeddable":true,"href":"https:\/\/www.noticiasradioreflejos.com.ar\/2021\/wp-json\/wp\/v2\/categories?post=85831"},{"taxonomy":"post_tag","embeddable":true,"href":"https:\/\/www.noticiasradioreflejos.com.ar\/2021\/wp-json\/wp\/v2\/tags?post=85831"}],"curies":[{"name":"wp","href":"https:\/\/api.w.org\/{rel}","templated":true}]}}