{"id":85828,"date":"2023-03-21T11:00:04","date_gmt":"2023-03-21T11:00:04","guid":{"rendered":"https:\/\/www.noticiasradioreflejos.com.ar\/2021\/?p=85828"},"modified":"2023-03-21T15:03:12","modified_gmt":"2023-03-21T15:03:12","slug":"especialista-hablo-sobre-bullying-nunca-la-exclusion-puede-ser-la-solucion","status":"publish","type":"post","link":"https:\/\/www.noticiasradioreflejos.com.ar\/2021\/especialista-hablo-sobre-bullying-nunca-la-exclusion-puede-ser-la-solucion\/","title":{"rendered":"Especialista habl\u00f3 sobre bullying: \u201cNunca la exclusi\u00f3n puede ser la soluci\u00f3n\u201d"},"content":{"rendered":"<div id=\"mvp-post-main\" class=\"left relative\">\n<header id=\"mvp-post-head\" class=\"left relative\">La psic\u00f3loga Ana Picardi habl\u00f3 con <strong>La Br\u00fajula 24<\/strong> sobre c\u00f3mo deber\u00eda ser el abordaje de situaciones donde se produce un hostigamiento entre pares.<!--more--><\/p>\n<div class=\"mvp-author-info-wrap left relative\">\n<div class=\"mvp-author-info-text left relative\">\n<div class=\"mvp-author-info-date left relative\"><\/div>\n<\/div>\n<\/div>\n<\/header>\n<div class=\"mvp-post-main-out left relative\">\n<div class=\"mvp-post-main-in\">\n<div id=\"mvp-post-content\" class=\"left relative\">\n<div id=\"mvp-post-feat-img\" class=\"left relative mvp-post-feat-img-wide2\"><picture><source srcset=\"https:\/\/www.labrujula24.com\/wp-content\/webp-express\/webp-images\/uploads\/2023\/03\/ESCUELA-2.jpg.webp 1200w, https:\/\/www.labrujula24.com\/wp-content\/webp-express\/webp-images\/uploads\/2023\/03\/ESCUELA-2-768x478.jpg.webp 768w\" type=\"image\/webp\" sizes=\"(max-width: 1200px) 100vw, 1200px\" \/><img loading=\"lazy\" decoding=\"async\" class=\"attachment- size- wp-post-image webpexpress-processed\" src=\"https:\/\/www.labrujula24.com\/wp-content\/uploads\/2023\/03\/ESCUELA-2.jpg\" sizes=\"auto, (max-width: 1200px) 100vw, 1200px\" srcset=\"https:\/\/www.labrujula24.com\/wp-content\/uploads\/2023\/03\/ESCUELA-2.jpg 1200w, https:\/\/www.labrujula24.com\/wp-content\/uploads\/2023\/03\/ESCUELA-2-768x478.jpg 768w\" alt=\"\" width=\"1200\" height=\"747\" \/><\/picture><\/div>\n<p><span class=\"mvp-feat-caption\">Frente de la escuela primaria de Saldungaray cuyas autoridades tomaron una decisi\u00f3n que carece de explicaci\u00f3n. <em>Foto Pablo Noir \/ La Br\u00fajula 24<\/em><\/span><\/p>\n<div id=\"mvp-content-wrap\" class=\"left relative\">\n<div class=\"mvp-post-soc-out right relative\">\n<div class=\"mvp-post-soc-in\">\n<div id=\"mvp-content-body\" class=\"left relative\">\n<div id=\"mvp-content-body-top\" class=\"left relative\">\n<div id=\"mvp-content-main\" class=\"left relative\">\n<div id=\"textbody\">\n<p>La inexplicable decisi\u00f3n que tomaron las autoridades de la escuela primaria de Saldungaray,\u00a0<a href=\"https:\/\/www.labrujula24.com\/notas\/2023\/03\/20\/bullying-en-la-escuela-de-saldungaray-los-directivos-no-dan-la-cara-n281009\/\" data-type=\"post\" data-id=\"281009\">de apartar de la clase a una nena que sufr\u00eda bullying<\/a>, sigue generando reprobaci\u00f3n. M\u00e1s a\u00fan cuando los responsables de esa determinaci\u00f3n no dan la cara para explicar las razones de semejante resoluci\u00f3n.<\/p>\n<p>Los casos de hostigamiento entre pares son m\u00e1s comunes de lo que muchos creen, lo que lleva a<strong>\u00a0La Br\u00fajula 24<\/strong>\u00a0a consultar a la psic\u00f3loga Ana Picardi sobre qu\u00e9 hacer ante este tipo de situaciones.<\/p>\n<p>\u201cLa intimidaci\u00f3n o el hostigamiento entre pares era una conducta que en alg\u00fan momento se naturalizaba. De hecho nos encontramos hoy con adultos que plantean que \u2018los chicos no se aguantan nada hoy en d\u00eda; antes siempre pasaba y nosotros lo toler\u00e1bamos\u2019 cuando no es una conducta esperada que los ni\u00f1os tengan que aguantar ni mucho menos de los adultos dejar de intervenir\u201d, expres\u00f3 Picardi en el programa\u00a0<strong>\u201cNunca es tarde\u201d<\/strong>.<\/p>\n<p>\u201cNos encontramos con situaciones en donde el ni\u00f1o se encuentra sin recursos para responder a lo que le pasa y el argumento del adulto suele ser \u2018no se sabe defender\u2019. Y cuando pide ayuda, se encuentran con la respuesta de \u2018no seas buch\u00f3n\u2019 o \u2018siempre ven\u00eds con cuentos\u2019\u201d, alert\u00f3 la profesional.<\/p>\n<p>La psic\u00f3loga advirti\u00f3 que el hostigamiento suele ser cont\u00ednuo, diario, a expensas de un grupo que se organiza para generarle un malestar durante el d\u00eda a la v\u00edctima.<\/p>\n<p>\u201cHoy tenemos chicos que se organizan para no hablarle a alguien o para hostigarlo o burlarse y eso no se detiene en una pelea espor\u00e1dica sino que perdura, y ah\u00ed radica la gravedad que tiene\u201d, agreg\u00f3.<\/p>\n<p>En l\u00edneas generales, Picardi dijo que los pacientes que atiende \u201cson chicos que vienen con mucha carga de ansiedad, de angustia y eso lo empieza a manejar a nivel corporal muchas veces, con dificultades para dormir, descomposturas, muchas tensiones\u201d. \u201cEse es el ni\u00f1o que el domingo empieza a sentirse mal, porque anticipa que al d\u00eda siguiente tendr\u00e1 que ir a la escuela y que el viernes, un feriado o cuando empiezan las vacaciones aparece un alivio porque no tendr\u00e1 que enfrentar la situaci\u00f3n\u201d, plante\u00f3.<\/p>\n<p>\u201cEs importante que se comprometa la instituci\u00f3n escolar y la comunidad educativa. No funciona s\u00f3lo trabajar sobre el ni\u00f1o hostigado sino que hay que atender a todo el grupo. En general, esos ni\u00f1os que hostigan suelen tener una historia de violencia\u201d, explic\u00f3.<\/p>\n<p>Remarc\u00f3 que \u201clo primero que hay que hacer es frenar la conducta abusiva; la escuela tiene que garantizar que la situaci\u00f3n que sufri\u00f3 una v\u00edctima de bullying no se va a repetir\u201d.<\/p>\n<p>\u201cNunca la exclusi\u00f3n puede ser la soluci\u00f3n. Uno puede pensar en qu\u00e9 va a ser mejor para esa ni\u00f1a, si un cambio de grupo pero siempre pensando en funci\u00f3n del bienestar de todas las partes pero, fundamentalmente, de quien viene sufriendo el hostigamiento\u201d, concluy\u00f3.<\/p>\n<p>&nbsp;<\/p>\n<p><iframe loading=\"lazy\" src=\"https:\/\/w.soundcloud.com\/player\/?url=https%3A\/\/api.soundcloud.com\/tracks\/1473602074&amp;color=%235cc4ec&amp;auto_play=false&amp;hide_related=true&amp;show_comments=false&amp;show_user=true&amp;show_reposts=false&amp;show_teaser=false\" width=\"100%\" height=\"166\" frameborder=\"no\" scrolling=\"no\" data-mce-fragment=\"1\"><\/iframe><\/p>\n<div><a title=\"La Br\u00fajula 24 FM 93.1\" href=\"https:\/\/soundcloud.com\/labrujula24\" target=\"_blank\" rel=\"noopener\">La Br\u00fajula 24 FM 93.1<\/a>\u00a0\u00b7\u00a0<a title=\"Alba Picardi (psic\u00f3loga hablando sobre bullying)\" href=\"https:\/\/soundcloud.com\/labrujula24\/alba-picardi-psicologa-hablando-sobre-bullying\" target=\"_blank\" rel=\"noopener\">Alba Picardi (psic\u00f3loga hablando sobre bullying)<\/a><\/div>\n<\/div>\n<\/div>\n<div id=\"mvp-content-bot\" class=\"left\"><\/div>\n<\/div>\n<\/div>\n<\/div>\n<\/div>\n<\/div>\n<\/div>\n<\/div>\n<\/div>\n<\/div>\n<p><!--more--><\/p>\n<div id=\"mvp-post-more-wrap\" class=\"left relative\"><\/div>\n","protected":false},"excerpt":{"rendered":"<p>La psic\u00f3loga Ana Picardi habl\u00f3 con La Br\u00fajula 24 sobre c\u00f3mo deber\u00eda ser el abordaje de situaciones donde se produce un hostigamiento entre pares.<\/p>\n","protected":false},"author":3,"featured_media":85829,"comment_status":"closed","ping_status":"closed","sticky":false,"template":"","format":"standard","meta":{"footnotes":""},"categories":[34,26],"tags":[48],"class_list":["post-85828","post","type-post","status-publish","format-standard","has-post-thumbnail","hentry","category-educacion","category-sociedad","tag-destacada"],"yoast_head":"<!-- This site is optimized with the Yoast SEO plugin v25.9 - https:\/\/yoast.com\/wordpress\/plugins\/seo\/ -->\n<title>Especialista habl\u00f3 sobre bullying: \u201cNunca la exclusi\u00f3n puede ser la soluci\u00f3n\u201d - Noticias Radio Reflejos<\/title>\n<meta name=\"robots\" content=\"index, follow, max-snippet:-1, max-image-preview:large, max-video-preview:-1\" \/>\n<link rel=\"canonical\" href=\"https:\/\/www.noticiasradioreflejos.com.ar\/2021\/especialista-hablo-sobre-bullying-nunca-la-exclusion-puede-ser-la-solucion\/\" \/>\n<meta property=\"og:locale\" content=\"es_ES\" \/>\n<meta property=\"og:type\" content=\"article\" \/>\n<meta property=\"og:title\" content=\"Especialista habl\u00f3 sobre bullying: \u201cNunca la exclusi\u00f3n puede ser la soluci\u00f3n\u201d - Noticias Radio Reflejos\" \/>\n<meta property=\"og:description\" content=\"La psic\u00f3loga Ana Picardi habl\u00f3 con La Br\u00fajula 24 sobre c\u00f3mo deber\u00eda ser el abordaje de situaciones donde se produce un hostigamiento entre pares.\" \/>\n<meta property=\"og:url\" content=\"https:\/\/www.noticiasradioreflejos.com.ar\/2021\/especialista-hablo-sobre-bullying-nunca-la-exclusion-puede-ser-la-solucion\/\" \/>\n<meta property=\"og:site_name\" content=\"Noticias Radio Reflejos\" \/>\n<meta property=\"article:published_time\" content=\"2023-03-21T11:00:04+00:00\" \/>\n<meta property=\"article:modified_time\" content=\"2023-03-21T15:03:12+00:00\" \/>\n<meta property=\"og:image\" content=\"https:\/\/www.noticiasradioreflejos.com.ar\/2021\/wp-content\/uploads\/2023\/03\/ESCUELA-2-Saldungaray.jpg\" \/>\n\t<meta property=\"og:image:width\" content=\"1200\" \/>\n\t<meta property=\"og:image:height\" content=\"747\" \/>\n\t<meta property=\"og:image:type\" content=\"image\/jpeg\" \/>\n<meta name=\"author\" content=\"Arnaldo Botto\" \/>\n<meta name=\"twitter:card\" content=\"summary_large_image\" \/>\n<script type=\"application\/ld+json\" class=\"yoast-schema-graph\">{\"@context\":\"https:\/\/schema.org\",\"@graph\":[{\"@type\":\"WebPage\",\"@id\":\"https:\/\/www.noticiasradioreflejos.com.ar\/2021\/especialista-hablo-sobre-bullying-nunca-la-exclusion-puede-ser-la-solucion\/\",\"url\":\"https:\/\/www.noticiasradioreflejos.com.ar\/2021\/especialista-hablo-sobre-bullying-nunca-la-exclusion-puede-ser-la-solucion\/\",\"name\":\"Especialista habl\u00f3 sobre bullying: \u201cNunca la exclusi\u00f3n puede ser la soluci\u00f3n\u201d - Noticias Radio Reflejos\",\"isPartOf\":{\"@id\":\"https:\/\/www.noticiasradioreflejos.com.ar\/2021\/#website\"},\"primaryImageOfPage\":{\"@id\":\"https:\/\/www.noticiasradioreflejos.com.ar\/2021\/especialista-hablo-sobre-bullying-nunca-la-exclusion-puede-ser-la-solucion\/#primaryimage\"},\"image\":{\"@id\":\"https:\/\/www.noticiasradioreflejos.com.ar\/2021\/especialista-hablo-sobre-bullying-nunca-la-exclusion-puede-ser-la-solucion\/#primaryimage\"},\"thumbnailUrl\":\"https:\/\/www.noticiasradioreflejos.com.ar\/2021\/wp-content\/uploads\/2023\/03\/ESCUELA-2-Saldungaray.jpg\",\"datePublished\":\"2023-03-21T11:00:04+00:00\",\"dateModified\":\"2023-03-21T15:03:12+00:00\",\"author\":{\"@id\":\"https:\/\/www.noticiasradioreflejos.com.ar\/2021\/#\/schema\/person\/ad82545263dcc5ec0996818884fd5fb1\"},\"breadcrumb\":{\"@id\":\"https:\/\/www.noticiasradioreflejos.com.ar\/2021\/especialista-hablo-sobre-bullying-nunca-la-exclusion-puede-ser-la-solucion\/#breadcrumb\"},\"inLanguage\":\"es\",\"potentialAction\":[{\"@type\":\"ReadAction\",\"target\":[\"https:\/\/www.noticiasradioreflejos.com.ar\/2021\/especialista-hablo-sobre-bullying-nunca-la-exclusion-puede-ser-la-solucion\/\"]}]},{\"@type\":\"ImageObject\",\"inLanguage\":\"es\",\"@id\":\"https:\/\/www.noticiasradioreflejos.com.ar\/2021\/especialista-hablo-sobre-bullying-nunca-la-exclusion-puede-ser-la-solucion\/#primaryimage\",\"url\":\"https:\/\/www.noticiasradioreflejos.com.ar\/2021\/wp-content\/uploads\/2023\/03\/ESCUELA-2-Saldungaray.jpg\",\"contentUrl\":\"https:\/\/www.noticiasradioreflejos.com.ar\/2021\/wp-content\/uploads\/2023\/03\/ESCUELA-2-Saldungaray.jpg\",\"width\":1200,\"height\":747},{\"@type\":\"BreadcrumbList\",\"@id\":\"https:\/\/www.noticiasradioreflejos.com.ar\/2021\/especialista-hablo-sobre-bullying-nunca-la-exclusion-puede-ser-la-solucion\/#breadcrumb\",\"itemListElement\":[{\"@type\":\"ListItem\",\"position\":1,\"name\":\"Portada\",\"item\":\"https:\/\/www.noticiasradioreflejos.com.ar\/2021\/\"},{\"@type\":\"ListItem\",\"position\":2,\"name\":\"Especialista habl\u00f3 sobre bullying: \u201cNunca la exclusi\u00f3n puede ser la soluci\u00f3n\u201d\"}]},{\"@type\":\"WebSite\",\"@id\":\"https:\/\/www.noticiasradioreflejos.com.ar\/2021\/#website\",\"url\":\"https:\/\/www.noticiasradioreflejos.com.ar\/2021\/\",\"name\":\"Noticias Radio Reflejos\",\"description\":\"Las noticias de mi comarca\",\"potentialAction\":[{\"@type\":\"SearchAction\",\"target\":{\"@type\":\"EntryPoint\",\"urlTemplate\":\"https:\/\/www.noticiasradioreflejos.com.ar\/2021\/?s={search_term_string}\"},\"query-input\":{\"@type\":\"PropertyValueSpecification\",\"valueRequired\":true,\"valueName\":\"search_term_string\"}}],\"inLanguage\":\"es\"},{\"@type\":\"Person\",\"@id\":\"https:\/\/www.noticiasradioreflejos.com.ar\/2021\/#\/schema\/person\/ad82545263dcc5ec0996818884fd5fb1\",\"name\":\"Arnaldo Botto\",\"image\":{\"@type\":\"ImageObject\",\"inLanguage\":\"es\",\"@id\":\"https:\/\/www.noticiasradioreflejos.com.ar\/2021\/#\/schema\/person\/image\/\",\"url\":\"https:\/\/secure.gravatar.com\/avatar\/55cb5e37c1efa326397366e6974cb338056df65cb50e7d64d1cf314e87504837?s=96&d=mm&r=g\",\"contentUrl\":\"https:\/\/secure.gravatar.com\/avatar\/55cb5e37c1efa326397366e6974cb338056df65cb50e7d64d1cf314e87504837?s=96&d=mm&r=g\",\"caption\":\"Arnaldo Botto\"},\"url\":\"https:\/\/www.noticiasradioreflejos.com.ar\/2021\/author\/arnaldo\/\"}]}<\/script>\n<!-- \/ Yoast SEO plugin. -->","yoast_head_json":{"title":"Especialista habl\u00f3 sobre bullying: \u201cNunca la exclusi\u00f3n puede ser la soluci\u00f3n\u201d - Noticias Radio Reflejos","robots":{"index":"index","follow":"follow","max-snippet":"max-snippet:-1","max-image-preview":"max-image-preview:large","max-video-preview":"max-video-preview:-1"},"canonical":"https:\/\/www.noticiasradioreflejos.com.ar\/2021\/especialista-hablo-sobre-bullying-nunca-la-exclusion-puede-ser-la-solucion\/","og_locale":"es_ES","og_type":"article","og_title":"Especialista habl\u00f3 sobre bullying: \u201cNunca la exclusi\u00f3n puede ser la soluci\u00f3n\u201d - Noticias Radio Reflejos","og_description":"La psic\u00f3loga Ana Picardi habl\u00f3 con La Br\u00fajula 24 sobre c\u00f3mo deber\u00eda ser el abordaje de situaciones donde se produce un hostigamiento entre pares.","og_url":"https:\/\/www.noticiasradioreflejos.com.ar\/2021\/especialista-hablo-sobre-bullying-nunca-la-exclusion-puede-ser-la-solucion\/","og_site_name":"Noticias Radio Reflejos","article_published_time":"2023-03-21T11:00:04+00:00","article_modified_time":"2023-03-21T15:03:12+00:00","og_image":[{"width":1200,"height":747,"url":"https:\/\/www.noticiasradioreflejos.com.ar\/2021\/wp-content\/uploads\/2023\/03\/ESCUELA-2-Saldungaray.jpg","type":"image\/jpeg"}],"author":"Arnaldo Botto","twitter_card":"summary_large_image","schema":{"@context":"https:\/\/schema.org","@graph":[{"@type":"WebPage","@id":"https:\/\/www.noticiasradioreflejos.com.ar\/2021\/especialista-hablo-sobre-bullying-nunca-la-exclusion-puede-ser-la-solucion\/","url":"https:\/\/www.noticiasradioreflejos.com.ar\/2021\/especialista-hablo-sobre-bullying-nunca-la-exclusion-puede-ser-la-solucion\/","name":"Especialista habl\u00f3 sobre bullying: \u201cNunca la exclusi\u00f3n puede ser la soluci\u00f3n\u201d - Noticias Radio Reflejos","isPartOf":{"@id":"https:\/\/www.noticiasradioreflejos.com.ar\/2021\/#website"},"primaryImageOfPage":{"@id":"https:\/\/www.noticiasradioreflejos.com.ar\/2021\/especialista-hablo-sobre-bullying-nunca-la-exclusion-puede-ser-la-solucion\/#primaryimage"},"image":{"@id":"https:\/\/www.noticiasradioreflejos.com.ar\/2021\/especialista-hablo-sobre-bullying-nunca-la-exclusion-puede-ser-la-solucion\/#primaryimage"},"thumbnailUrl":"https:\/\/www.noticiasradioreflejos.com.ar\/2021\/wp-content\/uploads\/2023\/03\/ESCUELA-2-Saldungaray.jpg","datePublished":"2023-03-21T11:00:04+00:00","dateModified":"2023-03-21T15:03:12+00:00","author":{"@id":"https:\/\/www.noticiasradioreflejos.com.ar\/2021\/#\/schema\/person\/ad82545263dcc5ec0996818884fd5fb1"},"breadcrumb":{"@id":"https:\/\/www.noticiasradioreflejos.com.ar\/2021\/especialista-hablo-sobre-bullying-nunca-la-exclusion-puede-ser-la-solucion\/#breadcrumb"},"inLanguage":"es","potentialAction":[{"@type":"ReadAction","target":["https:\/\/www.noticiasradioreflejos.com.ar\/2021\/especialista-hablo-sobre-bullying-nunca-la-exclusion-puede-ser-la-solucion\/"]}]},{"@type":"ImageObject","inLanguage":"es","@id":"https:\/\/www.noticiasradioreflejos.com.ar\/2021\/especialista-hablo-sobre-bullying-nunca-la-exclusion-puede-ser-la-solucion\/#primaryimage","url":"https:\/\/www.noticiasradioreflejos.com.ar\/2021\/wp-content\/uploads\/2023\/03\/ESCUELA-2-Saldungaray.jpg","contentUrl":"https:\/\/www.noticiasradioreflejos.com.ar\/2021\/wp-content\/uploads\/2023\/03\/ESCUELA-2-Saldungaray.jpg","width":1200,"height":747},{"@type":"BreadcrumbList","@id":"https:\/\/www.noticiasradioreflejos.com.ar\/2021\/especialista-hablo-sobre-bullying-nunca-la-exclusion-puede-ser-la-solucion\/#breadcrumb","itemListElement":[{"@type":"ListItem","position":1,"name":"Portada","item":"https:\/\/www.noticiasradioreflejos.com.ar\/2021\/"},{"@type":"ListItem","position":2,"name":"Especialista habl\u00f3 sobre bullying: \u201cNunca la exclusi\u00f3n puede ser la soluci\u00f3n\u201d"}]},{"@type":"WebSite","@id":"https:\/\/www.noticiasradioreflejos.com.ar\/2021\/#website","url":"https:\/\/www.noticiasradioreflejos.com.ar\/2021\/","name":"Noticias Radio Reflejos","description":"Las noticias de mi comarca","potentialAction":[{"@type":"SearchAction","target":{"@type":"EntryPoint","urlTemplate":"https:\/\/www.noticiasradioreflejos.com.ar\/2021\/?s={search_term_string}"},"query-input":{"@type":"PropertyValueSpecification","valueRequired":true,"valueName":"search_term_string"}}],"inLanguage":"es"},{"@type":"Person","@id":"https:\/\/www.noticiasradioreflejos.com.ar\/2021\/#\/schema\/person\/ad82545263dcc5ec0996818884fd5fb1","name":"Arnaldo Botto","image":{"@type":"ImageObject","inLanguage":"es","@id":"https:\/\/www.noticiasradioreflejos.com.ar\/2021\/#\/schema\/person\/image\/","url":"https:\/\/secure.gravatar.com\/avatar\/55cb5e37c1efa326397366e6974cb338056df65cb50e7d64d1cf314e87504837?s=96&d=mm&r=g","contentUrl":"https:\/\/secure.gravatar.com\/avatar\/55cb5e37c1efa326397366e6974cb338056df65cb50e7d64d1cf314e87504837?s=96&d=mm&r=g","caption":"Arnaldo Botto"},"url":"https:\/\/www.noticiasradioreflejos.com.ar\/2021\/author\/arnaldo\/"}]}},"_links":{"self":[{"href":"https:\/\/www.noticiasradioreflejos.com.ar\/2021\/wp-json\/wp\/v2\/posts\/85828","targetHints":{"allow":["GET"]}}],"collection":[{"href":"https:\/\/www.noticiasradioreflejos.com.ar\/2021\/wp-json\/wp\/v2\/posts"}],"about":[{"href":"https:\/\/www.noticiasradioreflejos.com.ar\/2021\/wp-json\/wp\/v2\/types\/post"}],"author":[{"embeddable":true,"href":"https:\/\/www.noticiasradioreflejos.com.ar\/2021\/wp-json\/wp\/v2\/users\/3"}],"replies":[{"embeddable":true,"href":"https:\/\/www.noticiasradioreflejos.com.ar\/2021\/wp-json\/wp\/v2\/comments?post=85828"}],"version-history":[{"count":1,"href":"https:\/\/www.noticiasradioreflejos.com.ar\/2021\/wp-json\/wp\/v2\/posts\/85828\/revisions"}],"predecessor-version":[{"id":85830,"href":"https:\/\/www.noticiasradioreflejos.com.ar\/2021\/wp-json\/wp\/v2\/posts\/85828\/revisions\/85830"}],"wp:featuredmedia":[{"embeddable":true,"href":"https:\/\/www.noticiasradioreflejos.com.ar\/2021\/wp-json\/wp\/v2\/media\/85829"}],"wp:attachment":[{"href":"https:\/\/www.noticiasradioreflejos.com.ar\/2021\/wp-json\/wp\/v2\/media?parent=85828"}],"wp:term":[{"taxonomy":"category","embeddable":true,"href":"https:\/\/www.noticiasradioreflejos.com.ar\/2021\/wp-json\/wp\/v2\/categories?post=85828"},{"taxonomy":"post_tag","embeddable":true,"href":"https:\/\/www.noticiasradioreflejos.com.ar\/2021\/wp-json\/wp\/v2\/tags?post=85828"}],"curies":[{"name":"wp","href":"https:\/\/api.w.org\/{rel}","templated":true}]}}