{"id":85826,"date":"2023-03-21T10:45:24","date_gmt":"2023-03-21T10:45:24","guid":{"rendered":"https:\/\/www.noticiasradioreflejos.com.ar\/2021\/?p=85826"},"modified":"2023-03-21T10:45:24","modified_gmt":"2023-03-21T10:45:24","slug":"hace-38-anos-raul-alfonsin-se-le-plantaba-a-ronald-reagan","status":"publish","type":"post","link":"https:\/\/www.noticiasradioreflejos.com.ar\/2021\/hace-38-anos-raul-alfonsin-se-le-plantaba-a-ronald-reagan\/","title":{"rendered":"Hace 38 a\u00f1os Ra\u00fal Alfons\u00edn se le plantaba a Ronald Reagan."},"content":{"rendered":"<p>El 21 de Marzo de 1985 el presidente Ra\u00fal Alfons\u00edn visit\u00f3 los EEUU donde fue recibido por su par Ronald Reagan en los jardines de la Casa Blanca.<!--more--><br \/>\nEn el discurso de bienvenida el presidente anfitri\u00f3n desliz\u00f3 que \u00ablos que ayudan a nuestros enemigos, son tambi\u00e9n nuestros enemigos\u00bb mientras el Presidente Argentino escuchaba atentamente.<br \/>\nAl momento de hablar Ra\u00fal Alfons\u00edn, no dudo en responder expresando sus convicciones, que no eran otras que los principios hist\u00f3ricos de la UCR, donde no existe sumisi\u00f3n, alineamiento autom\u00e1tico, ni relaciones carnales sino el principio b\u00e1sico heredado de los hombres que forjaron la revoluci\u00f3n de mayo donde respetamos la dignidad del hombre y de los pueblos para que con autodeterminaci\u00f3n decidan su futuro.<br \/>\nEntre otras cosas le dijo a Reagan en la cara:\u00bbAl lado de la esperanza est\u00e1 el temor de Am\u00e9rica Latina. El temor que nace de comprender que hay expectativas insatisfechas en los pueblos. Las democracias han heredado cargas muy pesadas en el orden econ\u00f3mico. Una deuda que en mi pa\u00eds llega a los 50.000 millones de d\u00f3lares y en Am\u00e9rica latina en su conjunto est\u00e1 en alrededor de 400.000 millones de d\u00f3lares\u00bb y sigui\u00f3 \u00abNo podemos hacer que los ajustes recaigan sobre los que menos tienen, el problema de los pa\u00edses desarrollados, donde los sectores del trabajo reciben m\u00e1s del 50 por ciento del ingreso nacional, es diferente a nuestros pa\u00edses donde no llegan al 40 por ciento\u00bb.<br \/>\nEn esos a\u00f1os EEUU apoyaba a los \u00abcontra\u00bb militar y econ\u00f3micamente por considerar al gobierno de Nicaragua como enemigo, por ser un riesgo a su seguridad Nacional, Alfons\u00edn recogi\u00f3 el guante y dijo:<br \/>\n\u00abVamos a hablar dos presidentes elegidos por la voluntad de nuestros pueblos. Vamos a tocar sin duda, los temas bilaterales y tambi\u00e9n los que hacen a nuestro continente en su conjunto y no estar\u00e1 ajeno a nuestro di\u00e1logo el tema de Am\u00e9rica central o Nicaragua\u00bb.<br \/>\nY continu\u00f3: \u00abEstoy convencido de que a trav\u00e9s del di\u00e1logo se podr\u00e1n encontrar f\u00f3rmulas de paz, que sobre la base del respeto al principio que hace al derecho consuetudinario americano de la no intervenci\u00f3n, nos den la posibilidad de lograr un triunfo en las ideas de la democracia y el pluralismo de la democracia, sin injerencias extra continentales y afirmando desde luego, al libertad del hombre\u00bb<br \/>\nLamentablemente para nuestro pa\u00eds, no surgieron estadistas como Ra\u00fal Alfons\u00edn, que se ocup\u00f3 de advertir sobre todo a los j\u00f3venes que siguieran ideas y no personas, lo que sin duda,agiganta a trav\u00e9s del tiempo su figura. La derrota de la UCR en 1989, la mala praxis pol\u00edtica que se extendi\u00f3 como una mancha de aceite a todos los partidos, fue y es la resultante de una derrota cultural frente al brutal avance de una rara mezcla entre mediocridad y corrupci\u00f3n que nos ubica en una realidad despreciable: as\u00ed nos va&#8230;<\/p>\n<p><strong>FABIO ABRAHAM<\/strong><br \/>\n<strong>Ex Secretario de Gobierno<\/strong><br \/>\n<strong>Concejal UCR (MC)<\/strong><br \/>\n<strong>Lomas de Zamora<\/strong><br \/>\n<strong>fabioabraham@hotmail.com.ar<\/strong><\/p>\n","protected":false},"excerpt":{"rendered":"<p>El 21 de Marzo de 1985 el presidente Ra\u00fal Alfons\u00edn visit\u00f3 los EEUU donde fue recibido por su par Ronald Reagan en los jardines de la Casa Blanca.<\/p>\n","protected":false},"author":3,"featured_media":0,"comment_status":"closed","ping_status":"closed","sticky":false,"template":"","format":"standard","meta":{"footnotes":""},"categories":[24],"tags":[],"class_list":["post-85826","post","type-post","status-publish","format-standard","hentry","category-politica"],"yoast_head":"<!-- This site is optimized with the Yoast SEO plugin v25.9 - https:\/\/yoast.com\/wordpress\/plugins\/seo\/ -->\n<title>Hace 38 a\u00f1os Ra\u00fal Alfons\u00edn se le plantaba a Ronald Reagan. - Noticias Radio Reflejos<\/title>\n<meta name=\"robots\" content=\"index, follow, max-snippet:-1, max-image-preview:large, max-video-preview:-1\" \/>\n<link rel=\"canonical\" href=\"https:\/\/www.noticiasradioreflejos.com.ar\/2021\/hace-38-anos-raul-alfonsin-se-le-plantaba-a-ronald-reagan\/\" \/>\n<meta property=\"og:locale\" content=\"es_ES\" \/>\n<meta property=\"og:type\" content=\"article\" \/>\n<meta property=\"og:title\" content=\"Hace 38 a\u00f1os Ra\u00fal Alfons\u00edn se le plantaba a Ronald Reagan. - Noticias Radio Reflejos\" \/>\n<meta property=\"og:description\" content=\"El 21 de Marzo de 1985 el presidente Ra\u00fal Alfons\u00edn visit\u00f3 los EEUU donde fue recibido por su par Ronald Reagan en los jardines de la Casa Blanca.\" \/>\n<meta property=\"og:url\" content=\"https:\/\/www.noticiasradioreflejos.com.ar\/2021\/hace-38-anos-raul-alfonsin-se-le-plantaba-a-ronald-reagan\/\" \/>\n<meta property=\"og:site_name\" content=\"Noticias Radio Reflejos\" \/>\n<meta property=\"article:published_time\" content=\"2023-03-21T10:45:24+00:00\" \/>\n<meta property=\"og:image\" content=\"https:\/\/www.noticiasradioreflejos.com.ar\/2021\/wp-content\/uploads\/2018\/04\/carta_lector_1.jpg\" \/>\n\t<meta property=\"og:image:width\" content=\"935\" \/>\n\t<meta property=\"og:image:height\" content=\"595\" \/>\n\t<meta property=\"og:image:type\" content=\"image\/jpeg\" \/>\n<meta name=\"author\" content=\"Arnaldo Botto\" \/>\n<meta name=\"twitter:card\" content=\"summary_large_image\" \/>\n<script type=\"application\/ld+json\" class=\"yoast-schema-graph\">{\"@context\":\"https:\/\/schema.org\",\"@graph\":[{\"@type\":\"WebPage\",\"@id\":\"https:\/\/www.noticiasradioreflejos.com.ar\/2021\/hace-38-anos-raul-alfonsin-se-le-plantaba-a-ronald-reagan\/\",\"url\":\"https:\/\/www.noticiasradioreflejos.com.ar\/2021\/hace-38-anos-raul-alfonsin-se-le-plantaba-a-ronald-reagan\/\",\"name\":\"Hace 38 a\u00f1os Ra\u00fal Alfons\u00edn se le plantaba a Ronald Reagan. - Noticias Radio Reflejos\",\"isPartOf\":{\"@id\":\"https:\/\/www.noticiasradioreflejos.com.ar\/2021\/#website\"},\"datePublished\":\"2023-03-21T10:45:24+00:00\",\"author\":{\"@id\":\"https:\/\/www.noticiasradioreflejos.com.ar\/2021\/#\/schema\/person\/ad82545263dcc5ec0996818884fd5fb1\"},\"breadcrumb\":{\"@id\":\"https:\/\/www.noticiasradioreflejos.com.ar\/2021\/hace-38-anos-raul-alfonsin-se-le-plantaba-a-ronald-reagan\/#breadcrumb\"},\"inLanguage\":\"es\",\"potentialAction\":[{\"@type\":\"ReadAction\",\"target\":[\"https:\/\/www.noticiasradioreflejos.com.ar\/2021\/hace-38-anos-raul-alfonsin-se-le-plantaba-a-ronald-reagan\/\"]}]},{\"@type\":\"BreadcrumbList\",\"@id\":\"https:\/\/www.noticiasradioreflejos.com.ar\/2021\/hace-38-anos-raul-alfonsin-se-le-plantaba-a-ronald-reagan\/#breadcrumb\",\"itemListElement\":[{\"@type\":\"ListItem\",\"position\":1,\"name\":\"Portada\",\"item\":\"https:\/\/www.noticiasradioreflejos.com.ar\/2021\/\"},{\"@type\":\"ListItem\",\"position\":2,\"name\":\"Hace 38 a\u00f1os Ra\u00fal Alfons\u00edn se le plantaba a Ronald Reagan.\"}]},{\"@type\":\"WebSite\",\"@id\":\"https:\/\/www.noticiasradioreflejos.com.ar\/2021\/#website\",\"url\":\"https:\/\/www.noticiasradioreflejos.com.ar\/2021\/\",\"name\":\"Noticias Radio Reflejos\",\"description\":\"Las noticias de mi comarca\",\"potentialAction\":[{\"@type\":\"SearchAction\",\"target\":{\"@type\":\"EntryPoint\",\"urlTemplate\":\"https:\/\/www.noticiasradioreflejos.com.ar\/2021\/?s={search_term_string}\"},\"query-input\":{\"@type\":\"PropertyValueSpecification\",\"valueRequired\":true,\"valueName\":\"search_term_string\"}}],\"inLanguage\":\"es\"},{\"@type\":\"Person\",\"@id\":\"https:\/\/www.noticiasradioreflejos.com.ar\/2021\/#\/schema\/person\/ad82545263dcc5ec0996818884fd5fb1\",\"name\":\"Arnaldo Botto\",\"image\":{\"@type\":\"ImageObject\",\"inLanguage\":\"es\",\"@id\":\"https:\/\/www.noticiasradioreflejos.com.ar\/2021\/#\/schema\/person\/image\/\",\"url\":\"https:\/\/secure.gravatar.com\/avatar\/55cb5e37c1efa326397366e6974cb338056df65cb50e7d64d1cf314e87504837?s=96&d=mm&r=g\",\"contentUrl\":\"https:\/\/secure.gravatar.com\/avatar\/55cb5e37c1efa326397366e6974cb338056df65cb50e7d64d1cf314e87504837?s=96&d=mm&r=g\",\"caption\":\"Arnaldo Botto\"},\"url\":\"https:\/\/www.noticiasradioreflejos.com.ar\/2021\/author\/arnaldo\/\"}]}<\/script>\n<!-- \/ Yoast SEO plugin. -->","yoast_head_json":{"title":"Hace 38 a\u00f1os Ra\u00fal Alfons\u00edn se le plantaba a Ronald Reagan. - Noticias Radio Reflejos","robots":{"index":"index","follow":"follow","max-snippet":"max-snippet:-1","max-image-preview":"max-image-preview:large","max-video-preview":"max-video-preview:-1"},"canonical":"https:\/\/www.noticiasradioreflejos.com.ar\/2021\/hace-38-anos-raul-alfonsin-se-le-plantaba-a-ronald-reagan\/","og_locale":"es_ES","og_type":"article","og_title":"Hace 38 a\u00f1os Ra\u00fal Alfons\u00edn se le plantaba a Ronald Reagan. - Noticias Radio Reflejos","og_description":"El 21 de Marzo de 1985 el presidente Ra\u00fal Alfons\u00edn visit\u00f3 los EEUU donde fue recibido por su par Ronald Reagan en los jardines de la Casa Blanca.","og_url":"https:\/\/www.noticiasradioreflejos.com.ar\/2021\/hace-38-anos-raul-alfonsin-se-le-plantaba-a-ronald-reagan\/","og_site_name":"Noticias Radio Reflejos","article_published_time":"2023-03-21T10:45:24+00:00","og_image":[{"width":935,"height":595,"url":"https:\/\/www.noticiasradioreflejos.com.ar\/2021\/wp-content\/uploads\/2018\/04\/carta_lector_1.jpg","type":"image\/jpeg"}],"author":"Arnaldo Botto","twitter_card":"summary_large_image","schema":{"@context":"https:\/\/schema.org","@graph":[{"@type":"WebPage","@id":"https:\/\/www.noticiasradioreflejos.com.ar\/2021\/hace-38-anos-raul-alfonsin-se-le-plantaba-a-ronald-reagan\/","url":"https:\/\/www.noticiasradioreflejos.com.ar\/2021\/hace-38-anos-raul-alfonsin-se-le-plantaba-a-ronald-reagan\/","name":"Hace 38 a\u00f1os Ra\u00fal Alfons\u00edn se le plantaba a Ronald Reagan. - Noticias Radio Reflejos","isPartOf":{"@id":"https:\/\/www.noticiasradioreflejos.com.ar\/2021\/#website"},"datePublished":"2023-03-21T10:45:24+00:00","author":{"@id":"https:\/\/www.noticiasradioreflejos.com.ar\/2021\/#\/schema\/person\/ad82545263dcc5ec0996818884fd5fb1"},"breadcrumb":{"@id":"https:\/\/www.noticiasradioreflejos.com.ar\/2021\/hace-38-anos-raul-alfonsin-se-le-plantaba-a-ronald-reagan\/#breadcrumb"},"inLanguage":"es","potentialAction":[{"@type":"ReadAction","target":["https:\/\/www.noticiasradioreflejos.com.ar\/2021\/hace-38-anos-raul-alfonsin-se-le-plantaba-a-ronald-reagan\/"]}]},{"@type":"BreadcrumbList","@id":"https:\/\/www.noticiasradioreflejos.com.ar\/2021\/hace-38-anos-raul-alfonsin-se-le-plantaba-a-ronald-reagan\/#breadcrumb","itemListElement":[{"@type":"ListItem","position":1,"name":"Portada","item":"https:\/\/www.noticiasradioreflejos.com.ar\/2021\/"},{"@type":"ListItem","position":2,"name":"Hace 38 a\u00f1os Ra\u00fal Alfons\u00edn se le plantaba a Ronald Reagan."}]},{"@type":"WebSite","@id":"https:\/\/www.noticiasradioreflejos.com.ar\/2021\/#website","url":"https:\/\/www.noticiasradioreflejos.com.ar\/2021\/","name":"Noticias Radio Reflejos","description":"Las noticias de mi comarca","potentialAction":[{"@type":"SearchAction","target":{"@type":"EntryPoint","urlTemplate":"https:\/\/www.noticiasradioreflejos.com.ar\/2021\/?s={search_term_string}"},"query-input":{"@type":"PropertyValueSpecification","valueRequired":true,"valueName":"search_term_string"}}],"inLanguage":"es"},{"@type":"Person","@id":"https:\/\/www.noticiasradioreflejos.com.ar\/2021\/#\/schema\/person\/ad82545263dcc5ec0996818884fd5fb1","name":"Arnaldo Botto","image":{"@type":"ImageObject","inLanguage":"es","@id":"https:\/\/www.noticiasradioreflejos.com.ar\/2021\/#\/schema\/person\/image\/","url":"https:\/\/secure.gravatar.com\/avatar\/55cb5e37c1efa326397366e6974cb338056df65cb50e7d64d1cf314e87504837?s=96&d=mm&r=g","contentUrl":"https:\/\/secure.gravatar.com\/avatar\/55cb5e37c1efa326397366e6974cb338056df65cb50e7d64d1cf314e87504837?s=96&d=mm&r=g","caption":"Arnaldo Botto"},"url":"https:\/\/www.noticiasradioreflejos.com.ar\/2021\/author\/arnaldo\/"}]}},"_links":{"self":[{"href":"https:\/\/www.noticiasradioreflejos.com.ar\/2021\/wp-json\/wp\/v2\/posts\/85826","targetHints":{"allow":["GET"]}}],"collection":[{"href":"https:\/\/www.noticiasradioreflejos.com.ar\/2021\/wp-json\/wp\/v2\/posts"}],"about":[{"href":"https:\/\/www.noticiasradioreflejos.com.ar\/2021\/wp-json\/wp\/v2\/types\/post"}],"author":[{"embeddable":true,"href":"https:\/\/www.noticiasradioreflejos.com.ar\/2021\/wp-json\/wp\/v2\/users\/3"}],"replies":[{"embeddable":true,"href":"https:\/\/www.noticiasradioreflejos.com.ar\/2021\/wp-json\/wp\/v2\/comments?post=85826"}],"version-history":[{"count":1,"href":"https:\/\/www.noticiasradioreflejos.com.ar\/2021\/wp-json\/wp\/v2\/posts\/85826\/revisions"}],"predecessor-version":[{"id":85827,"href":"https:\/\/www.noticiasradioreflejos.com.ar\/2021\/wp-json\/wp\/v2\/posts\/85826\/revisions\/85827"}],"wp:attachment":[{"href":"https:\/\/www.noticiasradioreflejos.com.ar\/2021\/wp-json\/wp\/v2\/media?parent=85826"}],"wp:term":[{"taxonomy":"category","embeddable":true,"href":"https:\/\/www.noticiasradioreflejos.com.ar\/2021\/wp-json\/wp\/v2\/categories?post=85826"},{"taxonomy":"post_tag","embeddable":true,"href":"https:\/\/www.noticiasradioreflejos.com.ar\/2021\/wp-json\/wp\/v2\/tags?post=85826"}],"curies":[{"name":"wp","href":"https:\/\/api.w.org\/{rel}","templated":true}]}}