{"id":85823,"date":"2023-03-21T10:38:35","date_gmt":"2023-03-21T10:38:35","guid":{"rendered":"https:\/\/www.noticiasradioreflejos.com.ar\/2021\/?p=85823"},"modified":"2023-03-21T10:38:35","modified_gmt":"2023-03-21T10:38:35","slug":"actualidad-del-polo-ecologico-chasico","status":"publish","type":"post","link":"https:\/\/www.noticiasradioreflejos.com.ar\/2021\/actualidad-del-polo-ecologico-chasico\/","title":{"rendered":"Actualidad del Polo Ecol\u00f3gico Chasic\u00f3."},"content":{"rendered":"<p>El Polo Ecol\u00f3gico Chasic\u00f3 es un emprendimiento que naci\u00f3 desde la propia comunidad y se basa en los valores de la energ\u00eda renovable, la producci\u00f3n sustentable y la generaci\u00f3n de oportunidades para la comunidad.<!--more--><\/p>\n<p><a title=\"Polo chasic\u00f3 (3)\" href=\"https:\/\/www.flickr.com\/photos\/182279889@N02\/52762020888\/in\/dateposted-public\/\" data-flickr-embed=\"true\"><img loading=\"lazy\" decoding=\"async\" src=\"https:\/\/live.staticflickr.com\/65535\/52762020888_00af50abd1_c.jpg\" alt=\"Polo chasic\u00f3 (3)\" width=\"800\" height=\"450\" \/><\/a><script async src=\"\/\/embedr.flickr.com\/assets\/client-code.js\" charset=\"utf-8\"><\/script><\/p>\n<p>En el 2017 el proyecto gan\u00f3 un concurso de energ\u00edas renovables del Sudoeste Bonaerense, pensado en su inicio como una oportunidad para que los j\u00f3venes del pueblo puedan desarrollar su vida en Chasic\u00f3 y evitar el desarraigo.<\/p>\n<p>En Se Nos Viene La Noche para FM Reflejos, dialogamos con el docente Daniel Bast\u00e1n ,t\u00e9cnico electr\u00f3nico uno de los creadores del proyecto para conocer detalles del mismo.<\/p>\n<p>Daniel nos cont\u00f3 que actualmente tienen una importante inversi\u00f3n en equipamiento comprado pero aun no cuentan con lugar f\u00edsico para funcionar, teniendo como anhelo poder realizarlo en tierras pertenecientes al Ferrocarril en Chasico.<\/p>\n<p>El proyecto contempla como resultado final la producci\u00f3n de bio gas, hongos, y unidades modulares productivas en un Polo Ecol\u00f3gico junto a otros emprendedores afines.<\/p>\n<p><iframe loading=\"lazy\" title=\"POLO ECOL\u00d3GICO CHASIC\u00d3 - DANIEL BAST\u00c1N\" src=\"https:\/\/www.youtube.com\/embed\/R5jOH43qJwI\" width=\"881\" height=\"493\" frameborder=\"0\" allowfullscreen=\"allowfullscreen\"><\/iframe><\/p>\n<p><strong>Por Mat\u00edas Ercoli.<\/strong><\/p>\n","protected":false},"excerpt":{"rendered":"<p>El Polo Ecol\u00f3gico Chasic\u00f3 es un emprendimiento que naci\u00f3 desde la propia comunidad y se basa en los valores de la energ\u00eda renovable, la producci\u00f3n sustentable y la generaci\u00f3n de oportunidades para la comunidad.<\/p>\n","protected":false},"author":3,"featured_media":0,"comment_status":"closed","ping_status":"closed","sticky":false,"template":"","format":"standard","meta":{"footnotes":""},"categories":[60,26],"tags":[],"class_list":["post-85823","post","type-post","status-publish","format-standard","hentry","category-programas-radiales","category-sociedad"],"yoast_head":"<!-- This site is optimized with the Yoast SEO plugin v25.9 - https:\/\/yoast.com\/wordpress\/plugins\/seo\/ -->\n<title>Actualidad del Polo Ecol\u00f3gico Chasic\u00f3. - Noticias Radio Reflejos<\/title>\n<meta name=\"robots\" content=\"index, follow, max-snippet:-1, max-image-preview:large, max-video-preview:-1\" \/>\n<link rel=\"canonical\" href=\"https:\/\/www.noticiasradioreflejos.com.ar\/2021\/actualidad-del-polo-ecologico-chasico\/\" \/>\n<meta property=\"og:locale\" content=\"es_ES\" \/>\n<meta property=\"og:type\" content=\"article\" \/>\n<meta property=\"og:title\" content=\"Actualidad del Polo Ecol\u00f3gico Chasic\u00f3. - Noticias Radio Reflejos\" \/>\n<meta property=\"og:description\" content=\"El Polo Ecol\u00f3gico Chasic\u00f3 es un emprendimiento que naci\u00f3 desde la propia comunidad y se basa en los valores de la energ\u00eda renovable, la producci\u00f3n sustentable y la generaci\u00f3n de oportunidades para la comunidad.\" \/>\n<meta property=\"og:url\" content=\"https:\/\/www.noticiasradioreflejos.com.ar\/2021\/actualidad-del-polo-ecologico-chasico\/\" \/>\n<meta property=\"og:site_name\" content=\"Noticias Radio Reflejos\" \/>\n<meta property=\"article:published_time\" content=\"2023-03-21T10:38:35+00:00\" \/>\n<meta property=\"og:image\" content=\"https:\/\/live.staticflickr.com\/65535\/52762020888_00af50abd1_c.jpg\" \/>\n<meta name=\"author\" content=\"Arnaldo Botto\" \/>\n<meta name=\"twitter:card\" content=\"summary_large_image\" \/>\n<script type=\"application\/ld+json\" class=\"yoast-schema-graph\">{\"@context\":\"https:\/\/schema.org\",\"@graph\":[{\"@type\":\"WebPage\",\"@id\":\"https:\/\/www.noticiasradioreflejos.com.ar\/2021\/actualidad-del-polo-ecologico-chasico\/\",\"url\":\"https:\/\/www.noticiasradioreflejos.com.ar\/2021\/actualidad-del-polo-ecologico-chasico\/\",\"name\":\"Actualidad del Polo Ecol\u00f3gico Chasic\u00f3. - Noticias Radio Reflejos\",\"isPartOf\":{\"@id\":\"https:\/\/www.noticiasradioreflejos.com.ar\/2021\/#website\"},\"primaryImageOfPage\":{\"@id\":\"https:\/\/www.noticiasradioreflejos.com.ar\/2021\/actualidad-del-polo-ecologico-chasico\/#primaryimage\"},\"image\":{\"@id\":\"https:\/\/www.noticiasradioreflejos.com.ar\/2021\/actualidad-del-polo-ecologico-chasico\/#primaryimage\"},\"thumbnailUrl\":\"https:\/\/live.staticflickr.com\/65535\/52762020888_00af50abd1_c.jpg\",\"datePublished\":\"2023-03-21T10:38:35+00:00\",\"author\":{\"@id\":\"https:\/\/www.noticiasradioreflejos.com.ar\/2021\/#\/schema\/person\/ad82545263dcc5ec0996818884fd5fb1\"},\"breadcrumb\":{\"@id\":\"https:\/\/www.noticiasradioreflejos.com.ar\/2021\/actualidad-del-polo-ecologico-chasico\/#breadcrumb\"},\"inLanguage\":\"es\",\"potentialAction\":[{\"@type\":\"ReadAction\",\"target\":[\"https:\/\/www.noticiasradioreflejos.com.ar\/2021\/actualidad-del-polo-ecologico-chasico\/\"]}]},{\"@type\":\"ImageObject\",\"inLanguage\":\"es\",\"@id\":\"https:\/\/www.noticiasradioreflejos.com.ar\/2021\/actualidad-del-polo-ecologico-chasico\/#primaryimage\",\"url\":\"https:\/\/live.staticflickr.com\/65535\/52762020888_00af50abd1_c.jpg\",\"contentUrl\":\"https:\/\/live.staticflickr.com\/65535\/52762020888_00af50abd1_c.jpg\"},{\"@type\":\"BreadcrumbList\",\"@id\":\"https:\/\/www.noticiasradioreflejos.com.ar\/2021\/actualidad-del-polo-ecologico-chasico\/#breadcrumb\",\"itemListElement\":[{\"@type\":\"ListItem\",\"position\":1,\"name\":\"Portada\",\"item\":\"https:\/\/www.noticiasradioreflejos.com.ar\/2021\/\"},{\"@type\":\"ListItem\",\"position\":2,\"name\":\"Actualidad del Polo Ecol\u00f3gico Chasic\u00f3.\"}]},{\"@type\":\"WebSite\",\"@id\":\"https:\/\/www.noticiasradioreflejos.com.ar\/2021\/#website\",\"url\":\"https:\/\/www.noticiasradioreflejos.com.ar\/2021\/\",\"name\":\"Noticias Radio Reflejos\",\"description\":\"Las noticias de mi comarca\",\"potentialAction\":[{\"@type\":\"SearchAction\",\"target\":{\"@type\":\"EntryPoint\",\"urlTemplate\":\"https:\/\/www.noticiasradioreflejos.com.ar\/2021\/?s={search_term_string}\"},\"query-input\":{\"@type\":\"PropertyValueSpecification\",\"valueRequired\":true,\"valueName\":\"search_term_string\"}}],\"inLanguage\":\"es\"},{\"@type\":\"Person\",\"@id\":\"https:\/\/www.noticiasradioreflejos.com.ar\/2021\/#\/schema\/person\/ad82545263dcc5ec0996818884fd5fb1\",\"name\":\"Arnaldo Botto\",\"image\":{\"@type\":\"ImageObject\",\"inLanguage\":\"es\",\"@id\":\"https:\/\/www.noticiasradioreflejos.com.ar\/2021\/#\/schema\/person\/image\/\",\"url\":\"https:\/\/secure.gravatar.com\/avatar\/55cb5e37c1efa326397366e6974cb338056df65cb50e7d64d1cf314e87504837?s=96&d=mm&r=g\",\"contentUrl\":\"https:\/\/secure.gravatar.com\/avatar\/55cb5e37c1efa326397366e6974cb338056df65cb50e7d64d1cf314e87504837?s=96&d=mm&r=g\",\"caption\":\"Arnaldo Botto\"},\"url\":\"https:\/\/www.noticiasradioreflejos.com.ar\/2021\/author\/arnaldo\/\"}]}<\/script>\n<!-- \/ Yoast SEO plugin. -->","yoast_head_json":{"title":"Actualidad del Polo Ecol\u00f3gico Chasic\u00f3. - Noticias Radio Reflejos","robots":{"index":"index","follow":"follow","max-snippet":"max-snippet:-1","max-image-preview":"max-image-preview:large","max-video-preview":"max-video-preview:-1"},"canonical":"https:\/\/www.noticiasradioreflejos.com.ar\/2021\/actualidad-del-polo-ecologico-chasico\/","og_locale":"es_ES","og_type":"article","og_title":"Actualidad del Polo Ecol\u00f3gico Chasic\u00f3. - Noticias Radio Reflejos","og_description":"El Polo Ecol\u00f3gico Chasic\u00f3 es un emprendimiento que naci\u00f3 desde la propia comunidad y se basa en los valores de la energ\u00eda renovable, la producci\u00f3n sustentable y la generaci\u00f3n de oportunidades para la comunidad.","og_url":"https:\/\/www.noticiasradioreflejos.com.ar\/2021\/actualidad-del-polo-ecologico-chasico\/","og_site_name":"Noticias Radio Reflejos","article_published_time":"2023-03-21T10:38:35+00:00","og_image":[{"url":"https:\/\/live.staticflickr.com\/65535\/52762020888_00af50abd1_c.jpg","type":"","width":"","height":""}],"author":"Arnaldo Botto","twitter_card":"summary_large_image","schema":{"@context":"https:\/\/schema.org","@graph":[{"@type":"WebPage","@id":"https:\/\/www.noticiasradioreflejos.com.ar\/2021\/actualidad-del-polo-ecologico-chasico\/","url":"https:\/\/www.noticiasradioreflejos.com.ar\/2021\/actualidad-del-polo-ecologico-chasico\/","name":"Actualidad del Polo Ecol\u00f3gico Chasic\u00f3. - Noticias Radio Reflejos","isPartOf":{"@id":"https:\/\/www.noticiasradioreflejos.com.ar\/2021\/#website"},"primaryImageOfPage":{"@id":"https:\/\/www.noticiasradioreflejos.com.ar\/2021\/actualidad-del-polo-ecologico-chasico\/#primaryimage"},"image":{"@id":"https:\/\/www.noticiasradioreflejos.com.ar\/2021\/actualidad-del-polo-ecologico-chasico\/#primaryimage"},"thumbnailUrl":"https:\/\/live.staticflickr.com\/65535\/52762020888_00af50abd1_c.jpg","datePublished":"2023-03-21T10:38:35+00:00","author":{"@id":"https:\/\/www.noticiasradioreflejos.com.ar\/2021\/#\/schema\/person\/ad82545263dcc5ec0996818884fd5fb1"},"breadcrumb":{"@id":"https:\/\/www.noticiasradioreflejos.com.ar\/2021\/actualidad-del-polo-ecologico-chasico\/#breadcrumb"},"inLanguage":"es","potentialAction":[{"@type":"ReadAction","target":["https:\/\/www.noticiasradioreflejos.com.ar\/2021\/actualidad-del-polo-ecologico-chasico\/"]}]},{"@type":"ImageObject","inLanguage":"es","@id":"https:\/\/www.noticiasradioreflejos.com.ar\/2021\/actualidad-del-polo-ecologico-chasico\/#primaryimage","url":"https:\/\/live.staticflickr.com\/65535\/52762020888_00af50abd1_c.jpg","contentUrl":"https:\/\/live.staticflickr.com\/65535\/52762020888_00af50abd1_c.jpg"},{"@type":"BreadcrumbList","@id":"https:\/\/www.noticiasradioreflejos.com.ar\/2021\/actualidad-del-polo-ecologico-chasico\/#breadcrumb","itemListElement":[{"@type":"ListItem","position":1,"name":"Portada","item":"https:\/\/www.noticiasradioreflejos.com.ar\/2021\/"},{"@type":"ListItem","position":2,"name":"Actualidad del Polo Ecol\u00f3gico Chasic\u00f3."}]},{"@type":"WebSite","@id":"https:\/\/www.noticiasradioreflejos.com.ar\/2021\/#website","url":"https:\/\/www.noticiasradioreflejos.com.ar\/2021\/","name":"Noticias Radio Reflejos","description":"Las noticias de mi comarca","potentialAction":[{"@type":"SearchAction","target":{"@type":"EntryPoint","urlTemplate":"https:\/\/www.noticiasradioreflejos.com.ar\/2021\/?s={search_term_string}"},"query-input":{"@type":"PropertyValueSpecification","valueRequired":true,"valueName":"search_term_string"}}],"inLanguage":"es"},{"@type":"Person","@id":"https:\/\/www.noticiasradioreflejos.com.ar\/2021\/#\/schema\/person\/ad82545263dcc5ec0996818884fd5fb1","name":"Arnaldo Botto","image":{"@type":"ImageObject","inLanguage":"es","@id":"https:\/\/www.noticiasradioreflejos.com.ar\/2021\/#\/schema\/person\/image\/","url":"https:\/\/secure.gravatar.com\/avatar\/55cb5e37c1efa326397366e6974cb338056df65cb50e7d64d1cf314e87504837?s=96&d=mm&r=g","contentUrl":"https:\/\/secure.gravatar.com\/avatar\/55cb5e37c1efa326397366e6974cb338056df65cb50e7d64d1cf314e87504837?s=96&d=mm&r=g","caption":"Arnaldo Botto"},"url":"https:\/\/www.noticiasradioreflejos.com.ar\/2021\/author\/arnaldo\/"}]}},"_links":{"self":[{"href":"https:\/\/www.noticiasradioreflejos.com.ar\/2021\/wp-json\/wp\/v2\/posts\/85823","targetHints":{"allow":["GET"]}}],"collection":[{"href":"https:\/\/www.noticiasradioreflejos.com.ar\/2021\/wp-json\/wp\/v2\/posts"}],"about":[{"href":"https:\/\/www.noticiasradioreflejos.com.ar\/2021\/wp-json\/wp\/v2\/types\/post"}],"author":[{"embeddable":true,"href":"https:\/\/www.noticiasradioreflejos.com.ar\/2021\/wp-json\/wp\/v2\/users\/3"}],"replies":[{"embeddable":true,"href":"https:\/\/www.noticiasradioreflejos.com.ar\/2021\/wp-json\/wp\/v2\/comments?post=85823"}],"version-history":[{"count":1,"href":"https:\/\/www.noticiasradioreflejos.com.ar\/2021\/wp-json\/wp\/v2\/posts\/85823\/revisions"}],"predecessor-version":[{"id":85825,"href":"https:\/\/www.noticiasradioreflejos.com.ar\/2021\/wp-json\/wp\/v2\/posts\/85823\/revisions\/85825"}],"wp:attachment":[{"href":"https:\/\/www.noticiasradioreflejos.com.ar\/2021\/wp-json\/wp\/v2\/media?parent=85823"}],"wp:term":[{"taxonomy":"category","embeddable":true,"href":"https:\/\/www.noticiasradioreflejos.com.ar\/2021\/wp-json\/wp\/v2\/categories?post=85823"},{"taxonomy":"post_tag","embeddable":true,"href":"https:\/\/www.noticiasradioreflejos.com.ar\/2021\/wp-json\/wp\/v2\/tags?post=85823"}],"curies":[{"name":"wp","href":"https:\/\/api.w.org\/{rel}","templated":true}]}}