{"id":85819,"date":"2023-03-20T19:51:29","date_gmt":"2023-03-20T19:51:29","guid":{"rendered":"https:\/\/www.noticiasradioreflejos.com.ar\/2021\/?p=85819"},"modified":"2023-03-20T19:51:29","modified_gmt":"2023-03-20T19:51:29","slug":"explota-un-sobre-bomba-en-un-canal-de-tv-de-ecuador-y-encuentran-otro-en-una-segunda-emisora","status":"publish","type":"post","link":"https:\/\/www.noticiasradioreflejos.com.ar\/2021\/explota-un-sobre-bomba-en-un-canal-de-tv-de-ecuador-y-encuentran-otro-en-una-segunda-emisora\/","title":{"rendered":"Explota un \u00absobre bomba\u00bb en un canal de TV de Ecuador y encuentran otro en una segunda emisora"},"content":{"rendered":"<p>Un \u00absobre bomba\u00bb deton\u00f3 hoy dentro de un canal de televisi\u00f3n de Ecuador y uno similar fue hallado en otra emisora, sin dejar heridos de gravedad ni da\u00f1os, informaron autoridades, en medio de una ola de violencia en el pa\u00eds atribuida al accionar del narcotr\u00e1fico.<!--more--><\/p>\n<p>El periodista Len\u00edn Artieda de la cadena privada Ecuavisa recibi\u00f3 un sobre con un pendrive y al insertarlo en un computador \u00ab\u00e9ste estall\u00f3\u00bb, cont\u00f3 el canal en su portal web.<\/p>\n<p>Agreg\u00f3 que el comunicador, quien trabaja en la ciudad de Guayaquil, una de las m\u00e1s afectadas por la violencia criminal, \u00abno result\u00f3 herido\u00bb.<\/p>\n<p>Horas m\u00e1s tarde, la Fiscal\u00eda refiri\u00f3 tambi\u00e9n en Guayaquil \u00abla existencia de sobre bomba (de las mismas caracter\u00edsticas que el encontrado en @Ecuavisa) en el Departamento de Noticias\u00bb de TC Televisi\u00f3n, que est\u00e1 bajo administraci\u00f3n estatal.<\/p>\n<p>\u00abPersonal antibombas proceder\u00e1 a la detonaci\u00f3n\u00bb, a\u00f1adi\u00f3 la Fiscal\u00eda.<\/p>\n<p>El jefe nacional de Criminal\u00edstica de la Polic\u00eda, Xavier Chango, coment\u00f3 que la carga usada en el pendrive \u00abpodr\u00eda ser RDX, un explosivo de tipo militar\u00bb.<\/p>\n<p>Artieda \u00abaparentemente tiene alg\u00fan tipo de molestia en la mano y una afectaci\u00f3n muy leve en el rostro, pero no es ninguna situaci\u00f3n de complejidad\u00bb, declar\u00f3 Chango a la prensa.<\/p>\n<p>El jefe de criminal\u00edstica dijo que la Polic\u00eda atiende adem\u00e1s \u00abla alerta de otros dos sitios en Quito\u00bb, a los que habr\u00edan llegado sobres parecidos, inform\u00f3 la agencia de noticias AFP.<\/p>\n<p>\u00abNo podemos confirmar si tienen relaci\u00f3n directa o se trata de hechos aislados\u00bb, indic\u00f3 el funcionario, que a\u00f1adi\u00f3 que la investigaci\u00f3n en la capital se concentra en otros dos medios de comunicaci\u00f3n.<\/p>\n<p>La Secretar\u00eda General de Comunicaci\u00f3n (Segcom) se solidariz\u00f3 temprano con Ecuavisa y Artieda \u00abpor el atentado del que fue v\u00edctima esta ma\u00f1ana\u00bb.<\/p>\n<p>\u00abEl Gobierno Nacional rechaza de forma categ\u00f3rica todo tipo de actos violentos perpetrados contra periodistas y medios de comunicaci\u00f3n\u00bb, expres\u00f3 la cartera en un comunicado en el que tild\u00f3 de \u00abrepudiables\u00bb los intentos por \u00abamedrentar\u00bb al periodismo.<\/p>\n<p>El a\u00f1o pasado el canal RTS fue atacado con disparos y en 2020 un artefacto explosivo estall\u00f3 en las instalaciones de la estaci\u00f3n televisiva Teleamazonas.<\/p>\n<p>El Comit\u00e9 Permanente por la Defensa de los Derechos Humanos de Guayaquil (CDH) expres\u00f3 su preocupaci\u00f3n por los \u00abataques a periodistas en el marco de la expansi\u00f3n de la inseguridad en Ecuador\u00bb.<\/p>\n<p>El puerto de Guayaquil es una de las zonas m\u00e1s violentas de Ecuador, donde bandas criminales vinculadas al narcotr\u00e1fico se diputan virulentamente las rutas para el tr\u00e1fico de drogas.<\/p>\n<p>Ecuador, caracterizado hasta hace poco por un contexto pac\u00edfico, hace frente actualmente a una fuerte ola de violencia, incrementada a la par de las incautaciones de droga, 200 toneladas en 2022.<\/p>\n<p>La tasa de muertes violentas en el pa\u00eds andino, cuyo presidente conservador Guillermo Lasso es sospechado de corrupci\u00f3n y arriesga un juicio pol\u00edtico, pas\u00f3 de 14 por cada 100.000 habitantes en 2021 a 25 en 2022.<\/p>\n","protected":false},"excerpt":{"rendered":"<p>Un \u00absobre bomba\u00bb deton\u00f3 hoy dentro de un canal de televisi\u00f3n de Ecuador y uno similar fue hallado en otra emisora, sin dejar heridos de gravedad ni da\u00f1os, informaron autoridades, en medio de una ola de violencia en el pa\u00eds atribuida al accionar del narcotr\u00e1fico.<\/p>\n","protected":false},"author":3,"featured_media":0,"comment_status":"closed","ping_status":"closed","sticky":false,"template":"","format":"standard","meta":{"footnotes":""},"categories":[29,26],"tags":[],"class_list":["post-85819","post","type-post","status-publish","format-standard","hentry","category-policiales","category-sociedad"],"yoast_head":"<!-- This site is optimized with the Yoast SEO plugin v25.9 - https:\/\/yoast.com\/wordpress\/plugins\/seo\/ -->\n<title>Explota un &quot;sobre bomba&quot; en un canal de TV de Ecuador y encuentran otro en una segunda emisora - Noticias Radio Reflejos<\/title>\n<meta name=\"robots\" content=\"index, follow, max-snippet:-1, max-image-preview:large, max-video-preview:-1\" \/>\n<link rel=\"canonical\" href=\"https:\/\/www.noticiasradioreflejos.com.ar\/2021\/explota-un-sobre-bomba-en-un-canal-de-tv-de-ecuador-y-encuentran-otro-en-una-segunda-emisora\/\" \/>\n<meta property=\"og:locale\" content=\"es_ES\" \/>\n<meta property=\"og:type\" content=\"article\" \/>\n<meta property=\"og:title\" content=\"Explota un &quot;sobre bomba&quot; en un canal de TV de Ecuador y encuentran otro en una segunda emisora - Noticias Radio Reflejos\" \/>\n<meta property=\"og:description\" content=\"Un \u00absobre bomba\u00bb deton\u00f3 hoy dentro de un canal de televisi\u00f3n de Ecuador y uno similar fue hallado en otra emisora, sin dejar heridos de gravedad ni da\u00f1os, informaron autoridades, en medio de una ola de violencia en el pa\u00eds atribuida al accionar del narcotr\u00e1fico.\" \/>\n<meta property=\"og:url\" content=\"https:\/\/www.noticiasradioreflejos.com.ar\/2021\/explota-un-sobre-bomba-en-un-canal-de-tv-de-ecuador-y-encuentran-otro-en-una-segunda-emisora\/\" \/>\n<meta property=\"og:site_name\" content=\"Noticias Radio Reflejos\" \/>\n<meta property=\"article:published_time\" content=\"2023-03-20T19:51:29+00:00\" \/>\n<meta property=\"og:image\" content=\"https:\/\/www.noticiasradioreflejos.com.ar\/2021\/wp-content\/uploads\/2021\/07\/logosol300x200.png\" \/>\n\t<meta property=\"og:image:width\" content=\"300\" \/>\n\t<meta property=\"og:image:height\" content=\"200\" \/>\n\t<meta property=\"og:image:type\" content=\"image\/png\" \/>\n<meta name=\"author\" content=\"Arnaldo Botto\" \/>\n<meta name=\"twitter:card\" content=\"summary_large_image\" \/>\n<script type=\"application\/ld+json\" class=\"yoast-schema-graph\">{\"@context\":\"https:\/\/schema.org\",\"@graph\":[{\"@type\":\"WebPage\",\"@id\":\"https:\/\/www.noticiasradioreflejos.com.ar\/2021\/explota-un-sobre-bomba-en-un-canal-de-tv-de-ecuador-y-encuentran-otro-en-una-segunda-emisora\/\",\"url\":\"https:\/\/www.noticiasradioreflejos.com.ar\/2021\/explota-un-sobre-bomba-en-un-canal-de-tv-de-ecuador-y-encuentran-otro-en-una-segunda-emisora\/\",\"name\":\"Explota un \\\"sobre bomba\\\" en un canal de TV de Ecuador y encuentran otro en una segunda emisora - Noticias Radio Reflejos\",\"isPartOf\":{\"@id\":\"https:\/\/www.noticiasradioreflejos.com.ar\/2021\/#website\"},\"datePublished\":\"2023-03-20T19:51:29+00:00\",\"author\":{\"@id\":\"https:\/\/www.noticiasradioreflejos.com.ar\/2021\/#\/schema\/person\/ad82545263dcc5ec0996818884fd5fb1\"},\"breadcrumb\":{\"@id\":\"https:\/\/www.noticiasradioreflejos.com.ar\/2021\/explota-un-sobre-bomba-en-un-canal-de-tv-de-ecuador-y-encuentran-otro-en-una-segunda-emisora\/#breadcrumb\"},\"inLanguage\":\"es\",\"potentialAction\":[{\"@type\":\"ReadAction\",\"target\":[\"https:\/\/www.noticiasradioreflejos.com.ar\/2021\/explota-un-sobre-bomba-en-un-canal-de-tv-de-ecuador-y-encuentran-otro-en-una-segunda-emisora\/\"]}]},{\"@type\":\"BreadcrumbList\",\"@id\":\"https:\/\/www.noticiasradioreflejos.com.ar\/2021\/explota-un-sobre-bomba-en-un-canal-de-tv-de-ecuador-y-encuentran-otro-en-una-segunda-emisora\/#breadcrumb\",\"itemListElement\":[{\"@type\":\"ListItem\",\"position\":1,\"name\":\"Portada\",\"item\":\"https:\/\/www.noticiasradioreflejos.com.ar\/2021\/\"},{\"@type\":\"ListItem\",\"position\":2,\"name\":\"Explota un \u00absobre bomba\u00bb en un canal de TV de Ecuador y encuentran otro en una segunda emisora\"}]},{\"@type\":\"WebSite\",\"@id\":\"https:\/\/www.noticiasradioreflejos.com.ar\/2021\/#website\",\"url\":\"https:\/\/www.noticiasradioreflejos.com.ar\/2021\/\",\"name\":\"Noticias Radio Reflejos\",\"description\":\"Las noticias de mi comarca\",\"potentialAction\":[{\"@type\":\"SearchAction\",\"target\":{\"@type\":\"EntryPoint\",\"urlTemplate\":\"https:\/\/www.noticiasradioreflejos.com.ar\/2021\/?s={search_term_string}\"},\"query-input\":{\"@type\":\"PropertyValueSpecification\",\"valueRequired\":true,\"valueName\":\"search_term_string\"}}],\"inLanguage\":\"es\"},{\"@type\":\"Person\",\"@id\":\"https:\/\/www.noticiasradioreflejos.com.ar\/2021\/#\/schema\/person\/ad82545263dcc5ec0996818884fd5fb1\",\"name\":\"Arnaldo Botto\",\"image\":{\"@type\":\"ImageObject\",\"inLanguage\":\"es\",\"@id\":\"https:\/\/www.noticiasradioreflejos.com.ar\/2021\/#\/schema\/person\/image\/\",\"url\":\"https:\/\/secure.gravatar.com\/avatar\/55cb5e37c1efa326397366e6974cb338056df65cb50e7d64d1cf314e87504837?s=96&d=mm&r=g\",\"contentUrl\":\"https:\/\/secure.gravatar.com\/avatar\/55cb5e37c1efa326397366e6974cb338056df65cb50e7d64d1cf314e87504837?s=96&d=mm&r=g\",\"caption\":\"Arnaldo Botto\"},\"url\":\"https:\/\/www.noticiasradioreflejos.com.ar\/2021\/author\/arnaldo\/\"}]}<\/script>\n<!-- \/ Yoast SEO plugin. -->","yoast_head_json":{"title":"Explota un \"sobre bomba\" en un canal de TV de Ecuador y encuentran otro en una segunda emisora - Noticias Radio Reflejos","robots":{"index":"index","follow":"follow","max-snippet":"max-snippet:-1","max-image-preview":"max-image-preview:large","max-video-preview":"max-video-preview:-1"},"canonical":"https:\/\/www.noticiasradioreflejos.com.ar\/2021\/explota-un-sobre-bomba-en-un-canal-de-tv-de-ecuador-y-encuentran-otro-en-una-segunda-emisora\/","og_locale":"es_ES","og_type":"article","og_title":"Explota un \"sobre bomba\" en un canal de TV de Ecuador y encuentran otro en una segunda emisora - Noticias Radio Reflejos","og_description":"Un \u00absobre bomba\u00bb deton\u00f3 hoy dentro de un canal de televisi\u00f3n de Ecuador y uno similar fue hallado en otra emisora, sin dejar heridos de gravedad ni da\u00f1os, informaron autoridades, en medio de una ola de violencia en el pa\u00eds atribuida al accionar del narcotr\u00e1fico.","og_url":"https:\/\/www.noticiasradioreflejos.com.ar\/2021\/explota-un-sobre-bomba-en-un-canal-de-tv-de-ecuador-y-encuentran-otro-en-una-segunda-emisora\/","og_site_name":"Noticias Radio Reflejos","article_published_time":"2023-03-20T19:51:29+00:00","og_image":[{"width":300,"height":200,"url":"https:\/\/www.noticiasradioreflejos.com.ar\/2021\/wp-content\/uploads\/2021\/07\/logosol300x200.png","type":"image\/png"}],"author":"Arnaldo Botto","twitter_card":"summary_large_image","schema":{"@context":"https:\/\/schema.org","@graph":[{"@type":"WebPage","@id":"https:\/\/www.noticiasradioreflejos.com.ar\/2021\/explota-un-sobre-bomba-en-un-canal-de-tv-de-ecuador-y-encuentran-otro-en-una-segunda-emisora\/","url":"https:\/\/www.noticiasradioreflejos.com.ar\/2021\/explota-un-sobre-bomba-en-un-canal-de-tv-de-ecuador-y-encuentran-otro-en-una-segunda-emisora\/","name":"Explota un \"sobre bomba\" en un canal de TV de Ecuador y encuentran otro en una segunda emisora - Noticias Radio Reflejos","isPartOf":{"@id":"https:\/\/www.noticiasradioreflejos.com.ar\/2021\/#website"},"datePublished":"2023-03-20T19:51:29+00:00","author":{"@id":"https:\/\/www.noticiasradioreflejos.com.ar\/2021\/#\/schema\/person\/ad82545263dcc5ec0996818884fd5fb1"},"breadcrumb":{"@id":"https:\/\/www.noticiasradioreflejos.com.ar\/2021\/explota-un-sobre-bomba-en-un-canal-de-tv-de-ecuador-y-encuentran-otro-en-una-segunda-emisora\/#breadcrumb"},"inLanguage":"es","potentialAction":[{"@type":"ReadAction","target":["https:\/\/www.noticiasradioreflejos.com.ar\/2021\/explota-un-sobre-bomba-en-un-canal-de-tv-de-ecuador-y-encuentran-otro-en-una-segunda-emisora\/"]}]},{"@type":"BreadcrumbList","@id":"https:\/\/www.noticiasradioreflejos.com.ar\/2021\/explota-un-sobre-bomba-en-un-canal-de-tv-de-ecuador-y-encuentran-otro-en-una-segunda-emisora\/#breadcrumb","itemListElement":[{"@type":"ListItem","position":1,"name":"Portada","item":"https:\/\/www.noticiasradioreflejos.com.ar\/2021\/"},{"@type":"ListItem","position":2,"name":"Explota un \u00absobre bomba\u00bb en un canal de TV de Ecuador y encuentran otro en una segunda emisora"}]},{"@type":"WebSite","@id":"https:\/\/www.noticiasradioreflejos.com.ar\/2021\/#website","url":"https:\/\/www.noticiasradioreflejos.com.ar\/2021\/","name":"Noticias Radio Reflejos","description":"Las noticias de mi comarca","potentialAction":[{"@type":"SearchAction","target":{"@type":"EntryPoint","urlTemplate":"https:\/\/www.noticiasradioreflejos.com.ar\/2021\/?s={search_term_string}"},"query-input":{"@type":"PropertyValueSpecification","valueRequired":true,"valueName":"search_term_string"}}],"inLanguage":"es"},{"@type":"Person","@id":"https:\/\/www.noticiasradioreflejos.com.ar\/2021\/#\/schema\/person\/ad82545263dcc5ec0996818884fd5fb1","name":"Arnaldo Botto","image":{"@type":"ImageObject","inLanguage":"es","@id":"https:\/\/www.noticiasradioreflejos.com.ar\/2021\/#\/schema\/person\/image\/","url":"https:\/\/secure.gravatar.com\/avatar\/55cb5e37c1efa326397366e6974cb338056df65cb50e7d64d1cf314e87504837?s=96&d=mm&r=g","contentUrl":"https:\/\/secure.gravatar.com\/avatar\/55cb5e37c1efa326397366e6974cb338056df65cb50e7d64d1cf314e87504837?s=96&d=mm&r=g","caption":"Arnaldo Botto"},"url":"https:\/\/www.noticiasradioreflejos.com.ar\/2021\/author\/arnaldo\/"}]}},"_links":{"self":[{"href":"https:\/\/www.noticiasradioreflejos.com.ar\/2021\/wp-json\/wp\/v2\/posts\/85819","targetHints":{"allow":["GET"]}}],"collection":[{"href":"https:\/\/www.noticiasradioreflejos.com.ar\/2021\/wp-json\/wp\/v2\/posts"}],"about":[{"href":"https:\/\/www.noticiasradioreflejos.com.ar\/2021\/wp-json\/wp\/v2\/types\/post"}],"author":[{"embeddable":true,"href":"https:\/\/www.noticiasradioreflejos.com.ar\/2021\/wp-json\/wp\/v2\/users\/3"}],"replies":[{"embeddable":true,"href":"https:\/\/www.noticiasradioreflejos.com.ar\/2021\/wp-json\/wp\/v2\/comments?post=85819"}],"version-history":[{"count":1,"href":"https:\/\/www.noticiasradioreflejos.com.ar\/2021\/wp-json\/wp\/v2\/posts\/85819\/revisions"}],"predecessor-version":[{"id":85820,"href":"https:\/\/www.noticiasradioreflejos.com.ar\/2021\/wp-json\/wp\/v2\/posts\/85819\/revisions\/85820"}],"wp:attachment":[{"href":"https:\/\/www.noticiasradioreflejos.com.ar\/2021\/wp-json\/wp\/v2\/media?parent=85819"}],"wp:term":[{"taxonomy":"category","embeddable":true,"href":"https:\/\/www.noticiasradioreflejos.com.ar\/2021\/wp-json\/wp\/v2\/categories?post=85819"},{"taxonomy":"post_tag","embeddable":true,"href":"https:\/\/www.noticiasradioreflejos.com.ar\/2021\/wp-json\/wp\/v2\/tags?post=85819"}],"curies":[{"name":"wp","href":"https:\/\/api.w.org\/{rel}","templated":true}]}}