{"id":85817,"date":"2023-03-20T19:34:05","date_gmt":"2023-03-20T19:34:05","guid":{"rendered":"https:\/\/www.noticiasradioreflejos.com.ar\/2021\/?p=85817"},"modified":"2023-03-20T19:34:05","modified_gmt":"2023-03-20T19:34:05","slug":"anses-advierte-sobre-estafas-telefonicas-y-virtuales","status":"publish","type":"post","link":"https:\/\/www.noticiasradioreflejos.com.ar\/2021\/anses-advierte-sobre-estafas-telefonicas-y-virtuales\/","title":{"rendered":"ANSES advierte sobre estafas telef\u00f3nicas y virtuales"},"content":{"rendered":"<p>Ante denuncias recibidas por intentos de estafas, como llamados telef\u00f3nicos de personas que se hacen pasar por trabajadores del organismo, ANSES recuerda que no se comunica en ning\u00fan caso para solicitar datos personales, bancarios ni claves personales en forma telef\u00f3nica, por correo electr\u00f3nico, redes sociales ni mensajes de texto.<!--more--><\/p>\n<p>En este sentido, ANSES pide desestimar y denunciar toda publicaci\u00f3n que remita a formularios sospechosos, no verificables y cualquier invitaci\u00f3n a acceder mediante un enlace simple a cualquier sitio web que no sea www.anses.gob.ar.<\/p>\n<p>Los canales oficiales de atenci\u00f3n operan en un entorno seguro al que solo se accede en forma personal con CUIL y Clave de la Seguridad Social, que garantizan la confidencialidad de la informaci\u00f3n proporcionada por cada una y cada uno de los ciudadanos.<\/p>\n<p>Todas las consultas y tr\u00e1mites que se realizan tanto en su sitio oficial como en sus m\u00e1s de 400 oficinas son gratuitos y los llevan a cabo personal capacitado sin necesidad de recurrir a gestores ni intermediarios.<\/p>\n<p>Canales habilitados para hacer una denuncia<\/p>\n<p>\u00b7        Por internet ingresando en mi ANSES > Denuncias y Reclamos > Hacer una denuncia.<\/p>\n<p>\u00b7        Por correo electr\u00f3nico a denunciar@anses.gob.ar.<\/p>\n<p>\u00b7        Personalmente en cualquier oficina de ANSES en el horario de atenci\u00f3n al p\u00fablico.<\/p>\n","protected":false},"excerpt":{"rendered":"<p>Ante denuncias recibidas por intentos de estafas, como llamados telef\u00f3nicos de personas que se hacen pasar por trabajadores del organismo, ANSES recuerda que no se comunica en ning\u00fan caso para solicitar datos personales, bancarios ni claves personales en forma telef\u00f3nica, por correo electr\u00f3nico, redes sociales ni mensajes de texto.<\/p>\n","protected":false},"author":3,"featured_media":0,"comment_status":"closed","ping_status":"closed","sticky":false,"template":"","format":"standard","meta":{"footnotes":""},"categories":[25],"tags":[],"class_list":["post-85817","post","type-post","status-publish","format-standard","hentry","category-uncategorized"],"yoast_head":"<!-- This site is optimized with the Yoast SEO plugin v25.9 - https:\/\/yoast.com\/wordpress\/plugins\/seo\/ -->\n<title>ANSES advierte sobre estafas telef\u00f3nicas y virtuales - Noticias Radio Reflejos<\/title>\n<meta name=\"robots\" content=\"index, follow, max-snippet:-1, max-image-preview:large, max-video-preview:-1\" \/>\n<link rel=\"canonical\" href=\"https:\/\/www.noticiasradioreflejos.com.ar\/2021\/anses-advierte-sobre-estafas-telefonicas-y-virtuales\/\" \/>\n<meta property=\"og:locale\" content=\"es_ES\" \/>\n<meta property=\"og:type\" content=\"article\" \/>\n<meta property=\"og:title\" content=\"ANSES advierte sobre estafas telef\u00f3nicas y virtuales - Noticias Radio Reflejos\" \/>\n<meta property=\"og:description\" content=\"Ante denuncias recibidas por intentos de estafas, como llamados telef\u00f3nicos de personas que se hacen pasar por trabajadores del organismo, ANSES recuerda que no se comunica en ning\u00fan caso para solicitar datos personales, bancarios ni claves personales en forma telef\u00f3nica, por correo electr\u00f3nico, redes sociales ni mensajes de texto.\" \/>\n<meta property=\"og:url\" content=\"https:\/\/www.noticiasradioreflejos.com.ar\/2021\/anses-advierte-sobre-estafas-telefonicas-y-virtuales\/\" \/>\n<meta property=\"og:site_name\" content=\"Noticias Radio Reflejos\" \/>\n<meta property=\"article:published_time\" content=\"2023-03-20T19:34:05+00:00\" \/>\n<meta property=\"og:image\" content=\"https:\/\/www.noticiasradioreflejos.com.ar\/2021\/wp-content\/uploads\/2022\/07\/Fachadas-ANSES.jpg\" \/>\n\t<meta property=\"og:image:width\" content=\"1360\" \/>\n\t<meta property=\"og:image:height\" content=\"907\" \/>\n\t<meta property=\"og:image:type\" content=\"image\/jpeg\" \/>\n<meta name=\"author\" content=\"Arnaldo Botto\" \/>\n<meta name=\"twitter:card\" content=\"summary_large_image\" \/>\n<script type=\"application\/ld+json\" class=\"yoast-schema-graph\">{\"@context\":\"https:\/\/schema.org\",\"@graph\":[{\"@type\":\"WebPage\",\"@id\":\"https:\/\/www.noticiasradioreflejos.com.ar\/2021\/anses-advierte-sobre-estafas-telefonicas-y-virtuales\/\",\"url\":\"https:\/\/www.noticiasradioreflejos.com.ar\/2021\/anses-advierte-sobre-estafas-telefonicas-y-virtuales\/\",\"name\":\"ANSES advierte sobre estafas telef\u00f3nicas y virtuales - Noticias Radio Reflejos\",\"isPartOf\":{\"@id\":\"https:\/\/www.noticiasradioreflejos.com.ar\/2021\/#website\"},\"datePublished\":\"2023-03-20T19:34:05+00:00\",\"author\":{\"@id\":\"https:\/\/www.noticiasradioreflejos.com.ar\/2021\/#\/schema\/person\/ad82545263dcc5ec0996818884fd5fb1\"},\"breadcrumb\":{\"@id\":\"https:\/\/www.noticiasradioreflejos.com.ar\/2021\/anses-advierte-sobre-estafas-telefonicas-y-virtuales\/#breadcrumb\"},\"inLanguage\":\"es\",\"potentialAction\":[{\"@type\":\"ReadAction\",\"target\":[\"https:\/\/www.noticiasradioreflejos.com.ar\/2021\/anses-advierte-sobre-estafas-telefonicas-y-virtuales\/\"]}]},{\"@type\":\"BreadcrumbList\",\"@id\":\"https:\/\/www.noticiasradioreflejos.com.ar\/2021\/anses-advierte-sobre-estafas-telefonicas-y-virtuales\/#breadcrumb\",\"itemListElement\":[{\"@type\":\"ListItem\",\"position\":1,\"name\":\"Portada\",\"item\":\"https:\/\/www.noticiasradioreflejos.com.ar\/2021\/\"},{\"@type\":\"ListItem\",\"position\":2,\"name\":\"ANSES advierte sobre estafas telef\u00f3nicas y virtuales\"}]},{\"@type\":\"WebSite\",\"@id\":\"https:\/\/www.noticiasradioreflejos.com.ar\/2021\/#website\",\"url\":\"https:\/\/www.noticiasradioreflejos.com.ar\/2021\/\",\"name\":\"Noticias Radio Reflejos\",\"description\":\"Las noticias de mi comarca\",\"potentialAction\":[{\"@type\":\"SearchAction\",\"target\":{\"@type\":\"EntryPoint\",\"urlTemplate\":\"https:\/\/www.noticiasradioreflejos.com.ar\/2021\/?s={search_term_string}\"},\"query-input\":{\"@type\":\"PropertyValueSpecification\",\"valueRequired\":true,\"valueName\":\"search_term_string\"}}],\"inLanguage\":\"es\"},{\"@type\":\"Person\",\"@id\":\"https:\/\/www.noticiasradioreflejos.com.ar\/2021\/#\/schema\/person\/ad82545263dcc5ec0996818884fd5fb1\",\"name\":\"Arnaldo Botto\",\"image\":{\"@type\":\"ImageObject\",\"inLanguage\":\"es\",\"@id\":\"https:\/\/www.noticiasradioreflejos.com.ar\/2021\/#\/schema\/person\/image\/\",\"url\":\"https:\/\/secure.gravatar.com\/avatar\/55cb5e37c1efa326397366e6974cb338056df65cb50e7d64d1cf314e87504837?s=96&d=mm&r=g\",\"contentUrl\":\"https:\/\/secure.gravatar.com\/avatar\/55cb5e37c1efa326397366e6974cb338056df65cb50e7d64d1cf314e87504837?s=96&d=mm&r=g\",\"caption\":\"Arnaldo Botto\"},\"url\":\"https:\/\/www.noticiasradioreflejos.com.ar\/2021\/author\/arnaldo\/\"}]}<\/script>\n<!-- \/ Yoast SEO plugin. -->","yoast_head_json":{"title":"ANSES advierte sobre estafas telef\u00f3nicas y virtuales - Noticias Radio Reflejos","robots":{"index":"index","follow":"follow","max-snippet":"max-snippet:-1","max-image-preview":"max-image-preview:large","max-video-preview":"max-video-preview:-1"},"canonical":"https:\/\/www.noticiasradioreflejos.com.ar\/2021\/anses-advierte-sobre-estafas-telefonicas-y-virtuales\/","og_locale":"es_ES","og_type":"article","og_title":"ANSES advierte sobre estafas telef\u00f3nicas y virtuales - Noticias Radio Reflejos","og_description":"Ante denuncias recibidas por intentos de estafas, como llamados telef\u00f3nicos de personas que se hacen pasar por trabajadores del organismo, ANSES recuerda que no se comunica en ning\u00fan caso para solicitar datos personales, bancarios ni claves personales en forma telef\u00f3nica, por correo electr\u00f3nico, redes sociales ni mensajes de texto.","og_url":"https:\/\/www.noticiasradioreflejos.com.ar\/2021\/anses-advierte-sobre-estafas-telefonicas-y-virtuales\/","og_site_name":"Noticias Radio Reflejos","article_published_time":"2023-03-20T19:34:05+00:00","og_image":[{"width":1360,"height":907,"url":"https:\/\/www.noticiasradioreflejos.com.ar\/2021\/wp-content\/uploads\/2022\/07\/Fachadas-ANSES.jpg","type":"image\/jpeg"}],"author":"Arnaldo Botto","twitter_card":"summary_large_image","schema":{"@context":"https:\/\/schema.org","@graph":[{"@type":"WebPage","@id":"https:\/\/www.noticiasradioreflejos.com.ar\/2021\/anses-advierte-sobre-estafas-telefonicas-y-virtuales\/","url":"https:\/\/www.noticiasradioreflejos.com.ar\/2021\/anses-advierte-sobre-estafas-telefonicas-y-virtuales\/","name":"ANSES advierte sobre estafas telef\u00f3nicas y virtuales - Noticias Radio Reflejos","isPartOf":{"@id":"https:\/\/www.noticiasradioreflejos.com.ar\/2021\/#website"},"datePublished":"2023-03-20T19:34:05+00:00","author":{"@id":"https:\/\/www.noticiasradioreflejos.com.ar\/2021\/#\/schema\/person\/ad82545263dcc5ec0996818884fd5fb1"},"breadcrumb":{"@id":"https:\/\/www.noticiasradioreflejos.com.ar\/2021\/anses-advierte-sobre-estafas-telefonicas-y-virtuales\/#breadcrumb"},"inLanguage":"es","potentialAction":[{"@type":"ReadAction","target":["https:\/\/www.noticiasradioreflejos.com.ar\/2021\/anses-advierte-sobre-estafas-telefonicas-y-virtuales\/"]}]},{"@type":"BreadcrumbList","@id":"https:\/\/www.noticiasradioreflejos.com.ar\/2021\/anses-advierte-sobre-estafas-telefonicas-y-virtuales\/#breadcrumb","itemListElement":[{"@type":"ListItem","position":1,"name":"Portada","item":"https:\/\/www.noticiasradioreflejos.com.ar\/2021\/"},{"@type":"ListItem","position":2,"name":"ANSES advierte sobre estafas telef\u00f3nicas y virtuales"}]},{"@type":"WebSite","@id":"https:\/\/www.noticiasradioreflejos.com.ar\/2021\/#website","url":"https:\/\/www.noticiasradioreflejos.com.ar\/2021\/","name":"Noticias Radio Reflejos","description":"Las noticias de mi comarca","potentialAction":[{"@type":"SearchAction","target":{"@type":"EntryPoint","urlTemplate":"https:\/\/www.noticiasradioreflejos.com.ar\/2021\/?s={search_term_string}"},"query-input":{"@type":"PropertyValueSpecification","valueRequired":true,"valueName":"search_term_string"}}],"inLanguage":"es"},{"@type":"Person","@id":"https:\/\/www.noticiasradioreflejos.com.ar\/2021\/#\/schema\/person\/ad82545263dcc5ec0996818884fd5fb1","name":"Arnaldo Botto","image":{"@type":"ImageObject","inLanguage":"es","@id":"https:\/\/www.noticiasradioreflejos.com.ar\/2021\/#\/schema\/person\/image\/","url":"https:\/\/secure.gravatar.com\/avatar\/55cb5e37c1efa326397366e6974cb338056df65cb50e7d64d1cf314e87504837?s=96&d=mm&r=g","contentUrl":"https:\/\/secure.gravatar.com\/avatar\/55cb5e37c1efa326397366e6974cb338056df65cb50e7d64d1cf314e87504837?s=96&d=mm&r=g","caption":"Arnaldo Botto"},"url":"https:\/\/www.noticiasradioreflejos.com.ar\/2021\/author\/arnaldo\/"}]}},"_links":{"self":[{"href":"https:\/\/www.noticiasradioreflejos.com.ar\/2021\/wp-json\/wp\/v2\/posts\/85817","targetHints":{"allow":["GET"]}}],"collection":[{"href":"https:\/\/www.noticiasradioreflejos.com.ar\/2021\/wp-json\/wp\/v2\/posts"}],"about":[{"href":"https:\/\/www.noticiasradioreflejos.com.ar\/2021\/wp-json\/wp\/v2\/types\/post"}],"author":[{"embeddable":true,"href":"https:\/\/www.noticiasradioreflejos.com.ar\/2021\/wp-json\/wp\/v2\/users\/3"}],"replies":[{"embeddable":true,"href":"https:\/\/www.noticiasradioreflejos.com.ar\/2021\/wp-json\/wp\/v2\/comments?post=85817"}],"version-history":[{"count":1,"href":"https:\/\/www.noticiasradioreflejos.com.ar\/2021\/wp-json\/wp\/v2\/posts\/85817\/revisions"}],"predecessor-version":[{"id":85818,"href":"https:\/\/www.noticiasradioreflejos.com.ar\/2021\/wp-json\/wp\/v2\/posts\/85817\/revisions\/85818"}],"wp:attachment":[{"href":"https:\/\/www.noticiasradioreflejos.com.ar\/2021\/wp-json\/wp\/v2\/media?parent=85817"}],"wp:term":[{"taxonomy":"category","embeddable":true,"href":"https:\/\/www.noticiasradioreflejos.com.ar\/2021\/wp-json\/wp\/v2\/categories?post=85817"},{"taxonomy":"post_tag","embeddable":true,"href":"https:\/\/www.noticiasradioreflejos.com.ar\/2021\/wp-json\/wp\/v2\/tags?post=85817"}],"curies":[{"name":"wp","href":"https:\/\/api.w.org\/{rel}","templated":true}]}}