{"id":85794,"date":"2023-03-20T13:21:13","date_gmt":"2023-03-20T13:21:13","guid":{"rendered":"https:\/\/www.noticiasradioreflejos.com.ar\/2021\/?p=85794"},"modified":"2023-03-20T14:40:56","modified_gmt":"2023-03-20T14:40:56","slug":"buenos-aires-hasta-manana-hay-tiempo-para-pagar-la-primera-cuota-y-el-saldo-anual-del-impuesto-automotor","status":"publish","type":"post","link":"https:\/\/www.noticiasradioreflejos.com.ar\/2021\/buenos-aires-hasta-manana-hay-tiempo-para-pagar-la-primera-cuota-y-el-saldo-anual-del-impuesto-automotor\/","title":{"rendered":"Buenos Aires: Hasta ma\u00f1ana hay tiempo para pagar la primera cuota y el saldo anual del Impuesto Automotor"},"content":{"rendered":"<p>El plazo para pagar con descuento la cuota 1 y el pago anual del Impuesto Automotor vence ma\u00f1ana y quienes abonen antes podr\u00e1n acceder a un descuento de hasta 20%, trat\u00e1ndose de un 10% de bonificaci\u00f3n por el pago en t\u00e9rmino, al que se le suma 10% por haberse adherido a la boleta por mail o utilizar el sistema de d\u00e9bito autom\u00e1tico.<!--more--><\/p>\n<p>as\u00ed lo inform\u00f3 hoy la Agencia de Recaudaci\u00f3n de la provincia de Buenos Aires (ARBA) que explic\u00f3 que, para obtener el beneficio por la adhesi\u00f3n a la boleta por mail, las y los contribuyentes podr\u00e1n suscribirse al servicio a trav\u00e9s de la p\u00e1gina web, y el alta estar\u00e1 disponible a las 48 horas de realizado el tr\u00e1mite.<\/p>\n<p>En cuanto al d\u00e9bito autom\u00e1tico, la solicitud demora 60 d\u00edas en efectivizarse.<\/p>\n<p>En caso de haberse registrado previamente a estas modalidades la bonificaci\u00f3n se obtendr\u00e1 autom\u00e1ticamente.<\/p>\n<p>La Agencia cuenta con diversas formas de pago digital, pudiendo abonar desde la web del organismo: <strong><a href=\"http:\/\/www.arba.gob.ar\">www.arba.gob.ar<\/a>,<\/strong> con tarjeta de cr\u00e9dito; tambi\u00e9n, a trav\u00e9s de homebanking o mediante cajero autom\u00e1tico luego de obtener el c\u00f3digo para el pago electr\u00f3nico.<\/p>\n<p>Tambi\u00e9n desde la app Cuenta DNI del Banco Provincia, se puede seleccionar el bot\u00f3n \u201cARBA Automotor\u201d, se ingresa la patente y se paga inmediatamente.<\/p>\n<p>O bien, escaneando con la misma aplicaci\u00f3n el c\u00f3digo QR que env\u00eda la Agencia en la boleta por mail.<\/p>\n<p>Para quienes decidan pagar de manera presencial, est\u00e1n disponibles las bocas de pago habilitadas por la empresa Provincia Net Pagos.<\/p>\n","protected":false},"excerpt":{"rendered":"<p>El plazo para pagar con descuento la cuota 1 y el pago anual del Impuesto Automotor vence ma\u00f1ana y quienes abonen antes podr\u00e1n acceder a un descuento de hasta 20%, trat\u00e1ndose de un 10% de bonificaci\u00f3n por el pago en t\u00e9rmino, al que se le suma 10% por haberse adherido a la boleta por mail [&hellip;]<\/p>\n","protected":false},"author":3,"featured_media":0,"comment_status":"closed","ping_status":"closed","sticky":false,"template":"","format":"standard","meta":{"footnotes":""},"categories":[36,26],"tags":[],"class_list":["post-85794","post","type-post","status-publish","format-standard","hentry","category-economia","category-sociedad"],"yoast_head":"<!-- This site is optimized with the Yoast SEO plugin v25.9 - https:\/\/yoast.com\/wordpress\/plugins\/seo\/ -->\n<title>Buenos Aires: Hasta ma\u00f1ana hay tiempo para pagar la primera cuota y el saldo anual del Impuesto Automotor - Noticias Radio Reflejos<\/title>\n<meta name=\"robots\" content=\"index, follow, max-snippet:-1, max-image-preview:large, max-video-preview:-1\" \/>\n<link rel=\"canonical\" href=\"https:\/\/www.noticiasradioreflejos.com.ar\/2021\/buenos-aires-hasta-manana-hay-tiempo-para-pagar-la-primera-cuota-y-el-saldo-anual-del-impuesto-automotor\/\" \/>\n<meta property=\"og:locale\" content=\"es_ES\" \/>\n<meta property=\"og:type\" content=\"article\" \/>\n<meta property=\"og:title\" content=\"Buenos Aires: Hasta ma\u00f1ana hay tiempo para pagar la primera cuota y el saldo anual del Impuesto Automotor - Noticias Radio Reflejos\" \/>\n<meta property=\"og:description\" content=\"El plazo para pagar con descuento la cuota 1 y el pago anual del Impuesto Automotor vence ma\u00f1ana y quienes abonen antes podr\u00e1n acceder a un descuento de hasta 20%, trat\u00e1ndose de un 10% de bonificaci\u00f3n por el pago en t\u00e9rmino, al que se le suma 10% por haberse adherido a la boleta por mail [&hellip;]\" \/>\n<meta property=\"og:url\" content=\"https:\/\/www.noticiasradioreflejos.com.ar\/2021\/buenos-aires-hasta-manana-hay-tiempo-para-pagar-la-primera-cuota-y-el-saldo-anual-del-impuesto-automotor\/\" \/>\n<meta property=\"og:site_name\" content=\"Noticias Radio Reflejos\" \/>\n<meta property=\"article:published_time\" content=\"2023-03-20T13:21:13+00:00\" \/>\n<meta property=\"article:modified_time\" content=\"2023-03-20T14:40:56+00:00\" \/>\n<meta property=\"og:image\" content=\"https:\/\/www.noticiasradioreflejos.com.ar\/2021\/wp-content\/uploads\/2021\/07\/logosol300x200.png\" \/>\n\t<meta property=\"og:image:width\" content=\"300\" \/>\n\t<meta property=\"og:image:height\" content=\"200\" \/>\n\t<meta property=\"og:image:type\" content=\"image\/png\" \/>\n<meta name=\"author\" content=\"Arnaldo Botto\" \/>\n<meta name=\"twitter:card\" content=\"summary_large_image\" \/>\n<script type=\"application\/ld+json\" class=\"yoast-schema-graph\">{\"@context\":\"https:\/\/schema.org\",\"@graph\":[{\"@type\":\"WebPage\",\"@id\":\"https:\/\/www.noticiasradioreflejos.com.ar\/2021\/buenos-aires-hasta-manana-hay-tiempo-para-pagar-la-primera-cuota-y-el-saldo-anual-del-impuesto-automotor\/\",\"url\":\"https:\/\/www.noticiasradioreflejos.com.ar\/2021\/buenos-aires-hasta-manana-hay-tiempo-para-pagar-la-primera-cuota-y-el-saldo-anual-del-impuesto-automotor\/\",\"name\":\"Buenos Aires: Hasta ma\u00f1ana hay tiempo para pagar la primera cuota y el saldo anual del Impuesto Automotor - Noticias Radio Reflejos\",\"isPartOf\":{\"@id\":\"https:\/\/www.noticiasradioreflejos.com.ar\/2021\/#website\"},\"datePublished\":\"2023-03-20T13:21:13+00:00\",\"dateModified\":\"2023-03-20T14:40:56+00:00\",\"author\":{\"@id\":\"https:\/\/www.noticiasradioreflejos.com.ar\/2021\/#\/schema\/person\/ad82545263dcc5ec0996818884fd5fb1\"},\"breadcrumb\":{\"@id\":\"https:\/\/www.noticiasradioreflejos.com.ar\/2021\/buenos-aires-hasta-manana-hay-tiempo-para-pagar-la-primera-cuota-y-el-saldo-anual-del-impuesto-automotor\/#breadcrumb\"},\"inLanguage\":\"es\",\"potentialAction\":[{\"@type\":\"ReadAction\",\"target\":[\"https:\/\/www.noticiasradioreflejos.com.ar\/2021\/buenos-aires-hasta-manana-hay-tiempo-para-pagar-la-primera-cuota-y-el-saldo-anual-del-impuesto-automotor\/\"]}]},{\"@type\":\"BreadcrumbList\",\"@id\":\"https:\/\/www.noticiasradioreflejos.com.ar\/2021\/buenos-aires-hasta-manana-hay-tiempo-para-pagar-la-primera-cuota-y-el-saldo-anual-del-impuesto-automotor\/#breadcrumb\",\"itemListElement\":[{\"@type\":\"ListItem\",\"position\":1,\"name\":\"Portada\",\"item\":\"https:\/\/www.noticiasradioreflejos.com.ar\/2021\/\"},{\"@type\":\"ListItem\",\"position\":2,\"name\":\"Buenos Aires: Hasta ma\u00f1ana hay tiempo para pagar la primera cuota y el saldo anual del Impuesto Automotor\"}]},{\"@type\":\"WebSite\",\"@id\":\"https:\/\/www.noticiasradioreflejos.com.ar\/2021\/#website\",\"url\":\"https:\/\/www.noticiasradioreflejos.com.ar\/2021\/\",\"name\":\"Noticias Radio Reflejos\",\"description\":\"Las noticias de mi comarca\",\"potentialAction\":[{\"@type\":\"SearchAction\",\"target\":{\"@type\":\"EntryPoint\",\"urlTemplate\":\"https:\/\/www.noticiasradioreflejos.com.ar\/2021\/?s={search_term_string}\"},\"query-input\":{\"@type\":\"PropertyValueSpecification\",\"valueRequired\":true,\"valueName\":\"search_term_string\"}}],\"inLanguage\":\"es\"},{\"@type\":\"Person\",\"@id\":\"https:\/\/www.noticiasradioreflejos.com.ar\/2021\/#\/schema\/person\/ad82545263dcc5ec0996818884fd5fb1\",\"name\":\"Arnaldo Botto\",\"image\":{\"@type\":\"ImageObject\",\"inLanguage\":\"es\",\"@id\":\"https:\/\/www.noticiasradioreflejos.com.ar\/2021\/#\/schema\/person\/image\/\",\"url\":\"https:\/\/secure.gravatar.com\/avatar\/55cb5e37c1efa326397366e6974cb338056df65cb50e7d64d1cf314e87504837?s=96&d=mm&r=g\",\"contentUrl\":\"https:\/\/secure.gravatar.com\/avatar\/55cb5e37c1efa326397366e6974cb338056df65cb50e7d64d1cf314e87504837?s=96&d=mm&r=g\",\"caption\":\"Arnaldo Botto\"},\"url\":\"https:\/\/www.noticiasradioreflejos.com.ar\/2021\/author\/arnaldo\/\"}]}<\/script>\n<!-- \/ Yoast SEO plugin. -->","yoast_head_json":{"title":"Buenos Aires: Hasta ma\u00f1ana hay tiempo para pagar la primera cuota y el saldo anual del Impuesto Automotor - Noticias Radio Reflejos","robots":{"index":"index","follow":"follow","max-snippet":"max-snippet:-1","max-image-preview":"max-image-preview:large","max-video-preview":"max-video-preview:-1"},"canonical":"https:\/\/www.noticiasradioreflejos.com.ar\/2021\/buenos-aires-hasta-manana-hay-tiempo-para-pagar-la-primera-cuota-y-el-saldo-anual-del-impuesto-automotor\/","og_locale":"es_ES","og_type":"article","og_title":"Buenos Aires: Hasta ma\u00f1ana hay tiempo para pagar la primera cuota y el saldo anual del Impuesto Automotor - Noticias Radio Reflejos","og_description":"El plazo para pagar con descuento la cuota 1 y el pago anual del Impuesto Automotor vence ma\u00f1ana y quienes abonen antes podr\u00e1n acceder a un descuento de hasta 20%, trat\u00e1ndose de un 10% de bonificaci\u00f3n por el pago en t\u00e9rmino, al que se le suma 10% por haberse adherido a la boleta por mail [&hellip;]","og_url":"https:\/\/www.noticiasradioreflejos.com.ar\/2021\/buenos-aires-hasta-manana-hay-tiempo-para-pagar-la-primera-cuota-y-el-saldo-anual-del-impuesto-automotor\/","og_site_name":"Noticias Radio Reflejos","article_published_time":"2023-03-20T13:21:13+00:00","article_modified_time":"2023-03-20T14:40:56+00:00","og_image":[{"width":300,"height":200,"url":"https:\/\/www.noticiasradioreflejos.com.ar\/2021\/wp-content\/uploads\/2021\/07\/logosol300x200.png","type":"image\/png"}],"author":"Arnaldo Botto","twitter_card":"summary_large_image","schema":{"@context":"https:\/\/schema.org","@graph":[{"@type":"WebPage","@id":"https:\/\/www.noticiasradioreflejos.com.ar\/2021\/buenos-aires-hasta-manana-hay-tiempo-para-pagar-la-primera-cuota-y-el-saldo-anual-del-impuesto-automotor\/","url":"https:\/\/www.noticiasradioreflejos.com.ar\/2021\/buenos-aires-hasta-manana-hay-tiempo-para-pagar-la-primera-cuota-y-el-saldo-anual-del-impuesto-automotor\/","name":"Buenos Aires: Hasta ma\u00f1ana hay tiempo para pagar la primera cuota y el saldo anual del Impuesto Automotor - Noticias Radio Reflejos","isPartOf":{"@id":"https:\/\/www.noticiasradioreflejos.com.ar\/2021\/#website"},"datePublished":"2023-03-20T13:21:13+00:00","dateModified":"2023-03-20T14:40:56+00:00","author":{"@id":"https:\/\/www.noticiasradioreflejos.com.ar\/2021\/#\/schema\/person\/ad82545263dcc5ec0996818884fd5fb1"},"breadcrumb":{"@id":"https:\/\/www.noticiasradioreflejos.com.ar\/2021\/buenos-aires-hasta-manana-hay-tiempo-para-pagar-la-primera-cuota-y-el-saldo-anual-del-impuesto-automotor\/#breadcrumb"},"inLanguage":"es","potentialAction":[{"@type":"ReadAction","target":["https:\/\/www.noticiasradioreflejos.com.ar\/2021\/buenos-aires-hasta-manana-hay-tiempo-para-pagar-la-primera-cuota-y-el-saldo-anual-del-impuesto-automotor\/"]}]},{"@type":"BreadcrumbList","@id":"https:\/\/www.noticiasradioreflejos.com.ar\/2021\/buenos-aires-hasta-manana-hay-tiempo-para-pagar-la-primera-cuota-y-el-saldo-anual-del-impuesto-automotor\/#breadcrumb","itemListElement":[{"@type":"ListItem","position":1,"name":"Portada","item":"https:\/\/www.noticiasradioreflejos.com.ar\/2021\/"},{"@type":"ListItem","position":2,"name":"Buenos Aires: Hasta ma\u00f1ana hay tiempo para pagar la primera cuota y el saldo anual del Impuesto Automotor"}]},{"@type":"WebSite","@id":"https:\/\/www.noticiasradioreflejos.com.ar\/2021\/#website","url":"https:\/\/www.noticiasradioreflejos.com.ar\/2021\/","name":"Noticias Radio Reflejos","description":"Las noticias de mi comarca","potentialAction":[{"@type":"SearchAction","target":{"@type":"EntryPoint","urlTemplate":"https:\/\/www.noticiasradioreflejos.com.ar\/2021\/?s={search_term_string}"},"query-input":{"@type":"PropertyValueSpecification","valueRequired":true,"valueName":"search_term_string"}}],"inLanguage":"es"},{"@type":"Person","@id":"https:\/\/www.noticiasradioreflejos.com.ar\/2021\/#\/schema\/person\/ad82545263dcc5ec0996818884fd5fb1","name":"Arnaldo Botto","image":{"@type":"ImageObject","inLanguage":"es","@id":"https:\/\/www.noticiasradioreflejos.com.ar\/2021\/#\/schema\/person\/image\/","url":"https:\/\/secure.gravatar.com\/avatar\/55cb5e37c1efa326397366e6974cb338056df65cb50e7d64d1cf314e87504837?s=96&d=mm&r=g","contentUrl":"https:\/\/secure.gravatar.com\/avatar\/55cb5e37c1efa326397366e6974cb338056df65cb50e7d64d1cf314e87504837?s=96&d=mm&r=g","caption":"Arnaldo Botto"},"url":"https:\/\/www.noticiasradioreflejos.com.ar\/2021\/author\/arnaldo\/"}]}},"_links":{"self":[{"href":"https:\/\/www.noticiasradioreflejos.com.ar\/2021\/wp-json\/wp\/v2\/posts\/85794","targetHints":{"allow":["GET"]}}],"collection":[{"href":"https:\/\/www.noticiasradioreflejos.com.ar\/2021\/wp-json\/wp\/v2\/posts"}],"about":[{"href":"https:\/\/www.noticiasradioreflejos.com.ar\/2021\/wp-json\/wp\/v2\/types\/post"}],"author":[{"embeddable":true,"href":"https:\/\/www.noticiasradioreflejos.com.ar\/2021\/wp-json\/wp\/v2\/users\/3"}],"replies":[{"embeddable":true,"href":"https:\/\/www.noticiasradioreflejos.com.ar\/2021\/wp-json\/wp\/v2\/comments?post=85794"}],"version-history":[{"count":2,"href":"https:\/\/www.noticiasradioreflejos.com.ar\/2021\/wp-json\/wp\/v2\/posts\/85794\/revisions"}],"predecessor-version":[{"id":85797,"href":"https:\/\/www.noticiasradioreflejos.com.ar\/2021\/wp-json\/wp\/v2\/posts\/85794\/revisions\/85797"}],"wp:attachment":[{"href":"https:\/\/www.noticiasradioreflejos.com.ar\/2021\/wp-json\/wp\/v2\/media?parent=85794"}],"wp:term":[{"taxonomy":"category","embeddable":true,"href":"https:\/\/www.noticiasradioreflejos.com.ar\/2021\/wp-json\/wp\/v2\/categories?post=85794"},{"taxonomy":"post_tag","embeddable":true,"href":"https:\/\/www.noticiasradioreflejos.com.ar\/2021\/wp-json\/wp\/v2\/tags?post=85794"}],"curies":[{"name":"wp","href":"https:\/\/api.w.org\/{rel}","templated":true}]}}