{"id":85789,"date":"2023-03-20T11:52:33","date_gmt":"2023-03-20T11:52:33","guid":{"rendered":"https:\/\/www.noticiasradioreflejos.com.ar\/2021\/?p=85789"},"modified":"2023-03-20T11:52:33","modified_gmt":"2023-03-20T11:52:33","slug":"la-television-publica-transmitira-todos-los-partidos-que-este-ano-juegue-la-seleccion","status":"publish","type":"post","link":"https:\/\/www.noticiasradioreflejos.com.ar\/2021\/la-television-publica-transmitira-todos-los-partidos-que-este-ano-juegue-la-seleccion\/","title":{"rendered":"La Televisi\u00f3n P\u00fablica transmitir\u00e1 todos los partidos que este a\u00f1o juegue la Selecci\u00f3n"},"content":{"rendered":"<p>Todos los partidos que la selecci\u00f3n nacional de f\u00fatbol dispute a lo largo de este a\u00f1o, incluidos el que protagonizar\u00e1 este jueves ante Panam\u00e1 en el estadio de River y el de la semana pr\u00f3xima ante Curazao, ser\u00e1n transmitidos por la Televisi\u00f3n P\u00fablica, seg\u00fan lo estableci\u00f3 una resoluci\u00f3n de la Jefatura de Gabinete publicada hoy en el Bolet\u00edn Oficial.<!--more--><\/p>\n<p>Se trata de la Resoluci\u00f3n 228\/2023 que lleva la firma del jefe de Gabinete, Agust\u00edn Rossi.<\/p>\n<p>La decisi\u00f3n se basa en el art\u00edculo 77 de la Ley N\u00b0 26.522 de Servicios de Comunicaci\u00f3n Audiovisual que garantiza el derecho al acceso universal &#8211; a trav\u00e9s de los servicios de comunicaci\u00f3n audiovisual &#8211; a los \u00abcontenidos de inter\u00e9s relevante y de acontecimientos deportivos, de encuentros futbol\u00edsticos u otro g\u00e9nero o especialidad\u00bb.<\/p>\n<p>\u00abNo hace falta desarrollar extensamente lo que significa la pr\u00e1ctica del f\u00fatbol para los y las habitantes de la Rep\u00fablica Argentina y, menos a\u00fan, por su proximidad en el tiempo, la importancia que adquiri\u00f3 la obtenci\u00f3n por parte de la selecci\u00f3n masculina argentina de f\u00fatbol del campeonato del mundo en la &#8216;Copa Mundial de la FIFA Qatar 2022&#8217;, que signific\u00f3 el tercer t\u00edtulo mundial en su historia\u00bb, se\u00f1alan los considerandos de la medida.<\/p>\n<p>La resoluci\u00f3n fue dispuesta luego de que, el pasado 9 de marzo, la empresa Torneos y Competencias informara que \u00abno vender\u00eda los derechos\u00bb y que, en consecuencia, \u00ablos encuentros amistosos de la Selecci\u00f3n s\u00f3lo podr\u00edan ser vistos a trav\u00e9s de la se\u00f1al de cable privada TyC Sports de la cual el Grupo Clar\u00edn es uno de sus accionistas mayoritarios\u00bb, indic\u00f3 el jefe de Gabinete, Agust\u00edn Rossi, en una serie de mensajes que public\u00f3 hoy en la red social Twitter al dar a conocer la medida.<\/p>\n<p>\u00abDurante las \u00faltimas semanas, la @TV_publica realiz\u00f3 las gestiones necesarias ante la empresa Torneos y Competencias para adquirir los derechos de transmisi\u00f3n de los partidos amistosos de la Selecci\u00f3n Argentina de F\u00fatbol, tal como ocurri\u00f3 para el mundial de Qatar 2022. En esta ocasi\u00f3n, las cosas fueron distintas: intentamos comprar los derechos y recibimos resistencias, ninguneos y excusas\u00bb, consign\u00f3 Rossi.<\/p>\n<p>Por ese motivo, \u00abante la indudable expectativa que genera en nuestra sociedad la posibilidad de ver al equipo campe\u00f3n del mundo y el reconocimiento de que la transmisi\u00f3n de los partidos por un canal privado no garantiza el derecho al acceso universal, el Gobierno nacional insisti\u00f3 en las negociaciones para que el grupo empresario revirtiese su posici\u00f3n\u00bb, aseveraron las fuentes.<\/p>\n<p>En tal sentido, se\u00f1alaron que \u00abante la tajante negativa y la clara afectaci\u00f3n derechos, el jefe de Gabinete resolvi\u00f3 declarar &#8216;eventos deportivos de inter\u00e9s relevante&#8217; a todos los partidos de la Selecci\u00f3n Argentina de F\u00fatbol que se disputen durante este a\u00f1o\u00bb.<\/p>\n<p>\u00abEsta decisi\u00f3n garantiza el derecho de acceso universal a los contenidos de los partidos y habilita al gobierno a aplicar las penalidades que correspondan si la empresa no cumpliese con la resoluci\u00f3n, las que pueden llegar hasta su exclusi\u00f3n del registro como empresas prestadoras de servicios audiovisuales\u00bb, agregaron.<\/p>\n<p>Por su parte, en sus mensajes a trav\u00e9s de la red social Twitter, Agust\u00edn Rossi se\u00f1al\u00f3 que \u00abesta decisi\u00f3n garantiza el derecho de acceso universal a los contenidos de los partidos\u00bb y advirti\u00f3 que, \u00absi la empresa no cumpliese, se podr\u00e1n aplicar las penalidades que las actuaciones determinen, que pueden llegar hasta su exclusi\u00f3n del registro como empresas prestadoras de servicios audiovisuales\u00bb.<\/p>\n<p>\u00abLa TV P\u00fablica y sus repetidoras provinciales son las \u00fanicas se\u00f1ales capaces de garantizar el libre acceso a estos espect\u00e1culos deportivos de alto inter\u00e9s social y cultural\u00bb, se\u00f1alaron desde el Gobierno.<\/p>\n<p>\u00abLa TV P\u00fablica es el \u00fanico canal abierto que se puede sintonizar de manera gratuita en todo el territorio nacional. Las 240 repetidoras anal\u00f3gicas, la TDA y la alianza con los 24 canales p\u00fablicos que dependen de gobiernos provinciales y universidades nacionales permiten garantizar una cobertura total para los 46 millones de argentinos y argentinas\u00bb, se subray\u00f3.<\/p>\n<p>El primer partido amistoso de la selecci\u00f3n argentina se jugar\u00e1 este jueves en el Estadio Monumental ante Panam\u00e1, en tanto el siguiente tendr\u00e1 lugar el martes 28 de marzo en la ciudad de Santiago del Estero, ante Curazao.<\/p><\/div>\n<p><!--more--><\/p>\n","protected":false},"excerpt":{"rendered":"<p>Todos los partidos que la selecci\u00f3n nacional de f\u00fatbol dispute a lo largo de este a\u00f1o, incluidos el que protagonizar\u00e1 este jueves ante Panam\u00e1 en el estadio de River y el de la semana pr\u00f3xima ante Curazao, ser\u00e1n transmitidos por la Televisi\u00f3n P\u00fablica, seg\u00fan lo estableci\u00f3 una resoluci\u00f3n de la Jefatura de Gabinete publicada hoy [&hellip;]<\/p>\n","protected":false},"author":3,"featured_media":0,"comment_status":"closed","ping_status":"closed","sticky":false,"template":"","format":"standard","meta":{"footnotes":""},"categories":[27,24],"tags":[],"class_list":["post-85789","post","type-post","status-publish","format-standard","hentry","category-deportes","category-politica"],"yoast_head":"<!-- This site is optimized with the Yoast SEO plugin v25.9 - https:\/\/yoast.com\/wordpress\/plugins\/seo\/ -->\n<title>La Televisi\u00f3n P\u00fablica transmitir\u00e1 todos los partidos que este a\u00f1o juegue la Selecci\u00f3n - Noticias Radio Reflejos<\/title>\n<meta name=\"robots\" content=\"index, follow, max-snippet:-1, max-image-preview:large, max-video-preview:-1\" \/>\n<link rel=\"canonical\" href=\"https:\/\/www.noticiasradioreflejos.com.ar\/2021\/la-television-publica-transmitira-todos-los-partidos-que-este-ano-juegue-la-seleccion\/\" \/>\n<meta property=\"og:locale\" content=\"es_ES\" \/>\n<meta property=\"og:type\" content=\"article\" \/>\n<meta property=\"og:title\" content=\"La Televisi\u00f3n P\u00fablica transmitir\u00e1 todos los partidos que este a\u00f1o juegue la Selecci\u00f3n - Noticias Radio Reflejos\" \/>\n<meta property=\"og:description\" content=\"Todos los partidos que la selecci\u00f3n nacional de f\u00fatbol dispute a lo largo de este a\u00f1o, incluidos el que protagonizar\u00e1 este jueves ante Panam\u00e1 en el estadio de River y el de la semana pr\u00f3xima ante Curazao, ser\u00e1n transmitidos por la Televisi\u00f3n P\u00fablica, seg\u00fan lo estableci\u00f3 una resoluci\u00f3n de la Jefatura de Gabinete publicada hoy [&hellip;]\" \/>\n<meta property=\"og:url\" content=\"https:\/\/www.noticiasradioreflejos.com.ar\/2021\/la-television-publica-transmitira-todos-los-partidos-que-este-ano-juegue-la-seleccion\/\" \/>\n<meta property=\"og:site_name\" content=\"Noticias Radio Reflejos\" \/>\n<meta property=\"article:published_time\" content=\"2023-03-20T11:52:33+00:00\" \/>\n<meta property=\"og:image\" content=\"https:\/\/www.noticiasradioreflejos.com.ar\/2021\/wp-content\/uploads\/2021\/07\/logosol300x200.png\" \/>\n\t<meta property=\"og:image:width\" content=\"300\" \/>\n\t<meta property=\"og:image:height\" content=\"200\" \/>\n\t<meta property=\"og:image:type\" content=\"image\/png\" \/>\n<meta name=\"author\" content=\"Arnaldo Botto\" \/>\n<meta name=\"twitter:card\" content=\"summary_large_image\" \/>\n<script type=\"application\/ld+json\" class=\"yoast-schema-graph\">{\"@context\":\"https:\/\/schema.org\",\"@graph\":[{\"@type\":\"WebPage\",\"@id\":\"https:\/\/www.noticiasradioreflejos.com.ar\/2021\/la-television-publica-transmitira-todos-los-partidos-que-este-ano-juegue-la-seleccion\/\",\"url\":\"https:\/\/www.noticiasradioreflejos.com.ar\/2021\/la-television-publica-transmitira-todos-los-partidos-que-este-ano-juegue-la-seleccion\/\",\"name\":\"La Televisi\u00f3n P\u00fablica transmitir\u00e1 todos los partidos que este a\u00f1o juegue la Selecci\u00f3n - Noticias Radio Reflejos\",\"isPartOf\":{\"@id\":\"https:\/\/www.noticiasradioreflejos.com.ar\/2021\/#website\"},\"datePublished\":\"2023-03-20T11:52:33+00:00\",\"author\":{\"@id\":\"https:\/\/www.noticiasradioreflejos.com.ar\/2021\/#\/schema\/person\/ad82545263dcc5ec0996818884fd5fb1\"},\"breadcrumb\":{\"@id\":\"https:\/\/www.noticiasradioreflejos.com.ar\/2021\/la-television-publica-transmitira-todos-los-partidos-que-este-ano-juegue-la-seleccion\/#breadcrumb\"},\"inLanguage\":\"es\",\"potentialAction\":[{\"@type\":\"ReadAction\",\"target\":[\"https:\/\/www.noticiasradioreflejos.com.ar\/2021\/la-television-publica-transmitira-todos-los-partidos-que-este-ano-juegue-la-seleccion\/\"]}]},{\"@type\":\"BreadcrumbList\",\"@id\":\"https:\/\/www.noticiasradioreflejos.com.ar\/2021\/la-television-publica-transmitira-todos-los-partidos-que-este-ano-juegue-la-seleccion\/#breadcrumb\",\"itemListElement\":[{\"@type\":\"ListItem\",\"position\":1,\"name\":\"Portada\",\"item\":\"https:\/\/www.noticiasradioreflejos.com.ar\/2021\/\"},{\"@type\":\"ListItem\",\"position\":2,\"name\":\"La Televisi\u00f3n P\u00fablica transmitir\u00e1 todos los partidos que este a\u00f1o juegue la Selecci\u00f3n\"}]},{\"@type\":\"WebSite\",\"@id\":\"https:\/\/www.noticiasradioreflejos.com.ar\/2021\/#website\",\"url\":\"https:\/\/www.noticiasradioreflejos.com.ar\/2021\/\",\"name\":\"Noticias Radio Reflejos\",\"description\":\"Las noticias de mi comarca\",\"potentialAction\":[{\"@type\":\"SearchAction\",\"target\":{\"@type\":\"EntryPoint\",\"urlTemplate\":\"https:\/\/www.noticiasradioreflejos.com.ar\/2021\/?s={search_term_string}\"},\"query-input\":{\"@type\":\"PropertyValueSpecification\",\"valueRequired\":true,\"valueName\":\"search_term_string\"}}],\"inLanguage\":\"es\"},{\"@type\":\"Person\",\"@id\":\"https:\/\/www.noticiasradioreflejos.com.ar\/2021\/#\/schema\/person\/ad82545263dcc5ec0996818884fd5fb1\",\"name\":\"Arnaldo Botto\",\"image\":{\"@type\":\"ImageObject\",\"inLanguage\":\"es\",\"@id\":\"https:\/\/www.noticiasradioreflejos.com.ar\/2021\/#\/schema\/person\/image\/\",\"url\":\"https:\/\/secure.gravatar.com\/avatar\/55cb5e37c1efa326397366e6974cb338056df65cb50e7d64d1cf314e87504837?s=96&d=mm&r=g\",\"contentUrl\":\"https:\/\/secure.gravatar.com\/avatar\/55cb5e37c1efa326397366e6974cb338056df65cb50e7d64d1cf314e87504837?s=96&d=mm&r=g\",\"caption\":\"Arnaldo Botto\"},\"url\":\"https:\/\/www.noticiasradioreflejos.com.ar\/2021\/author\/arnaldo\/\"}]}<\/script>\n<!-- \/ Yoast SEO plugin. -->","yoast_head_json":{"title":"La Televisi\u00f3n P\u00fablica transmitir\u00e1 todos los partidos que este a\u00f1o juegue la Selecci\u00f3n - Noticias Radio Reflejos","robots":{"index":"index","follow":"follow","max-snippet":"max-snippet:-1","max-image-preview":"max-image-preview:large","max-video-preview":"max-video-preview:-1"},"canonical":"https:\/\/www.noticiasradioreflejos.com.ar\/2021\/la-television-publica-transmitira-todos-los-partidos-que-este-ano-juegue-la-seleccion\/","og_locale":"es_ES","og_type":"article","og_title":"La Televisi\u00f3n P\u00fablica transmitir\u00e1 todos los partidos que este a\u00f1o juegue la Selecci\u00f3n - Noticias Radio Reflejos","og_description":"Todos los partidos que la selecci\u00f3n nacional de f\u00fatbol dispute a lo largo de este a\u00f1o, incluidos el que protagonizar\u00e1 este jueves ante Panam\u00e1 en el estadio de River y el de la semana pr\u00f3xima ante Curazao, ser\u00e1n transmitidos por la Televisi\u00f3n P\u00fablica, seg\u00fan lo estableci\u00f3 una resoluci\u00f3n de la Jefatura de Gabinete publicada hoy [&hellip;]","og_url":"https:\/\/www.noticiasradioreflejos.com.ar\/2021\/la-television-publica-transmitira-todos-los-partidos-que-este-ano-juegue-la-seleccion\/","og_site_name":"Noticias Radio Reflejos","article_published_time":"2023-03-20T11:52:33+00:00","og_image":[{"width":300,"height":200,"url":"https:\/\/www.noticiasradioreflejos.com.ar\/2021\/wp-content\/uploads\/2021\/07\/logosol300x200.png","type":"image\/png"}],"author":"Arnaldo Botto","twitter_card":"summary_large_image","schema":{"@context":"https:\/\/schema.org","@graph":[{"@type":"WebPage","@id":"https:\/\/www.noticiasradioreflejos.com.ar\/2021\/la-television-publica-transmitira-todos-los-partidos-que-este-ano-juegue-la-seleccion\/","url":"https:\/\/www.noticiasradioreflejos.com.ar\/2021\/la-television-publica-transmitira-todos-los-partidos-que-este-ano-juegue-la-seleccion\/","name":"La Televisi\u00f3n P\u00fablica transmitir\u00e1 todos los partidos que este a\u00f1o juegue la Selecci\u00f3n - Noticias Radio Reflejos","isPartOf":{"@id":"https:\/\/www.noticiasradioreflejos.com.ar\/2021\/#website"},"datePublished":"2023-03-20T11:52:33+00:00","author":{"@id":"https:\/\/www.noticiasradioreflejos.com.ar\/2021\/#\/schema\/person\/ad82545263dcc5ec0996818884fd5fb1"},"breadcrumb":{"@id":"https:\/\/www.noticiasradioreflejos.com.ar\/2021\/la-television-publica-transmitira-todos-los-partidos-que-este-ano-juegue-la-seleccion\/#breadcrumb"},"inLanguage":"es","potentialAction":[{"@type":"ReadAction","target":["https:\/\/www.noticiasradioreflejos.com.ar\/2021\/la-television-publica-transmitira-todos-los-partidos-que-este-ano-juegue-la-seleccion\/"]}]},{"@type":"BreadcrumbList","@id":"https:\/\/www.noticiasradioreflejos.com.ar\/2021\/la-television-publica-transmitira-todos-los-partidos-que-este-ano-juegue-la-seleccion\/#breadcrumb","itemListElement":[{"@type":"ListItem","position":1,"name":"Portada","item":"https:\/\/www.noticiasradioreflejos.com.ar\/2021\/"},{"@type":"ListItem","position":2,"name":"La Televisi\u00f3n P\u00fablica transmitir\u00e1 todos los partidos que este a\u00f1o juegue la Selecci\u00f3n"}]},{"@type":"WebSite","@id":"https:\/\/www.noticiasradioreflejos.com.ar\/2021\/#website","url":"https:\/\/www.noticiasradioreflejos.com.ar\/2021\/","name":"Noticias Radio Reflejos","description":"Las noticias de mi comarca","potentialAction":[{"@type":"SearchAction","target":{"@type":"EntryPoint","urlTemplate":"https:\/\/www.noticiasradioreflejos.com.ar\/2021\/?s={search_term_string}"},"query-input":{"@type":"PropertyValueSpecification","valueRequired":true,"valueName":"search_term_string"}}],"inLanguage":"es"},{"@type":"Person","@id":"https:\/\/www.noticiasradioreflejos.com.ar\/2021\/#\/schema\/person\/ad82545263dcc5ec0996818884fd5fb1","name":"Arnaldo Botto","image":{"@type":"ImageObject","inLanguage":"es","@id":"https:\/\/www.noticiasradioreflejos.com.ar\/2021\/#\/schema\/person\/image\/","url":"https:\/\/secure.gravatar.com\/avatar\/55cb5e37c1efa326397366e6974cb338056df65cb50e7d64d1cf314e87504837?s=96&d=mm&r=g","contentUrl":"https:\/\/secure.gravatar.com\/avatar\/55cb5e37c1efa326397366e6974cb338056df65cb50e7d64d1cf314e87504837?s=96&d=mm&r=g","caption":"Arnaldo Botto"},"url":"https:\/\/www.noticiasradioreflejos.com.ar\/2021\/author\/arnaldo\/"}]}},"_links":{"self":[{"href":"https:\/\/www.noticiasradioreflejos.com.ar\/2021\/wp-json\/wp\/v2\/posts\/85789","targetHints":{"allow":["GET"]}}],"collection":[{"href":"https:\/\/www.noticiasradioreflejos.com.ar\/2021\/wp-json\/wp\/v2\/posts"}],"about":[{"href":"https:\/\/www.noticiasradioreflejos.com.ar\/2021\/wp-json\/wp\/v2\/types\/post"}],"author":[{"embeddable":true,"href":"https:\/\/www.noticiasradioreflejos.com.ar\/2021\/wp-json\/wp\/v2\/users\/3"}],"replies":[{"embeddable":true,"href":"https:\/\/www.noticiasradioreflejos.com.ar\/2021\/wp-json\/wp\/v2\/comments?post=85789"}],"version-history":[{"count":1,"href":"https:\/\/www.noticiasradioreflejos.com.ar\/2021\/wp-json\/wp\/v2\/posts\/85789\/revisions"}],"predecessor-version":[{"id":85791,"href":"https:\/\/www.noticiasradioreflejos.com.ar\/2021\/wp-json\/wp\/v2\/posts\/85789\/revisions\/85791"}],"wp:attachment":[{"href":"https:\/\/www.noticiasradioreflejos.com.ar\/2021\/wp-json\/wp\/v2\/media?parent=85789"}],"wp:term":[{"taxonomy":"category","embeddable":true,"href":"https:\/\/www.noticiasradioreflejos.com.ar\/2021\/wp-json\/wp\/v2\/categories?post=85789"},{"taxonomy":"post_tag","embeddable":true,"href":"https:\/\/www.noticiasradioreflejos.com.ar\/2021\/wp-json\/wp\/v2\/tags?post=85789"}],"curies":[{"name":"wp","href":"https:\/\/api.w.org\/{rel}","templated":true}]}}